{"id":25701,"date":"2020-06-02T07:00:35","date_gmt":"2020-06-02T05:00:35","guid":{"rendered":"https:\/\/www.krafthand.de\/truck\/?p=25701"},"modified":"2020-05-28T10:12:40","modified_gmt":"2020-05-28T08:12:40","slug":"bremsen-geloest","status":"publish","type":"post","link":"https:\/\/www.krafthand.de\/truck\/artikel\/bremsen-geloest-25701\/","title":{"rendered":"Bremsen gel\u00f6st"},"content":{"rendered":"<p>Nachdem es eigenen Angaben zufolge \u201enach wirtschaftlich turbulenten Jahren\u201c etwas ruhig um das Coppenbr\u00fcgger Traditionsunternehmen ST Templin geworden war, will der Nutzfahrzeug-Ersatzteilespezialist nun endg\u00fcltig die Bremsen l\u00f6sen und sich im internationalen Ersatzteilegesch\u00e4ft zur\u00fcckmelden. Insbesondere im hei\u00dfumk\u00e4mpften Bremskomponentenmarkt m\u00f6chte sich das Unternehmen mit neuem Gesch\u00e4ftsf\u00fchrer, neu strukturierter Vertriebsmannschaft und neuem Corporate Design wieder einen Spitzenplatz erobern.<\/p>\n<p>Die Kernkompetenzen des sich \u00fcber 21 Baugruppen erstreckenden Lieferprogramms liegen nach Unternehmensangaben bei Ersatzteilen f\u00fcr Scheiben- und Trommelbremssysteme sowie Achsen und Fahrwerk. Das Angebot f\u00fcr Lkw, Busse und Transporter umfasst demnach mehr als 430, gr\u00f6\u00dftenteils nach ECE R90 gepr\u00fcfte Scheiben. Diese werden eigenen Angaben zufolge aus hochwertigen Materialien mit modernsten Guss- und Bearbeitungsmaschinen nach OE-Standards gefertigt. Um die Eisenguss-Matrix zu optimieren, setzt das Unternehmen zudem spezielle metallurgische Technologien ein, die thermischen Sch\u00e4den und die Rissbildung reduzieren sollen.<\/p>\n<p>Dar\u00fcber hinaus enth\u00e4lt das aktuelle Sortiment auch noch rund 120, nach ECE R90 gepr\u00fcfte Bremsbel\u00e4ge. Eine spezielle Einlauf-Beschichtung soll bei diesen bessere Betriebseigenschaften nach dem Ersteinbau und einen geringen Scheibenverschlei\u00df bewirken. Passende Verschlei\u00dfsensoren sowie ABS-Ringe und -Sensoren runden das Angebot von Templin ab.<\/p>\n<p><i>Den Beitrag finden Sie auch in der Print-Ausgabe 1\/20 der <a href=\"https:\/\/www.krafthand.de\/truck\/magazin\/\" title=\"Zum Magazin\">Krafthand-Truck<\/a>.<\/i><\/p>","protected":false},"excerpt":{"rendered":"<p>Nachdem es eigenen Angaben zufolge \u201enach wirtschaftlich turbulenten Jahren\u201c etwas ruhig um das Coppenbr\u00fcgger Traditionsunternehmen ST Templin geworden war, will der Nutzfahrzeug-Ersatzteilespezialist nun endg\u00fcltig die Bremsen l\u00f6sen. <span class=\"excerpt-more__dots\">&#8230;<\/span> <a class=\"excerpt-more__link\" href=\"https:\/\/www.krafthand.de\/truck\/artikel\/bremsen-geloest-25701\/\" >weiter<\/a><\/p>\n","protected":false},"author":7,"featured_media":25702,"comment_status":"closed","ping_status":"closed","sticky":false,"template":"","format":"standard","meta":{"footnotes":""},"categories":[5],"tags":[3072,3070,2062,3816,3759,3699],"settings":[],"class_list":["post-25701","post","type-post","status-publish","format-standard","has-post-thumbnail","hentry","category-branche","tag-abs-sensor","tag-eu-norm-ece-r-90","tag-scheibenbremse","tag-scheibenbremssystem","tag-st-templin","tag-trommelbremse"],"yoast_head":"<!-- This site is optimized with the Yoast SEO plugin v27.3 - https:\/\/yoast.com\/product\/yoast-seo-wordpress\/ -->\n<title>Bremsen gel\u00f6st - Krafthand-Truck<\/title>\n<meta name=\"robots\" content=\"index, follow, max-snippet:-1, max-image-preview:large, max-video-preview:-1\" \/>\n<link rel=\"canonical\" href=\"https:\/\/www.krafthand.de\/truck\/artikel\/bremsen-geloest-25701\/\" \/>\n<meta property=\"og:locale\" content=\"de_DE\" \/>\n<meta property=\"og:type\" content=\"article\" \/>\n<meta property=\"og:title\" content=\"Bremsen gel\u00f6st - Krafthand-Truck\" \/>\n<meta property=\"og:description\" content=\"Nachdem es eigenen Angaben zufolge \u201enach wirtschaftlich turbulenten Jahren\u201c etwas ruhig um das Coppenbr\u00fcgger Traditionsunternehmen ST Templin geworden war, will der Nutzfahrzeug-Ersatzteilespezialist nun endg\u00fcltig die Bremsen l\u00f6sen. ... weiter\" \/>\n<meta property=\"og:url\" content=\"https:\/\/www.krafthand-truck.de\/artikel\/bremsen-geloest-25701\/\" \/>\n<meta property=\"og:site_name\" content=\"Krafthand-Truck\" \/>\n<meta property=\"article:published_time\" content=\"2020-06-02T05:00:35+00:00\" \/>\n<meta property=\"og:image\" content=\"https:\/\/www.krafthand.de\/truck\/wp-content\/uploads\/2020\/05\/0120_050.jpg\" \/>\n\t<meta property=\"og:image:width\" content=\"1000\" \/>\n\t<meta property=\"og:image:height\" content=\"770\" \/>\n\t<meta property=\"og:image:type\" content=\"image\/jpeg\" \/>\n<meta name=\"author\" content=\"julian.schmid@krafthand.de\" \/>\n<meta name=\"twitter:card\" content=\"summary_large_image\" \/>\n<meta name=\"twitter:label1\" content=\"Verfasst von\" \/>\n\t<meta name=\"twitter:data1\" content=\"julian.schmid@krafthand.de\" \/>\n\t<meta name=\"twitter:label2\" content=\"Gesch\u00e4tzte Lesezeit\" \/>\n\t<meta name=\"twitter:data2\" content=\"1\u00a0Minute\" \/>\n<script type=\"application\/ld+json\" class=\"yoast-schema-graph\">{\"@context\":\"https:\\\/\\\/schema.org\",\"@graph\":[{\"@type\":\"Article\",\"@id\":\"https:\\\/\\\/www.krafthand.de\\\/truck\\\/artikel\\\/bremsen-geloest-25701\\\/#article\",\"isPartOf\":{\"@id\":\"https:\\\/\\\/www.krafthand.de\\\/truck\\\/artikel\\\/bremsen-geloest-25701\\\/\"},\"author\":{\"name\":\"julian.schmid@krafthand.de\",\"@id\":\"https:\\\/\\\/www.krafthand.de\\\/truck\\\/#\\\/schema\\\/person\\\/23aebc1e5e3f0204da7158bce36950bb\"},\"headline\":\"Bremsen gel\u00f6st\",\"datePublished\":\"2020-06-02T05:00:35+00:00\",\"mainEntityOfPage\":{\"@id\":\"https:\\\/\\\/www.krafthand.de\\\/truck\\\/artikel\\\/bremsen-geloest-25701\\\/\"},\"wordCount\":195,\"image\":{\"@id\":\"https:\\\/\\\/www.krafthand.de\\\/truck\\\/artikel\\\/bremsen-geloest-25701\\\/#primaryimage\"},\"thumbnailUrl\":\"https:\\\/\\\/static.krafthand-truck.de\\\/uploads\\\/2020\\\/05\\\/0120_050.jpg\",\"keywords\":[\"ABS-Sensor\",\"EU-Norm ECE-R 90\",\"Scheibenbremse\",\"Scheibenbremssystem\",\"ST-Templin\",\"Trommelbremse\"],\"articleSection\":[\"Nfz-Branche\"],\"inLanguage\":\"de\"},{\"@type\":\"WebPage\",\"@id\":\"https:\\\/\\\/www.krafthand.de\\\/truck\\\/artikel\\\/bremsen-geloest-25701\\\/\",\"url\":\"https:\\\/\\\/www.krafthand.de\\\/truck\\\/artikel\\\/bremsen-geloest-25701\\\/\",\"name\":\"Bremsen gel\u00f6st - Krafthand-Truck\",\"isPartOf\":{\"@id\":\"https:\\\/\\\/www.krafthand.de\\\/truck\\\/#website\"},\"primaryImageOfPage\":{\"@id\":\"https:\\\/\\\/www.krafthand.de\\\/truck\\\/artikel\\\/bremsen-geloest-25701\\\/#primaryimage\"},\"image\":{\"@id\":\"https:\\\/\\\/www.krafthand.de\\\/truck\\\/artikel\\\/bremsen-geloest-25701\\\/#primaryimage\"},\"thumbnailUrl\":\"https:\\\/\\\/static.krafthand-truck.de\\\/uploads\\\/2020\\\/05\\\/0120_050.jpg\",\"datePublished\":\"2020-06-02T05:00:35+00:00\",\"author\":{\"@id\":\"https:\\\/\\\/www.krafthand.de\\\/truck\\\/#\\\/schema\\\/person\\\/23aebc1e5e3f0204da7158bce36950bb\"},\"breadcrumb\":{\"@id\":\"https:\\\/\\\/www.krafthand.de\\\/truck\\\/artikel\\\/bremsen-geloest-25701\\\/#breadcrumb\"},\"inLanguage\":\"de\",\"potentialAction\":[{\"@type\":\"ReadAction\",\"target\":[\"https:\\\/\\\/www.krafthand.de\\\/truck\\\/artikel\\\/bremsen-geloest-25701\\\/\"]}]},{\"@type\":\"ImageObject\",\"inLanguage\":\"de\",\"@id\":\"https:\\\/\\\/www.krafthand.de\\\/truck\\\/artikel\\\/bremsen-geloest-25701\\\/#primaryimage\",\"url\":\"https:\\\/\\\/static.krafthand-truck.de\\\/uploads\\\/2020\\\/05\\\/0120_050.jpg\",\"contentUrl\":\"https:\\\/\\\/static.krafthand-truck.de\\\/uploads\\\/2020\\\/05\\\/0120_050.jpg\",\"width\":1000,\"height\":770,\"caption\":\"Der Bremsen-Ersatzteilspezialist ST Templin mischt wieder mit. Das aktuelle Sortiment f\u00fcr Lkw, Busse und Transporter umfasst derzeit bereits mehr als 430, gr\u00f6\u00dftenteils nach ECE R90 gepr\u00fcfte Scheiben. Bild: ST Templin\"},{\"@type\":\"BreadcrumbList\",\"@id\":\"https:\\\/\\\/www.krafthand.de\\\/truck\\\/artikel\\\/bremsen-geloest-25701\\\/#breadcrumb\",\"itemListElement\":[{\"@type\":\"ListItem\",\"position\":1,\"name\":\"Krafthand-Truck\",\"item\":\"https:\\\/\\\/www.krafthand.de\\\/truck\\\/\"},{\"@type\":\"ListItem\",\"position\":2,\"name\":\"Nfz-Branche\",\"item\":\"https:\\\/\\\/www.krafthand.de\\\/truck\\\/kategorie\\\/branche\\\/\"},{\"@type\":\"ListItem\",\"position\":3,\"name\":\"Bremsen gel\u00f6st\"}]},{\"@type\":\"WebSite\",\"@id\":\"https:\\\/\\\/www.krafthand.de\\\/truck\\\/#website\",\"url\":\"https:\\\/\\\/www.krafthand.de\\\/truck\\\/\",\"name\":\"Krafthand-Truck\",\"description\":\"\",\"potentialAction\":[{\"@type\":\"SearchAction\",\"target\":{\"@type\":\"EntryPoint\",\"urlTemplate\":\"https:\\\/\\\/www.krafthand.de\\\/truck\\\/?s={search_term_string}\"},\"query-input\":{\"@type\":\"PropertyValueSpecification\",\"valueRequired\":true,\"valueName\":\"search_term_string\"}}],\"inLanguage\":\"de\"},{\"@type\":\"Person\",\"@id\":\"https:\\\/\\\/www.krafthand.de\\\/truck\\\/#\\\/schema\\\/person\\\/23aebc1e5e3f0204da7158bce36950bb\",\"name\":\"julian.schmid@krafthand.de\",\"image\":{\"@type\":\"ImageObject\",\"inLanguage\":\"de\",\"@id\":\"https:\\\/\\\/secure.gravatar.com\\\/avatar\\\/ef76c2910cab8eb23fcc013e1c6dc1ba4af5e93fea6e6132d7c4e67d4e9631e9?s=96&d=mm&r=g\",\"url\":\"https:\\\/\\\/secure.gravatar.com\\\/avatar\\\/ef76c2910cab8eb23fcc013e1c6dc1ba4af5e93fea6e6132d7c4e67d4e9631e9?s=96&d=mm&r=g\",\"contentUrl\":\"https:\\\/\\\/secure.gravatar.com\\\/avatar\\\/ef76c2910cab8eb23fcc013e1c6dc1ba4af5e93fea6e6132d7c4e67d4e9631e9?s=96&d=mm&r=g\",\"caption\":\"julian.schmid@krafthand.de\"}}]}<\/script>\n<!-- \/ Yoast SEO plugin. -->","yoast_head_json":{"title":"Bremsen gel\u00f6st - Krafthand-Truck","robots":{"index":"index","follow":"follow","max-snippet":"max-snippet:-1","max-image-preview":"max-image-preview:large","max-video-preview":"max-video-preview:-1"},"canonical":"https:\/\/www.krafthand.de\/truck\/artikel\/bremsen-geloest-25701\/","og_locale":"de_DE","og_type":"article","og_title":"Bremsen gel\u00f6st - Krafthand-Truck","og_description":"Nachdem es eigenen Angaben zufolge \u201enach wirtschaftlich turbulenten Jahren\u201c etwas ruhig um das Coppenbr\u00fcgger Traditionsunternehmen ST Templin geworden war, will der Nutzfahrzeug-Ersatzteilespezialist nun endg\u00fcltig die Bremsen l\u00f6sen. ... weiter","og_url":"https:\/\/www.krafthand-truck.de\/artikel\/bremsen-geloest-25701\/","og_site_name":"Krafthand-Truck","article_published_time":"2020-06-02T05:00:35+00:00","og_image":[{"width":1000,"height":770,"url":"https:\/\/www.krafthand.de\/truck\/wp-content\/uploads\/2020\/05\/0120_050.jpg","type":"image\/jpeg"}],"author":"julian.schmid@krafthand.de","twitter_card":"summary_large_image","twitter_misc":{"Verfasst von":"julian.schmid@krafthand.de","Gesch\u00e4tzte Lesezeit":"1\u00a0Minute"},"schema":{"@context":"https:\/\/schema.org","@graph":[{"@type":"Article","@id":"https:\/\/www.krafthand.de\/truck\/artikel\/bremsen-geloest-25701\/#article","isPartOf":{"@id":"https:\/\/www.krafthand.de\/truck\/artikel\/bremsen-geloest-25701\/"},"author":{"name":"julian.schmid@krafthand.de","@id":"https:\/\/www.krafthand.de\/truck\/#\/schema\/person\/23aebc1e5e3f0204da7158bce36950bb"},"headline":"Bremsen gel\u00f6st","datePublished":"2020-06-02T05:00:35+00:00","mainEntityOfPage":{"@id":"https:\/\/www.krafthand.de\/truck\/artikel\/bremsen-geloest-25701\/"},"wordCount":195,"image":{"@id":"https:\/\/www.krafthand.de\/truck\/artikel\/bremsen-geloest-25701\/#primaryimage"},"thumbnailUrl":"https:\/\/static.krafthand-truck.de\/uploads\/2020\/05\/0120_050.jpg","keywords":["ABS-Sensor","EU-Norm ECE-R 90","Scheibenbremse","Scheibenbremssystem","ST-Templin","Trommelbremse"],"articleSection":["Nfz-Branche"],"inLanguage":"de"},{"@type":"WebPage","@id":"https:\/\/www.krafthand.de\/truck\/artikel\/bremsen-geloest-25701\/","url":"https:\/\/www.krafthand.de\/truck\/artikel\/bremsen-geloest-25701\/","name":"Bremsen gel\u00f6st - Krafthand-Truck","isPartOf":{"@id":"https:\/\/www.krafthand.de\/truck\/#website"},"primaryImageOfPage":{"@id":"https:\/\/www.krafthand.de\/truck\/artikel\/bremsen-geloest-25701\/#primaryimage"},"image":{"@id":"https:\/\/www.krafthand.de\/truck\/artikel\/bremsen-geloest-25701\/#primaryimage"},"thumbnailUrl":"https:\/\/static.krafthand-truck.de\/uploads\/2020\/05\/0120_050.jpg","datePublished":"2020-06-02T05:00:35+00:00","author":{"@id":"https:\/\/www.krafthand.de\/truck\/#\/schema\/person\/23aebc1e5e3f0204da7158bce36950bb"},"breadcrumb":{"@id":"https:\/\/www.krafthand.de\/truck\/artikel\/bremsen-geloest-25701\/#breadcrumb"},"inLanguage":"de","potentialAction":[{"@type":"ReadAction","target":["https:\/\/www.krafthand.de\/truck\/artikel\/bremsen-geloest-25701\/"]}]},{"@type":"ImageObject","inLanguage":"de","@id":"https:\/\/www.krafthand.de\/truck\/artikel\/bremsen-geloest-25701\/#primaryimage","url":"https:\/\/static.krafthand-truck.de\/uploads\/2020\/05\/0120_050.jpg","contentUrl":"https:\/\/static.krafthand-truck.de\/uploads\/2020\/05\/0120_050.jpg","width":1000,"height":770,"caption":"Der Bremsen-Ersatzteilspezialist ST Templin mischt wieder mit. Das aktuelle Sortiment f\u00fcr Lkw, Busse und Transporter umfasst derzeit bereits mehr als 430, gr\u00f6\u00dftenteils nach ECE R90 gepr\u00fcfte Scheiben. Bild: ST Templin"},{"@type":"BreadcrumbList","@id":"https:\/\/www.krafthand.de\/truck\/artikel\/bremsen-geloest-25701\/#breadcrumb","itemListElement":[{"@type":"ListItem","position":1,"name":"Krafthand-Truck","item":"https:\/\/www.krafthand.de\/truck\/"},{"@type":"ListItem","position":2,"name":"Nfz-Branche","item":"https:\/\/www.krafthand.de\/truck\/kategorie\/branche\/"},{"@type":"ListItem","position":3,"name":"Bremsen gel\u00f6st"}]},{"@type":"WebSite","@id":"https:\/\/www.krafthand.de\/truck\/#website","url":"https:\/\/www.krafthand.de\/truck\/","name":"Krafthand-Truck","description":"","potentialAction":[{"@type":"SearchAction","target":{"@type":"EntryPoint","urlTemplate":"https:\/\/www.krafthand.de\/truck\/?s={search_term_string}"},"query-input":{"@type":"PropertyValueSpecification","valueRequired":true,"valueName":"search_term_string"}}],"inLanguage":"de"},{"@type":"Person","@id":"https:\/\/www.krafthand.de\/truck\/#\/schema\/person\/23aebc1e5e3f0204da7158bce36950bb","name":"julian.schmid@krafthand.de","image":{"@type":"ImageObject","inLanguage":"de","@id":"https:\/\/secure.gravatar.com\/avatar\/ef76c2910cab8eb23fcc013e1c6dc1ba4af5e93fea6e6132d7c4e67d4e9631e9?s=96&d=mm&r=g","url":"https:\/\/secure.gravatar.com\/avatar\/ef76c2910cab8eb23fcc013e1c6dc1ba4af5e93fea6e6132d7c4e67d4e9631e9?s=96&d=mm&r=g","contentUrl":"https:\/\/secure.gravatar.com\/avatar\/ef76c2910cab8eb23fcc013e1c6dc1ba4af5e93fea6e6132d7c4e67d4e9631e9?s=96&d=mm&r=g","caption":"julian.schmid@krafthand.de"}}]}},"_links":{"self":[{"href":"https:\/\/www.krafthand.de\/truck\/wp-json\/wp\/v2\/posts\/25701","targetHints":{"allow":["GET"]}}],"collection":[{"href":"https:\/\/www.krafthand.de\/truck\/wp-json\/wp\/v2\/posts"}],"about":[{"href":"https:\/\/www.krafthand.de\/truck\/wp-json\/wp\/v2\/types\/post"}],"author":[{"embeddable":true,"href":"https:\/\/www.krafthand.de\/truck\/wp-json\/wp\/v2\/users\/7"}],"replies":[{"embeddable":true,"href":"https:\/\/www.krafthand.de\/truck\/wp-json\/wp\/v2\/comments?post=25701"}],"version-history":[{"count":1,"href":"https:\/\/www.krafthand.de\/truck\/wp-json\/wp\/v2\/posts\/25701\/revisions"}],"predecessor-version":[{"id":25703,"href":"https:\/\/www.krafthand.de\/truck\/wp-json\/wp\/v2\/posts\/25701\/revisions\/25703"}],"wp:featuredmedia":[{"embeddable":true,"href":"https:\/\/www.krafthand.de\/truck\/wp-json\/wp\/v2\/media\/25702"}],"wp:attachment":[{"href":"https:\/\/www.krafthand.de\/truck\/wp-json\/wp\/v2\/media?parent=25701"}],"wp:term":[{"taxonomy":"category","embeddable":true,"href":"https:\/\/www.krafthand.de\/truck\/wp-json\/wp\/v2\/categories?post=25701"},{"taxonomy":"post_tag","embeddable":true,"href":"https:\/\/www.krafthand.de\/truck\/wp-json\/wp\/v2\/tags?post=25701"},{"taxonomy":"settings","embeddable":true,"href":"https:\/\/www.krafthand.de\/truck\/wp-json\/wp\/v2\/settings?post=25701"}],"curies":[{"name":"wp","href":"https:\/\/api.w.org\/{rel}","templated":true}]}}