{"id":25638,"date":"2020-05-12T07:00:23","date_gmt":"2020-05-12T05:00:23","guid":{"rendered":"https:\/\/www.krafthand.de\/truck\/?p=25638"},"modified":"2021-03-10T11:13:53","modified_gmt":"2021-03-10T10:13:53","slug":"werkstattkonzepte-fuer-mehr-erfolg","status":"publish","type":"post","link":"https:\/\/www.krafthand.de\/truck\/artikel\/werkstattkonzepte-fuer-mehr-erfolg-25638\/","title":{"rendered":"Werkstattkonzepte f\u00fcr mehr Erfolg"},"content":{"rendered":"<p>In Zeiten, in denen sich der Wettbewerb zunehmend versch\u00e4rft, wird es f\u00fcr Nutzfahrzeug-Werkst\u00e4tten immer wichtiger, sich professionell aufzustellen. Beispielsweise als unabh\u00e4ngiger Mehrmarken-Meisterbetrieb. Mit bew\u00e4hrten Werkstattkonzepten, einem leistungsf\u00e4higen Zentrallager und weiteren Unterst\u00fctzungsma\u00dfnahmen will die Carat-Gruppe ihren Werkstattpartnern dabei helfen, sich bestm\u00f6glich zu positionieren.<\/p>\n<p>Der Wettbewerbsdruck im Aftermarkt w\u00e4chst. Das gilt vor allem auch f\u00fcr die Nutzfahrzeug-Reparaturbranche. Werkst\u00e4tten, speziell freie, die sich auch k\u00fcnftig im harten Wettbewerb behaupten wollen, ben\u00f6tigen aber nicht nur qualitativ hochwertige Ersatzteile und aktuelle Reparatur- und Wartungsdaten, sondern zunehmend auch Unterst\u00fctzung bei der Unternehmensorganisation und der Weiterbildung. Mit zwei Werkstatt-Konzepten, dem \u201aTruck Service \u2013 die Profi-Werkstatt\u2018 als Basis- und \u201aad Truckdrive\u2018 als Premiumversion, spricht die Mannheimer Teilehandelskooperation Carat all jene Werkstattbetreiber an, welche die Vorz\u00fcge einer Konzeptpartnerschaft in einem mittlerweile mehr als 200 Betriebe starken Netzwerk f\u00fcr sich nutzen m\u00f6chten.<\/p>\n<h2>Zeit f\u00fcr das Wesentliche<\/h2>\n<p>In einer immer digitaler werdenden Werkstattwelt geht es l\u00e4ngst nicht nur um die schnelle Ersatzteilversorgung, sondern vor allem um Betriebsorganisation, Software und Online-Pr\u00e4senz. Dazu soll einerseits das eigens entwickelte Software-Paket \u201aEasy Work\u2018 beitragen, zu dem unter anderem der elektronische Teilekatalog \u201aElekat\u2018, das Modul \u201aElekat plus\u2018 zur Auftragsabwicklung sowie das Daten- und Reparaturhandbuch \u201aTruck-compact\u2018 geh\u00f6ren. Angesichts der digitalen Herausforderungen entwickelt die Systemzentrale zudem die Konzeptbausteine permanent weiter, etwa im Bereich Online. Doch dabei geht es nicht prim\u00e4r um die verst\u00e4rkte Pr\u00e4senz der einzelnen Werkst\u00e4tten im World Wide Web, sondern vielmehr um die digitale Kommunikation mit und zwischen den Partnern.<\/p>\n<h2>Eigene Marke f\u00fcr die zeitwertgerechte Reparatur<\/h2>\n<p>Als eine der gro\u00dfen Einkaufskooperationen in Deutschland liefert Carat nicht Produkte namhafter Markenhersteller: Da Zweit-, Eigen und Handelsmarken mittlerweile auch bei der zeitwertgerechten beziehungsweise preissensiblen Reparatur von Nutzfahrzeugen eine wichtige Rolle spielen, gibt es mit der Marke \u201aCorexx\u2018 schon seit l\u00e4ngerem eine interessante Alternative zu den \u00fcblichen Markenersatzteilen und f\u00fcr stark im Preiskampf stehende Produktgruppen. Da viele dieser Komponenten sicherheitsrelevant sind, achten die Produktverantwortlichen eigenen Angaben zufolge bei der Lieferantenauswahl auf \u201egleiche oder gleichwertige Qualit\u00e4t zu Erstausr\u00fcstungsartikeln\u201c, was die Hersteller \u00fcber entsprechende Zertifikate nachweisen m\u00fcssen.<\/p>\n<div class=\"gallery-container\"><div class=\"owl-carousel owl-theme\">\r\n        <div>\r\n        \t<img decoding=\"async\" src=\"https:\/\/static.krafthand-truck.de\/uploads\/2020\/05\/0120_052_03.jpg\" alt=\"\" \/>\r\n          <a href=\"https:\/\/static.krafthand-truck.de\/uploads\/2020\/05\/0120_052_03.jpg\" data-featherlight=\"gallery_69f5728979350\" class=\"gallery-expand\" data-title=\"Mit \u201aCorexx\u2018 gibt es eine eigene Handelsmarke als Alternative f\u00fcr die zeitwertgerechte Reparatur und f\u00fcr besonders preissensible Kunden. Bild: Carat\"><i class=\"fa fa-expand\" aria-hidden=\"true\"><\/i><\/a>\r\n        \t<div class=\"gallery-caption wp-caption-text\"><p>Mit \u201aCorexx\u2018 gibt es eine eigene Handelsmarke als Alternative f\u00fcr die zeitwertgerechte Reparatur und f\u00fcr besonders preissensible Kunden. Bild: Carat<\/p>\n<\/div>\r\n        <\/div>\r\n        <div>\r\n        \t<img decoding=\"async\" src=\"https:\/\/static.krafthand-truck.de\/uploads\/2020\/05\/0120_052_04.jpg\" alt=\"\" \/>\r\n          <a href=\"https:\/\/static.krafthand-truck.de\/uploads\/2020\/05\/0120_052_04.jpg\" data-featherlight=\"gallery_69f5728979350\" class=\"gallery-expand\" data-title=\"Der neue \u201awebElekat4.0\u2018 vereint die Vorz\u00fcge der aktuellen Teilekataloge \u201aElekat\u2018, \u201awebElekat2.0\u2018 und \u201aMasterBrain\u2018. Bild: Carat\"><i class=\"fa fa-expand\" aria-hidden=\"true\"><\/i><\/a>\r\n        \t<div class=\"gallery-caption wp-caption-text\"><p>Der neue \u201awebElekat4.0\u2018 vereint die Vorz\u00fcge der aktuellen Teilekataloge \u201aElekat\u2018, \u201awebElekat2.0\u2018 und \u201aMasterBrain\u2018. Bild: Carat<\/p>\n<\/div>\r\n        <\/div>\r\n        <div>\r\n        \t<img decoding=\"async\" src=\"https:\/\/static.krafthand-truck.de\/uploads\/2020\/05\/0120_052_02.jpg\" alt=\"\" \/>\r\n          <a href=\"https:\/\/static.krafthand-truck.de\/uploads\/2020\/05\/0120_052_02.jpg\" data-featherlight=\"gallery_69f5728979350\" class=\"gallery-expand\" data-title=\"Hinter den Werkstattprodukten der Eigenmarke \u201amen@work\u2018 verbergen sich namhafte Hersteller. Im vergangenen Jahr feierte die Marke ihr 10-j\u00e4hriges Jubil\u00e4um. Bild: Carat\"><i class=\"fa fa-expand\" aria-hidden=\"true\"><\/i><\/a>\r\n        \t<div class=\"gallery-caption wp-caption-text\"><p>Hinter den Werkstattprodukten der Eigenmarke \u201amen@work\u2018 verbergen sich namhafte Hersteller. Im vergangenen Jahr feierte die Marke ihr 10-j\u00e4hriges Jubil\u00e4um. Bild: Carat<\/p>\n<\/div>\r\n        <\/div><\/div><\/div>\r\n\t<script>\r\n\t\tjQuery(document).ready(function($){\r\n      setTimeout(function(){\r\n  \t\t\t$(\".owl-carousel\").owlCarousel({\r\n  \t\t\t\tloop:true,\r\n    \t\t\tmargin:10,\r\n    \t\t\tresponsiveClass:true,\r\n    \t\t\titems:1,\r\n    \t\t\tautoHeight: true,\r\n          nav: true,\r\n          URLhashListener: true,\r\n          startPosition: \"URLHash\",\r\n          navText: [\r\n            \"<i class='fa fa-chevron-left'><\/i>\",\r\n            \"<i class='fa fa-chevron-right'><\/i>\"\r\n          ],\r\n  \t\t\t});\r\n      }, 2000);\r\n\t\t});\r\n\t<\/script>\r\n\t\n<h2>Eigene Marke f\u00fcr Werkstattausr\u00fcstung<\/h2>\n<p>Nicht zuletzt, um den Partnerwerkst\u00e4tten Vorzugspreise beim Kauf von Werkstattausr\u00fcstung bieten zu k\u00f6nnen, hat Carat mit \u201amen@work\u2018 vor mehr als zehn Jahren ebenfalls eine Eigenmarke etabliert. Aus urspr\u00fcnglich sechs Artikeln sind mittlerweile weit \u00fcber 300 geworden, wobei die Vorgabe bei den in wertigem Schwarz-Silber gehaltenen Produkten \u201aPremiumqualit\u00e4t zu besten Preisen\u2018 lautet \u2013 und f\u00fcr diese stehen namhafte Hersteller. Doch die Ger\u00e4te wissen nicht nur wegen ihres Preises zu gefallen: bei vielen wird zudem mancherlei Zubeh\u00f6r aufpreisfrei mitgeliefert.<\/p>\n<h2>Werbewirksames Marketing<\/h2>\n<p>Tue Gutes und sprich dar\u00fcber\u2018 \u2013 unter diesem Motto m\u00f6chte Carat zusammen mit dem Industrie-F\u00f6rderkreis und dem \u201aad Truckdrive\u2018-Partner vor Ort soziale Projekte in dessen Region finanziell unterst\u00fctzen. \u201aAd Truckdrive\u2018-Partner k\u00f6nnen dazu bis 30. April 2020 entsprechende Projekte, etwa die Modernisierung eines Spielplatzes, eine Aktion im Seniorenheim, neue Ger\u00e4te f\u00fcr die Feuerwehr, die Unterst\u00fctzung in Not geratener Familien oder \u00c4hnliches, einreichen. Daraus werden dann die drei besten Vorschl\u00e4ge ausgew\u00e4hlt und finanziell unterst\u00fctzt \u2013 und die dazugeh\u00f6rigen Konzeptpartner erhalten den \u201aCarat-Charity Award\u2018.<\/p>\n<p>Der \u201aCarat-Charity Award\u2018 sowie der Scheck f\u00fcr das ausgew\u00e4hlte Projekt werden medienwirksam vom zust\u00e4ndigen Teilegro\u00dfh\u00e4ndler an den \u201aad Truckdrive\u2018-Partner \u00fcbergeben und anschlie\u00dfend \u2013 ebenfalls medienwirksam und im Beisein der regionalen Presse \u2013 vom diesem an den jeweiligen Empf\u00e4nger ausgeh\u00e4ndigt. Die Aktion wird schlie\u00dflich \u00fcber multiple Kan\u00e4le gestreut, sodass sich das Ganze positiv auf das Image des \u201aad Truckdrive\u2018-Partners sowie die gesamte Konzept marke auswirkt.<\/p>\n<div class=\"infobox box-grey\"><\/p>\n<h3>Drei Fragen an Ralf Gores, Leiter Vertrieb Produkte\/Werkstattkonzepte bei Carat<\/h3>\n<p><p class=\"text-question\">Wo liegen die Schwerpunkte von Carat im Bereich Nutzfahrzeuge?<\/p><p class=\"text-answer\"><\/p>\n<p>Die Carat und ihre Teilegro\u00dfh\u00e4ndler und Gesellschafter beliefern Nutzfahrzeug-Werkst\u00e4tten \u00fcber das eigene \u201aad-Cargo\u2018-Lager in Castrop-Rauxel mit Produkten f\u00fchrender Erstmarkenhersteller des IAM. Aktuell haben wir das \u201aad-Cargo\u2018-Lager mit einer dritten Ebene inklusive neuer Dispositionssoftware f\u00fcr rund f\u00fcnf Millionen Euro modernisiert, damit Teileverf\u00fcgbarkeit und Liefergeschwindigkeit auch in Zukunft sichergestellt sind. Die Teilereferenzierung erfolgt mit dem Teilekatalog \u201a Elekat sc\u2018, den wir sukzessive durch den neuen \u201awebElekat 4.0\u2018 ersetzen. Dieser basiert ebenfalls auf der Technologie unseres Dienstleisters \u201aDVSE\u2018. Die Franchise-Partner unserer Werkstattsysteme \u201aad Truckdrive\u2018 und \u201aTruck Service\u2018 erhalten zus\u00e4tzlich auch noch technische Daten und Reparaturanleitungen, damit diese eine qualitativ hochwertige Instandsetzung gew\u00e4hrleisten k\u00f6nnen. Zudem unterst\u00fctzen wir den Teilegro\u00dfhandel und dessen Werkst\u00e4tten umfangreich beim Marketing, sodass sich jeder auf sein Kerngesch\u00e4ft konzentrieren kann. <\/p><\/p>\n<p><p class=\"text-question\">Wie unterst\u00fctzt Carat Nutzfahrzeug-Werkst\u00e4tten im Aftermarkt?<\/p><p class=\"text-answer\"><\/p>\n<p>Wir legen j\u00e4hrlich einen Schulungskalender eigens f\u00fcr die Nutzfahrzeug-Sparte auf, in dem unsere Lieferanten und Dienstleister ihre speziellen Schulungen anbieten. Daraus k\u00f6nnen die Carat-Gesellschafter individuell Themen und Termine ausw\u00e4hlen und f\u00fcr ihre angeschlossenen Werkst\u00e4tten buchen. Derzeit testen wir eine neue Online-Plattform, die Informationen f\u00fcr die Carat-Gesellschafter bereith\u00e4lt und auf der sich Buchungen, Anmeldungen, Kundendaten et cetera hinterlegen und pflegen lassen. Zus\u00e4tzlich unterst\u00fctzen wir unsere Franchise-Partner mit Hilfe der Dienstleister \u201aUberall\u2018 und \u201aWeb4Business\u2018 beim optimalen Erstellen und Pflegen ihrer eigenen Internet-Pr\u00e4senz. Damit unsere Partnerwerkst\u00e4tten ihre telefonische Erreichbarkeit verbessern k\u00f6nnen, arbeiten wir ebenfalls mit einem Dienstleister zusammen: Bei Nichterreichbarkeit nimmt \u201aGlobal Office\u2018 den Anruf entgegen und gibt den R\u00fcckrufwunsch des Kunden zusammen mit den gew\u00fcnschten Inhalten per Mail an die Werkstatt weiter. Dar\u00fcber hinaus bieten wir unseren Franchisepartnern mehrere Garantie-Pakete und Versicherungen an, die \u00fcber einen Rahmenvertrag speziell verhandelt und ausgearbeitet wurden. Ein weiterer Leistungsbaustein, die Finanzierung von Investitionsg\u00fctern zu g\u00fcnstigen Konditionen und guten Laufzeiten, erm\u00f6glichen wir mit unserem Finanzdienstleister \u201aCompeon\u2018. <\/p><\/p>\n<p><p class=\"text-question\">Welche Neuheiten k\u00f6nnen Nutzfahrzeug-Profis in absehbarer Zeit von Carat erwarten?<\/p><p class=\"text-answer\"><\/p>\n<p>Derzeit l\u00e4uft gerade ein Pilotprojekt mit unserem Diagnoselieferanten Texa im Bereich Online-Diagnose und Online-Reparatur. Unser Ziel ist es, unseren Werkstattpartnern die modernsten Werkzeuge zur Verf\u00fcgung zu stellen, damit sie bei elektronischen Problemen auch \u00fcber gro\u00dfe Distanzen mit den Flottenkunden kommunizieren k\u00f6nnen. Zudem arbeiten wir an einem neuen Online-Trainingskatalog und treiben die Einf\u00fchrung des auf der \u201aCarat Messe\u2018 in Essen vorgestellten Online-Katalogs \u201awebElekat 4.0\u2018 voran. <\/p><\/p>\n<p><\/div>\n<p><i>Den Beitrag finden Sie auch in der Print-Ausgabe 1\/20 der <a href=\"https:\/\/www.krafthand.de\/truck\/magazin\/\" title=\"Zum Magazin\">Krafthand-Truck<\/a>.<\/i><\/p>\r\n\t\t\t\t<div class=\"post-author\">\r\n\t\t\t\t\t<div class=\"khm-cp-author clearfix\">\r\n\t\t\t\t\t\t<div class=\"khm-cp-author__content\">\r\n\t\t\t\t\t\t\t\tKontakt zum Autor:<br \/>\r\n\t\t\t\t\t\t\t\t<strong>Klaus Kuss<\/strong>, 08247 \/ 3007-177 |  <a href=\"mailto:klaus.kuss@krafthand-medien.de\">klaus.kuss@krafthand-medien.de<\/a>\r\n\t\t\t\t\t\t\t<div class=\"khm-cp-author__image\">\r\n\t\t\t\t\t\t<img src=\"https:\/\/static.krafthand-truck.de\/uploads\/2018\/01\/Kuss_Klaus-250x300.png\" class=\"img-responsive\">\r\n\t\t\t\t\t<\/div>\r\n\t\t\t\t\t\t<\/div>\r\n\t\t\t\t\t<\/div>\r\n\t\t\t\t<\/div>\r\n\t\t\t\t","protected":false},"excerpt":{"rendered":"<p>Professionelle Alternativen zu Vertragswerkst\u00e4tten sind gefragt. Mit einem kompetenten Werkstattkonzept im R\u00fccken l\u00e4sst sich vieles leichter stemmen. <span class=\"excerpt-more__dots\">&#8230;<\/span> <a class=\"excerpt-more__link\" href=\"https:\/\/www.krafthand.de\/truck\/artikel\/werkstattkonzepte-fuer-mehr-erfolg-25638\/\" >weiter<\/a><\/p>\n","protected":false},"author":7,"featured_media":25639,"comment_status":"closed","ping_status":"closed","sticky":false,"template":"","format":"standard","meta":{"footnotes":""},"categories":[5,4235],"tags":[360,506,4072,184],"settings":[3524,3523],"class_list":["post-25638","post","type-post","status-publish","format-standard","has-post-thumbnail","hentry","category-branche","category-unternehmen","tag-aftermarket","tag-carat","tag-vertragswerkstatt","tag-werkstattkonzept"],"yoast_head":"<!-- This site is optimized with the Yoast SEO plugin v27.3 - https:\/\/yoast.com\/product\/yoast-seo-wordpress\/ -->\n<title>Werkstattkonzepte f\u00fcr mehr Erfolg - Krafthand-Truck<\/title>\n<meta name=\"robots\" content=\"index, follow, max-snippet:-1, max-image-preview:large, max-video-preview:-1\" \/>\n<link rel=\"canonical\" href=\"https:\/\/www.krafthand.de\/truck\/artikel\/werkstattkonzepte-fuer-mehr-erfolg-25638\/\" \/>\n<meta property=\"og:locale\" content=\"de_DE\" \/>\n<meta property=\"og:type\" content=\"article\" \/>\n<meta property=\"og:title\" content=\"Werkstattkonzepte f\u00fcr mehr Erfolg - Krafthand-Truck\" \/>\n<meta property=\"og:description\" content=\"Professionelle Alternativen zu Vertragswerkst\u00e4tten sind gefragt. Mit einem kompetenten Werkstattkonzept im R\u00fccken l\u00e4sst sich vieles leichter stemmen. ... weiter\" \/>\n<meta property=\"og:url\" content=\"https:\/\/www.krafthand-truck.de\/artikel\/werkstattkonzepte-fuer-mehr-erfolg-25638\/\" \/>\n<meta property=\"og:site_name\" content=\"Krafthand-Truck\" \/>\n<meta property=\"article:published_time\" content=\"2020-05-12T05:00:23+00:00\" \/>\n<meta property=\"article:modified_time\" content=\"2021-03-10T10:13:53+00:00\" \/>\n<meta property=\"og:image\" content=\"https:\/\/www.krafthand.de\/truck\/wp-content\/uploads\/2020\/05\/0120_052_01.jpg\" \/>\n\t<meta property=\"og:image:width\" content=\"1000\" \/>\n\t<meta property=\"og:image:height\" content=\"656\" \/>\n\t<meta property=\"og:image:type\" content=\"image\/jpeg\" \/>\n<meta name=\"author\" content=\"julian.schmid@krafthand.de\" \/>\n<meta name=\"twitter:card\" content=\"summary_large_image\" \/>\n<meta name=\"twitter:label1\" content=\"Verfasst von\" \/>\n\t<meta name=\"twitter:data1\" content=\"julian.schmid@krafthand.de\" \/>\n\t<meta name=\"twitter:label2\" content=\"Gesch\u00e4tzte Lesezeit\" \/>\n\t<meta name=\"twitter:data2\" content=\"5\u00a0Minuten\" \/>\n<script type=\"application\/ld+json\" class=\"yoast-schema-graph\">{\"@context\":\"https:\\\/\\\/schema.org\",\"@graph\":[{\"@type\":\"Article\",\"@id\":\"https:\\\/\\\/www.krafthand.de\\\/truck\\\/artikel\\\/werkstattkonzepte-fuer-mehr-erfolg-25638\\\/#article\",\"isPartOf\":{\"@id\":\"https:\\\/\\\/www.krafthand.de\\\/truck\\\/artikel\\\/werkstattkonzepte-fuer-mehr-erfolg-25638\\\/\"},\"author\":{\"name\":\"julian.schmid@krafthand.de\",\"@id\":\"https:\\\/\\\/www.krafthand.de\\\/truck\\\/#\\\/schema\\\/person\\\/23aebc1e5e3f0204da7158bce36950bb\"},\"headline\":\"Werkstattkonzepte f\u00fcr mehr Erfolg\",\"datePublished\":\"2020-05-12T05:00:23+00:00\",\"dateModified\":\"2021-03-10T10:13:53+00:00\",\"mainEntityOfPage\":{\"@id\":\"https:\\\/\\\/www.krafthand.de\\\/truck\\\/artikel\\\/werkstattkonzepte-fuer-mehr-erfolg-25638\\\/\"},\"wordCount\":1050,\"image\":{\"@id\":\"https:\\\/\\\/www.krafthand.de\\\/truck\\\/artikel\\\/werkstattkonzepte-fuer-mehr-erfolg-25638\\\/#primaryimage\"},\"thumbnailUrl\":\"https:\\\/\\\/static.krafthand-truck.de\\\/uploads\\\/2020\\\/05\\\/0120_052_01.jpg\",\"keywords\":[\"Aftermarket\",\"Carat\",\"Vertragswerkstatt\",\"Werkstattkonzept\"],\"articleSection\":[\"Nfz-Branche\",\"Unternehmen\"],\"inLanguage\":\"de\"},{\"@type\":\"WebPage\",\"@id\":\"https:\\\/\\\/www.krafthand.de\\\/truck\\\/artikel\\\/werkstattkonzepte-fuer-mehr-erfolg-25638\\\/\",\"url\":\"https:\\\/\\\/www.krafthand.de\\\/truck\\\/artikel\\\/werkstattkonzepte-fuer-mehr-erfolg-25638\\\/\",\"name\":\"Werkstattkonzepte f\u00fcr mehr Erfolg - Krafthand-Truck\",\"isPartOf\":{\"@id\":\"https:\\\/\\\/www.krafthand.de\\\/truck\\\/#website\"},\"primaryImageOfPage\":{\"@id\":\"https:\\\/\\\/www.krafthand.de\\\/truck\\\/artikel\\\/werkstattkonzepte-fuer-mehr-erfolg-25638\\\/#primaryimage\"},\"image\":{\"@id\":\"https:\\\/\\\/www.krafthand.de\\\/truck\\\/artikel\\\/werkstattkonzepte-fuer-mehr-erfolg-25638\\\/#primaryimage\"},\"thumbnailUrl\":\"https:\\\/\\\/static.krafthand-truck.de\\\/uploads\\\/2020\\\/05\\\/0120_052_01.jpg\",\"datePublished\":\"2020-05-12T05:00:23+00:00\",\"dateModified\":\"2021-03-10T10:13:53+00:00\",\"author\":{\"@id\":\"https:\\\/\\\/www.krafthand.de\\\/truck\\\/#\\\/schema\\\/person\\\/23aebc1e5e3f0204da7158bce36950bb\"},\"breadcrumb\":{\"@id\":\"https:\\\/\\\/www.krafthand.de\\\/truck\\\/artikel\\\/werkstattkonzepte-fuer-mehr-erfolg-25638\\\/#breadcrumb\"},\"inLanguage\":\"de\",\"potentialAction\":[{\"@type\":\"ReadAction\",\"target\":[\"https:\\\/\\\/www.krafthand.de\\\/truck\\\/artikel\\\/werkstattkonzepte-fuer-mehr-erfolg-25638\\\/\"]}]},{\"@type\":\"ImageObject\",\"inLanguage\":\"de\",\"@id\":\"https:\\\/\\\/www.krafthand.de\\\/truck\\\/artikel\\\/werkstattkonzepte-fuer-mehr-erfolg-25638\\\/#primaryimage\",\"url\":\"https:\\\/\\\/static.krafthand-truck.de\\\/uploads\\\/2020\\\/05\\\/0120_052_01.jpg\",\"contentUrl\":\"https:\\\/\\\/static.krafthand-truck.de\\\/uploads\\\/2020\\\/05\\\/0120_052_01.jpg\",\"width\":1000,\"height\":656,\"caption\":\"Mit \u201aad Truckdrive\u2018 und \u201aTruck Service\u2018 bietet die Carat-Gruppe zwei verschiedene Werkstattkonzepte speziell f\u00fcr Mehrmarken-Nutzfahrzeugbetriebe. Bildmontage: KRAFTHAND-Truck\"},{\"@type\":\"BreadcrumbList\",\"@id\":\"https:\\\/\\\/www.krafthand.de\\\/truck\\\/artikel\\\/werkstattkonzepte-fuer-mehr-erfolg-25638\\\/#breadcrumb\",\"itemListElement\":[{\"@type\":\"ListItem\",\"position\":1,\"name\":\"Krafthand-Truck\",\"item\":\"https:\\\/\\\/www.krafthand.de\\\/truck\\\/\"},{\"@type\":\"ListItem\",\"position\":2,\"name\":\"Nfz-Branche\",\"item\":\"https:\\\/\\\/www.krafthand.de\\\/truck\\\/kategorie\\\/branche\\\/\"},{\"@type\":\"ListItem\",\"position\":3,\"name\":\"Werkstattkonzepte f\u00fcr mehr Erfolg\"}]},{\"@type\":\"WebSite\",\"@id\":\"https:\\\/\\\/www.krafthand.de\\\/truck\\\/#website\",\"url\":\"https:\\\/\\\/www.krafthand.de\\\/truck\\\/\",\"name\":\"Krafthand-Truck\",\"description\":\"\",\"potentialAction\":[{\"@type\":\"SearchAction\",\"target\":{\"@type\":\"EntryPoint\",\"urlTemplate\":\"https:\\\/\\\/www.krafthand.de\\\/truck\\\/?s={search_term_string}\"},\"query-input\":{\"@type\":\"PropertyValueSpecification\",\"valueRequired\":true,\"valueName\":\"search_term_string\"}}],\"inLanguage\":\"de\"},{\"@type\":\"Person\",\"@id\":\"https:\\\/\\\/www.krafthand.de\\\/truck\\\/#\\\/schema\\\/person\\\/23aebc1e5e3f0204da7158bce36950bb\",\"name\":\"julian.schmid@krafthand.de\",\"image\":{\"@type\":\"ImageObject\",\"inLanguage\":\"de\",\"@id\":\"https:\\\/\\\/secure.gravatar.com\\\/avatar\\\/ef76c2910cab8eb23fcc013e1c6dc1ba4af5e93fea6e6132d7c4e67d4e9631e9?s=96&d=mm&r=g\",\"url\":\"https:\\\/\\\/secure.gravatar.com\\\/avatar\\\/ef76c2910cab8eb23fcc013e1c6dc1ba4af5e93fea6e6132d7c4e67d4e9631e9?s=96&d=mm&r=g\",\"contentUrl\":\"https:\\\/\\\/secure.gravatar.com\\\/avatar\\\/ef76c2910cab8eb23fcc013e1c6dc1ba4af5e93fea6e6132d7c4e67d4e9631e9?s=96&d=mm&r=g\",\"caption\":\"julian.schmid@krafthand.de\"}}]}<\/script>\n<!-- \/ Yoast SEO plugin. -->","yoast_head_json":{"title":"Werkstattkonzepte f\u00fcr mehr Erfolg - Krafthand-Truck","robots":{"index":"index","follow":"follow","max-snippet":"max-snippet:-1","max-image-preview":"max-image-preview:large","max-video-preview":"max-video-preview:-1"},"canonical":"https:\/\/www.krafthand.de\/truck\/artikel\/werkstattkonzepte-fuer-mehr-erfolg-25638\/","og_locale":"de_DE","og_type":"article","og_title":"Werkstattkonzepte f\u00fcr mehr Erfolg - Krafthand-Truck","og_description":"Professionelle Alternativen zu Vertragswerkst\u00e4tten sind gefragt. Mit einem kompetenten Werkstattkonzept im R\u00fccken l\u00e4sst sich vieles leichter stemmen. ... weiter","og_url":"https:\/\/www.krafthand-truck.de\/artikel\/werkstattkonzepte-fuer-mehr-erfolg-25638\/","og_site_name":"Krafthand-Truck","article_published_time":"2020-05-12T05:00:23+00:00","article_modified_time":"2021-03-10T10:13:53+00:00","og_image":[{"width":1000,"height":656,"url":"https:\/\/www.krafthand.de\/truck\/wp-content\/uploads\/2020\/05\/0120_052_01.jpg","type":"image\/jpeg"}],"author":"julian.schmid@krafthand.de","twitter_card":"summary_large_image","twitter_misc":{"Verfasst von":"julian.schmid@krafthand.de","Gesch\u00e4tzte Lesezeit":"5\u00a0Minuten"},"schema":{"@context":"https:\/\/schema.org","@graph":[{"@type":"Article","@id":"https:\/\/www.krafthand.de\/truck\/artikel\/werkstattkonzepte-fuer-mehr-erfolg-25638\/#article","isPartOf":{"@id":"https:\/\/www.krafthand.de\/truck\/artikel\/werkstattkonzepte-fuer-mehr-erfolg-25638\/"},"author":{"name":"julian.schmid@krafthand.de","@id":"https:\/\/www.krafthand.de\/truck\/#\/schema\/person\/23aebc1e5e3f0204da7158bce36950bb"},"headline":"Werkstattkonzepte f\u00fcr mehr Erfolg","datePublished":"2020-05-12T05:00:23+00:00","dateModified":"2021-03-10T10:13:53+00:00","mainEntityOfPage":{"@id":"https:\/\/www.krafthand.de\/truck\/artikel\/werkstattkonzepte-fuer-mehr-erfolg-25638\/"},"wordCount":1050,"image":{"@id":"https:\/\/www.krafthand.de\/truck\/artikel\/werkstattkonzepte-fuer-mehr-erfolg-25638\/#primaryimage"},"thumbnailUrl":"https:\/\/static.krafthand-truck.de\/uploads\/2020\/05\/0120_052_01.jpg","keywords":["Aftermarket","Carat","Vertragswerkstatt","Werkstattkonzept"],"articleSection":["Nfz-Branche","Unternehmen"],"inLanguage":"de"},{"@type":"WebPage","@id":"https:\/\/www.krafthand.de\/truck\/artikel\/werkstattkonzepte-fuer-mehr-erfolg-25638\/","url":"https:\/\/www.krafthand.de\/truck\/artikel\/werkstattkonzepte-fuer-mehr-erfolg-25638\/","name":"Werkstattkonzepte f\u00fcr mehr Erfolg - Krafthand-Truck","isPartOf":{"@id":"https:\/\/www.krafthand.de\/truck\/#website"},"primaryImageOfPage":{"@id":"https:\/\/www.krafthand.de\/truck\/artikel\/werkstattkonzepte-fuer-mehr-erfolg-25638\/#primaryimage"},"image":{"@id":"https:\/\/www.krafthand.de\/truck\/artikel\/werkstattkonzepte-fuer-mehr-erfolg-25638\/#primaryimage"},"thumbnailUrl":"https:\/\/static.krafthand-truck.de\/uploads\/2020\/05\/0120_052_01.jpg","datePublished":"2020-05-12T05:00:23+00:00","dateModified":"2021-03-10T10:13:53+00:00","author":{"@id":"https:\/\/www.krafthand.de\/truck\/#\/schema\/person\/23aebc1e5e3f0204da7158bce36950bb"},"breadcrumb":{"@id":"https:\/\/www.krafthand.de\/truck\/artikel\/werkstattkonzepte-fuer-mehr-erfolg-25638\/#breadcrumb"},"inLanguage":"de","potentialAction":[{"@type":"ReadAction","target":["https:\/\/www.krafthand.de\/truck\/artikel\/werkstattkonzepte-fuer-mehr-erfolg-25638\/"]}]},{"@type":"ImageObject","inLanguage":"de","@id":"https:\/\/www.krafthand.de\/truck\/artikel\/werkstattkonzepte-fuer-mehr-erfolg-25638\/#primaryimage","url":"https:\/\/static.krafthand-truck.de\/uploads\/2020\/05\/0120_052_01.jpg","contentUrl":"https:\/\/static.krafthand-truck.de\/uploads\/2020\/05\/0120_052_01.jpg","width":1000,"height":656,"caption":"Mit \u201aad Truckdrive\u2018 und \u201aTruck Service\u2018 bietet die Carat-Gruppe zwei verschiedene Werkstattkonzepte speziell f\u00fcr Mehrmarken-Nutzfahrzeugbetriebe. Bildmontage: KRAFTHAND-Truck"},{"@type":"BreadcrumbList","@id":"https:\/\/www.krafthand.de\/truck\/artikel\/werkstattkonzepte-fuer-mehr-erfolg-25638\/#breadcrumb","itemListElement":[{"@type":"ListItem","position":1,"name":"Krafthand-Truck","item":"https:\/\/www.krafthand.de\/truck\/"},{"@type":"ListItem","position":2,"name":"Nfz-Branche","item":"https:\/\/www.krafthand.de\/truck\/kategorie\/branche\/"},{"@type":"ListItem","position":3,"name":"Werkstattkonzepte f\u00fcr mehr Erfolg"}]},{"@type":"WebSite","@id":"https:\/\/www.krafthand.de\/truck\/#website","url":"https:\/\/www.krafthand.de\/truck\/","name":"Krafthand-Truck","description":"","potentialAction":[{"@type":"SearchAction","target":{"@type":"EntryPoint","urlTemplate":"https:\/\/www.krafthand.de\/truck\/?s={search_term_string}"},"query-input":{"@type":"PropertyValueSpecification","valueRequired":true,"valueName":"search_term_string"}}],"inLanguage":"de"},{"@type":"Person","@id":"https:\/\/www.krafthand.de\/truck\/#\/schema\/person\/23aebc1e5e3f0204da7158bce36950bb","name":"julian.schmid@krafthand.de","image":{"@type":"ImageObject","inLanguage":"de","@id":"https:\/\/secure.gravatar.com\/avatar\/ef76c2910cab8eb23fcc013e1c6dc1ba4af5e93fea6e6132d7c4e67d4e9631e9?s=96&d=mm&r=g","url":"https:\/\/secure.gravatar.com\/avatar\/ef76c2910cab8eb23fcc013e1c6dc1ba4af5e93fea6e6132d7c4e67d4e9631e9?s=96&d=mm&r=g","contentUrl":"https:\/\/secure.gravatar.com\/avatar\/ef76c2910cab8eb23fcc013e1c6dc1ba4af5e93fea6e6132d7c4e67d4e9631e9?s=96&d=mm&r=g","caption":"julian.schmid@krafthand.de"}}]}},"_links":{"self":[{"href":"https:\/\/www.krafthand.de\/truck\/wp-json\/wp\/v2\/posts\/25638","targetHints":{"allow":["GET"]}}],"collection":[{"href":"https:\/\/www.krafthand.de\/truck\/wp-json\/wp\/v2\/posts"}],"about":[{"href":"https:\/\/www.krafthand.de\/truck\/wp-json\/wp\/v2\/types\/post"}],"author":[{"embeddable":true,"href":"https:\/\/www.krafthand.de\/truck\/wp-json\/wp\/v2\/users\/7"}],"replies":[{"embeddable":true,"href":"https:\/\/www.krafthand.de\/truck\/wp-json\/wp\/v2\/comments?post=25638"}],"version-history":[{"count":4,"href":"https:\/\/www.krafthand.de\/truck\/wp-json\/wp\/v2\/posts\/25638\/revisions"}],"predecessor-version":[{"id":25646,"href":"https:\/\/www.krafthand.de\/truck\/wp-json\/wp\/v2\/posts\/25638\/revisions\/25646"}],"wp:featuredmedia":[{"embeddable":true,"href":"https:\/\/www.krafthand.de\/truck\/wp-json\/wp\/v2\/media\/25639"}],"wp:attachment":[{"href":"https:\/\/www.krafthand.de\/truck\/wp-json\/wp\/v2\/media?parent=25638"}],"wp:term":[{"taxonomy":"category","embeddable":true,"href":"https:\/\/www.krafthand.de\/truck\/wp-json\/wp\/v2\/categories?post=25638"},{"taxonomy":"post_tag","embeddable":true,"href":"https:\/\/www.krafthand.de\/truck\/wp-json\/wp\/v2\/tags?post=25638"},{"taxonomy":"settings","embeddable":true,"href":"https:\/\/www.krafthand.de\/truck\/wp-json\/wp\/v2\/settings?post=25638"}],"curies":[{"name":"wp","href":"https:\/\/api.w.org\/{rel}","templated":true}]}}