{"id":25608,"date":"2020-05-06T07:00:09","date_gmt":"2020-05-06T05:00:09","guid":{"rendered":"https:\/\/www.krafthand.de\/truck\/?p=25608"},"modified":"2021-11-28T09:19:58","modified_gmt":"2021-11-28T08:19:58","slug":"allzeit-prima-klima-mit-der-cooltronic-standklimaanlage","status":"publish","type":"post","link":"https:\/\/www.krafthand.de\/truck\/artikel\/allzeit-prima-klima-mit-der-cooltronic-standklimaanlage-25608\/","title":{"rendered":"Allzeit \u201aPrima Klima\u2018 mit der Cooltronic Standklimaanlage"},"content":{"rendered":"<p>Trucker verbringen den Gro\u00dfteil ihrer Arbeitszeit im Fahrerhaus, das als B\u00fcro, Wohnraum und Schlafzimmer gleicherma\u00dfen dient. \u201eUm konzentriert am Stra\u00dfenverkehr teilzunehmen, sind erholsame Ruhezeiten ein Muss \u2013 ob im Sommer bei gl\u00fchender Hitze oder im Winter bei klirrender K\u00e4lte\u201c, konstatieren die Thermomanagement-Spezialisten beim Esslinger Zulieferer Ebersp\u00e4cher.<\/p>\n<p>Mit einer Standklimaanlage aus der \u201aCooltronic\u2018-Baureihe soll es dem Fahrer leichter fallen, im Sommer einen k\u00fchlen Kopf zu bewahren. Die Anlagen lassen sich nach Unternehmensangaben bei g\u00e4ngigen Lkw-Modellen problemlos nach r\u00fcsten. Sie sind f\u00fcr drei grunds\u00e4tzliche Einbaupositionen erh\u00e4ltlich: die \u201aBack\u2018 f\u00fcr die R\u00fcckwand, die \u201aTop\u2018 als Dachvariante und das Modell \u201aHatch\u2018 f\u00fcr den Einbau in die Dachluke. Insgesamt gibt es sechs verschiedene 24-Volt-Modelle mit einer K\u00fchlleistung von bis zu 1,4 kW.<\/p>\n<p>F\u00fcr behaglich temperierte Pausen im Winter empfiehlt Ebersp\u00e4cher eine Standheizung, entweder aus der Wasserheizungsserie \u201aHydronic\u2018 oder einen Luftheizer der \u201aAirtronic\u2018-Reihe. Die\u201a Hydronic S3 Commercial\u2018 bringt eine Heizleistung von bis zu 5,6 kW in die Fahrerkabine, wobei die W\u00e4rme \u00fcber das fahrzeugseitige HVAC-System des Lkw verteilt wird. Besonders schnell erw\u00e4rmt nach eigenem Bekunden die Luftheizung \u201aAirtronic S2\u2018 die Fahrerkabine, wobei sie die Fahrzeugbatterie aufgrund des sparsamen Stromverbrauchs nur gering belasten soll. Die Raumtemperatur l\u00e4sst sich voreinstellen und stufenlos regulieren.<\/p>\n<p><i>Den Beitrag finden Sie auch in der Print-Ausgabe 1\/20 der <a href=\"https:\/\/www.krafthand.de\/truck\/magazin\/\" title=\"Zum Magazin\">Krafthand-Truck<\/a>.<\/i><\/p>","protected":false},"excerpt":{"rendered":"<p>Trucker verbringen den Gro\u00dfteil ihrer Arbeitszeit im Fahrerhaus, das als B\u00fcro, Wohnraum und Schlafzimmer gleicherma\u00dfen dient. \u201eUm konzentriert am Stra\u00dfenverkehr teilzunehmen, sind erholsame Ruhezeiten ein Muss \u2013 ob im Sommer bei gl\u00fchender Hitze oder im Winter bei klirrender K\u00e4lte\u201c, konstatieren die Thermomanagement-Spezialisten beim Esslinger Zulieferer Ebersp\u00e4cher. Mit einer Standklimaanlage aus der \u201aCooltronic\u2018-Baureihe soll es dem <span class=\"excerpt-more__dots\">&#8230;<\/span> <a class=\"excerpt-more__link\" href=\"https:\/\/www.krafthand.de\/truck\/artikel\/allzeit-prima-klima-mit-der-cooltronic-standklimaanlage-25608\/\" >weiter<\/a><\/p>\n","protected":false},"author":7,"featured_media":25609,"comment_status":"closed","ping_status":"closed","sticky":false,"template":"","format":"standard","meta":{"footnotes":""},"categories":[4912],"tags":[2937,434,1862],"settings":[],"class_list":["post-25608","post","type-post","status-publish","format-standard","has-post-thumbnail","hentry","category-ersatzteile-zubehoer","tag-cooltronic","tag-eberspaecher","tag-standklimaanlage"],"yoast_head":"<!-- This site is optimized with the Yoast SEO plugin v27.3 - https:\/\/yoast.com\/product\/yoast-seo-wordpress\/ -->\n<title>Allzeit \u201aPrima Klima\u2018 mit der Cooltronic Standklimaanlage - Krafthand-Truck<\/title>\n<meta name=\"robots\" content=\"index, follow, max-snippet:-1, max-image-preview:large, max-video-preview:-1\" \/>\n<link rel=\"canonical\" href=\"https:\/\/www.krafthand.de\/truck\/artikel\/allzeit-prima-klima-mit-der-cooltronic-standklimaanlage-25608\/\" \/>\n<meta property=\"og:locale\" content=\"de_DE\" \/>\n<meta property=\"og:type\" content=\"article\" \/>\n<meta property=\"og:title\" content=\"Allzeit \u201aPrima Klima\u2018 mit der Cooltronic Standklimaanlage - Krafthand-Truck\" \/>\n<meta property=\"og:description\" content=\"Trucker verbringen den Gro\u00dfteil ihrer Arbeitszeit im Fahrerhaus, das als B\u00fcro, Wohnraum und Schlafzimmer gleicherma\u00dfen dient. \u201eUm konzentriert am Stra\u00dfenverkehr teilzunehmen, sind erholsame Ruhezeiten ein Muss \u2013 ob im Sommer bei gl\u00fchender Hitze oder im Winter bei klirrender K\u00e4lte\u201c, konstatieren die Thermomanagement-Spezialisten beim Esslinger Zulieferer Ebersp\u00e4cher. Mit einer Standklimaanlage aus der \u201aCooltronic\u2018-Baureihe soll es dem ... weiter\" \/>\n<meta property=\"og:url\" content=\"https:\/\/www.krafthand-truck.de\/artikel\/allzeit-prima-klima-mit-der-cooltronic-standklimaanlage-25608\/\" \/>\n<meta property=\"og:site_name\" content=\"Krafthand-Truck\" \/>\n<meta property=\"article:published_time\" content=\"2020-05-06T05:00:09+00:00\" \/>\n<meta property=\"article:modified_time\" content=\"2021-11-28T08:19:58+00:00\" \/>\n<meta property=\"og:image\" content=\"https:\/\/www.krafthand.de\/truck\/wp-content\/uploads\/2020\/05\/0120_031.jpg\" \/>\n\t<meta property=\"og:image:width\" content=\"666\" \/>\n\t<meta property=\"og:image:height\" content=\"431\" \/>\n\t<meta property=\"og:image:type\" content=\"image\/jpeg\" \/>\n<meta name=\"author\" content=\"julian.schmid@krafthand.de\" \/>\n<meta name=\"twitter:card\" content=\"summary_large_image\" \/>\n<meta name=\"twitter:label1\" content=\"Verfasst von\" \/>\n\t<meta name=\"twitter:data1\" content=\"julian.schmid@krafthand.de\" \/>\n\t<meta name=\"twitter:label2\" content=\"Gesch\u00e4tzte Lesezeit\" \/>\n\t<meta name=\"twitter:data2\" content=\"1\u00a0Minute\" \/>\n<script type=\"application\/ld+json\" class=\"yoast-schema-graph\">{\"@context\":\"https:\\\/\\\/schema.org\",\"@graph\":[{\"@type\":\"Article\",\"@id\":\"https:\\\/\\\/www.krafthand.de\\\/truck\\\/artikel\\\/allzeit-prima-klima-mit-der-cooltronic-standklimaanlage-25608\\\/#article\",\"isPartOf\":{\"@id\":\"https:\\\/\\\/www.krafthand.de\\\/truck\\\/artikel\\\/allzeit-prima-klima-mit-der-cooltronic-standklimaanlage-25608\\\/\"},\"author\":{\"name\":\"julian.schmid@krafthand.de\",\"@id\":\"https:\\\/\\\/www.krafthand.de\\\/truck\\\/#\\\/schema\\\/person\\\/23aebc1e5e3f0204da7158bce36950bb\"},\"headline\":\"Allzeit \u201aPrima Klima\u2018 mit der Cooltronic Standklimaanlage\",\"datePublished\":\"2020-05-06T05:00:09+00:00\",\"dateModified\":\"2021-11-28T08:19:58+00:00\",\"mainEntityOfPage\":{\"@id\":\"https:\\\/\\\/www.krafthand.de\\\/truck\\\/artikel\\\/allzeit-prima-klima-mit-der-cooltronic-standklimaanlage-25608\\\/\"},\"wordCount\":223,\"image\":{\"@id\":\"https:\\\/\\\/www.krafthand.de\\\/truck\\\/artikel\\\/allzeit-prima-klima-mit-der-cooltronic-standklimaanlage-25608\\\/#primaryimage\"},\"thumbnailUrl\":\"https:\\\/\\\/static.krafthand-truck.de\\\/uploads\\\/2020\\\/05\\\/0120_031.jpg\",\"keywords\":[\"Cooltronic\",\"Ebersp\u00e4cher\",\"Standklimaanlage\"],\"articleSection\":[\"Ersatzteile\\\/Zubeh\u00f6r\"],\"inLanguage\":\"de\"},{\"@type\":\"WebPage\",\"@id\":\"https:\\\/\\\/www.krafthand.de\\\/truck\\\/artikel\\\/allzeit-prima-klima-mit-der-cooltronic-standklimaanlage-25608\\\/\",\"url\":\"https:\\\/\\\/www.krafthand.de\\\/truck\\\/artikel\\\/allzeit-prima-klima-mit-der-cooltronic-standklimaanlage-25608\\\/\",\"name\":\"Allzeit \u201aPrima Klima\u2018 mit der Cooltronic Standklimaanlage - Krafthand-Truck\",\"isPartOf\":{\"@id\":\"https:\\\/\\\/www.krafthand.de\\\/truck\\\/#website\"},\"primaryImageOfPage\":{\"@id\":\"https:\\\/\\\/www.krafthand.de\\\/truck\\\/artikel\\\/allzeit-prima-klima-mit-der-cooltronic-standklimaanlage-25608\\\/#primaryimage\"},\"image\":{\"@id\":\"https:\\\/\\\/www.krafthand.de\\\/truck\\\/artikel\\\/allzeit-prima-klima-mit-der-cooltronic-standklimaanlage-25608\\\/#primaryimage\"},\"thumbnailUrl\":\"https:\\\/\\\/static.krafthand-truck.de\\\/uploads\\\/2020\\\/05\\\/0120_031.jpg\",\"datePublished\":\"2020-05-06T05:00:09+00:00\",\"dateModified\":\"2021-11-28T08:19:58+00:00\",\"author\":{\"@id\":\"https:\\\/\\\/www.krafthand.de\\\/truck\\\/#\\\/schema\\\/person\\\/23aebc1e5e3f0204da7158bce36950bb\"},\"breadcrumb\":{\"@id\":\"https:\\\/\\\/www.krafthand.de\\\/truck\\\/artikel\\\/allzeit-prima-klima-mit-der-cooltronic-standklimaanlage-25608\\\/#breadcrumb\"},\"inLanguage\":\"de\",\"potentialAction\":[{\"@type\":\"ReadAction\",\"target\":[\"https:\\\/\\\/www.krafthand.de\\\/truck\\\/artikel\\\/allzeit-prima-klima-mit-der-cooltronic-standklimaanlage-25608\\\/\"]}]},{\"@type\":\"ImageObject\",\"inLanguage\":\"de\",\"@id\":\"https:\\\/\\\/www.krafthand.de\\\/truck\\\/artikel\\\/allzeit-prima-klima-mit-der-cooltronic-standklimaanlage-25608\\\/#primaryimage\",\"url\":\"https:\\\/\\\/static.krafthand-truck.de\\\/uploads\\\/2020\\\/05\\\/0120_031.jpg\",\"contentUrl\":\"https:\\\/\\\/static.krafthand-truck.de\\\/uploads\\\/2020\\\/05\\\/0120_031.jpg\",\"width\":666,\"height\":431,\"caption\":\"\u201aCooltronic\u2018-Standklimaanlagen von Ebersp\u00e4cher sorgen im Sommer motorunabh\u00e4ngig f\u00fcr angenehme Temperaturen in der Fahrerkabine. An kalten Tagen liefert eine Standheizung aus der \u201aHydronic\u2018- oder der \u201aAirtronic\u2018-Familie wohlige W\u00e4rme. Bild: Ebersp\u00e4cher\"},{\"@type\":\"BreadcrumbList\",\"@id\":\"https:\\\/\\\/www.krafthand.de\\\/truck\\\/artikel\\\/allzeit-prima-klima-mit-der-cooltronic-standklimaanlage-25608\\\/#breadcrumb\",\"itemListElement\":[{\"@type\":\"ListItem\",\"position\":1,\"name\":\"Krafthand-Truck\",\"item\":\"https:\\\/\\\/www.krafthand.de\\\/truck\\\/\"},{\"@type\":\"ListItem\",\"position\":2,\"name\":\"Nfz-Service\",\"item\":\"https:\\\/\\\/www.krafthand.de\\\/truck\\\/kategorie\\\/nfz-service\\\/\"},{\"@type\":\"ListItem\",\"position\":3,\"name\":\"Ersatzteile\\\/Zubeh\u00f6r\",\"item\":\"https:\\\/\\\/www.krafthand.de\\\/truck\\\/kategorie\\\/nfz-service\\\/ersatzteile-zubehoer\\\/\"},{\"@type\":\"ListItem\",\"position\":4,\"name\":\"Allzeit \u201aPrima Klima\u2018 mit der Cooltronic Standklimaanlage\"}]},{\"@type\":\"WebSite\",\"@id\":\"https:\\\/\\\/www.krafthand.de\\\/truck\\\/#website\",\"url\":\"https:\\\/\\\/www.krafthand.de\\\/truck\\\/\",\"name\":\"Krafthand-Truck\",\"description\":\"\",\"potentialAction\":[{\"@type\":\"SearchAction\",\"target\":{\"@type\":\"EntryPoint\",\"urlTemplate\":\"https:\\\/\\\/www.krafthand.de\\\/truck\\\/?s={search_term_string}\"},\"query-input\":{\"@type\":\"PropertyValueSpecification\",\"valueRequired\":true,\"valueName\":\"search_term_string\"}}],\"inLanguage\":\"de\"},{\"@type\":\"Person\",\"@id\":\"https:\\\/\\\/www.krafthand.de\\\/truck\\\/#\\\/schema\\\/person\\\/23aebc1e5e3f0204da7158bce36950bb\",\"name\":\"julian.schmid@krafthand.de\",\"image\":{\"@type\":\"ImageObject\",\"inLanguage\":\"de\",\"@id\":\"https:\\\/\\\/secure.gravatar.com\\\/avatar\\\/ef76c2910cab8eb23fcc013e1c6dc1ba4af5e93fea6e6132d7c4e67d4e9631e9?s=96&d=mm&r=g\",\"url\":\"https:\\\/\\\/secure.gravatar.com\\\/avatar\\\/ef76c2910cab8eb23fcc013e1c6dc1ba4af5e93fea6e6132d7c4e67d4e9631e9?s=96&d=mm&r=g\",\"contentUrl\":\"https:\\\/\\\/secure.gravatar.com\\\/avatar\\\/ef76c2910cab8eb23fcc013e1c6dc1ba4af5e93fea6e6132d7c4e67d4e9631e9?s=96&d=mm&r=g\",\"caption\":\"julian.schmid@krafthand.de\"}}]}<\/script>\n<!-- \/ Yoast SEO plugin. -->","yoast_head_json":{"title":"Allzeit \u201aPrima Klima\u2018 mit der Cooltronic Standklimaanlage - Krafthand-Truck","robots":{"index":"index","follow":"follow","max-snippet":"max-snippet:-1","max-image-preview":"max-image-preview:large","max-video-preview":"max-video-preview:-1"},"canonical":"https:\/\/www.krafthand.de\/truck\/artikel\/allzeit-prima-klima-mit-der-cooltronic-standklimaanlage-25608\/","og_locale":"de_DE","og_type":"article","og_title":"Allzeit \u201aPrima Klima\u2018 mit der Cooltronic Standklimaanlage - Krafthand-Truck","og_description":"Trucker verbringen den Gro\u00dfteil ihrer Arbeitszeit im Fahrerhaus, das als B\u00fcro, Wohnraum und Schlafzimmer gleicherma\u00dfen dient. \u201eUm konzentriert am Stra\u00dfenverkehr teilzunehmen, sind erholsame Ruhezeiten ein Muss \u2013 ob im Sommer bei gl\u00fchender Hitze oder im Winter bei klirrender K\u00e4lte\u201c, konstatieren die Thermomanagement-Spezialisten beim Esslinger Zulieferer Ebersp\u00e4cher. Mit einer Standklimaanlage aus der \u201aCooltronic\u2018-Baureihe soll es dem ... weiter","og_url":"https:\/\/www.krafthand-truck.de\/artikel\/allzeit-prima-klima-mit-der-cooltronic-standklimaanlage-25608\/","og_site_name":"Krafthand-Truck","article_published_time":"2020-05-06T05:00:09+00:00","article_modified_time":"2021-11-28T08:19:58+00:00","og_image":[{"width":666,"height":431,"url":"https:\/\/www.krafthand.de\/truck\/wp-content\/uploads\/2020\/05\/0120_031.jpg","type":"image\/jpeg"}],"author":"julian.schmid@krafthand.de","twitter_card":"summary_large_image","twitter_misc":{"Verfasst von":"julian.schmid@krafthand.de","Gesch\u00e4tzte Lesezeit":"1\u00a0Minute"},"schema":{"@context":"https:\/\/schema.org","@graph":[{"@type":"Article","@id":"https:\/\/www.krafthand.de\/truck\/artikel\/allzeit-prima-klima-mit-der-cooltronic-standklimaanlage-25608\/#article","isPartOf":{"@id":"https:\/\/www.krafthand.de\/truck\/artikel\/allzeit-prima-klima-mit-der-cooltronic-standklimaanlage-25608\/"},"author":{"name":"julian.schmid@krafthand.de","@id":"https:\/\/www.krafthand.de\/truck\/#\/schema\/person\/23aebc1e5e3f0204da7158bce36950bb"},"headline":"Allzeit \u201aPrima Klima\u2018 mit der Cooltronic Standklimaanlage","datePublished":"2020-05-06T05:00:09+00:00","dateModified":"2021-11-28T08:19:58+00:00","mainEntityOfPage":{"@id":"https:\/\/www.krafthand.de\/truck\/artikel\/allzeit-prima-klima-mit-der-cooltronic-standklimaanlage-25608\/"},"wordCount":223,"image":{"@id":"https:\/\/www.krafthand.de\/truck\/artikel\/allzeit-prima-klima-mit-der-cooltronic-standklimaanlage-25608\/#primaryimage"},"thumbnailUrl":"https:\/\/static.krafthand-truck.de\/uploads\/2020\/05\/0120_031.jpg","keywords":["Cooltronic","Ebersp\u00e4cher","Standklimaanlage"],"articleSection":["Ersatzteile\/Zubeh\u00f6r"],"inLanguage":"de"},{"@type":"WebPage","@id":"https:\/\/www.krafthand.de\/truck\/artikel\/allzeit-prima-klima-mit-der-cooltronic-standklimaanlage-25608\/","url":"https:\/\/www.krafthand.de\/truck\/artikel\/allzeit-prima-klima-mit-der-cooltronic-standklimaanlage-25608\/","name":"Allzeit \u201aPrima Klima\u2018 mit der Cooltronic Standklimaanlage - Krafthand-Truck","isPartOf":{"@id":"https:\/\/www.krafthand.de\/truck\/#website"},"primaryImageOfPage":{"@id":"https:\/\/www.krafthand.de\/truck\/artikel\/allzeit-prima-klima-mit-der-cooltronic-standklimaanlage-25608\/#primaryimage"},"image":{"@id":"https:\/\/www.krafthand.de\/truck\/artikel\/allzeit-prima-klima-mit-der-cooltronic-standklimaanlage-25608\/#primaryimage"},"thumbnailUrl":"https:\/\/static.krafthand-truck.de\/uploads\/2020\/05\/0120_031.jpg","datePublished":"2020-05-06T05:00:09+00:00","dateModified":"2021-11-28T08:19:58+00:00","author":{"@id":"https:\/\/www.krafthand.de\/truck\/#\/schema\/person\/23aebc1e5e3f0204da7158bce36950bb"},"breadcrumb":{"@id":"https:\/\/www.krafthand.de\/truck\/artikel\/allzeit-prima-klima-mit-der-cooltronic-standklimaanlage-25608\/#breadcrumb"},"inLanguage":"de","potentialAction":[{"@type":"ReadAction","target":["https:\/\/www.krafthand.de\/truck\/artikel\/allzeit-prima-klima-mit-der-cooltronic-standklimaanlage-25608\/"]}]},{"@type":"ImageObject","inLanguage":"de","@id":"https:\/\/www.krafthand.de\/truck\/artikel\/allzeit-prima-klima-mit-der-cooltronic-standklimaanlage-25608\/#primaryimage","url":"https:\/\/static.krafthand-truck.de\/uploads\/2020\/05\/0120_031.jpg","contentUrl":"https:\/\/static.krafthand-truck.de\/uploads\/2020\/05\/0120_031.jpg","width":666,"height":431,"caption":"\u201aCooltronic\u2018-Standklimaanlagen von Ebersp\u00e4cher sorgen im Sommer motorunabh\u00e4ngig f\u00fcr angenehme Temperaturen in der Fahrerkabine. An kalten Tagen liefert eine Standheizung aus der \u201aHydronic\u2018- oder der \u201aAirtronic\u2018-Familie wohlige W\u00e4rme. Bild: Ebersp\u00e4cher"},{"@type":"BreadcrumbList","@id":"https:\/\/www.krafthand.de\/truck\/artikel\/allzeit-prima-klima-mit-der-cooltronic-standklimaanlage-25608\/#breadcrumb","itemListElement":[{"@type":"ListItem","position":1,"name":"Krafthand-Truck","item":"https:\/\/www.krafthand.de\/truck\/"},{"@type":"ListItem","position":2,"name":"Nfz-Service","item":"https:\/\/www.krafthand.de\/truck\/kategorie\/nfz-service\/"},{"@type":"ListItem","position":3,"name":"Ersatzteile\/Zubeh\u00f6r","item":"https:\/\/www.krafthand.de\/truck\/kategorie\/nfz-service\/ersatzteile-zubehoer\/"},{"@type":"ListItem","position":4,"name":"Allzeit \u201aPrima Klima\u2018 mit der Cooltronic Standklimaanlage"}]},{"@type":"WebSite","@id":"https:\/\/www.krafthand.de\/truck\/#website","url":"https:\/\/www.krafthand.de\/truck\/","name":"Krafthand-Truck","description":"","potentialAction":[{"@type":"SearchAction","target":{"@type":"EntryPoint","urlTemplate":"https:\/\/www.krafthand.de\/truck\/?s={search_term_string}"},"query-input":{"@type":"PropertyValueSpecification","valueRequired":true,"valueName":"search_term_string"}}],"inLanguage":"de"},{"@type":"Person","@id":"https:\/\/www.krafthand.de\/truck\/#\/schema\/person\/23aebc1e5e3f0204da7158bce36950bb","name":"julian.schmid@krafthand.de","image":{"@type":"ImageObject","inLanguage":"de","@id":"https:\/\/secure.gravatar.com\/avatar\/ef76c2910cab8eb23fcc013e1c6dc1ba4af5e93fea6e6132d7c4e67d4e9631e9?s=96&d=mm&r=g","url":"https:\/\/secure.gravatar.com\/avatar\/ef76c2910cab8eb23fcc013e1c6dc1ba4af5e93fea6e6132d7c4e67d4e9631e9?s=96&d=mm&r=g","contentUrl":"https:\/\/secure.gravatar.com\/avatar\/ef76c2910cab8eb23fcc013e1c6dc1ba4af5e93fea6e6132d7c4e67d4e9631e9?s=96&d=mm&r=g","caption":"julian.schmid@krafthand.de"}}]}},"_links":{"self":[{"href":"https:\/\/www.krafthand.de\/truck\/wp-json\/wp\/v2\/posts\/25608","targetHints":{"allow":["GET"]}}],"collection":[{"href":"https:\/\/www.krafthand.de\/truck\/wp-json\/wp\/v2\/posts"}],"about":[{"href":"https:\/\/www.krafthand.de\/truck\/wp-json\/wp\/v2\/types\/post"}],"author":[{"embeddable":true,"href":"https:\/\/www.krafthand.de\/truck\/wp-json\/wp\/v2\/users\/7"}],"replies":[{"embeddable":true,"href":"https:\/\/www.krafthand.de\/truck\/wp-json\/wp\/v2\/comments?post=25608"}],"version-history":[{"count":2,"href":"https:\/\/www.krafthand.de\/truck\/wp-json\/wp\/v2\/posts\/25608\/revisions"}],"predecessor-version":[{"id":25611,"href":"https:\/\/www.krafthand.de\/truck\/wp-json\/wp\/v2\/posts\/25608\/revisions\/25611"}],"wp:featuredmedia":[{"embeddable":true,"href":"https:\/\/www.krafthand.de\/truck\/wp-json\/wp\/v2\/media\/25609"}],"wp:attachment":[{"href":"https:\/\/www.krafthand.de\/truck\/wp-json\/wp\/v2\/media?parent=25608"}],"wp:term":[{"taxonomy":"category","embeddable":true,"href":"https:\/\/www.krafthand.de\/truck\/wp-json\/wp\/v2\/categories?post=25608"},{"taxonomy":"post_tag","embeddable":true,"href":"https:\/\/www.krafthand.de\/truck\/wp-json\/wp\/v2\/tags?post=25608"},{"taxonomy":"settings","embeddable":true,"href":"https:\/\/www.krafthand.de\/truck\/wp-json\/wp\/v2\/settings?post=25608"}],"curies":[{"name":"wp","href":"https:\/\/api.w.org\/{rel}","templated":true}]}}