{"id":25595,"date":"2020-05-04T07:00:57","date_gmt":"2020-05-04T05:00:57","guid":{"rendered":"https:\/\/www.krafthand.de\/truck\/?p=25595"},"modified":"2020-04-27T12:05:07","modified_gmt":"2020-04-27T10:05:07","slug":"the-tire-cologne-2020","status":"publish","type":"post","link":"https:\/\/www.krafthand.de\/truck\/artikel\/the-tire-cologne-2020-25595\/","title":{"rendered":"The Tire Cologne 2020"},"content":{"rendered":"<p>Von 9. bis 12. Juni 2020 \u00f6ffnet die <a href=\"http:\/\/www.thetire-cologne.de\" target=\"_blank\" rel=\"noopener noreferrer\">\u201aThe Tire Cologne\u2018<\/a> zum zweiten Mal in ihrer Geschichte die Tore. Zu der international angelegten Reifen- und R\u00e4der-Fachmesse erwartet der Veranstalter nach eigenem Bekunden rund 500 Aussteller aus 40 L\u00e4ndern, darunter fast alle wichtigen Top-Player aus den einzelnen Schwerpunktsegmenten. Die b2b-Fachmesse richtet sich an Reifenhersteller, Reifenfachhandel, Kfz-Servicedienstleister, Werkstattausr\u00fcster, Recycling, Runderneuerer und alle dem Reifen- und Kfz-Segment verbundenen Unternehmen.<\/p>\n<p>Nach dem Bekunden des Organisationsteams will die Messe aber nicht nur durch Angebotsqualit\u00e4t und Angebotstiefe \u00fcberzeugen, sondern zugleich auch Branchenmotor sein und aktuelle Trends und Themen vorantreiben und f\u00fcr die Fachbesucher hautnah erlebbar machen. F\u00fcr exklusive Informationen und emotionale Inspirationen soll unter anderem das Event- und Kongressprogramm mit hochkar\u00e4tig besetzten Konferenzen, Themenfl\u00e4chen und Sonderschauen sorgen. Einen Fokus will der Veranstalter innerhalb des umfangreichen Eventprogramms zudem auf die \u201aMobilit\u00e4t der Zukunft\u2018 legen und versuchen, einen Ausblick zu Themenstellungen wie \u201aWie ver\u00e4ndert sich Mobilit\u00e4t in der Zukunft?\u2018, \u201aWelche Auswirkungen haben die Ver\u00e4nderungen auf den Menschen und die Gesellschaft? geben. Vor allem aber will man Antworten auf die Fragen \u201aWas bedeutet eine ver\u00e4nderte Mobilit\u00e4t f\u00fcr das Produkt Reifen?\u2018 und \u201aWelche Innovationen, welche zukunftsweisenden Konzepte gibt es bereits heute?\u2018 finden.<\/p>\n<p>Die internationale Branchenfachmesse \u201aThe Tire Cologne\u2018 wird von der K\u00f6lnmesse sowie dem Bundesverband Reifenhandel und Vulkaniseur-Handwerk e.V. (BRV) als ideellem Tr\u00e4ger organisiert.<\/p>\n<div class=\"gallery-container\"><div class=\"owl-carousel owl-theme\">\r\n        <div>\r\n        \t<img decoding=\"async\" src=\"https:\/\/static.krafthand-truck.de\/uploads\/2020\/04\/0120_054_01.jpg\" alt=\"\" \/>\r\n          <a href=\"https:\/\/static.krafthand-truck.de\/uploads\/2020\/04\/0120_054_01.jpg\" data-featherlight=\"gallery_69f591fde39df\" class=\"gallery-expand\" data-title=\"Als b2b-Fachmesse richtet sich die zum zweiten Mal in ihrer Geschichte stattfindende \u201aThe Tire Cologne\u2018 an Reifenhersteller, Reifenfachh\u00e4ndler, Servicedienstleister, Werkstattausr\u00fcster, Recycler und Runderneuerer sowie alle sonst noch mit der Reifen- und Kfz Branche verbundenen Unternehmen. Bild: The Tire Cologne\"><i class=\"fa fa-expand\" aria-hidden=\"true\"><\/i><\/a>\r\n        \t<div class=\"gallery-caption wp-caption-text\"><p>Als b2b-Fachmesse richtet sich die zum zweiten Mal in ihrer Geschichte stattfindende \u201aThe Tire Cologne\u2018 an Reifenhersteller, Reifenfachh\u00e4ndler, Servicedienstleister, Werkstattausr\u00fcster, Recycler und Runderneuerer sowie alle sonst noch mit der Reifen- und Kfz Branche verbundenen Unternehmen. Bild: The Tire Cologne<\/p>\n<\/div>\r\n        <\/div>\r\n        <div>\r\n        \t<img decoding=\"async\" src=\"https:\/\/static.krafthand-truck.de\/uploads\/2020\/04\/0120_054_02.jpg\" alt=\"\" \/>\r\n          <a href=\"https:\/\/static.krafthand-truck.de\/uploads\/2020\/04\/0120_054_02.jpg\" data-featherlight=\"gallery_69f591fde39df\" class=\"gallery-expand\" data-title=\"Rund 500 Aussteller aus 40 L\u00e4ndern erwartet das Messeteam, darunter viele Top-Player aus den jeweiligen Schwerpunkt-Segmenten. Bild: The Tire Cologne\"><i class=\"fa fa-expand\" aria-hidden=\"true\"><\/i><\/a>\r\n        \t<div class=\"gallery-caption wp-caption-text\"><p>Rund 500 Aussteller aus 40 L\u00e4ndern erwartet das Messeteam, darunter viele Top-Player aus den jeweiligen Schwerpunkt-Segmenten. Bild: The Tire Cologne<\/p>\n<\/div>\r\n        <\/div><\/div><\/div>\r\n\t<script>\r\n\t\tjQuery(document).ready(function($){\r\n      setTimeout(function(){\r\n  \t\t\t$(\".owl-carousel\").owlCarousel({\r\n  \t\t\t\tloop:true,\r\n    \t\t\tmargin:10,\r\n    \t\t\tresponsiveClass:true,\r\n    \t\t\titems:1,\r\n    \t\t\tautoHeight: true,\r\n          nav: true,\r\n          URLhashListener: true,\r\n          startPosition: \"URLHash\",\r\n          navText: [\r\n            \"<i class='fa fa-chevron-left'><\/i>\",\r\n            \"<i class='fa fa-chevron-right'><\/i>\"\r\n          ],\r\n  \t\t\t});\r\n      }, 2000);\r\n\t\t});\r\n\t<\/script>\r\n\t\n<p><i>Den Beitrag finden Sie auch in der Print-Ausgabe 1\/20 der <a href=\"https:\/\/www.krafthand.de\/truck\/magazin\/\" title=\"Zum Magazin\">Krafthand-Truck<\/a>.<\/i><\/p>","protected":false},"excerpt":{"rendered":"<p>Von 9. bis 12. Juni 2020 \u00f6ffnet die \u201aThe Tire Cologne\u2018 zum zweiten Mal in ihrer Geschichte die Tore. Zu der international angelegten Reifen- und R\u00e4der-Fachmesse erwartet der Veranstalter nach eigenem Bekunden rund 500 Aussteller aus 40 L\u00e4ndern. <span class=\"excerpt-more__dots\">&#8230;<\/span> <a class=\"excerpt-more__link\" href=\"https:\/\/www.krafthand.de\/truck\/artikel\/the-tire-cologne-2020-25595\/\" >weiter<\/a><\/p>\n","protected":false},"author":7,"featured_media":25596,"comment_status":"closed","ping_status":"closed","sticky":false,"template":"","format":"standard","meta":{"footnotes":""},"categories":[5],"tags":[548,299,4067],"settings":[],"class_list":["post-25595","post","type-post","status-publish","format-standard","has-post-thumbnail","hentry","category-branche","tag-fachmesse","tag-lkw-reifen","tag-the-tire-cologne"],"yoast_head":"<!-- This site is optimized with the Yoast SEO plugin v27.3 - https:\/\/yoast.com\/product\/yoast-seo-wordpress\/ -->\n<title>The Tire Cologne 2020 - Krafthand-Truck<\/title>\n<meta name=\"robots\" content=\"index, follow, max-snippet:-1, max-image-preview:large, max-video-preview:-1\" \/>\n<link rel=\"canonical\" href=\"https:\/\/www.krafthand.de\/truck\/artikel\/the-tire-cologne-2020-25595\/\" \/>\n<meta property=\"og:locale\" content=\"de_DE\" \/>\n<meta property=\"og:type\" content=\"article\" \/>\n<meta property=\"og:title\" content=\"The Tire Cologne 2020 - Krafthand-Truck\" \/>\n<meta property=\"og:description\" content=\"Von 9. bis 12. Juni 2020 \u00f6ffnet die \u201aThe Tire Cologne\u2018 zum zweiten Mal in ihrer Geschichte die Tore. Zu der international angelegten Reifen- und R\u00e4der-Fachmesse erwartet der Veranstalter nach eigenem Bekunden rund 500 Aussteller aus 40 L\u00e4ndern. ... weiter\" \/>\n<meta property=\"og:url\" content=\"https:\/\/www.krafthand-truck.de\/artikel\/the-tire-cologne-2020-25595\/\" \/>\n<meta property=\"og:site_name\" content=\"Krafthand-Truck\" \/>\n<meta property=\"article:published_time\" content=\"2020-05-04T05:00:57+00:00\" \/>\n<meta property=\"og:image\" content=\"https:\/\/www.krafthand.de\/truck\/wp-content\/uploads\/2020\/04\/0120_054_Logo.jpg\" \/>\n\t<meta property=\"og:image:width\" content=\"1000\" \/>\n\t<meta property=\"og:image:height\" content=\"240\" \/>\n\t<meta property=\"og:image:type\" content=\"image\/jpeg\" \/>\n<meta name=\"author\" content=\"julian.schmid@krafthand.de\" \/>\n<meta name=\"twitter:card\" content=\"summary_large_image\" \/>\n<meta name=\"twitter:label1\" content=\"Verfasst von\" \/>\n\t<meta name=\"twitter:data1\" content=\"julian.schmid@krafthand.de\" \/>\n\t<meta name=\"twitter:label2\" content=\"Gesch\u00e4tzte Lesezeit\" \/>\n\t<meta name=\"twitter:data2\" content=\"1\u00a0Minute\" \/>\n<script type=\"application\/ld+json\" class=\"yoast-schema-graph\">{\"@context\":\"https:\\\/\\\/schema.org\",\"@graph\":[{\"@type\":\"Article\",\"@id\":\"https:\\\/\\\/www.krafthand.de\\\/truck\\\/artikel\\\/the-tire-cologne-2020-25595\\\/#article\",\"isPartOf\":{\"@id\":\"https:\\\/\\\/www.krafthand.de\\\/truck\\\/artikel\\\/the-tire-cologne-2020-25595\\\/\"},\"author\":{\"name\":\"julian.schmid@krafthand.de\",\"@id\":\"https:\\\/\\\/www.krafthand.de\\\/truck\\\/#\\\/schema\\\/person\\\/23aebc1e5e3f0204da7158bce36950bb\"},\"headline\":\"The Tire Cologne 2020\",\"datePublished\":\"2020-05-04T05:00:57+00:00\",\"mainEntityOfPage\":{\"@id\":\"https:\\\/\\\/www.krafthand.de\\\/truck\\\/artikel\\\/the-tire-cologne-2020-25595\\\/\"},\"wordCount\":233,\"image\":{\"@id\":\"https:\\\/\\\/www.krafthand.de\\\/truck\\\/artikel\\\/the-tire-cologne-2020-25595\\\/#primaryimage\"},\"thumbnailUrl\":\"https:\\\/\\\/static.krafthand-truck.de\\\/uploads\\\/2020\\\/04\\\/0120_054_Logo.jpg\",\"keywords\":[\"Fachmesse\",\"Lkw-Reifen\",\"The Tire Cologne\"],\"articleSection\":[\"Nfz-Branche\"],\"inLanguage\":\"de\"},{\"@type\":\"WebPage\",\"@id\":\"https:\\\/\\\/www.krafthand.de\\\/truck\\\/artikel\\\/the-tire-cologne-2020-25595\\\/\",\"url\":\"https:\\\/\\\/www.krafthand.de\\\/truck\\\/artikel\\\/the-tire-cologne-2020-25595\\\/\",\"name\":\"The Tire Cologne 2020 - Krafthand-Truck\",\"isPartOf\":{\"@id\":\"https:\\\/\\\/www.krafthand.de\\\/truck\\\/#website\"},\"primaryImageOfPage\":{\"@id\":\"https:\\\/\\\/www.krafthand.de\\\/truck\\\/artikel\\\/the-tire-cologne-2020-25595\\\/#primaryimage\"},\"image\":{\"@id\":\"https:\\\/\\\/www.krafthand.de\\\/truck\\\/artikel\\\/the-tire-cologne-2020-25595\\\/#primaryimage\"},\"thumbnailUrl\":\"https:\\\/\\\/static.krafthand-truck.de\\\/uploads\\\/2020\\\/04\\\/0120_054_Logo.jpg\",\"datePublished\":\"2020-05-04T05:00:57+00:00\",\"author\":{\"@id\":\"https:\\\/\\\/www.krafthand.de\\\/truck\\\/#\\\/schema\\\/person\\\/23aebc1e5e3f0204da7158bce36950bb\"},\"breadcrumb\":{\"@id\":\"https:\\\/\\\/www.krafthand.de\\\/truck\\\/artikel\\\/the-tire-cologne-2020-25595\\\/#breadcrumb\"},\"inLanguage\":\"de\",\"potentialAction\":[{\"@type\":\"ReadAction\",\"target\":[\"https:\\\/\\\/www.krafthand.de\\\/truck\\\/artikel\\\/the-tire-cologne-2020-25595\\\/\"]}]},{\"@type\":\"ImageObject\",\"inLanguage\":\"de\",\"@id\":\"https:\\\/\\\/www.krafthand.de\\\/truck\\\/artikel\\\/the-tire-cologne-2020-25595\\\/#primaryimage\",\"url\":\"https:\\\/\\\/static.krafthand-truck.de\\\/uploads\\\/2020\\\/04\\\/0120_054_Logo.jpg\",\"contentUrl\":\"https:\\\/\\\/static.krafthand-truck.de\\\/uploads\\\/2020\\\/04\\\/0120_054_Logo.jpg\",\"width\":1000,\"height\":240,\"caption\":\"Bild: The Tire Cologne\"},{\"@type\":\"BreadcrumbList\",\"@id\":\"https:\\\/\\\/www.krafthand.de\\\/truck\\\/artikel\\\/the-tire-cologne-2020-25595\\\/#breadcrumb\",\"itemListElement\":[{\"@type\":\"ListItem\",\"position\":1,\"name\":\"Krafthand-Truck\",\"item\":\"https:\\\/\\\/www.krafthand.de\\\/truck\\\/\"},{\"@type\":\"ListItem\",\"position\":2,\"name\":\"Nfz-Branche\",\"item\":\"https:\\\/\\\/www.krafthand.de\\\/truck\\\/kategorie\\\/branche\\\/\"},{\"@type\":\"ListItem\",\"position\":3,\"name\":\"The Tire Cologne 2020\"}]},{\"@type\":\"WebSite\",\"@id\":\"https:\\\/\\\/www.krafthand.de\\\/truck\\\/#website\",\"url\":\"https:\\\/\\\/www.krafthand.de\\\/truck\\\/\",\"name\":\"Krafthand-Truck\",\"description\":\"\",\"potentialAction\":[{\"@type\":\"SearchAction\",\"target\":{\"@type\":\"EntryPoint\",\"urlTemplate\":\"https:\\\/\\\/www.krafthand.de\\\/truck\\\/?s={search_term_string}\"},\"query-input\":{\"@type\":\"PropertyValueSpecification\",\"valueRequired\":true,\"valueName\":\"search_term_string\"}}],\"inLanguage\":\"de\"},{\"@type\":\"Person\",\"@id\":\"https:\\\/\\\/www.krafthand.de\\\/truck\\\/#\\\/schema\\\/person\\\/23aebc1e5e3f0204da7158bce36950bb\",\"name\":\"julian.schmid@krafthand.de\",\"image\":{\"@type\":\"ImageObject\",\"inLanguage\":\"de\",\"@id\":\"https:\\\/\\\/secure.gravatar.com\\\/avatar\\\/ef76c2910cab8eb23fcc013e1c6dc1ba4af5e93fea6e6132d7c4e67d4e9631e9?s=96&d=mm&r=g\",\"url\":\"https:\\\/\\\/secure.gravatar.com\\\/avatar\\\/ef76c2910cab8eb23fcc013e1c6dc1ba4af5e93fea6e6132d7c4e67d4e9631e9?s=96&d=mm&r=g\",\"contentUrl\":\"https:\\\/\\\/secure.gravatar.com\\\/avatar\\\/ef76c2910cab8eb23fcc013e1c6dc1ba4af5e93fea6e6132d7c4e67d4e9631e9?s=96&d=mm&r=g\",\"caption\":\"julian.schmid@krafthand.de\"}}]}<\/script>\n<!-- \/ Yoast SEO plugin. -->","yoast_head_json":{"title":"The Tire Cologne 2020 - Krafthand-Truck","robots":{"index":"index","follow":"follow","max-snippet":"max-snippet:-1","max-image-preview":"max-image-preview:large","max-video-preview":"max-video-preview:-1"},"canonical":"https:\/\/www.krafthand.de\/truck\/artikel\/the-tire-cologne-2020-25595\/","og_locale":"de_DE","og_type":"article","og_title":"The Tire Cologne 2020 - Krafthand-Truck","og_description":"Von 9. bis 12. Juni 2020 \u00f6ffnet die \u201aThe Tire Cologne\u2018 zum zweiten Mal in ihrer Geschichte die Tore. Zu der international angelegten Reifen- und R\u00e4der-Fachmesse erwartet der Veranstalter nach eigenem Bekunden rund 500 Aussteller aus 40 L\u00e4ndern. ... weiter","og_url":"https:\/\/www.krafthand-truck.de\/artikel\/the-tire-cologne-2020-25595\/","og_site_name":"Krafthand-Truck","article_published_time":"2020-05-04T05:00:57+00:00","og_image":[{"width":1000,"height":240,"url":"https:\/\/www.krafthand.de\/truck\/wp-content\/uploads\/2020\/04\/0120_054_Logo.jpg","type":"image\/jpeg"}],"author":"julian.schmid@krafthand.de","twitter_card":"summary_large_image","twitter_misc":{"Verfasst von":"julian.schmid@krafthand.de","Gesch\u00e4tzte Lesezeit":"1\u00a0Minute"},"schema":{"@context":"https:\/\/schema.org","@graph":[{"@type":"Article","@id":"https:\/\/www.krafthand.de\/truck\/artikel\/the-tire-cologne-2020-25595\/#article","isPartOf":{"@id":"https:\/\/www.krafthand.de\/truck\/artikel\/the-tire-cologne-2020-25595\/"},"author":{"name":"julian.schmid@krafthand.de","@id":"https:\/\/www.krafthand.de\/truck\/#\/schema\/person\/23aebc1e5e3f0204da7158bce36950bb"},"headline":"The Tire Cologne 2020","datePublished":"2020-05-04T05:00:57+00:00","mainEntityOfPage":{"@id":"https:\/\/www.krafthand.de\/truck\/artikel\/the-tire-cologne-2020-25595\/"},"wordCount":233,"image":{"@id":"https:\/\/www.krafthand.de\/truck\/artikel\/the-tire-cologne-2020-25595\/#primaryimage"},"thumbnailUrl":"https:\/\/static.krafthand-truck.de\/uploads\/2020\/04\/0120_054_Logo.jpg","keywords":["Fachmesse","Lkw-Reifen","The Tire Cologne"],"articleSection":["Nfz-Branche"],"inLanguage":"de"},{"@type":"WebPage","@id":"https:\/\/www.krafthand.de\/truck\/artikel\/the-tire-cologne-2020-25595\/","url":"https:\/\/www.krafthand.de\/truck\/artikel\/the-tire-cologne-2020-25595\/","name":"The Tire Cologne 2020 - Krafthand-Truck","isPartOf":{"@id":"https:\/\/www.krafthand.de\/truck\/#website"},"primaryImageOfPage":{"@id":"https:\/\/www.krafthand.de\/truck\/artikel\/the-tire-cologne-2020-25595\/#primaryimage"},"image":{"@id":"https:\/\/www.krafthand.de\/truck\/artikel\/the-tire-cologne-2020-25595\/#primaryimage"},"thumbnailUrl":"https:\/\/static.krafthand-truck.de\/uploads\/2020\/04\/0120_054_Logo.jpg","datePublished":"2020-05-04T05:00:57+00:00","author":{"@id":"https:\/\/www.krafthand.de\/truck\/#\/schema\/person\/23aebc1e5e3f0204da7158bce36950bb"},"breadcrumb":{"@id":"https:\/\/www.krafthand.de\/truck\/artikel\/the-tire-cologne-2020-25595\/#breadcrumb"},"inLanguage":"de","potentialAction":[{"@type":"ReadAction","target":["https:\/\/www.krafthand.de\/truck\/artikel\/the-tire-cologne-2020-25595\/"]}]},{"@type":"ImageObject","inLanguage":"de","@id":"https:\/\/www.krafthand.de\/truck\/artikel\/the-tire-cologne-2020-25595\/#primaryimage","url":"https:\/\/static.krafthand-truck.de\/uploads\/2020\/04\/0120_054_Logo.jpg","contentUrl":"https:\/\/static.krafthand-truck.de\/uploads\/2020\/04\/0120_054_Logo.jpg","width":1000,"height":240,"caption":"Bild: The Tire Cologne"},{"@type":"BreadcrumbList","@id":"https:\/\/www.krafthand.de\/truck\/artikel\/the-tire-cologne-2020-25595\/#breadcrumb","itemListElement":[{"@type":"ListItem","position":1,"name":"Krafthand-Truck","item":"https:\/\/www.krafthand.de\/truck\/"},{"@type":"ListItem","position":2,"name":"Nfz-Branche","item":"https:\/\/www.krafthand.de\/truck\/kategorie\/branche\/"},{"@type":"ListItem","position":3,"name":"The Tire Cologne 2020"}]},{"@type":"WebSite","@id":"https:\/\/www.krafthand.de\/truck\/#website","url":"https:\/\/www.krafthand.de\/truck\/","name":"Krafthand-Truck","description":"","potentialAction":[{"@type":"SearchAction","target":{"@type":"EntryPoint","urlTemplate":"https:\/\/www.krafthand.de\/truck\/?s={search_term_string}"},"query-input":{"@type":"PropertyValueSpecification","valueRequired":true,"valueName":"search_term_string"}}],"inLanguage":"de"},{"@type":"Person","@id":"https:\/\/www.krafthand.de\/truck\/#\/schema\/person\/23aebc1e5e3f0204da7158bce36950bb","name":"julian.schmid@krafthand.de","image":{"@type":"ImageObject","inLanguage":"de","@id":"https:\/\/secure.gravatar.com\/avatar\/ef76c2910cab8eb23fcc013e1c6dc1ba4af5e93fea6e6132d7c4e67d4e9631e9?s=96&d=mm&r=g","url":"https:\/\/secure.gravatar.com\/avatar\/ef76c2910cab8eb23fcc013e1c6dc1ba4af5e93fea6e6132d7c4e67d4e9631e9?s=96&d=mm&r=g","contentUrl":"https:\/\/secure.gravatar.com\/avatar\/ef76c2910cab8eb23fcc013e1c6dc1ba4af5e93fea6e6132d7c4e67d4e9631e9?s=96&d=mm&r=g","caption":"julian.schmid@krafthand.de"}}]}},"_links":{"self":[{"href":"https:\/\/www.krafthand.de\/truck\/wp-json\/wp\/v2\/posts\/25595","targetHints":{"allow":["GET"]}}],"collection":[{"href":"https:\/\/www.krafthand.de\/truck\/wp-json\/wp\/v2\/posts"}],"about":[{"href":"https:\/\/www.krafthand.de\/truck\/wp-json\/wp\/v2\/types\/post"}],"author":[{"embeddable":true,"href":"https:\/\/www.krafthand.de\/truck\/wp-json\/wp\/v2\/users\/7"}],"replies":[{"embeddable":true,"href":"https:\/\/www.krafthand.de\/truck\/wp-json\/wp\/v2\/comments?post=25595"}],"version-history":[{"count":1,"href":"https:\/\/www.krafthand.de\/truck\/wp-json\/wp\/v2\/posts\/25595\/revisions"}],"predecessor-version":[{"id":25599,"href":"https:\/\/www.krafthand.de\/truck\/wp-json\/wp\/v2\/posts\/25595\/revisions\/25599"}],"wp:featuredmedia":[{"embeddable":true,"href":"https:\/\/www.krafthand.de\/truck\/wp-json\/wp\/v2\/media\/25596"}],"wp:attachment":[{"href":"https:\/\/www.krafthand.de\/truck\/wp-json\/wp\/v2\/media?parent=25595"}],"wp:term":[{"taxonomy":"category","embeddable":true,"href":"https:\/\/www.krafthand.de\/truck\/wp-json\/wp\/v2\/categories?post=25595"},{"taxonomy":"post_tag","embeddable":true,"href":"https:\/\/www.krafthand.de\/truck\/wp-json\/wp\/v2\/tags?post=25595"},{"taxonomy":"settings","embeddable":true,"href":"https:\/\/www.krafthand.de\/truck\/wp-json\/wp\/v2\/settings?post=25595"}],"curies":[{"name":"wp","href":"https:\/\/api.w.org\/{rel}","templated":true}]}}