{"id":2556,"date":"2016-01-05T08:35:21","date_gmt":"2016-01-05T07:35:21","guid":{"rendered":"https:\/\/www.krafthand.de\/truck\/2016\/01\/05\/rallye-dakar-dt-spare-parts-trotzt-erneut-der-wueste\/"},"modified":"2016-01-05T08:35:21","modified_gmt":"2016-01-05T07:35:21","slug":"rallye-dakar-dt-spare-parts-trotzt-erneut-der-wueste","status":"publish","type":"post","link":"https:\/\/www.krafthand.de\/truck\/artikel\/rallye-dakar-dt-spare-parts-trotzt-erneut-der-wueste-2556\/","title":{"rendered":"Rallye Dakar: DT Spare Parts trotzt erneut der W\u00fcste"},"content":{"rendered":"<p class=\"text-colored\">Die Ersatzteilmarke DT Spare Parts geht zum zweiten Mal bei der W\u00fcstenrallye Rallye Dakar an den Start. Hierbei unterst\u00fctzt die Marke erneut den niederl\u00e4ndischen Groupauto G-Truck- und Top Truck-Vertreter Wijlhuizen B.V., ebenso das Team Schoonesdakar mit dem DAF CF-Rallyetruck.<\/p>\n<p>Das Offroad-Rennen wird Fahrern und Fahrzeugen wieder einiges abverlangen. Mehr als 8 000 anspruchsvolle Kilometer liegen zwischen der Start- und Ziellinie, wenn \u00fcber 400 Motorsport-Enthusiasten zum 37. Mal die prestigetr\u00e4chtige Rallye fahren. Die Rallye Dakar 2016 f\u00fchrt die Teilnehmer zwei Wochen lang durch Argentinien und Bolivien. Sie begann am 3. Januar in Buenos Aires und endet am 16. Januar in Rosario.<\/p>\n<p><b>Weniger Sandd\u00fcnen<br \/><\/b>Die Route der Rallye Dakar 2016 wird nach den Umweltkatastrophen nicht mehr durch Chile f\u00fchren. Die Anden werden daher nicht \u00fcberquert. Auf die erfahrenen Rennfahrer warten weniger Sandd\u00fcnen, daf\u00fcr mehr technisch herausfordernde Strecken. <\/p>\n<p>Nach dem Startschuss in Argentiniens Hauptstadt geht es mit hohem Tempo in den Norden, vorbei an der Provinzstadt Termas de Rio Hondo am Ufer des Rio Dulce. Bis San Salvador in Jujuy h\u00e4lt die Strecke einige technische Herausforderungen bereit. In bis zu 4 200 Metern H\u00f6he gilt es, anstrengende Etappen mit einer Mischung aus Steppe, Sand und Felsen mit st\u00e4ndigen Tempowechseln zu fahren.<\/p>\n","protected":false},"excerpt":{"rendered":"<p>Die Ersatzteilmarke DT Spare Parts geht zum zweiten Mal bei der W\u00fcstenrallye Rallye Dakar an den Start. Hierbei unterst\u00fctzt die Marke erneut den niederl\u00e4ndischen Groupauto G-Truck- und Top Truck-Vertreter Wijlhuizen B.V., ebenso das Team Schoonesdakar mit dem DAF CF-Rallyetruck. <span class=\"excerpt-more__dots\">&#8230;<\/span> <a class=\"excerpt-more__link\" href=\"https:\/\/www.krafthand.de\/truck\/artikel\/rallye-dakar-dt-spare-parts-trotzt-erneut-der-wueste-2556\/\" >weiter<\/a><\/p>\n","protected":false},"author":3,"featured_media":2557,"comment_status":"closed","ping_status":"closed","sticky":false,"template":"","format":"standard","meta":{"footnotes":""},"categories":[5],"tags":[2197,226,2193,2196,2195,2194],"settings":[],"class_list":["post-2556","post","type-post","status-publish","format-standard","has-post-thumbnail","hentry","category-branche","tag-daf-cf-rallyetruck","tag-dt-spare-parts","tag-ersatzteilmarke","tag-schoonesdakar","tag-wijlhuizen-b-v","tag-wuestenrallye-rallye-dakar"],"yoast_head":"<!-- This site is optimized with the Yoast SEO plugin v27.3 - https:\/\/yoast.com\/product\/yoast-seo-wordpress\/ -->\n<title>Rallye Dakar: DT Spare Parts trotzt erneut der W\u00fcste - Krafthand-Truck<\/title>\n<meta name=\"robots\" content=\"index, follow, max-snippet:-1, max-image-preview:large, max-video-preview:-1\" \/>\n<link rel=\"canonical\" href=\"https:\/\/www.krafthand.de\/truck\/artikel\/rallye-dakar-dt-spare-parts-trotzt-erneut-der-wueste-2556\/\" \/>\n<meta property=\"og:locale\" content=\"de_DE\" \/>\n<meta property=\"og:type\" content=\"article\" \/>\n<meta property=\"og:title\" content=\"Rallye Dakar: DT Spare Parts trotzt erneut der W\u00fcste - Krafthand-Truck\" \/>\n<meta property=\"og:description\" content=\"Die Ersatzteilmarke DT Spare Parts geht zum zweiten Mal bei der W\u00fcstenrallye Rallye Dakar an den Start. Hierbei unterst\u00fctzt die Marke erneut den niederl\u00e4ndischen Groupauto G-Truck- und Top Truck-Vertreter Wijlhuizen B.V., ebenso das Team Schoonesdakar mit dem DAF CF-Rallyetruck. ... weiter\" \/>\n<meta property=\"og:url\" content=\"https:\/\/www.krafthand-truck.de\/artikel\/rallye-dakar-dt-spare-parts-trotzt-erneut-der-wueste-2556\/\" \/>\n<meta property=\"og:site_name\" content=\"Krafthand-Truck\" \/>\n<meta property=\"article:published_time\" content=\"2016-01-05T07:35:21+00:00\" \/>\n<meta property=\"og:image\" content=\"https:\/\/www.krafthand.de\/truck\/wp-content\/uploads\/2016\/01\/Rallye_Dakar__-1.jpg\" \/>\n\t<meta property=\"og:image:width\" content=\"1200\" \/>\n\t<meta property=\"og:image:height\" content=\"800\" \/>\n\t<meta property=\"og:image:type\" content=\"image\/jpeg\" \/>\n<meta name=\"author\" content=\"katja.heid@krafthand.de\" \/>\n<meta name=\"twitter:card\" content=\"summary_large_image\" \/>\n<meta name=\"twitter:label1\" content=\"Verfasst von\" \/>\n\t<meta name=\"twitter:data1\" content=\"katja.heid@krafthand.de\" \/>\n\t<meta name=\"twitter:label2\" content=\"Gesch\u00e4tzte Lesezeit\" \/>\n\t<meta name=\"twitter:data2\" content=\"1\u00a0Minute\" \/>\n<script type=\"application\/ld+json\" class=\"yoast-schema-graph\">{\"@context\":\"https:\\\/\\\/schema.org\",\"@graph\":[{\"@type\":\"Article\",\"@id\":\"https:\\\/\\\/www.krafthand.de\\\/truck\\\/artikel\\\/rallye-dakar-dt-spare-parts-trotzt-erneut-der-wueste-2556\\\/#article\",\"isPartOf\":{\"@id\":\"https:\\\/\\\/www.krafthand.de\\\/truck\\\/artikel\\\/rallye-dakar-dt-spare-parts-trotzt-erneut-der-wueste-2556\\\/\"},\"author\":{\"name\":\"katja.heid@krafthand.de\",\"@id\":\"https:\\\/\\\/www.krafthand.de\\\/truck\\\/#\\\/schema\\\/person\\\/8e290c6d425b72d176adc7767a251001\"},\"headline\":\"Rallye Dakar: DT Spare Parts trotzt erneut der W\u00fcste\",\"datePublished\":\"2016-01-05T07:35:21+00:00\",\"mainEntityOfPage\":{\"@id\":\"https:\\\/\\\/www.krafthand.de\\\/truck\\\/artikel\\\/rallye-dakar-dt-spare-parts-trotzt-erneut-der-wueste-2556\\\/\"},\"wordCount\":213,\"image\":{\"@id\":\"https:\\\/\\\/www.krafthand.de\\\/truck\\\/artikel\\\/rallye-dakar-dt-spare-parts-trotzt-erneut-der-wueste-2556\\\/#primaryimage\"},\"thumbnailUrl\":\"https:\\\/\\\/static.krafthand-truck.de\\\/uploads\\\/2016\\\/01\\\/Rallye_Dakar__-1.jpg\",\"keywords\":[\"DAF CF-Rallyetruck\",\"DT Spare Parts\",\"Ersatzteilmarke\",\"Schoonesdakar\",\"Wijlhuizen B.V.\",\"W\u00fcstenrallye Rallye Dakar\"],\"articleSection\":[\"Nfz-Branche\"],\"inLanguage\":\"de\"},{\"@type\":\"WebPage\",\"@id\":\"https:\\\/\\\/www.krafthand.de\\\/truck\\\/artikel\\\/rallye-dakar-dt-spare-parts-trotzt-erneut-der-wueste-2556\\\/\",\"url\":\"https:\\\/\\\/www.krafthand.de\\\/truck\\\/artikel\\\/rallye-dakar-dt-spare-parts-trotzt-erneut-der-wueste-2556\\\/\",\"name\":\"Rallye Dakar: DT Spare Parts trotzt erneut der W\u00fcste - Krafthand-Truck\",\"isPartOf\":{\"@id\":\"https:\\\/\\\/www.krafthand.de\\\/truck\\\/#website\"},\"primaryImageOfPage\":{\"@id\":\"https:\\\/\\\/www.krafthand.de\\\/truck\\\/artikel\\\/rallye-dakar-dt-spare-parts-trotzt-erneut-der-wueste-2556\\\/#primaryimage\"},\"image\":{\"@id\":\"https:\\\/\\\/www.krafthand.de\\\/truck\\\/artikel\\\/rallye-dakar-dt-spare-parts-trotzt-erneut-der-wueste-2556\\\/#primaryimage\"},\"thumbnailUrl\":\"https:\\\/\\\/static.krafthand-truck.de\\\/uploads\\\/2016\\\/01\\\/Rallye_Dakar__-1.jpg\",\"datePublished\":\"2016-01-05T07:35:21+00:00\",\"author\":{\"@id\":\"https:\\\/\\\/www.krafthand.de\\\/truck\\\/#\\\/schema\\\/person\\\/8e290c6d425b72d176adc7767a251001\"},\"breadcrumb\":{\"@id\":\"https:\\\/\\\/www.krafthand.de\\\/truck\\\/artikel\\\/rallye-dakar-dt-spare-parts-trotzt-erneut-der-wueste-2556\\\/#breadcrumb\"},\"inLanguage\":\"de\",\"potentialAction\":[{\"@type\":\"ReadAction\",\"target\":[\"https:\\\/\\\/www.krafthand.de\\\/truck\\\/artikel\\\/rallye-dakar-dt-spare-parts-trotzt-erneut-der-wueste-2556\\\/\"]}]},{\"@type\":\"ImageObject\",\"inLanguage\":\"de\",\"@id\":\"https:\\\/\\\/www.krafthand.de\\\/truck\\\/artikel\\\/rallye-dakar-dt-spare-parts-trotzt-erneut-der-wueste-2556\\\/#primaryimage\",\"url\":\"https:\\\/\\\/static.krafthand-truck.de\\\/uploads\\\/2016\\\/01\\\/Rallye_Dakar__-1.jpg\",\"contentUrl\":\"https:\\\/\\\/static.krafthand-truck.de\\\/uploads\\\/2016\\\/01\\\/Rallye_Dakar__-1.jpg\",\"width\":1200,\"height\":800,\"caption\":\"Mehr als 8 000 anspruchsvolle Kilometer liegen bei der Rallye Dakar zwischen der Start- und Ziellinie. Foto: DT Spare Parts\"},{\"@type\":\"BreadcrumbList\",\"@id\":\"https:\\\/\\\/www.krafthand.de\\\/truck\\\/artikel\\\/rallye-dakar-dt-spare-parts-trotzt-erneut-der-wueste-2556\\\/#breadcrumb\",\"itemListElement\":[{\"@type\":\"ListItem\",\"position\":1,\"name\":\"Krafthand-Truck\",\"item\":\"https:\\\/\\\/www.krafthand.de\\\/truck\\\/\"},{\"@type\":\"ListItem\",\"position\":2,\"name\":\"Nfz-Branche\",\"item\":\"https:\\\/\\\/www.krafthand.de\\\/truck\\\/kategorie\\\/branche\\\/\"},{\"@type\":\"ListItem\",\"position\":3,\"name\":\"Rallye Dakar: DT Spare Parts trotzt erneut der W\u00fcste\"}]},{\"@type\":\"WebSite\",\"@id\":\"https:\\\/\\\/www.krafthand.de\\\/truck\\\/#website\",\"url\":\"https:\\\/\\\/www.krafthand.de\\\/truck\\\/\",\"name\":\"Krafthand-Truck\",\"description\":\"\",\"potentialAction\":[{\"@type\":\"SearchAction\",\"target\":{\"@type\":\"EntryPoint\",\"urlTemplate\":\"https:\\\/\\\/www.krafthand.de\\\/truck\\\/?s={search_term_string}\"},\"query-input\":{\"@type\":\"PropertyValueSpecification\",\"valueRequired\":true,\"valueName\":\"search_term_string\"}}],\"inLanguage\":\"de\"},{\"@type\":\"Person\",\"@id\":\"https:\\\/\\\/www.krafthand.de\\\/truck\\\/#\\\/schema\\\/person\\\/8e290c6d425b72d176adc7767a251001\",\"name\":\"katja.heid@krafthand.de\",\"image\":{\"@type\":\"ImageObject\",\"inLanguage\":\"de\",\"@id\":\"https:\\\/\\\/secure.gravatar.com\\\/avatar\\\/9a2930c54ede0e0a76c0f8abfb74704de273084f2aa0e3c6deb2c86704c7402b?s=96&d=mm&r=g\",\"url\":\"https:\\\/\\\/secure.gravatar.com\\\/avatar\\\/9a2930c54ede0e0a76c0f8abfb74704de273084f2aa0e3c6deb2c86704c7402b?s=96&d=mm&r=g\",\"contentUrl\":\"https:\\\/\\\/secure.gravatar.com\\\/avatar\\\/9a2930c54ede0e0a76c0f8abfb74704de273084f2aa0e3c6deb2c86704c7402b?s=96&d=mm&r=g\",\"caption\":\"katja.heid@krafthand.de\"}}]}<\/script>\n<!-- \/ Yoast SEO plugin. -->","yoast_head_json":{"title":"Rallye Dakar: DT Spare Parts trotzt erneut der W\u00fcste - Krafthand-Truck","robots":{"index":"index","follow":"follow","max-snippet":"max-snippet:-1","max-image-preview":"max-image-preview:large","max-video-preview":"max-video-preview:-1"},"canonical":"https:\/\/www.krafthand.de\/truck\/artikel\/rallye-dakar-dt-spare-parts-trotzt-erneut-der-wueste-2556\/","og_locale":"de_DE","og_type":"article","og_title":"Rallye Dakar: DT Spare Parts trotzt erneut der W\u00fcste - Krafthand-Truck","og_description":"Die Ersatzteilmarke DT Spare Parts geht zum zweiten Mal bei der W\u00fcstenrallye Rallye Dakar an den Start. Hierbei unterst\u00fctzt die Marke erneut den niederl\u00e4ndischen Groupauto G-Truck- und Top Truck-Vertreter Wijlhuizen B.V., ebenso das Team Schoonesdakar mit dem DAF CF-Rallyetruck. ... weiter","og_url":"https:\/\/www.krafthand-truck.de\/artikel\/rallye-dakar-dt-spare-parts-trotzt-erneut-der-wueste-2556\/","og_site_name":"Krafthand-Truck","article_published_time":"2016-01-05T07:35:21+00:00","og_image":[{"width":1200,"height":800,"url":"https:\/\/www.krafthand.de\/truck\/wp-content\/uploads\/2016\/01\/Rallye_Dakar__-1.jpg","type":"image\/jpeg"}],"author":"katja.heid@krafthand.de","twitter_card":"summary_large_image","twitter_misc":{"Verfasst von":"katja.heid@krafthand.de","Gesch\u00e4tzte Lesezeit":"1\u00a0Minute"},"schema":{"@context":"https:\/\/schema.org","@graph":[{"@type":"Article","@id":"https:\/\/www.krafthand.de\/truck\/artikel\/rallye-dakar-dt-spare-parts-trotzt-erneut-der-wueste-2556\/#article","isPartOf":{"@id":"https:\/\/www.krafthand.de\/truck\/artikel\/rallye-dakar-dt-spare-parts-trotzt-erneut-der-wueste-2556\/"},"author":{"name":"katja.heid@krafthand.de","@id":"https:\/\/www.krafthand.de\/truck\/#\/schema\/person\/8e290c6d425b72d176adc7767a251001"},"headline":"Rallye Dakar: DT Spare Parts trotzt erneut der W\u00fcste","datePublished":"2016-01-05T07:35:21+00:00","mainEntityOfPage":{"@id":"https:\/\/www.krafthand.de\/truck\/artikel\/rallye-dakar-dt-spare-parts-trotzt-erneut-der-wueste-2556\/"},"wordCount":213,"image":{"@id":"https:\/\/www.krafthand.de\/truck\/artikel\/rallye-dakar-dt-spare-parts-trotzt-erneut-der-wueste-2556\/#primaryimage"},"thumbnailUrl":"https:\/\/static.krafthand-truck.de\/uploads\/2016\/01\/Rallye_Dakar__-1.jpg","keywords":["DAF CF-Rallyetruck","DT Spare Parts","Ersatzteilmarke","Schoonesdakar","Wijlhuizen B.V.","W\u00fcstenrallye Rallye Dakar"],"articleSection":["Nfz-Branche"],"inLanguage":"de"},{"@type":"WebPage","@id":"https:\/\/www.krafthand.de\/truck\/artikel\/rallye-dakar-dt-spare-parts-trotzt-erneut-der-wueste-2556\/","url":"https:\/\/www.krafthand.de\/truck\/artikel\/rallye-dakar-dt-spare-parts-trotzt-erneut-der-wueste-2556\/","name":"Rallye Dakar: DT Spare Parts trotzt erneut der W\u00fcste - Krafthand-Truck","isPartOf":{"@id":"https:\/\/www.krafthand.de\/truck\/#website"},"primaryImageOfPage":{"@id":"https:\/\/www.krafthand.de\/truck\/artikel\/rallye-dakar-dt-spare-parts-trotzt-erneut-der-wueste-2556\/#primaryimage"},"image":{"@id":"https:\/\/www.krafthand.de\/truck\/artikel\/rallye-dakar-dt-spare-parts-trotzt-erneut-der-wueste-2556\/#primaryimage"},"thumbnailUrl":"https:\/\/static.krafthand-truck.de\/uploads\/2016\/01\/Rallye_Dakar__-1.jpg","datePublished":"2016-01-05T07:35:21+00:00","author":{"@id":"https:\/\/www.krafthand.de\/truck\/#\/schema\/person\/8e290c6d425b72d176adc7767a251001"},"breadcrumb":{"@id":"https:\/\/www.krafthand.de\/truck\/artikel\/rallye-dakar-dt-spare-parts-trotzt-erneut-der-wueste-2556\/#breadcrumb"},"inLanguage":"de","potentialAction":[{"@type":"ReadAction","target":["https:\/\/www.krafthand.de\/truck\/artikel\/rallye-dakar-dt-spare-parts-trotzt-erneut-der-wueste-2556\/"]}]},{"@type":"ImageObject","inLanguage":"de","@id":"https:\/\/www.krafthand.de\/truck\/artikel\/rallye-dakar-dt-spare-parts-trotzt-erneut-der-wueste-2556\/#primaryimage","url":"https:\/\/static.krafthand-truck.de\/uploads\/2016\/01\/Rallye_Dakar__-1.jpg","contentUrl":"https:\/\/static.krafthand-truck.de\/uploads\/2016\/01\/Rallye_Dakar__-1.jpg","width":1200,"height":800,"caption":"Mehr als 8 000 anspruchsvolle Kilometer liegen bei der Rallye Dakar zwischen der Start- und Ziellinie. Foto: DT Spare Parts"},{"@type":"BreadcrumbList","@id":"https:\/\/www.krafthand.de\/truck\/artikel\/rallye-dakar-dt-spare-parts-trotzt-erneut-der-wueste-2556\/#breadcrumb","itemListElement":[{"@type":"ListItem","position":1,"name":"Krafthand-Truck","item":"https:\/\/www.krafthand.de\/truck\/"},{"@type":"ListItem","position":2,"name":"Nfz-Branche","item":"https:\/\/www.krafthand.de\/truck\/kategorie\/branche\/"},{"@type":"ListItem","position":3,"name":"Rallye Dakar: DT Spare Parts trotzt erneut der W\u00fcste"}]},{"@type":"WebSite","@id":"https:\/\/www.krafthand.de\/truck\/#website","url":"https:\/\/www.krafthand.de\/truck\/","name":"Krafthand-Truck","description":"","potentialAction":[{"@type":"SearchAction","target":{"@type":"EntryPoint","urlTemplate":"https:\/\/www.krafthand.de\/truck\/?s={search_term_string}"},"query-input":{"@type":"PropertyValueSpecification","valueRequired":true,"valueName":"search_term_string"}}],"inLanguage":"de"},{"@type":"Person","@id":"https:\/\/www.krafthand.de\/truck\/#\/schema\/person\/8e290c6d425b72d176adc7767a251001","name":"katja.heid@krafthand.de","image":{"@type":"ImageObject","inLanguage":"de","@id":"https:\/\/secure.gravatar.com\/avatar\/9a2930c54ede0e0a76c0f8abfb74704de273084f2aa0e3c6deb2c86704c7402b?s=96&d=mm&r=g","url":"https:\/\/secure.gravatar.com\/avatar\/9a2930c54ede0e0a76c0f8abfb74704de273084f2aa0e3c6deb2c86704c7402b?s=96&d=mm&r=g","contentUrl":"https:\/\/secure.gravatar.com\/avatar\/9a2930c54ede0e0a76c0f8abfb74704de273084f2aa0e3c6deb2c86704c7402b?s=96&d=mm&r=g","caption":"katja.heid@krafthand.de"}}]}},"_links":{"self":[{"href":"https:\/\/www.krafthand.de\/truck\/wp-json\/wp\/v2\/posts\/2556","targetHints":{"allow":["GET"]}}],"collection":[{"href":"https:\/\/www.krafthand.de\/truck\/wp-json\/wp\/v2\/posts"}],"about":[{"href":"https:\/\/www.krafthand.de\/truck\/wp-json\/wp\/v2\/types\/post"}],"author":[{"embeddable":true,"href":"https:\/\/www.krafthand.de\/truck\/wp-json\/wp\/v2\/users\/3"}],"replies":[{"embeddable":true,"href":"https:\/\/www.krafthand.de\/truck\/wp-json\/wp\/v2\/comments?post=2556"}],"version-history":[{"count":0,"href":"https:\/\/www.krafthand.de\/truck\/wp-json\/wp\/v2\/posts\/2556\/revisions"}],"wp:featuredmedia":[{"embeddable":true,"href":"https:\/\/www.krafthand.de\/truck\/wp-json\/wp\/v2\/media\/2557"}],"wp:attachment":[{"href":"https:\/\/www.krafthand.de\/truck\/wp-json\/wp\/v2\/media?parent=2556"}],"wp:term":[{"taxonomy":"category","embeddable":true,"href":"https:\/\/www.krafthand.de\/truck\/wp-json\/wp\/v2\/categories?post=2556"},{"taxonomy":"post_tag","embeddable":true,"href":"https:\/\/www.krafthand.de\/truck\/wp-json\/wp\/v2\/tags?post=2556"},{"taxonomy":"settings","embeddable":true,"href":"https:\/\/www.krafthand.de\/truck\/wp-json\/wp\/v2\/settings?post=2556"}],"curies":[{"name":"wp","href":"https:\/\/api.w.org\/{rel}","templated":true}]}}