{"id":25475,"date":"2020-03-27T11:11:09","date_gmt":"2020-03-27T10:11:09","guid":{"rendered":"https:\/\/www.krafthand.de\/truck\/?p=25475"},"modified":"2020-03-27T11:11:09","modified_gmt":"2020-03-27T10:11:09","slug":"krafthand-truck-unterstuetzt-die-automechanika-2020","status":"publish","type":"post","link":"https:\/\/www.krafthand.de\/truck\/artikel\/krafthand-truck-unterstuetzt-die-automechanika-2020-25475\/","title":{"rendered":"KRAFTHAND-Truck unterst\u00fctzt die Automechanika 2020"},"content":{"rendered":"<p class=\"text-colored\"> Von 8. bis 12. September 2020 ist es wieder so weit: die internationale Leitmesse f\u00fcr den Automotive Aftermarket, die Automechanika in Frankfurt, \u00f6ffnet wieder ihre Tore f\u00fcr Fachbesucher aus aller Welt. In diesem Jahr zum mittlerweile 26. Mal. Und wieder mit dabei ist KRAFTHAND-Truck: als Ausrichter eines \u201aTruck Competence\u2018-Weiterbildungs-Workshops zum brandaktuellen Thema \u201aFahrerassistenzsysteme in der Werkstattpraxis\u2018. <\/p>\n<p>Praxisorientierte Workshops sind schon seit Jahren ein fester Bestandteil der wichtigsten Messe der Kfz- und Werkstattbranche. Seit der letzten Automechanika im Jahr 2018 gibt es dieses Weiterbildungsangebot nun auch speziell f\u00fcr Nutzfahrzeug-Profis \u2013 unterst\u00fctzt und vorbereitet von der Redaktion der KRAFTHAND-Truck. Denn t\u00e4glich neue technologische Entwicklungen stellen die Fachleute in Nutzfahrzeug-Werkst\u00e4tten permanent vor neue Herausforderungen. Um Schritt halten zu k\u00f6nnen, sind regelm\u00e4\u00dfige Fort- und Weiterbildungen unbedingt notwendig.<\/p>\n<p><img decoding=\"async\" class=\"aligncenter wp-image-25479 size-medium\" src=\"https:\/\/www.krafthand.de\/truck\/wp-content\/uploads\/2020\/03\/0120_053_Logo_AM-300x65.jpg\" alt=\"Automechanika Frankfurt Logo\" width=\"300\" height=\"65\" srcset=\"https:\/\/static.krafthand-truck.de\/uploads\/2020\/03\/0120_053_Logo_AM-300x65.jpg 300w, https:\/\/static.krafthand-truck.de\/uploads\/2020\/03\/0120_053_Logo_AM-768x165.jpg 768w, https:\/\/static.krafthand-truck.de\/uploads\/2020\/03\/0120_053_Logo_AM.jpg 1000w\" sizes=\"(max-width: 300px) 100vw, 300px\" \/><\/p>\n<p>Die Automechanika Frankfurt bietet deshalb zusammen mit KRAFTHAND-Truck eine interessante L\u00f6sung: in Kooperation mit namhaften Partnern \u2013 unter anderem mit dem Achsmessspezialisten Koch und dem Diagnosespezialisten Texa \u2013 gibt es auch in diesem Jahr in dem eigens aufgebauten \u201aWerkstattzelt\u2018 auf dem Messe-Freigel\u00e4nde hinter der Werkstattausr\u00fcster-Halle 8 wieder einen praxisorientierten Workshop zum Thema\u201a Umgang mit radar- und kamerabasierten Fahrerassistenzsystemen im Werkstattalltag\u2018. In diesem t\u00e4glich stattfindenden Workshop, der auf der Automechanika 2018 Premiere hatte und von zahlreichen Fachleuten besucht wurde, erfahren Nutzfahrzeug-Profis, worauf es bei diesen Systemen ankommt, wann und warum diese nach welchen Werkstattarbeiten kalibriert werden m\u00fcssen \u2013 und wie das Ganze fachgerecht in der Praxis funktioniert.<\/p>\n<p><img fetchpriority=\"high\" decoding=\"async\" class=\"aligncenter wp-image-25480 size-medium\" src=\"https:\/\/www.krafthand.de\/truck\/wp-content\/uploads\/2020\/03\/0120_053_Logo_TC-300x169.jpg\" alt=\"Truck Competence Logo\" width=\"300\" height=\"169\" srcset=\"https:\/\/static.krafthand-truck.de\/uploads\/2020\/03\/0120_053_Logo_TC-300x169.jpg 300w, https:\/\/static.krafthand-truck.de\/uploads\/2020\/03\/0120_053_Logo_TC-768x432.jpg 768w, https:\/\/static.krafthand-truck.de\/uploads\/2020\/03\/0120_053_Logo_TC.jpg 1000w\" sizes=\"(max-width: 300px) 100vw, 300px\" \/><\/p>\n<p>Erfahrene Trainer aus namhaften Ausbildungsst\u00e4tten, unter anderem vom HBZ M\u00fcnster, erl\u00e4utern die gesetzlichen und technischen Hintergr\u00fcnde und zeigen die notwenigen Handgriffe f\u00fcr den fachgerechten Umgang mit dem optischen Messequipment und dem Diagnosesystem. Dabei k\u00f6nnen die Teilnehmer auch selbst Hand anlegen und das vorher in der Theorie geh\u00f6rte \u00fcben und vertiefen. Zum Abschluss gibt es ein Zertifikat, das die Teilnahme an dem Weiterbildungsworkshop best\u00e4tigt.<\/p>\n<p>Dar\u00fcber hinaus k\u00f6nnen sich die Nutzfahrzeugfachleute jeweils nach dem Workshop in dem Truck Competence-Werkstattzelt bei regelm\u00e4\u00dfigen Vorf\u00fchrungen zeigen lassen, wie Steinschlagsch\u00e4den an Lkw- und Bus- Windschutzscheiben fachm\u00e4nnisch instandgesetzt beziehungsweise diese im Schadenfall fachgerecht ersetzt werden. Au\u00dferdem gibt es in dem Werkstattzelt t\u00e4glich Kurzvortr\u00e4ge zu verschiedenen nutzfahrzeugspezifischen Themen wie etwa dem fachgerechten Turbolader-Tausch.<\/p>\n<figure id=\"attachment_25477\" aria-describedby=\"caption-attachment-25477\" style=\"width: 1000px\" class=\"wp-caption alignnone\"><img decoding=\"async\" class=\"size-full wp-image-25477\" src=\"https:\/\/www.krafthand.de\/truck\/wp-content\/uploads\/2020\/03\/0120_053_01.jpg\" alt=\"KRAFTHAND-Truck Competence-Weiterbildungsworkshop\" width=\"1000\" height=\"669\" srcset=\"https:\/\/static.krafthand-truck.de\/uploads\/2020\/03\/0120_053_01.jpg 1000w, https:\/\/static.krafthand-truck.de\/uploads\/2020\/03\/0120_053_01-300x201.jpg 300w, https:\/\/static.krafthand-truck.de\/uploads\/2020\/03\/0120_053_01-768x514.jpg 768w\" sizes=\"(max-width: 1000px) 100vw, 1000px\" \/><figcaption id=\"caption-attachment-25477\" class=\"wp-caption-text\">Schon zur Automechanika 2018 gab es einen vielbeachteten, von KRAFTHAND-Truck initiierten Truck Competence-Weiterbildungsworkshop f\u00fcr Nutzfahrzeug-Profis zum Thema \u201aFahrerassistenzsysteme in der Werkstattpraxis\u2018. Auf der Automechanika 2020 folgt die Fortsetzung. Bild: Kuss<\/figcaption><\/figure>\n<p>Der Workshop und die Praxisvorf\u00fchrungen werden t\u00e4glich in deutscher Sprache angeboten. F\u00fcr die Teilnahme ist eine Online-Anmeldung erforderlich, die Pl\u00e4tze sind limitiert. Anmelden zu dem Truck Competence-Weiterbildungsworkshop kann man sich ab Fr\u00fchjahr 2020 auf der Automechanika-Homepage. Wissenswertes zu allen Auto mechanika-Workshops finden Interessierte auf der Internetseite <a href=\"https:\/\/automechanika.messefrankfurt.com\/frankfurt\/de.html\" target=\"_blank\" rel=\"noopener noreferrer\">www.automechanika.messefrankfurt.com<\/a> im Men\u00fcpunkt \u201aThemen &amp; Events\u2018 im Untermen\u00fc \u201aWeiterbildung\u2018.<\/p>\n<p><i>Den Beitrag finden Sie auch in der Print-Ausgabe 1\/20 der <a href=\"https:\/\/www.krafthand.de\/truck\/magazin\/\" title=\"Zum Magazin\">Krafthand-Truck<\/a>.<\/i><\/p>\r\n\t\t\t\t<div class=\"post-author\">\r\n\t\t\t\t\t<div class=\"khm-cp-author clearfix\">\r\n\t\t\t\t\t\t<div class=\"khm-cp-author__content\">\r\n\t\t\t\t\t\t\t\tKontakt zum Autor:<br \/>\r\n\t\t\t\t\t\t\t\t<strong>Klaus Kuss<\/strong>, 08247 \/ 3007-177 |  <a href=\"mailto:klaus.kuss@krafthand-medien.de\">klaus.kuss@krafthand-medien.de<\/a>\r\n\t\t\t\t\t\t\t<div class=\"khm-cp-author__image\">\r\n\t\t\t\t\t\t<img src=\"https:\/\/static.krafthand-truck.de\/uploads\/2018\/01\/Kuss_Klaus-250x300.png\" class=\"img-responsive\">\r\n\t\t\t\t\t<\/div>\r\n\t\t\t\t\t\t<\/div>\r\n\t\t\t\t\t<\/div>\r\n\t\t\t\t<\/div>\r\n\t\t\t\t","protected":false},"excerpt":{"rendered":"<p>Von 8. bis 12. September 2020 ist es wieder so weit: die Automechanika \u00f6ffnet wieder ihre Tore. Und wieder mit dabei ist KRAFTHAND-Truck: als Ausrichter eines \u201aTruck Competence\u2018-Weiterbildungs-Workshops. <span class=\"excerpt-more__dots\">&#8230;<\/span> <a class=\"excerpt-more__link\" href=\"https:\/\/www.krafthand.de\/truck\/artikel\/krafthand-truck-unterstuetzt-die-automechanika-2020-25475\/\" >weiter<\/a><\/p>\n","protected":false},"author":7,"featured_media":25476,"comment_status":"closed","ping_status":"closed","sticky":false,"template":"","format":"standard","meta":{"footnotes":""},"categories":[5],"tags":[1346,40,3630],"settings":[3524,3523],"class_list":["post-25475","post","type-post","status-publish","format-standard","has-post-thumbnail","hentry","category-branche","tag-automechanika","tag-messe","tag-weiterbildung"],"yoast_head":"<!-- This site is optimized with the Yoast SEO plugin v27.3 - https:\/\/yoast.com\/product\/yoast-seo-wordpress\/ -->\n<title>KRAFTHAND-Truck unterst\u00fctzt die Automechanika 2020 - Krafthand-Truck<\/title>\n<meta name=\"robots\" content=\"index, follow, max-snippet:-1, max-image-preview:large, max-video-preview:-1\" \/>\n<link rel=\"canonical\" href=\"https:\/\/www.krafthand.de\/truck\/artikel\/krafthand-truck-unterstuetzt-die-automechanika-2020-25475\/\" \/>\n<meta property=\"og:locale\" content=\"de_DE\" \/>\n<meta property=\"og:type\" content=\"article\" \/>\n<meta property=\"og:title\" content=\"KRAFTHAND-Truck unterst\u00fctzt die Automechanika 2020 - Krafthand-Truck\" \/>\n<meta property=\"og:description\" content=\"Von 8. bis 12. September 2020 ist es wieder so weit: die Automechanika \u00f6ffnet wieder ihre Tore. Und wieder mit dabei ist KRAFTHAND-Truck: als Ausrichter eines \u201aTruck Competence\u2018-Weiterbildungs-Workshops. ... weiter\" \/>\n<meta property=\"og:url\" content=\"https:\/\/www.krafthand-truck.de\/artikel\/krafthand-truck-unterstuetzt-die-automechanika-2020-25475\/\" \/>\n<meta property=\"og:site_name\" content=\"Krafthand-Truck\" \/>\n<meta property=\"article:published_time\" content=\"2020-03-27T10:11:09+00:00\" \/>\n<meta property=\"og:image\" content=\"https:\/\/www.krafthand.de\/truck\/wp-content\/uploads\/2020\/03\/0120_053_Logo_AM-gross.jpg\" \/>\n\t<meta property=\"og:image:width\" content=\"1000\" \/>\n\t<meta property=\"og:image:height\" content=\"563\" \/>\n\t<meta property=\"og:image:type\" content=\"image\/jpeg\" \/>\n<meta name=\"author\" content=\"julian.schmid@krafthand.de\" \/>\n<meta name=\"twitter:card\" content=\"summary_large_image\" \/>\n<meta name=\"twitter:label1\" content=\"Verfasst von\" \/>\n\t<meta name=\"twitter:data1\" content=\"julian.schmid@krafthand.de\" \/>\n\t<meta name=\"twitter:label2\" content=\"Gesch\u00e4tzte Lesezeit\" \/>\n\t<meta name=\"twitter:data2\" content=\"2\u00a0Minuten\" \/>\n<script type=\"application\/ld+json\" class=\"yoast-schema-graph\">{\"@context\":\"https:\\\/\\\/schema.org\",\"@graph\":[{\"@type\":\"Article\",\"@id\":\"https:\\\/\\\/www.krafthand.de\\\/truck\\\/artikel\\\/krafthand-truck-unterstuetzt-die-automechanika-2020-25475\\\/#article\",\"isPartOf\":{\"@id\":\"https:\\\/\\\/www.krafthand.de\\\/truck\\\/artikel\\\/krafthand-truck-unterstuetzt-die-automechanika-2020-25475\\\/\"},\"author\":{\"name\":\"julian.schmid@krafthand.de\",\"@id\":\"https:\\\/\\\/www.krafthand.de\\\/truck\\\/#\\\/schema\\\/person\\\/23aebc1e5e3f0204da7158bce36950bb\"},\"headline\":\"KRAFTHAND-Truck unterst\u00fctzt die Automechanika 2020\",\"datePublished\":\"2020-03-27T10:11:09+00:00\",\"mainEntityOfPage\":{\"@id\":\"https:\\\/\\\/www.krafthand.de\\\/truck\\\/artikel\\\/krafthand-truck-unterstuetzt-die-automechanika-2020-25475\\\/\"},\"wordCount\":470,\"image\":{\"@id\":\"https:\\\/\\\/www.krafthand.de\\\/truck\\\/artikel\\\/krafthand-truck-unterstuetzt-die-automechanika-2020-25475\\\/#primaryimage\"},\"thumbnailUrl\":\"https:\\\/\\\/static.krafthand-truck.de\\\/uploads\\\/2020\\\/03\\\/0120_053_Logo_AM-gross.jpg\",\"keywords\":[\"Automechanika\",\"Messe\",\"Weiterbildung\"],\"articleSection\":[\"Nfz-Branche\"],\"inLanguage\":\"de\"},{\"@type\":\"WebPage\",\"@id\":\"https:\\\/\\\/www.krafthand.de\\\/truck\\\/artikel\\\/krafthand-truck-unterstuetzt-die-automechanika-2020-25475\\\/\",\"url\":\"https:\\\/\\\/www.krafthand.de\\\/truck\\\/artikel\\\/krafthand-truck-unterstuetzt-die-automechanika-2020-25475\\\/\",\"name\":\"KRAFTHAND-Truck unterst\u00fctzt die Automechanika 2020 - Krafthand-Truck\",\"isPartOf\":{\"@id\":\"https:\\\/\\\/www.krafthand.de\\\/truck\\\/#website\"},\"primaryImageOfPage\":{\"@id\":\"https:\\\/\\\/www.krafthand.de\\\/truck\\\/artikel\\\/krafthand-truck-unterstuetzt-die-automechanika-2020-25475\\\/#primaryimage\"},\"image\":{\"@id\":\"https:\\\/\\\/www.krafthand.de\\\/truck\\\/artikel\\\/krafthand-truck-unterstuetzt-die-automechanika-2020-25475\\\/#primaryimage\"},\"thumbnailUrl\":\"https:\\\/\\\/static.krafthand-truck.de\\\/uploads\\\/2020\\\/03\\\/0120_053_Logo_AM-gross.jpg\",\"datePublished\":\"2020-03-27T10:11:09+00:00\",\"author\":{\"@id\":\"https:\\\/\\\/www.krafthand.de\\\/truck\\\/#\\\/schema\\\/person\\\/23aebc1e5e3f0204da7158bce36950bb\"},\"breadcrumb\":{\"@id\":\"https:\\\/\\\/www.krafthand.de\\\/truck\\\/artikel\\\/krafthand-truck-unterstuetzt-die-automechanika-2020-25475\\\/#breadcrumb\"},\"inLanguage\":\"de\",\"potentialAction\":[{\"@type\":\"ReadAction\",\"target\":[\"https:\\\/\\\/www.krafthand.de\\\/truck\\\/artikel\\\/krafthand-truck-unterstuetzt-die-automechanika-2020-25475\\\/\"]}]},{\"@type\":\"ImageObject\",\"inLanguage\":\"de\",\"@id\":\"https:\\\/\\\/www.krafthand.de\\\/truck\\\/artikel\\\/krafthand-truck-unterstuetzt-die-automechanika-2020-25475\\\/#primaryimage\",\"url\":\"https:\\\/\\\/static.krafthand-truck.de\\\/uploads\\\/2020\\\/03\\\/0120_053_Logo_AM-gross.jpg\",\"contentUrl\":\"https:\\\/\\\/static.krafthand-truck.de\\\/uploads\\\/2020\\\/03\\\/0120_053_Logo_AM-gross.jpg\",\"width\":1000,\"height\":563,\"caption\":\"Von 8. bis 12. September 2020 zieht die Automechanika in Frankfurt als internationale Leitmesse des Automotiven Aftermarkets wieder tausende von Fachbesuchern aus aller Welt an. Auch Nutzfahrzeug- Profis finden diesmal wieder ein interessantes Weiterbildungsangebot mit KRAFTHAND-Truck im eigens errichteten Werkstattzelt auf dem Freigel\u00e4nde bei Halle 8 und 9. Logo: Messe Frankfurt\"},{\"@type\":\"BreadcrumbList\",\"@id\":\"https:\\\/\\\/www.krafthand.de\\\/truck\\\/artikel\\\/krafthand-truck-unterstuetzt-die-automechanika-2020-25475\\\/#breadcrumb\",\"itemListElement\":[{\"@type\":\"ListItem\",\"position\":1,\"name\":\"Krafthand-Truck\",\"item\":\"https:\\\/\\\/www.krafthand.de\\\/truck\\\/\"},{\"@type\":\"ListItem\",\"position\":2,\"name\":\"Nfz-Branche\",\"item\":\"https:\\\/\\\/www.krafthand.de\\\/truck\\\/kategorie\\\/branche\\\/\"},{\"@type\":\"ListItem\",\"position\":3,\"name\":\"KRAFTHAND-Truck unterst\u00fctzt die Automechanika 2020\"}]},{\"@type\":\"WebSite\",\"@id\":\"https:\\\/\\\/www.krafthand.de\\\/truck\\\/#website\",\"url\":\"https:\\\/\\\/www.krafthand.de\\\/truck\\\/\",\"name\":\"Krafthand-Truck\",\"description\":\"\",\"potentialAction\":[{\"@type\":\"SearchAction\",\"target\":{\"@type\":\"EntryPoint\",\"urlTemplate\":\"https:\\\/\\\/www.krafthand.de\\\/truck\\\/?s={search_term_string}\"},\"query-input\":{\"@type\":\"PropertyValueSpecification\",\"valueRequired\":true,\"valueName\":\"search_term_string\"}}],\"inLanguage\":\"de\"},{\"@type\":\"Person\",\"@id\":\"https:\\\/\\\/www.krafthand.de\\\/truck\\\/#\\\/schema\\\/person\\\/23aebc1e5e3f0204da7158bce36950bb\",\"name\":\"julian.schmid@krafthand.de\",\"image\":{\"@type\":\"ImageObject\",\"inLanguage\":\"de\",\"@id\":\"https:\\\/\\\/secure.gravatar.com\\\/avatar\\\/ef76c2910cab8eb23fcc013e1c6dc1ba4af5e93fea6e6132d7c4e67d4e9631e9?s=96&d=mm&r=g\",\"url\":\"https:\\\/\\\/secure.gravatar.com\\\/avatar\\\/ef76c2910cab8eb23fcc013e1c6dc1ba4af5e93fea6e6132d7c4e67d4e9631e9?s=96&d=mm&r=g\",\"contentUrl\":\"https:\\\/\\\/secure.gravatar.com\\\/avatar\\\/ef76c2910cab8eb23fcc013e1c6dc1ba4af5e93fea6e6132d7c4e67d4e9631e9?s=96&d=mm&r=g\",\"caption\":\"julian.schmid@krafthand.de\"}}]}<\/script>\n<!-- \/ Yoast SEO plugin. -->","yoast_head_json":{"title":"KRAFTHAND-Truck unterst\u00fctzt die Automechanika 2020 - Krafthand-Truck","robots":{"index":"index","follow":"follow","max-snippet":"max-snippet:-1","max-image-preview":"max-image-preview:large","max-video-preview":"max-video-preview:-1"},"canonical":"https:\/\/www.krafthand.de\/truck\/artikel\/krafthand-truck-unterstuetzt-die-automechanika-2020-25475\/","og_locale":"de_DE","og_type":"article","og_title":"KRAFTHAND-Truck unterst\u00fctzt die Automechanika 2020 - Krafthand-Truck","og_description":"Von 8. bis 12. September 2020 ist es wieder so weit: die Automechanika \u00f6ffnet wieder ihre Tore. Und wieder mit dabei ist KRAFTHAND-Truck: als Ausrichter eines \u201aTruck Competence\u2018-Weiterbildungs-Workshops. ... weiter","og_url":"https:\/\/www.krafthand-truck.de\/artikel\/krafthand-truck-unterstuetzt-die-automechanika-2020-25475\/","og_site_name":"Krafthand-Truck","article_published_time":"2020-03-27T10:11:09+00:00","og_image":[{"width":1000,"height":563,"url":"https:\/\/www.krafthand.de\/truck\/wp-content\/uploads\/2020\/03\/0120_053_Logo_AM-gross.jpg","type":"image\/jpeg"}],"author":"julian.schmid@krafthand.de","twitter_card":"summary_large_image","twitter_misc":{"Verfasst von":"julian.schmid@krafthand.de","Gesch\u00e4tzte Lesezeit":"2\u00a0Minuten"},"schema":{"@context":"https:\/\/schema.org","@graph":[{"@type":"Article","@id":"https:\/\/www.krafthand.de\/truck\/artikel\/krafthand-truck-unterstuetzt-die-automechanika-2020-25475\/#article","isPartOf":{"@id":"https:\/\/www.krafthand.de\/truck\/artikel\/krafthand-truck-unterstuetzt-die-automechanika-2020-25475\/"},"author":{"name":"julian.schmid@krafthand.de","@id":"https:\/\/www.krafthand.de\/truck\/#\/schema\/person\/23aebc1e5e3f0204da7158bce36950bb"},"headline":"KRAFTHAND-Truck unterst\u00fctzt die Automechanika 2020","datePublished":"2020-03-27T10:11:09+00:00","mainEntityOfPage":{"@id":"https:\/\/www.krafthand.de\/truck\/artikel\/krafthand-truck-unterstuetzt-die-automechanika-2020-25475\/"},"wordCount":470,"image":{"@id":"https:\/\/www.krafthand.de\/truck\/artikel\/krafthand-truck-unterstuetzt-die-automechanika-2020-25475\/#primaryimage"},"thumbnailUrl":"https:\/\/static.krafthand-truck.de\/uploads\/2020\/03\/0120_053_Logo_AM-gross.jpg","keywords":["Automechanika","Messe","Weiterbildung"],"articleSection":["Nfz-Branche"],"inLanguage":"de"},{"@type":"WebPage","@id":"https:\/\/www.krafthand.de\/truck\/artikel\/krafthand-truck-unterstuetzt-die-automechanika-2020-25475\/","url":"https:\/\/www.krafthand.de\/truck\/artikel\/krafthand-truck-unterstuetzt-die-automechanika-2020-25475\/","name":"KRAFTHAND-Truck unterst\u00fctzt die Automechanika 2020 - Krafthand-Truck","isPartOf":{"@id":"https:\/\/www.krafthand.de\/truck\/#website"},"primaryImageOfPage":{"@id":"https:\/\/www.krafthand.de\/truck\/artikel\/krafthand-truck-unterstuetzt-die-automechanika-2020-25475\/#primaryimage"},"image":{"@id":"https:\/\/www.krafthand.de\/truck\/artikel\/krafthand-truck-unterstuetzt-die-automechanika-2020-25475\/#primaryimage"},"thumbnailUrl":"https:\/\/static.krafthand-truck.de\/uploads\/2020\/03\/0120_053_Logo_AM-gross.jpg","datePublished":"2020-03-27T10:11:09+00:00","author":{"@id":"https:\/\/www.krafthand.de\/truck\/#\/schema\/person\/23aebc1e5e3f0204da7158bce36950bb"},"breadcrumb":{"@id":"https:\/\/www.krafthand.de\/truck\/artikel\/krafthand-truck-unterstuetzt-die-automechanika-2020-25475\/#breadcrumb"},"inLanguage":"de","potentialAction":[{"@type":"ReadAction","target":["https:\/\/www.krafthand.de\/truck\/artikel\/krafthand-truck-unterstuetzt-die-automechanika-2020-25475\/"]}]},{"@type":"ImageObject","inLanguage":"de","@id":"https:\/\/www.krafthand.de\/truck\/artikel\/krafthand-truck-unterstuetzt-die-automechanika-2020-25475\/#primaryimage","url":"https:\/\/static.krafthand-truck.de\/uploads\/2020\/03\/0120_053_Logo_AM-gross.jpg","contentUrl":"https:\/\/static.krafthand-truck.de\/uploads\/2020\/03\/0120_053_Logo_AM-gross.jpg","width":1000,"height":563,"caption":"Von 8. bis 12. September 2020 zieht die Automechanika in Frankfurt als internationale Leitmesse des Automotiven Aftermarkets wieder tausende von Fachbesuchern aus aller Welt an. Auch Nutzfahrzeug- Profis finden diesmal wieder ein interessantes Weiterbildungsangebot mit KRAFTHAND-Truck im eigens errichteten Werkstattzelt auf dem Freigel\u00e4nde bei Halle 8 und 9. Logo: Messe Frankfurt"},{"@type":"BreadcrumbList","@id":"https:\/\/www.krafthand.de\/truck\/artikel\/krafthand-truck-unterstuetzt-die-automechanika-2020-25475\/#breadcrumb","itemListElement":[{"@type":"ListItem","position":1,"name":"Krafthand-Truck","item":"https:\/\/www.krafthand.de\/truck\/"},{"@type":"ListItem","position":2,"name":"Nfz-Branche","item":"https:\/\/www.krafthand.de\/truck\/kategorie\/branche\/"},{"@type":"ListItem","position":3,"name":"KRAFTHAND-Truck unterst\u00fctzt die Automechanika 2020"}]},{"@type":"WebSite","@id":"https:\/\/www.krafthand.de\/truck\/#website","url":"https:\/\/www.krafthand.de\/truck\/","name":"Krafthand-Truck","description":"","potentialAction":[{"@type":"SearchAction","target":{"@type":"EntryPoint","urlTemplate":"https:\/\/www.krafthand.de\/truck\/?s={search_term_string}"},"query-input":{"@type":"PropertyValueSpecification","valueRequired":true,"valueName":"search_term_string"}}],"inLanguage":"de"},{"@type":"Person","@id":"https:\/\/www.krafthand.de\/truck\/#\/schema\/person\/23aebc1e5e3f0204da7158bce36950bb","name":"julian.schmid@krafthand.de","image":{"@type":"ImageObject","inLanguage":"de","@id":"https:\/\/secure.gravatar.com\/avatar\/ef76c2910cab8eb23fcc013e1c6dc1ba4af5e93fea6e6132d7c4e67d4e9631e9?s=96&d=mm&r=g","url":"https:\/\/secure.gravatar.com\/avatar\/ef76c2910cab8eb23fcc013e1c6dc1ba4af5e93fea6e6132d7c4e67d4e9631e9?s=96&d=mm&r=g","contentUrl":"https:\/\/secure.gravatar.com\/avatar\/ef76c2910cab8eb23fcc013e1c6dc1ba4af5e93fea6e6132d7c4e67d4e9631e9?s=96&d=mm&r=g","caption":"julian.schmid@krafthand.de"}}]}},"_links":{"self":[{"href":"https:\/\/www.krafthand.de\/truck\/wp-json\/wp\/v2\/posts\/25475","targetHints":{"allow":["GET"]}}],"collection":[{"href":"https:\/\/www.krafthand.de\/truck\/wp-json\/wp\/v2\/posts"}],"about":[{"href":"https:\/\/www.krafthand.de\/truck\/wp-json\/wp\/v2\/types\/post"}],"author":[{"embeddable":true,"href":"https:\/\/www.krafthand.de\/truck\/wp-json\/wp\/v2\/users\/7"}],"replies":[{"embeddable":true,"href":"https:\/\/www.krafthand.de\/truck\/wp-json\/wp\/v2\/comments?post=25475"}],"version-history":[{"count":3,"href":"https:\/\/www.krafthand.de\/truck\/wp-json\/wp\/v2\/posts\/25475\/revisions"}],"predecessor-version":[{"id":25483,"href":"https:\/\/www.krafthand.de\/truck\/wp-json\/wp\/v2\/posts\/25475\/revisions\/25483"}],"wp:featuredmedia":[{"embeddable":true,"href":"https:\/\/www.krafthand.de\/truck\/wp-json\/wp\/v2\/media\/25476"}],"wp:attachment":[{"href":"https:\/\/www.krafthand.de\/truck\/wp-json\/wp\/v2\/media?parent=25475"}],"wp:term":[{"taxonomy":"category","embeddable":true,"href":"https:\/\/www.krafthand.de\/truck\/wp-json\/wp\/v2\/categories?post=25475"},{"taxonomy":"post_tag","embeddable":true,"href":"https:\/\/www.krafthand.de\/truck\/wp-json\/wp\/v2\/tags?post=25475"},{"taxonomy":"settings","embeddable":true,"href":"https:\/\/www.krafthand.de\/truck\/wp-json\/wp\/v2\/settings?post=25475"}],"curies":[{"name":"wp","href":"https:\/\/api.w.org\/{rel}","templated":true}]}}