{"id":25338,"date":"2020-01-22T07:00:35","date_gmt":"2020-01-22T06:00:35","guid":{"rendered":"https:\/\/www.krafthand.de\/truck\/?p=25338"},"modified":"2021-03-26T08:52:42","modified_gmt":"2021-03-26T07:52:42","slug":"produkte-und-services-fuer-nutzfahrzeug-profis","status":"publish","type":"post","link":"https:\/\/www.krafthand.de\/truck\/artikel\/produkte-und-services-fuer-nutzfahrzeug-profis-25338\/","title":{"rendered":"Produkte und Services f\u00fcr Nutzfahrzeug-Profis"},"content":{"rendered":"<p>Das franz\u00f6sische Technologieunternehmen Valeo ist nicht nur ein globaler Zulieferer der Nutzfahrzeugindustrie, sondern mit Valeo Service auch bestrebt, Nutzfahrzeug-Werkst\u00e4tten im Aftermarkt durch Produktinnovationen, wertsch\u00f6pfende Services und digitale L\u00f6sungen zu unterst\u00fctzen. Etwa mit dem Konzept \u201aWe care 4 you\u2018.<\/p>\n<p>Der europ\u00e4ische Nutzfahrzeug-Ersatzteilemarkt w\u00e4chst rapide. Gleichzeitig pr\u00e4gen zentrale Herausforderungen die Nachfrage und die Komplexit\u00e4t des Marktes. Zunehmend sch\u00e4rfere Gesetze, weltweite Vertriebsnetze, Flottenmanager, die sich verst\u00e4rkt auf die Gesamtbetriebskosten (TCO) der Fahrzeuge konzentrieren und immer komplexere Technik: die Herausforderungen f\u00fcr Servicebetriebe nehmen stetig zu. Deshalb ben\u00f6tigen speziell freie Werkst\u00e4tten Unterst\u00fctzung im harten Tagesgesch\u00e4ft \u2013 nicht zuletzt auch wegen der omnipr\u00e4senten Digitalisierung. Eine wichtige Rolle f\u00e4llt dabei Ersatzteilspezialisten wie Valeo Service zu. Mit dem auf drei S\u00e4ulen basierenden \u201eWe care 4 you\u201c-Konzept will das Unternehmen seine Kunden sowohl in direktem Kontakt vor Ort als auch auf digitalem Wege unterst\u00fctzen.<\/p>\n<h2>\u201aTech\u2018Care\u2018 \u2013 praktisches Fachwissen<\/h2>\n<p>Im Mittelpunkt von \u201aTech\u2019Care\u2018 stehen technische Schulungen, technische Empfehlungen und technische Unterst\u00fctzung f\u00fcr die Fachleute im freien Aftermarket \u2013 Werkstattbetreiber und Teileh\u00e4ndler. Zudem baut ein Team aus erfahrenen technischen Servicemitarbeitern das Kundenerlebnis durch Vor-Ort-Demonstrationen von Ersatzteilen aus, bei denen die Teilnehmer L\u00f6sungen f\u00fcr ihre Probleme und Fragen bekommen. Um dieses Wissen noch schneller zu verbreiten, hat Valeo Service zudem auch noch wertvolle E-Services implementiert.<\/p>\n<h2>\u201aTech@ssist\u2018 \u2013 Unterst\u00fctzung online<\/h2>\n<p>Die Webplattform bietet einen freien Zugang zu allen technischen Informationen von Valeo Service wie Einbauanleitungen, Diagnose-Tools, technische Bulletins, Einbauvideos und \u00c4hnliches. Demnach kann der Anwender mit wenigen Klicks direkt auf die Infos im <a href=\"http:\/\/www.valeoservice.de\" target=\"_blank\" rel=\"noopener noreferrer\">Webportal<\/a> zugreifen. Das Online-Tool ist laut Valeo \u201eeine umfassende Quelle technischer Informationen\u201c, um Technikern dabei zu helfen, ben\u00f6tigte Ersatzteile schnell nach Fahrzeugtyp, Fahrzeugidentifikationsnummer (VIN) oder Produkt zu identifizieren. Damit sollen Nutzfahrzeug-Werkst\u00e4tten die Ausfallzeiten von Kundenfahrzeugen reduzieren und gleichzeitig den Service effizienter gestalten k\u00f6nnen, zudem sei damit eine hohe Genauigkeit bei der Teilebestellung sichergestellt.<\/p>\n<figure id=\"attachment_25345\" aria-describedby=\"caption-attachment-25345\" style=\"width: 300px\" class=\"wp-caption aligncenter\"><img fetchpriority=\"high\" decoding=\"async\" class=\"wp-image-25345 size-medium\" src=\"https:\/\/www.krafthand.de\/truck\/wp-content\/uploads\/2020\/01\/04_19_001_2-300x300.jpg\" alt=\"\u201aEuro-VI-ready TH-D\u00e4mpfer\u2018 von Valeo\" width=\"300\" height=\"300\" srcset=\"https:\/\/static.krafthand-truck.de\/uploads\/2020\/01\/04_19_001_2-300x300.jpg 300w, https:\/\/static.krafthand-truck.de\/uploads\/2020\/01\/04_19_001_2-150x150.jpg 150w, https:\/\/static.krafthand-truck.de\/uploads\/2020\/01\/04_19_001_2-768x768.jpg 768w, https:\/\/static.krafthand-truck.de\/uploads\/2020\/01\/04_19_001_2.jpg 1000w\" sizes=\"(max-width: 300px) 100vw, 300px\" \/><figcaption id=\"caption-attachment-25345\" class=\"wp-caption-text\">Der \u201aEuro-VI-ready TH-D\u00e4mpfer\u2018 von Valeo kann Motordrehmomente von bis zu 3.500 Nm \u00fcbertragen. Dank der speziellen D\u00e4mpferkonstruktion \u00fcbertr\u00e4gt er das Drehmoment besonders sanft, so dass sich die Motordrehzahl um 200\/min absenken l\u00e4sst \u2013 was eine Kraftstoffersparnis von bis zu zwei Prozent bedeuten kann.<\/figcaption><\/figure>\n<h2>\u201aSpecialist-Club\u2018 \u2013 belohnte Treue<\/h2>\n<p>Hinter \u201aSpecialist Club\u2018 verbirgt sich ein digitales Bonusprogramm f\u00fcr Nutzfahrzeug-Werkst\u00e4tten und ihre Mechaniker. Unternehmensangaben zufolge ist es bislang das einzige dieser Art speziell f\u00fcr den Nutzfahrzeugbereich. Die Anmeldung ist unter <a href=\"http:\/\/www.valeoservice.de\" target=\"_blank\" rel=\"noopener noreferrer\">www.valeoservice.de<\/a> rasch erledigt, anschlie\u00dfend k\u00f6nnen teilnehmende Werkst\u00e4tten ein gemeinsames Konto er\u00f6ffnen oder mehrere Konten, um einzelne Werkstattteams zu belohnen. Um zu punkten, muss der Mechaniker lediglich den Barcode auf den Valeo-Produktschachteln mit seinem Smartphone scannen, den Rest erledigt die App digital. Erstmals im September 2018 in Spanien eingef\u00fchrt, z\u00e4hlt das mittlerweile weltweit ausgerollte Treueprogramm nunmehr fast 1.300 Mitglieder.<\/p>\n<h2>Marktgerechte Produkte<\/h2>\n<p>Zu den Spezialit\u00e4ten des Aftermarkt-Angebots von Valeo Service geh\u00f6ren unter anderem die \u201aValeo OptiPack\u2018-Bremsbel\u00e4ge. Dabei handelt es sich um \u201aAll-in-One\u2018 Produkte, welche auch alle Montageteile enthalten und den Werkst\u00e4tten eine hohe Effizienz bei der Wartung bieten und schnell eingebaut sein sollen. Dar\u00fcber hinaus soll das eigens entwickelte Reibmaterial gute Qualit\u00e4t und hohe Laufleistung mit einem g\u00fcnstigen Preis verbinden, um die TCO zu optimieren. Stolz ist man bei Valeo Service darauf, dass die \u201aOptiPack\u2018-Bel\u00e4ge 2018 mit einem europ\u00e4ischen Branchen-Award bedacht wurden.<\/p>\n<p>Eine weitere Spezialit\u00e4t sind die \u201aEuro-VI-ready\u2018-TH-Kupplungsscheiben, die ein Motordrehmoment von bis zu 3.500 Nm \u00fcbertragen k\u00f6nnen und eine um 40 Prozent h\u00f6here D\u00e4mpfungsleistung bieten sollen. Wegen der \u201asanften\u2018 Drehmoment\u00fcbertragung soll sich die Motordrehzahl um bis zu 200\/min senken lassen, was eine Kraftstoffersparnis von bis zu zwei Prozent bringen soll.<\/p>\n<div class=\"infobox box-grey\"><\/p>\n<h3>Drei Fragen an Sebastien Harang, Operational Marketing Manager Commercial &amp; Offroad-Vehicle Europe bei Valeo Service<\/h3>\n<p><p class=\"text-question\">In welchen Sparten ist Valeo im Bereich Nutzfahrzeuge aktiv?<\/p><p class=\"text-answer\"> Valeo ist ein globaler Automobilzulieferer und Entwicklungspartner nahezu aller Automobil und Nutzfahrzeughersteller. Mit der Sparte Valeo Service bedienen wir den Reparaturmarkt mit hochwertigen Ersatzteilen und Dienstleistungen. Die Erfahrungen aus der Erstausr\u00fcstung nutzen die Experten von Valeo Service, um spezielle, innovative L\u00f6sungen f\u00fcr den Ersatzmarkt zu entwickeln. Derzeit gibt es insgesamt elf Produktlinien f\u00fcr Lkw, Busse und Anh\u00e4nger, beispielsweise Beleuchtungssysteme, elektrisches Zubeh\u00f6r, Brems- und Kupplungssysteme, Starter und Generatoren, Wischer sowie Produkte f\u00fcr Klimatechnik und Motork\u00fchlung. Zu den Highlights geh\u00f6ren unter anderem Euro-VI-konforme Kraft\u00fcbertragungssysteme sowie ab Dezember 2019 Wischerbl\u00e4tter f\u00fcr den neuen Mercedes-Benz \u201aActros\u2018.<\/p><\/p>\n<p><p class=\"text-question\">Wie unterst\u00fctzt Valeo Service Nutzfahrzeug-Werkst\u00e4tten im freien Aftermarkt?<\/p><p class=\"text-answer\"> Im Mittelpunkt steht unsere \u201aWe care 4 you\u2018-Strategie. Mit den drei S\u00e4ulen \u201aTech\u00b4Care\u2018, \u201aTech Assist\u2018 und \u201aSpecialist Club\u2018 bieten wir unseren Werkstattkunden genau den Support, den sie in ihrem Werkstattalltag brauchen \u2013 und der sie f\u00fcr k\u00fcnftige Herausforderungen r\u00fcstet. Im M\u00e4rz<br \/>\n2019 wurde \u201aWe care 4 you\u2018 \u00fcbrigens von Forst &amp; Sullivan mit dem Award \u201a2018 European CV Aftermarket Supplier Company oft the Year\u2018 ausgezeichnet. <\/p><\/p>\n<p><figure id=\"attachment_25344\" aria-describedby=\"caption-attachment-25344\" style=\"width: 300px\" class=\"wp-caption aligncenter\"><img decoding=\"async\" class=\"wp-image-25344 size-medium\" src=\"https:\/\/www.krafthand.de\/truck\/wp-content\/uploads\/2020\/01\/04_19_001_KASTEN-300x266.jpg\" alt=\"Sebastien Harang, Operational Marketing Manager Commercial &amp; Offroad-Vehicle Europe bei Valeo Service\" width=\"300\" height=\"266\" srcset=\"https:\/\/static.krafthand-truck.de\/uploads\/2020\/01\/04_19_001_KASTEN-300x266.jpg 300w, https:\/\/static.krafthand-truck.de\/uploads\/2020\/01\/04_19_001_KASTEN-768x682.jpg 768w, https:\/\/static.krafthand-truck.de\/uploads\/2020\/01\/04_19_001_KASTEN.jpg 1000w\" sizes=\"(max-width: 300px) 100vw, 300px\" \/><figcaption id=\"caption-attachment-25344\" class=\"wp-caption-text\">Sebastien Harang, Operational Marketing Manager Commercial &amp; Offroad-Vehicle Europe bei Valeo Service. (Bild: Valeo)<\/figcaption><\/figure><\/p>\n<p><p class=\"text-question\">Welche Neuheiten d\u00fcrfen Nutzfahrzeug-Profis demn\u00e4chst von Valeo Service erwarten?<\/p><p class=\"text-answer\"> Bei den Lkw-Kupplungen f\u00fchren wir eine Zwei-Jahres-Garantie ohne Kilometerbegrenzung sowie europaweit einheitliche Garantieleistungen ein. Mit der \u201aOptiPack\u2018-Produktreihe gibt es k\u00fcnftig langlebige \u201aAll-in-One\u2018-Bremsbel\u00e4ge, die einerseits ein besonderes Preis-Leistungsverh\u00e4ltnis bieten und andererseits die Wartungs- und Reparaturzeiten verk\u00fcrzen. Neu sind auch die Euro-VI-konformen \u201aTH\u2018-Kupplungsscheiben, die dank ihrer erh\u00f6hten D\u00e4mpferleistung nicht nur eine um 40 Prozent h\u00f6here Drehmoment\u00fcbertragung \u2013 bis zu 3.500 Nm sind m\u00f6glich \u2013 erlauben, sondern auch ein Absenken der Motordrehzahl, was eine Kraftstoffeinsparung von bis zu zwei Prozent erm\u00f6glicht. F\u00fcr Busse f\u00fchren wir mit den \u201aTM\u2018-Klimakompressoren eine neue, \u201aextra gro\u00dfe\u2018 Baureihe ein. Sie wurde eigens entwickelt, um in gro\u00dfen Bus-Innenr\u00e4umen ein homogenes Klima zu schaffen. Die Kompressoren der Baureihen TM65, TM55 und TM 43 sind etwa doppelt so gro\u00df wie herk\u00f6mmliche. <\/p> <\/div>\n<p><i>Den Beitrag finden Sie auch in der Print-Ausgabe 04\/19 der <a href=\"https:\/\/www.krafthand.de\/truck\/magazin\/\" title=\"Zum Magazin\">Krafthand-Truck<\/a>.<\/i><\/p>\r\n\t\t\t\t<div class=\"post-author\">\r\n\t\t\t\t\t<div class=\"khm-cp-author clearfix\">\r\n\t\t\t\t\t\t<div class=\"khm-cp-author__content\">\r\n\t\t\t\t\t\t\t\tKontakt zum Autor:<br \/>\r\n\t\t\t\t\t\t\t\t<strong>Klaus Kuss<\/strong>, 08247 \/ 3007-177 |  <a href=\"mailto:klaus.kuss@krafthand-medien.de\">klaus.kuss@krafthand-medien.de<\/a>\r\n\t\t\t\t\t\t\t<div class=\"khm-cp-author__image\">\r\n\t\t\t\t\t\t<img src=\"https:\/\/static.krafthand-truck.de\/uploads\/2018\/01\/Kuss_Klaus-250x300.png\" class=\"img-responsive\">\r\n\t\t\t\t\t<\/div>\r\n\t\t\t\t\t\t<\/div>\r\n\t\t\t\t\t<\/div>\r\n\t\t\t\t<\/div>\r\n\t\t\t\t","protected":false},"excerpt":{"rendered":"<p>Der Wind im Nutzfahrzeug-Reparaturgesch\u00e4ft bl\u00e4st zunehmend sch\u00e4rfer. Eine marktgerechte Unterst\u00fctzung ist mehr denn je gefragt. <span class=\"excerpt-more__dots\">&#8230;<\/span> <a class=\"excerpt-more__link\" href=\"https:\/\/www.krafthand.de\/truck\/artikel\/produkte-und-services-fuer-nutzfahrzeug-profis-25338\/\" >weiter<\/a><\/p>\n","protected":false},"author":7,"featured_media":25339,"comment_status":"closed","ping_status":"closed","sticky":false,"template":"","format":"standard","meta":{"footnotes":""},"categories":[4229,4235],"tags":[2481,4020,1390,4019,4021],"settings":[3524,3523],"class_list":["post-25338","post","type-post","status-publish","format-standard","has-post-thumbnail","hentry","category-nfz-teile-systeme","category-unternehmen","tag-ersatzteilmarkt","tag-online-tool","tag-valeo","tag-valeo-service","tag-webportal"],"yoast_head":"<!-- This site is optimized with the Yoast SEO plugin v27.3 - https:\/\/yoast.com\/product\/yoast-seo-wordpress\/ -->\n<title>Produkte und Services f\u00fcr Nutzfahrzeug-Profis - Krafthand-Truck<\/title>\n<meta name=\"description\" content=\"Der Wind im Nutzfahrzeug-Reparaturgesch\u00e4ft bl\u00e4st zunehmend sch\u00e4rfer. Eine marktgerechte Unterst\u00fctzung ist mehr denn je gefragt.\" \/>\n<meta name=\"robots\" content=\"index, follow, max-snippet:-1, max-image-preview:large, max-video-preview:-1\" \/>\n<link rel=\"canonical\" href=\"https:\/\/www.krafthand.de\/truck\/artikel\/produkte-und-services-fuer-nutzfahrzeug-profis-25338\/\" \/>\n<meta property=\"og:locale\" content=\"de_DE\" \/>\n<meta property=\"og:type\" content=\"article\" \/>\n<meta property=\"og:title\" content=\"Produkte und Services f\u00fcr Nutzfahrzeug-Profis - Krafthand-Truck\" \/>\n<meta property=\"og:description\" content=\"Der Wind im Nutzfahrzeug-Reparaturgesch\u00e4ft bl\u00e4st zunehmend sch\u00e4rfer. Eine marktgerechte Unterst\u00fctzung ist mehr denn je gefragt.\" \/>\n<meta property=\"og:url\" content=\"https:\/\/www.krafthand-truck.de\/artikel\/produkte-und-services-fuer-nutzfahrzeug-profis-25338\/\" \/>\n<meta property=\"og:site_name\" content=\"Krafthand-Truck\" \/>\n<meta property=\"article:published_time\" content=\"2020-01-22T06:00:35+00:00\" \/>\n<meta property=\"article:modified_time\" content=\"2021-03-26T07:52:42+00:00\" \/>\n<meta property=\"og:image\" content=\"https:\/\/www.krafthand.de\/truck\/wp-content\/uploads\/2020\/01\/04_19_001_1.jpg\" \/>\n\t<meta property=\"og:image:width\" content=\"1000\" \/>\n\t<meta property=\"og:image:height\" content=\"550\" \/>\n\t<meta property=\"og:image:type\" content=\"image\/jpeg\" \/>\n<meta name=\"author\" content=\"julian.schmid@krafthand.de\" \/>\n<meta name=\"twitter:card\" content=\"summary_large_image\" \/>\n<meta name=\"twitter:label1\" content=\"Verfasst von\" \/>\n\t<meta name=\"twitter:data1\" content=\"julian.schmid@krafthand.de\" \/>\n\t<meta name=\"twitter:label2\" content=\"Gesch\u00e4tzte Lesezeit\" \/>\n\t<meta name=\"twitter:data2\" content=\"5\u00a0Minuten\" \/>\n<script type=\"application\/ld+json\" class=\"yoast-schema-graph\">{\"@context\":\"https:\\\/\\\/schema.org\",\"@graph\":[{\"@type\":\"Article\",\"@id\":\"https:\\\/\\\/www.krafthand.de\\\/truck\\\/artikel\\\/produkte-und-services-fuer-nutzfahrzeug-profis-25338\\\/#article\",\"isPartOf\":{\"@id\":\"https:\\\/\\\/www.krafthand.de\\\/truck\\\/artikel\\\/produkte-und-services-fuer-nutzfahrzeug-profis-25338\\\/\"},\"author\":{\"name\":\"julian.schmid@krafthand.de\",\"@id\":\"https:\\\/\\\/www.krafthand.de\\\/truck\\\/#\\\/schema\\\/person\\\/23aebc1e5e3f0204da7158bce36950bb\"},\"headline\":\"Produkte und Services f\u00fcr Nutzfahrzeug-Profis\",\"datePublished\":\"2020-01-22T06:00:35+00:00\",\"dateModified\":\"2021-03-26T07:52:42+00:00\",\"mainEntityOfPage\":{\"@id\":\"https:\\\/\\\/www.krafthand.de\\\/truck\\\/artikel\\\/produkte-und-services-fuer-nutzfahrzeug-profis-25338\\\/\"},\"wordCount\":1006,\"image\":{\"@id\":\"https:\\\/\\\/www.krafthand.de\\\/truck\\\/artikel\\\/produkte-und-services-fuer-nutzfahrzeug-profis-25338\\\/#primaryimage\"},\"thumbnailUrl\":\"https:\\\/\\\/static.krafthand-truck.de\\\/uploads\\\/2020\\\/01\\\/04_19_001_1.jpg\",\"keywords\":[\"Ersatzteilmarkt\",\"Online-Tool\",\"Valeo\",\"Valeo Service\",\"Webportal\"],\"articleSection\":[\"Nfz-Teile\\\/Systeme\",\"Unternehmen\"],\"inLanguage\":\"de\"},{\"@type\":\"WebPage\",\"@id\":\"https:\\\/\\\/www.krafthand.de\\\/truck\\\/artikel\\\/produkte-und-services-fuer-nutzfahrzeug-profis-25338\\\/\",\"url\":\"https:\\\/\\\/www.krafthand.de\\\/truck\\\/artikel\\\/produkte-und-services-fuer-nutzfahrzeug-profis-25338\\\/\",\"name\":\"Produkte und Services f\u00fcr Nutzfahrzeug-Profis - Krafthand-Truck\",\"isPartOf\":{\"@id\":\"https:\\\/\\\/www.krafthand.de\\\/truck\\\/#website\"},\"primaryImageOfPage\":{\"@id\":\"https:\\\/\\\/www.krafthand.de\\\/truck\\\/artikel\\\/produkte-und-services-fuer-nutzfahrzeug-profis-25338\\\/#primaryimage\"},\"image\":{\"@id\":\"https:\\\/\\\/www.krafthand.de\\\/truck\\\/artikel\\\/produkte-und-services-fuer-nutzfahrzeug-profis-25338\\\/#primaryimage\"},\"thumbnailUrl\":\"https:\\\/\\\/static.krafthand-truck.de\\\/uploads\\\/2020\\\/01\\\/04_19_001_1.jpg\",\"datePublished\":\"2020-01-22T06:00:35+00:00\",\"dateModified\":\"2021-03-26T07:52:42+00:00\",\"author\":{\"@id\":\"https:\\\/\\\/www.krafthand.de\\\/truck\\\/#\\\/schema\\\/person\\\/23aebc1e5e3f0204da7158bce36950bb\"},\"description\":\"Der Wind im Nutzfahrzeug-Reparaturgesch\u00e4ft bl\u00e4st zunehmend sch\u00e4rfer. Eine marktgerechte Unterst\u00fctzung ist mehr denn je gefragt.\",\"breadcrumb\":{\"@id\":\"https:\\\/\\\/www.krafthand.de\\\/truck\\\/artikel\\\/produkte-und-services-fuer-nutzfahrzeug-profis-25338\\\/#breadcrumb\"},\"inLanguage\":\"de\",\"potentialAction\":[{\"@type\":\"ReadAction\",\"target\":[\"https:\\\/\\\/www.krafthand.de\\\/truck\\\/artikel\\\/produkte-und-services-fuer-nutzfahrzeug-profis-25338\\\/\"]}]},{\"@type\":\"ImageObject\",\"inLanguage\":\"de\",\"@id\":\"https:\\\/\\\/www.krafthand.de\\\/truck\\\/artikel\\\/produkte-und-services-fuer-nutzfahrzeug-profis-25338\\\/#primaryimage\",\"url\":\"https:\\\/\\\/static.krafthand-truck.de\\\/uploads\\\/2020\\\/01\\\/04_19_001_1.jpg\",\"contentUrl\":\"https:\\\/\\\/static.krafthand-truck.de\\\/uploads\\\/2020\\\/01\\\/04_19_001_1.jpg\",\"width\":1000,\"height\":550,\"caption\":\"Die \u201aOptiPack\u2018-Bremsbel\u00e4ge eignen sich f\u00fcr leichte und schwere Nutzfahrzeuge, Anh\u00e4nger und Busse. Valeo hat hierf\u00fcr eigens einen Reibbelag entwickelt, der den unterschiedlichsten Anspr\u00fcchen an das Bremsverhalten gerecht wird. 2018 wurde die Komplettl\u00f6sung von europ\u00e4ischen Kunden wegen des guten Preis-Leistungsverh\u00e4ltnisses ausgezeichnet. Bild: Valeo\"},{\"@type\":\"BreadcrumbList\",\"@id\":\"https:\\\/\\\/www.krafthand.de\\\/truck\\\/artikel\\\/produkte-und-services-fuer-nutzfahrzeug-profis-25338\\\/#breadcrumb\",\"itemListElement\":[{\"@type\":\"ListItem\",\"position\":1,\"name\":\"Krafthand-Truck\",\"item\":\"https:\\\/\\\/www.krafthand.de\\\/truck\\\/\"},{\"@type\":\"ListItem\",\"position\":2,\"name\":\"Nfz-Technik\",\"item\":\"https:\\\/\\\/www.krafthand.de\\\/truck\\\/kategorie\\\/nfz-technik\\\/\"},{\"@type\":\"ListItem\",\"position\":3,\"name\":\"Nfz-Teile\\\/Systeme\",\"item\":\"https:\\\/\\\/www.krafthand.de\\\/truck\\\/kategorie\\\/nfz-technik\\\/nfz-teile-systeme\\\/\"},{\"@type\":\"ListItem\",\"position\":4,\"name\":\"Produkte und Services f\u00fcr Nutzfahrzeug-Profis\"}]},{\"@type\":\"WebSite\",\"@id\":\"https:\\\/\\\/www.krafthand.de\\\/truck\\\/#website\",\"url\":\"https:\\\/\\\/www.krafthand.de\\\/truck\\\/\",\"name\":\"Krafthand-Truck\",\"description\":\"\",\"potentialAction\":[{\"@type\":\"SearchAction\",\"target\":{\"@type\":\"EntryPoint\",\"urlTemplate\":\"https:\\\/\\\/www.krafthand.de\\\/truck\\\/?s={search_term_string}\"},\"query-input\":{\"@type\":\"PropertyValueSpecification\",\"valueRequired\":true,\"valueName\":\"search_term_string\"}}],\"inLanguage\":\"de\"},{\"@type\":\"Person\",\"@id\":\"https:\\\/\\\/www.krafthand.de\\\/truck\\\/#\\\/schema\\\/person\\\/23aebc1e5e3f0204da7158bce36950bb\",\"name\":\"julian.schmid@krafthand.de\",\"image\":{\"@type\":\"ImageObject\",\"inLanguage\":\"de\",\"@id\":\"https:\\\/\\\/secure.gravatar.com\\\/avatar\\\/ef76c2910cab8eb23fcc013e1c6dc1ba4af5e93fea6e6132d7c4e67d4e9631e9?s=96&d=mm&r=g\",\"url\":\"https:\\\/\\\/secure.gravatar.com\\\/avatar\\\/ef76c2910cab8eb23fcc013e1c6dc1ba4af5e93fea6e6132d7c4e67d4e9631e9?s=96&d=mm&r=g\",\"contentUrl\":\"https:\\\/\\\/secure.gravatar.com\\\/avatar\\\/ef76c2910cab8eb23fcc013e1c6dc1ba4af5e93fea6e6132d7c4e67d4e9631e9?s=96&d=mm&r=g\",\"caption\":\"julian.schmid@krafthand.de\"}}]}<\/script>\n<!-- \/ Yoast SEO plugin. -->","yoast_head_json":{"title":"Produkte und Services f\u00fcr Nutzfahrzeug-Profis - Krafthand-Truck","description":"Der Wind im Nutzfahrzeug-Reparaturgesch\u00e4ft bl\u00e4st zunehmend sch\u00e4rfer. Eine marktgerechte Unterst\u00fctzung ist mehr denn je gefragt.","robots":{"index":"index","follow":"follow","max-snippet":"max-snippet:-1","max-image-preview":"max-image-preview:large","max-video-preview":"max-video-preview:-1"},"canonical":"https:\/\/www.krafthand.de\/truck\/artikel\/produkte-und-services-fuer-nutzfahrzeug-profis-25338\/","og_locale":"de_DE","og_type":"article","og_title":"Produkte und Services f\u00fcr Nutzfahrzeug-Profis - Krafthand-Truck","og_description":"Der Wind im Nutzfahrzeug-Reparaturgesch\u00e4ft bl\u00e4st zunehmend sch\u00e4rfer. Eine marktgerechte Unterst\u00fctzung ist mehr denn je gefragt.","og_url":"https:\/\/www.krafthand-truck.de\/artikel\/produkte-und-services-fuer-nutzfahrzeug-profis-25338\/","og_site_name":"Krafthand-Truck","article_published_time":"2020-01-22T06:00:35+00:00","article_modified_time":"2021-03-26T07:52:42+00:00","og_image":[{"width":1000,"height":550,"url":"https:\/\/www.krafthand.de\/truck\/wp-content\/uploads\/2020\/01\/04_19_001_1.jpg","type":"image\/jpeg"}],"author":"julian.schmid@krafthand.de","twitter_card":"summary_large_image","twitter_misc":{"Verfasst von":"julian.schmid@krafthand.de","Gesch\u00e4tzte Lesezeit":"5\u00a0Minuten"},"schema":{"@context":"https:\/\/schema.org","@graph":[{"@type":"Article","@id":"https:\/\/www.krafthand.de\/truck\/artikel\/produkte-und-services-fuer-nutzfahrzeug-profis-25338\/#article","isPartOf":{"@id":"https:\/\/www.krafthand.de\/truck\/artikel\/produkte-und-services-fuer-nutzfahrzeug-profis-25338\/"},"author":{"name":"julian.schmid@krafthand.de","@id":"https:\/\/www.krafthand.de\/truck\/#\/schema\/person\/23aebc1e5e3f0204da7158bce36950bb"},"headline":"Produkte und Services f\u00fcr Nutzfahrzeug-Profis","datePublished":"2020-01-22T06:00:35+00:00","dateModified":"2021-03-26T07:52:42+00:00","mainEntityOfPage":{"@id":"https:\/\/www.krafthand.de\/truck\/artikel\/produkte-und-services-fuer-nutzfahrzeug-profis-25338\/"},"wordCount":1006,"image":{"@id":"https:\/\/www.krafthand.de\/truck\/artikel\/produkte-und-services-fuer-nutzfahrzeug-profis-25338\/#primaryimage"},"thumbnailUrl":"https:\/\/static.krafthand-truck.de\/uploads\/2020\/01\/04_19_001_1.jpg","keywords":["Ersatzteilmarkt","Online-Tool","Valeo","Valeo Service","Webportal"],"articleSection":["Nfz-Teile\/Systeme","Unternehmen"],"inLanguage":"de"},{"@type":"WebPage","@id":"https:\/\/www.krafthand.de\/truck\/artikel\/produkte-und-services-fuer-nutzfahrzeug-profis-25338\/","url":"https:\/\/www.krafthand.de\/truck\/artikel\/produkte-und-services-fuer-nutzfahrzeug-profis-25338\/","name":"Produkte und Services f\u00fcr Nutzfahrzeug-Profis - Krafthand-Truck","isPartOf":{"@id":"https:\/\/www.krafthand.de\/truck\/#website"},"primaryImageOfPage":{"@id":"https:\/\/www.krafthand.de\/truck\/artikel\/produkte-und-services-fuer-nutzfahrzeug-profis-25338\/#primaryimage"},"image":{"@id":"https:\/\/www.krafthand.de\/truck\/artikel\/produkte-und-services-fuer-nutzfahrzeug-profis-25338\/#primaryimage"},"thumbnailUrl":"https:\/\/static.krafthand-truck.de\/uploads\/2020\/01\/04_19_001_1.jpg","datePublished":"2020-01-22T06:00:35+00:00","dateModified":"2021-03-26T07:52:42+00:00","author":{"@id":"https:\/\/www.krafthand.de\/truck\/#\/schema\/person\/23aebc1e5e3f0204da7158bce36950bb"},"description":"Der Wind im Nutzfahrzeug-Reparaturgesch\u00e4ft bl\u00e4st zunehmend sch\u00e4rfer. Eine marktgerechte Unterst\u00fctzung ist mehr denn je gefragt.","breadcrumb":{"@id":"https:\/\/www.krafthand.de\/truck\/artikel\/produkte-und-services-fuer-nutzfahrzeug-profis-25338\/#breadcrumb"},"inLanguage":"de","potentialAction":[{"@type":"ReadAction","target":["https:\/\/www.krafthand.de\/truck\/artikel\/produkte-und-services-fuer-nutzfahrzeug-profis-25338\/"]}]},{"@type":"ImageObject","inLanguage":"de","@id":"https:\/\/www.krafthand.de\/truck\/artikel\/produkte-und-services-fuer-nutzfahrzeug-profis-25338\/#primaryimage","url":"https:\/\/static.krafthand-truck.de\/uploads\/2020\/01\/04_19_001_1.jpg","contentUrl":"https:\/\/static.krafthand-truck.de\/uploads\/2020\/01\/04_19_001_1.jpg","width":1000,"height":550,"caption":"Die \u201aOptiPack\u2018-Bremsbel\u00e4ge eignen sich f\u00fcr leichte und schwere Nutzfahrzeuge, Anh\u00e4nger und Busse. Valeo hat hierf\u00fcr eigens einen Reibbelag entwickelt, der den unterschiedlichsten Anspr\u00fcchen an das Bremsverhalten gerecht wird. 2018 wurde die Komplettl\u00f6sung von europ\u00e4ischen Kunden wegen des guten Preis-Leistungsverh\u00e4ltnisses ausgezeichnet. Bild: Valeo"},{"@type":"BreadcrumbList","@id":"https:\/\/www.krafthand.de\/truck\/artikel\/produkte-und-services-fuer-nutzfahrzeug-profis-25338\/#breadcrumb","itemListElement":[{"@type":"ListItem","position":1,"name":"Krafthand-Truck","item":"https:\/\/www.krafthand.de\/truck\/"},{"@type":"ListItem","position":2,"name":"Nfz-Technik","item":"https:\/\/www.krafthand.de\/truck\/kategorie\/nfz-technik\/"},{"@type":"ListItem","position":3,"name":"Nfz-Teile\/Systeme","item":"https:\/\/www.krafthand.de\/truck\/kategorie\/nfz-technik\/nfz-teile-systeme\/"},{"@type":"ListItem","position":4,"name":"Produkte und Services f\u00fcr Nutzfahrzeug-Profis"}]},{"@type":"WebSite","@id":"https:\/\/www.krafthand.de\/truck\/#website","url":"https:\/\/www.krafthand.de\/truck\/","name":"Krafthand-Truck","description":"","potentialAction":[{"@type":"SearchAction","target":{"@type":"EntryPoint","urlTemplate":"https:\/\/www.krafthand.de\/truck\/?s={search_term_string}"},"query-input":{"@type":"PropertyValueSpecification","valueRequired":true,"valueName":"search_term_string"}}],"inLanguage":"de"},{"@type":"Person","@id":"https:\/\/www.krafthand.de\/truck\/#\/schema\/person\/23aebc1e5e3f0204da7158bce36950bb","name":"julian.schmid@krafthand.de","image":{"@type":"ImageObject","inLanguage":"de","@id":"https:\/\/secure.gravatar.com\/avatar\/ef76c2910cab8eb23fcc013e1c6dc1ba4af5e93fea6e6132d7c4e67d4e9631e9?s=96&d=mm&r=g","url":"https:\/\/secure.gravatar.com\/avatar\/ef76c2910cab8eb23fcc013e1c6dc1ba4af5e93fea6e6132d7c4e67d4e9631e9?s=96&d=mm&r=g","contentUrl":"https:\/\/secure.gravatar.com\/avatar\/ef76c2910cab8eb23fcc013e1c6dc1ba4af5e93fea6e6132d7c4e67d4e9631e9?s=96&d=mm&r=g","caption":"julian.schmid@krafthand.de"}}]}},"_links":{"self":[{"href":"https:\/\/www.krafthand.de\/truck\/wp-json\/wp\/v2\/posts\/25338","targetHints":{"allow":["GET"]}}],"collection":[{"href":"https:\/\/www.krafthand.de\/truck\/wp-json\/wp\/v2\/posts"}],"about":[{"href":"https:\/\/www.krafthand.de\/truck\/wp-json\/wp\/v2\/types\/post"}],"author":[{"embeddable":true,"href":"https:\/\/www.krafthand.de\/truck\/wp-json\/wp\/v2\/users\/7"}],"replies":[{"embeddable":true,"href":"https:\/\/www.krafthand.de\/truck\/wp-json\/wp\/v2\/comments?post=25338"}],"version-history":[{"count":7,"href":"https:\/\/www.krafthand.de\/truck\/wp-json\/wp\/v2\/posts\/25338\/revisions"}],"predecessor-version":[{"id":27128,"href":"https:\/\/www.krafthand.de\/truck\/wp-json\/wp\/v2\/posts\/25338\/revisions\/27128"}],"wp:featuredmedia":[{"embeddable":true,"href":"https:\/\/www.krafthand.de\/truck\/wp-json\/wp\/v2\/media\/25339"}],"wp:attachment":[{"href":"https:\/\/www.krafthand.de\/truck\/wp-json\/wp\/v2\/media?parent=25338"}],"wp:term":[{"taxonomy":"category","embeddable":true,"href":"https:\/\/www.krafthand.de\/truck\/wp-json\/wp\/v2\/categories?post=25338"},{"taxonomy":"post_tag","embeddable":true,"href":"https:\/\/www.krafthand.de\/truck\/wp-json\/wp\/v2\/tags?post=25338"},{"taxonomy":"settings","embeddable":true,"href":"https:\/\/www.krafthand.de\/truck\/wp-json\/wp\/v2\/settings?post=25338"}],"curies":[{"name":"wp","href":"https:\/\/api.w.org\/{rel}","templated":true}]}}