{"id":25326,"date":"2020-01-14T00:00:00","date_gmt":"2020-01-13T23:00:00","guid":{"rendered":"https:\/\/www.krafthand.de\/truck\/?p=25326"},"modified":"2021-03-10T12:14:22","modified_gmt":"2021-03-10T11:14:22","slug":"fas-nach-scheibentausch-mobil-kalibrieren","status":"publish","type":"post","link":"https:\/\/www.krafthand.de\/truck\/artikel\/fas-nach-scheibentausch-mobil-kalibrieren-25326\/","title":{"rendered":"FAS nach Scheibentausch mobil kalibrieren"},"content":{"rendered":"<p>Die Frontscheibe moderner Lkw und Busse ist eingeklebt, ein Austausch bedeutet \u00fcblicherweise einen mehrst\u00fcndigen Werkstattaufenthalt. Der mobile Scheibenersatz, wie ihn Spezialunternehmen direkt beim Kunden vor Ort, etwa auf dem Speditions- beziehungsweise Betriebshof oder auf Parkpl\u00e4tzen von Raststationen, anbieten, ist daher f\u00fcr viele Spediteure und Busunternehmer eine willkommene Dienstleistung, um den Fahrzeugausfall so weit wie m\u00f6glich zu minimieren.<\/p>\n<p>Doch moderne Lkw und Busse sind mit kamerabasierten Fahrerassistenzsystemen (FAS) wie dem gesetzlich vorgeschriebenen Notbremsassistenten oder dem optional erh\u00e4ltlichen Spurverlassenswarner ausgestattet. Damit ist der mobile Scheibentausch quasi nicht m\u00f6glich, da nach einem Windschutzscheibenersatz die Kamera des FAS fachgerecht neu kalibriert werden muss. Eine Arbeit, die bislang nur in einer entsprechend gro\u00dfen, mit dem erforderlichen Spezialequipment ausgestatteten Werkstatt m\u00f6glich war.<\/p>\n<p>Seit Kurzem bietet jedoch der Nutzfahrzeug-Glasspezialist <a href=\"http:\/\/www.zentrale-autoglas.de\" target=\"_blank\" rel=\"noopener noreferrer\">\u201aZentrale Autoglas\u2018<\/a>, der mit 23 Standorten in Deutschland, \u00d6sterreich und Luxemburg vertreten ist, die \u201aMobile Neukalibrierung\u2018 als hersteller\u00fcbergreifende Dienstleistung f\u00fcr alle Lkw und Busse an. Dazu kooperiert der Autoglas-Spezialist mit dem Ersatzteilegro\u00dfh\u00e4ndler Wittich. Die Idee zu der Kooperation hatte Matthias Wittich, Gesch\u00e4ftsf\u00fchrer des Teilegro\u00dfhandelsunternehmens, bei dem Peter Wilhelmstroop, Gesellschafter von Zentrale Autoglas, schon seit langem Kunde ist. Au\u00dferdem hat Wittich mit Diagnoseger\u00e4ten von Texa und dem optischen Einstellsystem von Koch Achsmessanlagen das notwendige Equipment im Portfolio. Letzteres ist notwendig, um die Kamera an der geometrischen Fahrachse auszurichten und mit dem Diagnosetool im FAS-Steuerger\u00e4t neu zu kalibrieren. Nur dann funktionieren die FAS vorschriftsm\u00e4\u00dfig.<\/p>\n<p>Zentrale Autoglas verspricht, dass sich mit der neuen Dienstleistung \u201aMobile Neukalibrierung\u2018 eine defekte Lkw- oder Bus-Windschutzscheibe innerhalb von 24 Stunden ersetzen und die Neukalibrierung der FAS erledigen l\u00e4sst \u2013 herstellerunabh\u00e4ngig und durch ein breites Netz an Kooperationspartnern auch europaweit.<\/p>\n<p><i>Den Beitrag finden Sie auch in der Print-Ausgabe 04\/19 der <a href=\"https:\/\/www.krafthand.de\/truck\/magazin\/\" title=\"Zum Magazin\">Krafthand-Truck<\/a>.<\/i><\/p>","protected":false},"excerpt":{"rendered":"<p>Seit Kurzem bietet der Nfz-Glasspezialist \u201aZentrale Autoglas\u2018, der mit 23 Standorten in Deutschland, \u00d6sterreich und Luxemburg vertreten ist, die \u201aMobile Neukalibrierung\u2018 f\u00fcr alle Lkw und Busse an. <span class=\"excerpt-more__dots\">&#8230;<\/span> <a class=\"excerpt-more__link\" href=\"https:\/\/www.krafthand.de\/truck\/artikel\/fas-nach-scheibentausch-mobil-kalibrieren-25326\/\" >weiter<\/a><\/p>\n","protected":false},"author":7,"featured_media":25327,"comment_status":"closed","ping_status":"closed","sticky":false,"template":"","format":"standard","meta":{"footnotes":""},"categories":[4225,4218],"tags":[1826,3179,4015,897,1593,2413],"settings":[],"class_list":["post-25326","post","type-post","status-publish","format-standard","has-post-thumbnail","hentry","category-ssistenzsysteme","category-werkstattpraxis","tag-fahrerassistenzsystem","tag-fas","tag-glasservice","tag-scheibentausch","tag-texa","tag-texa-deutschland"],"yoast_head":"<!-- This site is optimized with the Yoast SEO plugin v27.3 - https:\/\/yoast.com\/product\/yoast-seo-wordpress\/ -->\n<title>FAS nach Scheibentausch mobil kalibrieren - Krafthand-Truck<\/title>\n<meta name=\"description\" content=\"Seit Kurzem bietet der Nfz-Glasspezialist \u201aZentrale Autoglas\u2018 die \u201aMobile Neukalibrierung\u2018 f\u00fcr alle Lkw und Busse an.\" \/>\n<meta name=\"robots\" content=\"index, follow, max-snippet:-1, max-image-preview:large, max-video-preview:-1\" \/>\n<link rel=\"canonical\" href=\"https:\/\/www.krafthand.de\/truck\/artikel\/fas-nach-scheibentausch-mobil-kalibrieren-25326\/\" \/>\n<meta property=\"og:locale\" content=\"de_DE\" \/>\n<meta property=\"og:type\" content=\"article\" \/>\n<meta property=\"og:title\" content=\"FAS nach Scheibentausch mobil kalibrieren - Krafthand-Truck\" \/>\n<meta property=\"og:description\" content=\"Seit Kurzem bietet der Nfz-Glasspezialist \u201aZentrale Autoglas\u2018 die \u201aMobile Neukalibrierung\u2018 f\u00fcr alle Lkw und Busse an.\" \/>\n<meta property=\"og:url\" content=\"https:\/\/www.krafthand-truck.de\/artikel\/fas-nach-scheibentausch-mobil-kalibrieren-25326\/\" \/>\n<meta property=\"og:site_name\" content=\"Krafthand-Truck\" \/>\n<meta property=\"article:published_time\" content=\"2020-01-13T23:00:00+00:00\" \/>\n<meta property=\"article:modified_time\" content=\"2021-03-10T11:14:22+00:00\" \/>\n<meta property=\"og:image\" content=\"https:\/\/www.krafthand.de\/truck\/wp-content\/uploads\/2020\/01\/04_19_018.jpg\" \/>\n\t<meta property=\"og:image:width\" content=\"1000\" \/>\n\t<meta property=\"og:image:height\" content=\"578\" \/>\n\t<meta property=\"og:image:type\" content=\"image\/jpeg\" \/>\n<meta name=\"author\" content=\"julian.schmid@krafthand.de\" \/>\n<meta name=\"twitter:card\" content=\"summary_large_image\" \/>\n<meta name=\"twitter:label1\" content=\"Verfasst von\" \/>\n\t<meta name=\"twitter:data1\" content=\"julian.schmid@krafthand.de\" \/>\n\t<meta name=\"twitter:label2\" content=\"Gesch\u00e4tzte Lesezeit\" \/>\n\t<meta name=\"twitter:data2\" content=\"1\u00a0Minute\" \/>\n<script type=\"application\/ld+json\" class=\"yoast-schema-graph\">{\"@context\":\"https:\\\/\\\/schema.org\",\"@graph\":[{\"@type\":\"Article\",\"@id\":\"https:\\\/\\\/www.krafthand.de\\\/truck\\\/artikel\\\/fas-nach-scheibentausch-mobil-kalibrieren-25326\\\/#article\",\"isPartOf\":{\"@id\":\"https:\\\/\\\/www.krafthand.de\\\/truck\\\/artikel\\\/fas-nach-scheibentausch-mobil-kalibrieren-25326\\\/\"},\"author\":{\"name\":\"julian.schmid@krafthand.de\",\"@id\":\"https:\\\/\\\/www.krafthand.de\\\/truck\\\/#\\\/schema\\\/person\\\/23aebc1e5e3f0204da7158bce36950bb\"},\"headline\":\"FAS nach Scheibentausch mobil kalibrieren\",\"datePublished\":\"2020-01-13T23:00:00+00:00\",\"dateModified\":\"2021-03-10T11:14:22+00:00\",\"mainEntityOfPage\":{\"@id\":\"https:\\\/\\\/www.krafthand.de\\\/truck\\\/artikel\\\/fas-nach-scheibentausch-mobil-kalibrieren-25326\\\/\"},\"wordCount\":286,\"image\":{\"@id\":\"https:\\\/\\\/www.krafthand.de\\\/truck\\\/artikel\\\/fas-nach-scheibentausch-mobil-kalibrieren-25326\\\/#primaryimage\"},\"thumbnailUrl\":\"https:\\\/\\\/static.krafthand-truck.de\\\/uploads\\\/2020\\\/01\\\/04_19_018.jpg\",\"keywords\":[\"Fahrerassistenzsystem\",\"FAS\",\"Glasservice\",\"Scheibentausch\",\"Texa\",\"Texa Deutschland\"],\"articleSection\":[\"Assistenzsysteme\",\"Werkstattpraxis\"],\"inLanguage\":\"de\"},{\"@type\":\"WebPage\",\"@id\":\"https:\\\/\\\/www.krafthand.de\\\/truck\\\/artikel\\\/fas-nach-scheibentausch-mobil-kalibrieren-25326\\\/\",\"url\":\"https:\\\/\\\/www.krafthand.de\\\/truck\\\/artikel\\\/fas-nach-scheibentausch-mobil-kalibrieren-25326\\\/\",\"name\":\"FAS nach Scheibentausch mobil kalibrieren - Krafthand-Truck\",\"isPartOf\":{\"@id\":\"https:\\\/\\\/www.krafthand.de\\\/truck\\\/#website\"},\"primaryImageOfPage\":{\"@id\":\"https:\\\/\\\/www.krafthand.de\\\/truck\\\/artikel\\\/fas-nach-scheibentausch-mobil-kalibrieren-25326\\\/#primaryimage\"},\"image\":{\"@id\":\"https:\\\/\\\/www.krafthand.de\\\/truck\\\/artikel\\\/fas-nach-scheibentausch-mobil-kalibrieren-25326\\\/#primaryimage\"},\"thumbnailUrl\":\"https:\\\/\\\/static.krafthand-truck.de\\\/uploads\\\/2020\\\/01\\\/04_19_018.jpg\",\"datePublished\":\"2020-01-13T23:00:00+00:00\",\"dateModified\":\"2021-03-10T11:14:22+00:00\",\"author\":{\"@id\":\"https:\\\/\\\/www.krafthand.de\\\/truck\\\/#\\\/schema\\\/person\\\/23aebc1e5e3f0204da7158bce36950bb\"},\"description\":\"Seit Kurzem bietet der Nfz-Glasspezialist \u201aZentrale Autoglas\u2018 die \u201aMobile Neukalibrierung\u2018 f\u00fcr alle Lkw und Busse an.\",\"breadcrumb\":{\"@id\":\"https:\\\/\\\/www.krafthand.de\\\/truck\\\/artikel\\\/fas-nach-scheibentausch-mobil-kalibrieren-25326\\\/#breadcrumb\"},\"inLanguage\":\"de\",\"potentialAction\":[{\"@type\":\"ReadAction\",\"target\":[\"https:\\\/\\\/www.krafthand.de\\\/truck\\\/artikel\\\/fas-nach-scheibentausch-mobil-kalibrieren-25326\\\/\"]}]},{\"@type\":\"ImageObject\",\"inLanguage\":\"de\",\"@id\":\"https:\\\/\\\/www.krafthand.de\\\/truck\\\/artikel\\\/fas-nach-scheibentausch-mobil-kalibrieren-25326\\\/#primaryimage\",\"url\":\"https:\\\/\\\/static.krafthand-truck.de\\\/uploads\\\/2020\\\/01\\\/04_19_018.jpg\",\"contentUrl\":\"https:\\\/\\\/static.krafthand-truck.de\\\/uploads\\\/2020\\\/01\\\/04_19_018.jpg\",\"width\":1000,\"height\":578,\"caption\":\"Thorsten Thomas von Texa Deutschland, Peter Wilhelmstroop von Zentrale Autoglas und Teilegro\u00dfh\u00e4ndler Matthias Wittich haben mit \u201aMobile Neukalibrierung\u2018 eine neue Dienstleistung speziell f\u00fcr Lkw und Busse entwickelt. Sie umfasst den mobilen Austausch der Windschutzscheibe inklusive fachgerechter Neukalibrierung kamerabasierter Fahrerassistenzsysteme. Bild: Ruthe\"},{\"@type\":\"BreadcrumbList\",\"@id\":\"https:\\\/\\\/www.krafthand.de\\\/truck\\\/artikel\\\/fas-nach-scheibentausch-mobil-kalibrieren-25326\\\/#breadcrumb\",\"itemListElement\":[{\"@type\":\"ListItem\",\"position\":1,\"name\":\"Krafthand-Truck\",\"item\":\"https:\\\/\\\/www.krafthand.de\\\/truck\\\/\"},{\"@type\":\"ListItem\",\"position\":2,\"name\":\"Nfz-Service\",\"item\":\"https:\\\/\\\/www.krafthand.de\\\/truck\\\/kategorie\\\/nfz-service\\\/\"},{\"@type\":\"ListItem\",\"position\":3,\"name\":\"Werkstattpraxis\",\"item\":\"https:\\\/\\\/www.krafthand.de\\\/truck\\\/kategorie\\\/nfz-service\\\/werkstattpraxis\\\/\"},{\"@type\":\"ListItem\",\"position\":4,\"name\":\"FAS nach Scheibentausch mobil kalibrieren\"}]},{\"@type\":\"WebSite\",\"@id\":\"https:\\\/\\\/www.krafthand.de\\\/truck\\\/#website\",\"url\":\"https:\\\/\\\/www.krafthand.de\\\/truck\\\/\",\"name\":\"Krafthand-Truck\",\"description\":\"\",\"potentialAction\":[{\"@type\":\"SearchAction\",\"target\":{\"@type\":\"EntryPoint\",\"urlTemplate\":\"https:\\\/\\\/www.krafthand.de\\\/truck\\\/?s={search_term_string}\"},\"query-input\":{\"@type\":\"PropertyValueSpecification\",\"valueRequired\":true,\"valueName\":\"search_term_string\"}}],\"inLanguage\":\"de\"},{\"@type\":\"Person\",\"@id\":\"https:\\\/\\\/www.krafthand.de\\\/truck\\\/#\\\/schema\\\/person\\\/23aebc1e5e3f0204da7158bce36950bb\",\"name\":\"julian.schmid@krafthand.de\",\"image\":{\"@type\":\"ImageObject\",\"inLanguage\":\"de\",\"@id\":\"https:\\\/\\\/secure.gravatar.com\\\/avatar\\\/ef76c2910cab8eb23fcc013e1c6dc1ba4af5e93fea6e6132d7c4e67d4e9631e9?s=96&d=mm&r=g\",\"url\":\"https:\\\/\\\/secure.gravatar.com\\\/avatar\\\/ef76c2910cab8eb23fcc013e1c6dc1ba4af5e93fea6e6132d7c4e67d4e9631e9?s=96&d=mm&r=g\",\"contentUrl\":\"https:\\\/\\\/secure.gravatar.com\\\/avatar\\\/ef76c2910cab8eb23fcc013e1c6dc1ba4af5e93fea6e6132d7c4e67d4e9631e9?s=96&d=mm&r=g\",\"caption\":\"julian.schmid@krafthand.de\"}}]}<\/script>\n<!-- \/ Yoast SEO plugin. -->","yoast_head_json":{"title":"FAS nach Scheibentausch mobil kalibrieren - Krafthand-Truck","description":"Seit Kurzem bietet der Nfz-Glasspezialist \u201aZentrale Autoglas\u2018 die \u201aMobile Neukalibrierung\u2018 f\u00fcr alle Lkw und Busse an.","robots":{"index":"index","follow":"follow","max-snippet":"max-snippet:-1","max-image-preview":"max-image-preview:large","max-video-preview":"max-video-preview:-1"},"canonical":"https:\/\/www.krafthand.de\/truck\/artikel\/fas-nach-scheibentausch-mobil-kalibrieren-25326\/","og_locale":"de_DE","og_type":"article","og_title":"FAS nach Scheibentausch mobil kalibrieren - Krafthand-Truck","og_description":"Seit Kurzem bietet der Nfz-Glasspezialist \u201aZentrale Autoglas\u2018 die \u201aMobile Neukalibrierung\u2018 f\u00fcr alle Lkw und Busse an.","og_url":"https:\/\/www.krafthand-truck.de\/artikel\/fas-nach-scheibentausch-mobil-kalibrieren-25326\/","og_site_name":"Krafthand-Truck","article_published_time":"2020-01-13T23:00:00+00:00","article_modified_time":"2021-03-10T11:14:22+00:00","og_image":[{"width":1000,"height":578,"url":"https:\/\/www.krafthand.de\/truck\/wp-content\/uploads\/2020\/01\/04_19_018.jpg","type":"image\/jpeg"}],"author":"julian.schmid@krafthand.de","twitter_card":"summary_large_image","twitter_misc":{"Verfasst von":"julian.schmid@krafthand.de","Gesch\u00e4tzte Lesezeit":"1\u00a0Minute"},"schema":{"@context":"https:\/\/schema.org","@graph":[{"@type":"Article","@id":"https:\/\/www.krafthand.de\/truck\/artikel\/fas-nach-scheibentausch-mobil-kalibrieren-25326\/#article","isPartOf":{"@id":"https:\/\/www.krafthand.de\/truck\/artikel\/fas-nach-scheibentausch-mobil-kalibrieren-25326\/"},"author":{"name":"julian.schmid@krafthand.de","@id":"https:\/\/www.krafthand.de\/truck\/#\/schema\/person\/23aebc1e5e3f0204da7158bce36950bb"},"headline":"FAS nach Scheibentausch mobil kalibrieren","datePublished":"2020-01-13T23:00:00+00:00","dateModified":"2021-03-10T11:14:22+00:00","mainEntityOfPage":{"@id":"https:\/\/www.krafthand.de\/truck\/artikel\/fas-nach-scheibentausch-mobil-kalibrieren-25326\/"},"wordCount":286,"image":{"@id":"https:\/\/www.krafthand.de\/truck\/artikel\/fas-nach-scheibentausch-mobil-kalibrieren-25326\/#primaryimage"},"thumbnailUrl":"https:\/\/static.krafthand-truck.de\/uploads\/2020\/01\/04_19_018.jpg","keywords":["Fahrerassistenzsystem","FAS","Glasservice","Scheibentausch","Texa","Texa Deutschland"],"articleSection":["Assistenzsysteme","Werkstattpraxis"],"inLanguage":"de"},{"@type":"WebPage","@id":"https:\/\/www.krafthand.de\/truck\/artikel\/fas-nach-scheibentausch-mobil-kalibrieren-25326\/","url":"https:\/\/www.krafthand.de\/truck\/artikel\/fas-nach-scheibentausch-mobil-kalibrieren-25326\/","name":"FAS nach Scheibentausch mobil kalibrieren - Krafthand-Truck","isPartOf":{"@id":"https:\/\/www.krafthand.de\/truck\/#website"},"primaryImageOfPage":{"@id":"https:\/\/www.krafthand.de\/truck\/artikel\/fas-nach-scheibentausch-mobil-kalibrieren-25326\/#primaryimage"},"image":{"@id":"https:\/\/www.krafthand.de\/truck\/artikel\/fas-nach-scheibentausch-mobil-kalibrieren-25326\/#primaryimage"},"thumbnailUrl":"https:\/\/static.krafthand-truck.de\/uploads\/2020\/01\/04_19_018.jpg","datePublished":"2020-01-13T23:00:00+00:00","dateModified":"2021-03-10T11:14:22+00:00","author":{"@id":"https:\/\/www.krafthand.de\/truck\/#\/schema\/person\/23aebc1e5e3f0204da7158bce36950bb"},"description":"Seit Kurzem bietet der Nfz-Glasspezialist \u201aZentrale Autoglas\u2018 die \u201aMobile Neukalibrierung\u2018 f\u00fcr alle Lkw und Busse an.","breadcrumb":{"@id":"https:\/\/www.krafthand.de\/truck\/artikel\/fas-nach-scheibentausch-mobil-kalibrieren-25326\/#breadcrumb"},"inLanguage":"de","potentialAction":[{"@type":"ReadAction","target":["https:\/\/www.krafthand.de\/truck\/artikel\/fas-nach-scheibentausch-mobil-kalibrieren-25326\/"]}]},{"@type":"ImageObject","inLanguage":"de","@id":"https:\/\/www.krafthand.de\/truck\/artikel\/fas-nach-scheibentausch-mobil-kalibrieren-25326\/#primaryimage","url":"https:\/\/static.krafthand-truck.de\/uploads\/2020\/01\/04_19_018.jpg","contentUrl":"https:\/\/static.krafthand-truck.de\/uploads\/2020\/01\/04_19_018.jpg","width":1000,"height":578,"caption":"Thorsten Thomas von Texa Deutschland, Peter Wilhelmstroop von Zentrale Autoglas und Teilegro\u00dfh\u00e4ndler Matthias Wittich haben mit \u201aMobile Neukalibrierung\u2018 eine neue Dienstleistung speziell f\u00fcr Lkw und Busse entwickelt. Sie umfasst den mobilen Austausch der Windschutzscheibe inklusive fachgerechter Neukalibrierung kamerabasierter Fahrerassistenzsysteme. Bild: Ruthe"},{"@type":"BreadcrumbList","@id":"https:\/\/www.krafthand.de\/truck\/artikel\/fas-nach-scheibentausch-mobil-kalibrieren-25326\/#breadcrumb","itemListElement":[{"@type":"ListItem","position":1,"name":"Krafthand-Truck","item":"https:\/\/www.krafthand.de\/truck\/"},{"@type":"ListItem","position":2,"name":"Nfz-Service","item":"https:\/\/www.krafthand.de\/truck\/kategorie\/nfz-service\/"},{"@type":"ListItem","position":3,"name":"Werkstattpraxis","item":"https:\/\/www.krafthand.de\/truck\/kategorie\/nfz-service\/werkstattpraxis\/"},{"@type":"ListItem","position":4,"name":"FAS nach Scheibentausch mobil kalibrieren"}]},{"@type":"WebSite","@id":"https:\/\/www.krafthand.de\/truck\/#website","url":"https:\/\/www.krafthand.de\/truck\/","name":"Krafthand-Truck","description":"","potentialAction":[{"@type":"SearchAction","target":{"@type":"EntryPoint","urlTemplate":"https:\/\/www.krafthand.de\/truck\/?s={search_term_string}"},"query-input":{"@type":"PropertyValueSpecification","valueRequired":true,"valueName":"search_term_string"}}],"inLanguage":"de"},{"@type":"Person","@id":"https:\/\/www.krafthand.de\/truck\/#\/schema\/person\/23aebc1e5e3f0204da7158bce36950bb","name":"julian.schmid@krafthand.de","image":{"@type":"ImageObject","inLanguage":"de","@id":"https:\/\/secure.gravatar.com\/avatar\/ef76c2910cab8eb23fcc013e1c6dc1ba4af5e93fea6e6132d7c4e67d4e9631e9?s=96&d=mm&r=g","url":"https:\/\/secure.gravatar.com\/avatar\/ef76c2910cab8eb23fcc013e1c6dc1ba4af5e93fea6e6132d7c4e67d4e9631e9?s=96&d=mm&r=g","contentUrl":"https:\/\/secure.gravatar.com\/avatar\/ef76c2910cab8eb23fcc013e1c6dc1ba4af5e93fea6e6132d7c4e67d4e9631e9?s=96&d=mm&r=g","caption":"julian.schmid@krafthand.de"}}]}},"_links":{"self":[{"href":"https:\/\/www.krafthand.de\/truck\/wp-json\/wp\/v2\/posts\/25326","targetHints":{"allow":["GET"]}}],"collection":[{"href":"https:\/\/www.krafthand.de\/truck\/wp-json\/wp\/v2\/posts"}],"about":[{"href":"https:\/\/www.krafthand.de\/truck\/wp-json\/wp\/v2\/types\/post"}],"author":[{"embeddable":true,"href":"https:\/\/www.krafthand.de\/truck\/wp-json\/wp\/v2\/users\/7"}],"replies":[{"embeddable":true,"href":"https:\/\/www.krafthand.de\/truck\/wp-json\/wp\/v2\/comments?post=25326"}],"version-history":[{"count":1,"href":"https:\/\/www.krafthand.de\/truck\/wp-json\/wp\/v2\/posts\/25326\/revisions"}],"predecessor-version":[{"id":25328,"href":"https:\/\/www.krafthand.de\/truck\/wp-json\/wp\/v2\/posts\/25326\/revisions\/25328"}],"wp:featuredmedia":[{"embeddable":true,"href":"https:\/\/www.krafthand.de\/truck\/wp-json\/wp\/v2\/media\/25327"}],"wp:attachment":[{"href":"https:\/\/www.krafthand.de\/truck\/wp-json\/wp\/v2\/media?parent=25326"}],"wp:term":[{"taxonomy":"category","embeddable":true,"href":"https:\/\/www.krafthand.de\/truck\/wp-json\/wp\/v2\/categories?post=25326"},{"taxonomy":"post_tag","embeddable":true,"href":"https:\/\/www.krafthand.de\/truck\/wp-json\/wp\/v2\/tags?post=25326"},{"taxonomy":"settings","embeddable":true,"href":"https:\/\/www.krafthand.de\/truck\/wp-json\/wp\/v2\/settings?post=25326"}],"curies":[{"name":"wp","href":"https:\/\/api.w.org\/{rel}","templated":true}]}}