{"id":25095,"date":"2019-09-23T07:00:02","date_gmt":"2019-09-23T05:00:02","guid":{"rendered":"https:\/\/www.krafthand.de\/truck\/?p=25095"},"modified":"2019-09-23T10:20:42","modified_gmt":"2019-09-23T08:20:42","slug":"nox-sensor-jetzt-im-freien-ersatzteilmarkt-erhaeltlich","status":"publish","type":"post","link":"https:\/\/www.krafthand.de\/truck\/artikel\/nox-sensor-jetzt-im-freien-ersatzteilmarkt-erhaeltlich-25095\/","title":{"rendered":"NOx-Sensor jetzt im freien Ersatzteilmarkt erh\u00e4ltlich"},"content":{"rendered":"<p>Bei Euro-V- und Euro-VI-Nutzfahrzeugen mit SCR-Abgasnachbehandlungssystem misst der NOx-Sensor die Stickoxidkonzentration im Abgas. Er ist damit einerseits f\u00fcr die Kontrolle des Abgasaussto\u00dfes zust\u00e4ndig \u2013 und ist damit direkt f\u00fcr den Harnstoffverbrauch verantwortlich. Was bedeutet, dass im Defektfall sowohl die Emissionen als auch der \u201aAdBlue\u2018-Verbrauch steigen. \u00dcblicherweise weist eine Warnlampe im Armaturenbrett den Fahrer auf ein schadhaftes Abgasnachbehandlungssystem hin, zudem wird ein Fehlercode im Motormanagement-Steuerger\u00e4t gesetzt \u2013 und im Extremfall das Notlaufprogramm darin aktiviert, welches wiederum die Motorleistung und das Motordrehmoment drastisch reduziert.<\/p>\n<p>Als einer der ersten im freien Ersatzteilmarkt hat der d\u00e4nische Abgastechnikspezialist Dinex mit dem \u201aDinSensor\u2018 seit geraumer Zeit einen passenden Ersatz f\u00fcr defekte NOx-Sensoren im Programm, welche davor nur \u00fcber die OE-Schiene erh\u00e4ltlich waren. Unternehmensangaben zufolge ersetzt ein \u201aDinSensor\u2018 problemlos den Original-Sensor, wobei der Austausch einfach zu bewerkstelligen sein soll. Erh\u00e4ltlich ist die neue Dinex-Produktlinie, die Ersatzsensoren f\u00fcr zahlreiche Modelle der \u201aBigSeven\u2018, also von DAF, Iveco, MAN, Mercedes-Benz, Renault, Scania und Volvo, umfasst, \u00fcber den autorisierten Teilefachhandel.<\/p>\n<figure id=\"attachment_25098\" aria-describedby=\"caption-attachment-25098\" style=\"width: 260px\" class=\"wp-caption aligncenter\"><img fetchpriority=\"high\" decoding=\"async\" class=\"wp-image-25098 size-medium\" src=\"https:\/\/www.krafthand.de\/truck\/wp-content\/uploads\/2019\/09\/0319_043-vorne-260x300.jpg\" alt=\"Ersatz NOx-Sensor\" width=\"260\" height=\"300\" srcset=\"https:\/\/static.krafthand-truck.de\/uploads\/2019\/09\/0319_043-vorne-260x300.jpg 260w, https:\/\/static.krafthand-truck.de\/uploads\/2019\/09\/0319_043-vorne-768x887.jpg 768w, https:\/\/static.krafthand-truck.de\/uploads\/2019\/09\/0319_043-vorne-887x1024.jpg 887w, https:\/\/static.krafthand-truck.de\/uploads\/2019\/09\/0319_043-vorne.jpg 1000w\" sizes=\"(max-width: 260px) 100vw, 260px\" \/><figcaption id=\"caption-attachment-25098\" class=\"wp-caption-text\">Bild: Dinex<\/figcaption><\/figure>\n<p><i>Den Beitrag finden Sie auch in der Print-Ausgabe 3\/19 der <a href=\"https:\/\/www.krafthand.de\/truck\/magazin\/\" title=\"Zum Magazin\">Krafthand-Truck<\/a>.<\/i><\/p>","protected":false},"excerpt":{"rendered":"<p>Als einer der ersten im freien Ersatzteilmarkt hat Dinex mit dem \u201aDinSensor\u2018 seit geraumer Zeit einen passenden Ersatz f\u00fcr defekte NOx-Sensoren im Programm. <span class=\"excerpt-more__dots\">&#8230;<\/span> <a class=\"excerpt-more__link\" href=\"https:\/\/www.krafthand.de\/truck\/artikel\/nox-sensor-jetzt-im-freien-ersatzteilmarkt-erhaeltlich-25095\/\" >weiter<\/a><\/p>\n","protected":false},"author":7,"featured_media":25097,"comment_status":"closed","ping_status":"closed","sticky":false,"template":"","format":"standard","meta":{"footnotes":""},"categories":[5],"tags":[2154,1317,2481,3945],"settings":[],"class_list":["post-25095","post","type-post","status-publish","format-standard","has-post-thumbnail","hentry","category-branche","tag-abgasnachbehandlung","tag-abgasnachbehandlungssystem","tag-ersatzteilmarkt","tag-nox-sensor"],"yoast_head":"<!-- This site is optimized with the Yoast SEO plugin v27.3 - https:\/\/yoast.com\/product\/yoast-seo-wordpress\/ -->\n<title>NOx-Sensor jetzt im freien Ersatzteilmarkt erh\u00e4ltlich - Krafthand-Truck<\/title>\n<meta name=\"description\" content=\"Als einer der ersten im freien Ersatzteilmarkt hat Dinex mit dem \u201aDinSensor\u2018 einen passenden Ersatz f\u00fcr defekte NOx-Sensoren im Programm.\" \/>\n<meta name=\"robots\" content=\"index, follow, max-snippet:-1, max-image-preview:large, max-video-preview:-1\" \/>\n<link rel=\"canonical\" href=\"https:\/\/www.krafthand.de\/truck\/artikel\/nox-sensor-jetzt-im-freien-ersatzteilmarkt-erhaeltlich-25095\/\" \/>\n<meta property=\"og:locale\" content=\"de_DE\" \/>\n<meta property=\"og:type\" content=\"article\" \/>\n<meta property=\"og:title\" content=\"NOx-Sensor jetzt im freien Ersatzteilmarkt erh\u00e4ltlich - Krafthand-Truck\" \/>\n<meta property=\"og:description\" content=\"Als einer der ersten im freien Ersatzteilmarkt hat Dinex mit dem \u201aDinSensor\u2018 einen passenden Ersatz f\u00fcr defekte NOx-Sensoren im Programm.\" \/>\n<meta property=\"og:url\" content=\"https:\/\/www.krafthand-truck.de\/artikel\/nox-sensor-jetzt-im-freien-ersatzteilmarkt-erhaeltlich-25095\/\" \/>\n<meta property=\"og:site_name\" content=\"Krafthand-Truck\" \/>\n<meta property=\"article:published_time\" content=\"2019-09-23T05:00:02+00:00\" \/>\n<meta property=\"article:modified_time\" content=\"2019-09-23T08:20:42+00:00\" \/>\n<meta property=\"og:image\" content=\"https:\/\/www.krafthand.de\/truck\/wp-content\/uploads\/2019\/09\/0319_043-hinten.jpg\" \/>\n\t<meta property=\"og:image:width\" content=\"1000\" \/>\n\t<meta property=\"og:image:height\" content=\"674\" \/>\n\t<meta property=\"og:image:type\" content=\"image\/jpeg\" \/>\n<meta name=\"author\" content=\"julian.schmid@krafthand.de\" \/>\n<meta name=\"twitter:card\" content=\"summary_large_image\" \/>\n<meta name=\"twitter:label1\" content=\"Verfasst von\" \/>\n\t<meta name=\"twitter:data1\" content=\"julian.schmid@krafthand.de\" \/>\n\t<meta name=\"twitter:label2\" content=\"Gesch\u00e4tzte Lesezeit\" \/>\n\t<meta name=\"twitter:data2\" content=\"1\u00a0Minute\" \/>\n<script type=\"application\/ld+json\" class=\"yoast-schema-graph\">{\"@context\":\"https:\\\/\\\/schema.org\",\"@graph\":[{\"@type\":\"Article\",\"@id\":\"https:\\\/\\\/www.krafthand.de\\\/truck\\\/artikel\\\/nox-sensor-jetzt-im-freien-ersatzteilmarkt-erhaeltlich-25095\\\/#article\",\"isPartOf\":{\"@id\":\"https:\\\/\\\/www.krafthand.de\\\/truck\\\/artikel\\\/nox-sensor-jetzt-im-freien-ersatzteilmarkt-erhaeltlich-25095\\\/\"},\"author\":{\"name\":\"julian.schmid@krafthand.de\",\"@id\":\"https:\\\/\\\/www.krafthand.de\\\/truck\\\/#\\\/schema\\\/person\\\/23aebc1e5e3f0204da7158bce36950bb\"},\"headline\":\"NOx-Sensor jetzt im freien Ersatzteilmarkt erh\u00e4ltlich\",\"datePublished\":\"2019-09-23T05:00:02+00:00\",\"dateModified\":\"2019-09-23T08:20:42+00:00\",\"mainEntityOfPage\":{\"@id\":\"https:\\\/\\\/www.krafthand.de\\\/truck\\\/artikel\\\/nox-sensor-jetzt-im-freien-ersatzteilmarkt-erhaeltlich-25095\\\/\"},\"wordCount\":184,\"image\":{\"@id\":\"https:\\\/\\\/www.krafthand.de\\\/truck\\\/artikel\\\/nox-sensor-jetzt-im-freien-ersatzteilmarkt-erhaeltlich-25095\\\/#primaryimage\"},\"thumbnailUrl\":\"https:\\\/\\\/static.krafthand-truck.de\\\/uploads\\\/2019\\\/09\\\/0319_043-hinten.jpg\",\"keywords\":[\"Abgasnachbehandlung\",\"Abgasnachbehandlungssystem\",\"Ersatzteilmarkt\",\"NOx-Sensor\"],\"articleSection\":[\"Nfz-Branche\"],\"inLanguage\":\"de\"},{\"@type\":\"WebPage\",\"@id\":\"https:\\\/\\\/www.krafthand.de\\\/truck\\\/artikel\\\/nox-sensor-jetzt-im-freien-ersatzteilmarkt-erhaeltlich-25095\\\/\",\"url\":\"https:\\\/\\\/www.krafthand.de\\\/truck\\\/artikel\\\/nox-sensor-jetzt-im-freien-ersatzteilmarkt-erhaeltlich-25095\\\/\",\"name\":\"NOx-Sensor jetzt im freien Ersatzteilmarkt erh\u00e4ltlich - Krafthand-Truck\",\"isPartOf\":{\"@id\":\"https:\\\/\\\/www.krafthand.de\\\/truck\\\/#website\"},\"primaryImageOfPage\":{\"@id\":\"https:\\\/\\\/www.krafthand.de\\\/truck\\\/artikel\\\/nox-sensor-jetzt-im-freien-ersatzteilmarkt-erhaeltlich-25095\\\/#primaryimage\"},\"image\":{\"@id\":\"https:\\\/\\\/www.krafthand.de\\\/truck\\\/artikel\\\/nox-sensor-jetzt-im-freien-ersatzteilmarkt-erhaeltlich-25095\\\/#primaryimage\"},\"thumbnailUrl\":\"https:\\\/\\\/static.krafthand-truck.de\\\/uploads\\\/2019\\\/09\\\/0319_043-hinten.jpg\",\"datePublished\":\"2019-09-23T05:00:02+00:00\",\"dateModified\":\"2019-09-23T08:20:42+00:00\",\"author\":{\"@id\":\"https:\\\/\\\/www.krafthand.de\\\/truck\\\/#\\\/schema\\\/person\\\/23aebc1e5e3f0204da7158bce36950bb\"},\"description\":\"Als einer der ersten im freien Ersatzteilmarkt hat Dinex mit dem \u201aDinSensor\u2018 einen passenden Ersatz f\u00fcr defekte NOx-Sensoren im Programm.\",\"breadcrumb\":{\"@id\":\"https:\\\/\\\/www.krafthand.de\\\/truck\\\/artikel\\\/nox-sensor-jetzt-im-freien-ersatzteilmarkt-erhaeltlich-25095\\\/#breadcrumb\"},\"inLanguage\":\"de\",\"potentialAction\":[{\"@type\":\"ReadAction\",\"target\":[\"https:\\\/\\\/www.krafthand.de\\\/truck\\\/artikel\\\/nox-sensor-jetzt-im-freien-ersatzteilmarkt-erhaeltlich-25095\\\/\"]}]},{\"@type\":\"ImageObject\",\"inLanguage\":\"de\",\"@id\":\"https:\\\/\\\/www.krafthand.de\\\/truck\\\/artikel\\\/nox-sensor-jetzt-im-freien-ersatzteilmarkt-erhaeltlich-25095\\\/#primaryimage\",\"url\":\"https:\\\/\\\/static.krafthand-truck.de\\\/uploads\\\/2019\\\/09\\\/0319_043-hinten.jpg\",\"contentUrl\":\"https:\\\/\\\/static.krafthand-truck.de\\\/uploads\\\/2019\\\/09\\\/0319_043-hinten.jpg\",\"width\":1000,\"height\":674,\"caption\":\"Zum Aftermarkt-Sortiment des d\u00e4nischen Abgastechnikspezialisten Dinex geh\u00f6ren auch NOx-Sensoren f\u00fcr g\u00e4ngige Modelle der \u201aBigSeven\u2018. Der \u201aDinSensor\u2018 l\u00e4sst sich einfach gegen den Originalsensor tauschen. Bild: Dinex\"},{\"@type\":\"BreadcrumbList\",\"@id\":\"https:\\\/\\\/www.krafthand.de\\\/truck\\\/artikel\\\/nox-sensor-jetzt-im-freien-ersatzteilmarkt-erhaeltlich-25095\\\/#breadcrumb\",\"itemListElement\":[{\"@type\":\"ListItem\",\"position\":1,\"name\":\"Krafthand-Truck\",\"item\":\"https:\\\/\\\/www.krafthand.de\\\/truck\\\/\"},{\"@type\":\"ListItem\",\"position\":2,\"name\":\"Nfz-Branche\",\"item\":\"https:\\\/\\\/www.krafthand.de\\\/truck\\\/kategorie\\\/branche\\\/\"},{\"@type\":\"ListItem\",\"position\":3,\"name\":\"NOx-Sensor jetzt im freien Ersatzteilmarkt erh\u00e4ltlich\"}]},{\"@type\":\"WebSite\",\"@id\":\"https:\\\/\\\/www.krafthand.de\\\/truck\\\/#website\",\"url\":\"https:\\\/\\\/www.krafthand.de\\\/truck\\\/\",\"name\":\"Krafthand-Truck\",\"description\":\"\",\"potentialAction\":[{\"@type\":\"SearchAction\",\"target\":{\"@type\":\"EntryPoint\",\"urlTemplate\":\"https:\\\/\\\/www.krafthand.de\\\/truck\\\/?s={search_term_string}\"},\"query-input\":{\"@type\":\"PropertyValueSpecification\",\"valueRequired\":true,\"valueName\":\"search_term_string\"}}],\"inLanguage\":\"de\"},{\"@type\":\"Person\",\"@id\":\"https:\\\/\\\/www.krafthand.de\\\/truck\\\/#\\\/schema\\\/person\\\/23aebc1e5e3f0204da7158bce36950bb\",\"name\":\"julian.schmid@krafthand.de\",\"image\":{\"@type\":\"ImageObject\",\"inLanguage\":\"de\",\"@id\":\"https:\\\/\\\/secure.gravatar.com\\\/avatar\\\/ef76c2910cab8eb23fcc013e1c6dc1ba4af5e93fea6e6132d7c4e67d4e9631e9?s=96&d=mm&r=g\",\"url\":\"https:\\\/\\\/secure.gravatar.com\\\/avatar\\\/ef76c2910cab8eb23fcc013e1c6dc1ba4af5e93fea6e6132d7c4e67d4e9631e9?s=96&d=mm&r=g\",\"contentUrl\":\"https:\\\/\\\/secure.gravatar.com\\\/avatar\\\/ef76c2910cab8eb23fcc013e1c6dc1ba4af5e93fea6e6132d7c4e67d4e9631e9?s=96&d=mm&r=g\",\"caption\":\"julian.schmid@krafthand.de\"}}]}<\/script>\n<!-- \/ Yoast SEO plugin. -->","yoast_head_json":{"title":"NOx-Sensor jetzt im freien Ersatzteilmarkt erh\u00e4ltlich - Krafthand-Truck","description":"Als einer der ersten im freien Ersatzteilmarkt hat Dinex mit dem \u201aDinSensor\u2018 einen passenden Ersatz f\u00fcr defekte NOx-Sensoren im Programm.","robots":{"index":"index","follow":"follow","max-snippet":"max-snippet:-1","max-image-preview":"max-image-preview:large","max-video-preview":"max-video-preview:-1"},"canonical":"https:\/\/www.krafthand.de\/truck\/artikel\/nox-sensor-jetzt-im-freien-ersatzteilmarkt-erhaeltlich-25095\/","og_locale":"de_DE","og_type":"article","og_title":"NOx-Sensor jetzt im freien Ersatzteilmarkt erh\u00e4ltlich - Krafthand-Truck","og_description":"Als einer der ersten im freien Ersatzteilmarkt hat Dinex mit dem \u201aDinSensor\u2018 einen passenden Ersatz f\u00fcr defekte NOx-Sensoren im Programm.","og_url":"https:\/\/www.krafthand-truck.de\/artikel\/nox-sensor-jetzt-im-freien-ersatzteilmarkt-erhaeltlich-25095\/","og_site_name":"Krafthand-Truck","article_published_time":"2019-09-23T05:00:02+00:00","article_modified_time":"2019-09-23T08:20:42+00:00","og_image":[{"width":1000,"height":674,"url":"https:\/\/www.krafthand.de\/truck\/wp-content\/uploads\/2019\/09\/0319_043-hinten.jpg","type":"image\/jpeg"}],"author":"julian.schmid@krafthand.de","twitter_card":"summary_large_image","twitter_misc":{"Verfasst von":"julian.schmid@krafthand.de","Gesch\u00e4tzte Lesezeit":"1\u00a0Minute"},"schema":{"@context":"https:\/\/schema.org","@graph":[{"@type":"Article","@id":"https:\/\/www.krafthand.de\/truck\/artikel\/nox-sensor-jetzt-im-freien-ersatzteilmarkt-erhaeltlich-25095\/#article","isPartOf":{"@id":"https:\/\/www.krafthand.de\/truck\/artikel\/nox-sensor-jetzt-im-freien-ersatzteilmarkt-erhaeltlich-25095\/"},"author":{"name":"julian.schmid@krafthand.de","@id":"https:\/\/www.krafthand.de\/truck\/#\/schema\/person\/23aebc1e5e3f0204da7158bce36950bb"},"headline":"NOx-Sensor jetzt im freien Ersatzteilmarkt erh\u00e4ltlich","datePublished":"2019-09-23T05:00:02+00:00","dateModified":"2019-09-23T08:20:42+00:00","mainEntityOfPage":{"@id":"https:\/\/www.krafthand.de\/truck\/artikel\/nox-sensor-jetzt-im-freien-ersatzteilmarkt-erhaeltlich-25095\/"},"wordCount":184,"image":{"@id":"https:\/\/www.krafthand.de\/truck\/artikel\/nox-sensor-jetzt-im-freien-ersatzteilmarkt-erhaeltlich-25095\/#primaryimage"},"thumbnailUrl":"https:\/\/static.krafthand-truck.de\/uploads\/2019\/09\/0319_043-hinten.jpg","keywords":["Abgasnachbehandlung","Abgasnachbehandlungssystem","Ersatzteilmarkt","NOx-Sensor"],"articleSection":["Nfz-Branche"],"inLanguage":"de"},{"@type":"WebPage","@id":"https:\/\/www.krafthand.de\/truck\/artikel\/nox-sensor-jetzt-im-freien-ersatzteilmarkt-erhaeltlich-25095\/","url":"https:\/\/www.krafthand.de\/truck\/artikel\/nox-sensor-jetzt-im-freien-ersatzteilmarkt-erhaeltlich-25095\/","name":"NOx-Sensor jetzt im freien Ersatzteilmarkt erh\u00e4ltlich - Krafthand-Truck","isPartOf":{"@id":"https:\/\/www.krafthand.de\/truck\/#website"},"primaryImageOfPage":{"@id":"https:\/\/www.krafthand.de\/truck\/artikel\/nox-sensor-jetzt-im-freien-ersatzteilmarkt-erhaeltlich-25095\/#primaryimage"},"image":{"@id":"https:\/\/www.krafthand.de\/truck\/artikel\/nox-sensor-jetzt-im-freien-ersatzteilmarkt-erhaeltlich-25095\/#primaryimage"},"thumbnailUrl":"https:\/\/static.krafthand-truck.de\/uploads\/2019\/09\/0319_043-hinten.jpg","datePublished":"2019-09-23T05:00:02+00:00","dateModified":"2019-09-23T08:20:42+00:00","author":{"@id":"https:\/\/www.krafthand.de\/truck\/#\/schema\/person\/23aebc1e5e3f0204da7158bce36950bb"},"description":"Als einer der ersten im freien Ersatzteilmarkt hat Dinex mit dem \u201aDinSensor\u2018 einen passenden Ersatz f\u00fcr defekte NOx-Sensoren im Programm.","breadcrumb":{"@id":"https:\/\/www.krafthand.de\/truck\/artikel\/nox-sensor-jetzt-im-freien-ersatzteilmarkt-erhaeltlich-25095\/#breadcrumb"},"inLanguage":"de","potentialAction":[{"@type":"ReadAction","target":["https:\/\/www.krafthand.de\/truck\/artikel\/nox-sensor-jetzt-im-freien-ersatzteilmarkt-erhaeltlich-25095\/"]}]},{"@type":"ImageObject","inLanguage":"de","@id":"https:\/\/www.krafthand.de\/truck\/artikel\/nox-sensor-jetzt-im-freien-ersatzteilmarkt-erhaeltlich-25095\/#primaryimage","url":"https:\/\/static.krafthand-truck.de\/uploads\/2019\/09\/0319_043-hinten.jpg","contentUrl":"https:\/\/static.krafthand-truck.de\/uploads\/2019\/09\/0319_043-hinten.jpg","width":1000,"height":674,"caption":"Zum Aftermarkt-Sortiment des d\u00e4nischen Abgastechnikspezialisten Dinex geh\u00f6ren auch NOx-Sensoren f\u00fcr g\u00e4ngige Modelle der \u201aBigSeven\u2018. Der \u201aDinSensor\u2018 l\u00e4sst sich einfach gegen den Originalsensor tauschen. Bild: Dinex"},{"@type":"BreadcrumbList","@id":"https:\/\/www.krafthand.de\/truck\/artikel\/nox-sensor-jetzt-im-freien-ersatzteilmarkt-erhaeltlich-25095\/#breadcrumb","itemListElement":[{"@type":"ListItem","position":1,"name":"Krafthand-Truck","item":"https:\/\/www.krafthand.de\/truck\/"},{"@type":"ListItem","position":2,"name":"Nfz-Branche","item":"https:\/\/www.krafthand.de\/truck\/kategorie\/branche\/"},{"@type":"ListItem","position":3,"name":"NOx-Sensor jetzt im freien Ersatzteilmarkt erh\u00e4ltlich"}]},{"@type":"WebSite","@id":"https:\/\/www.krafthand.de\/truck\/#website","url":"https:\/\/www.krafthand.de\/truck\/","name":"Krafthand-Truck","description":"","potentialAction":[{"@type":"SearchAction","target":{"@type":"EntryPoint","urlTemplate":"https:\/\/www.krafthand.de\/truck\/?s={search_term_string}"},"query-input":{"@type":"PropertyValueSpecification","valueRequired":true,"valueName":"search_term_string"}}],"inLanguage":"de"},{"@type":"Person","@id":"https:\/\/www.krafthand.de\/truck\/#\/schema\/person\/23aebc1e5e3f0204da7158bce36950bb","name":"julian.schmid@krafthand.de","image":{"@type":"ImageObject","inLanguage":"de","@id":"https:\/\/secure.gravatar.com\/avatar\/ef76c2910cab8eb23fcc013e1c6dc1ba4af5e93fea6e6132d7c4e67d4e9631e9?s=96&d=mm&r=g","url":"https:\/\/secure.gravatar.com\/avatar\/ef76c2910cab8eb23fcc013e1c6dc1ba4af5e93fea6e6132d7c4e67d4e9631e9?s=96&d=mm&r=g","contentUrl":"https:\/\/secure.gravatar.com\/avatar\/ef76c2910cab8eb23fcc013e1c6dc1ba4af5e93fea6e6132d7c4e67d4e9631e9?s=96&d=mm&r=g","caption":"julian.schmid@krafthand.de"}}]}},"_links":{"self":[{"href":"https:\/\/www.krafthand.de\/truck\/wp-json\/wp\/v2\/posts\/25095","targetHints":{"allow":["GET"]}}],"collection":[{"href":"https:\/\/www.krafthand.de\/truck\/wp-json\/wp\/v2\/posts"}],"about":[{"href":"https:\/\/www.krafthand.de\/truck\/wp-json\/wp\/v2\/types\/post"}],"author":[{"embeddable":true,"href":"https:\/\/www.krafthand.de\/truck\/wp-json\/wp\/v2\/users\/7"}],"replies":[{"embeddable":true,"href":"https:\/\/www.krafthand.de\/truck\/wp-json\/wp\/v2\/comments?post=25095"}],"version-history":[{"count":2,"href":"https:\/\/www.krafthand.de\/truck\/wp-json\/wp\/v2\/posts\/25095\/revisions"}],"predecessor-version":[{"id":25099,"href":"https:\/\/www.krafthand.de\/truck\/wp-json\/wp\/v2\/posts\/25095\/revisions\/25099"}],"wp:featuredmedia":[{"embeddable":true,"href":"https:\/\/www.krafthand.de\/truck\/wp-json\/wp\/v2\/media\/25097"}],"wp:attachment":[{"href":"https:\/\/www.krafthand.de\/truck\/wp-json\/wp\/v2\/media?parent=25095"}],"wp:term":[{"taxonomy":"category","embeddable":true,"href":"https:\/\/www.krafthand.de\/truck\/wp-json\/wp\/v2\/categories?post=25095"},{"taxonomy":"post_tag","embeddable":true,"href":"https:\/\/www.krafthand.de\/truck\/wp-json\/wp\/v2\/tags?post=25095"},{"taxonomy":"settings","embeddable":true,"href":"https:\/\/www.krafthand.de\/truck\/wp-json\/wp\/v2\/settings?post=25095"}],"curies":[{"name":"wp","href":"https:\/\/api.w.org\/{rel}","templated":true}]}}