{"id":25089,"date":"2019-09-12T00:00:00","date_gmt":"2019-09-11T22:00:00","guid":{"rendered":"https:\/\/www.krafthand.de\/truck\/?p=25089"},"modified":"2019-09-23T10:21:44","modified_gmt":"2019-09-23T08:21:44","slug":"professionelle-turboladerinstandsetzung","status":"publish","type":"post","link":"https:\/\/www.krafthand.de\/truck\/artikel\/professionelle-turboladerinstandsetzung-25089\/","title":{"rendered":"Professionelle Turboladerinstandsetzung"},"content":{"rendered":"<p class=\"text-colored text-bold\"> Das Gesch\u00e4ft mit Turboladern w\u00e4chst st\u00e4ndig und ist lukrativ f\u00fcr Werkst\u00e4tten und den Handel, denn die Nachfrage nach Ersatzladern ist hoch. Motorenteile-Spezialist MS Motorservice mischt seit geraumer Zeit mit seinen \u201aIntec\u2018-Ladern ebenfalls im Turbo-Markt mit. KRAFTHAND-Truck hat sich angesehen, wie diese Reman-Lader im franz\u00f6sischen Genas entstehen. <\/p>\n<p>Kaum ein moderner Nutzfahrzeugmotor verl\u00e4sst heutzutage \u201aunaufgeladen\u2018 das Werk. Wie schon seit L\u00e4ngerem bei der \u201aPkw-Fraktion\u2018, so hat auch bei den Nutzfahrzeugen das Downsizing Einzug gehalten. Kleinere Motoren mit gro\u00dfer Leistung, geringer Verbrauch und geringe Emissionen \u2013 das sind die Treiber, die nach dem Einsatz eines Turboladers verlangen.<\/p>\n<h2>Anhaltender \u201aTurbo-Trend\u2018<\/h2>\n<p>F\u00fcr Werkst\u00e4tten und den Handel birgt dieser anhaltende \u201aTurbo-Trend\u2018 ein interessantes Umsatzpotenzial, denn mit der steigenden Ausstattungsquote steigt zwangsl\u00e4ufig auch der Ersatzbedarf. Zwar geh\u00f6rt ein Turbolader nicht zu den typischen Verschlei\u00dfteilen am Motor, doch nachl\u00e4ssige Wartung und Probleme in der Peripherie des Aufladesystems f\u00fchren immer wieder ungeplant zum \u201aTurbo-Tod\u2018 \u2013 was zwangsl\u00e4ufig zu einer steigenden Nachfrage nach Ersatzturboladern f\u00fchrt. Doch mittlerweile tummeln sich zahllose Anbieter in einem immer un\u00fcbersichtlicheren Turbolader-Markt. Schlechte Erfahrungen, insbesondere mit unprofessionell aufbereiteten Ladern, f\u00fchren jedoch dazu, dass Werkst\u00e4tten bei Ersatzladern mittlerweile ganz genau auf die Qualit\u00e4t achten \u2013 vor allem bei Reman-Ladern f\u00fcr die zeitwertgerechte Reparatur.<\/p>\n<p>Als Vertriebsorganisation f\u00fcr die weltweiten Aftermarket-Aktivit\u00e4ten von Rheinmetall Automotive geh\u00f6rt die MS Motorservice-Gruppe mit den Marken \u201aKolbenschmidt\u2018, \u201aPierburg\u2018, \u201aBF\u2018 und \u201aTRW Engine Components\u2018 zu den etablierten Anbietern von Motorkomponenten im Ersatzteilmarkt. Und auch der franz\u00f6sische Turbolader-Spezialist \u201aIntec\u2018 geh\u00f6rt seit geraumer Zeit zu diesem Verbund und steuert Reman-Turbolader unter der Marke \u201aTurbo by Intec\u2018 bei. Diese gelangen \u2013 wie auch die \u201aKolbenschmidt\u2018- und \u201aPierburg\u2018-Komponenten \u2013 in einem typisch-blauen Karton nun vermehrt auch in deutsche Nutzfahrzeug-Werkst\u00e4tten.<\/p>\n<div class=\"gallery-container\"><div class=\"owl-carousel owl-theme\">\r\n        <div>\r\n        \t<img decoding=\"async\" src=\"https:\/\/static.krafthand-truck.de\/uploads\/2019\/09\/0319_041_02.jpg\" alt=\"\" \/>\r\n          <a href=\"https:\/\/static.krafthand-truck.de\/uploads\/2019\/09\/0319_041_02.jpg\" data-featherlight=\"gallery_69f575ea7a4b6\" class=\"gallery-expand\" data-title=\"Auch Turbolader mit variabler Turbinengeometrie \u201ak\u00f6nnen\u2018 die Franzosen. Auf der Flowbench werden die Lader nach Herstellervorgabe kalibriert.\"><i class=\"fa fa-expand\" aria-hidden=\"true\"><\/i><\/a>\r\n        \t<div class=\"gallery-caption wp-caption-text\"><p>Auch Turbolader mit variabler Turbinengeometrie \u201ak\u00f6nnen\u2018 die Franzosen. Auf der Flowbench werden die Lader nach Herstellervorgabe kalibriert.<\/p>\n<\/div>\r\n        <\/div>\r\n        <div>\r\n        \t<img decoding=\"async\" src=\"https:\/\/static.krafthand-truck.de\/uploads\/2019\/09\/0319_041_03-685x1024.jpg\" alt=\"\" \/>\r\n          <a href=\"https:\/\/static.krafthand-truck.de\/uploads\/2019\/09\/0319_041_03-685x1024.jpg\" data-featherlight=\"gallery_69f575ea7a4b6\" class=\"gallery-expand\" data-title=\"R\u00e9gis Serrano, Senior Vice President Sales bei MS Motorservice, hat gut lachen: die Turboladeraufbereitung bei Intec France l\u00e4uft gut.\"><i class=\"fa fa-expand\" aria-hidden=\"true\"><\/i><\/a>\r\n        \t<div class=\"gallery-caption wp-caption-text\"><p>R\u00e9gis Serrano, Senior Vice President Sales bei MS Motorservice, hat gut lachen: die Turboladeraufbereitung bei Intec France l\u00e4uft gut.<\/p>\n<\/div>\r\n        <\/div><\/div><\/div>\r\n\t<script>\r\n\t\tjQuery(document).ready(function($){\r\n      setTimeout(function(){\r\n  \t\t\t$(\".owl-carousel\").owlCarousel({\r\n  \t\t\t\tloop:true,\r\n    \t\t\tmargin:10,\r\n    \t\t\tresponsiveClass:true,\r\n    \t\t\titems:1,\r\n    \t\t\tautoHeight: true,\r\n          nav: true,\r\n          URLhashListener: true,\r\n          startPosition: \"URLHash\",\r\n          navText: [\r\n            \"<i class='fa fa-chevron-left'><\/i>\",\r\n            \"<i class='fa fa-chevron-right'><\/i>\"\r\n          ],\r\n  \t\t\t});\r\n      }, 2000);\r\n\t\t});\r\n\t<\/script>\r\n\t\n<p>\u201eIn Frankreich ist Intec kein Unbekannter, denn schon seit \u00fcber 30 Jahren betraut Cummins, einer der gr\u00f6\u00dften Hersteller von Lkw-Turboladern, das Unternehmen mit der Instandsetzung seines gesamten Turbolader-Sortiments. Zudem ist Intec France offizieller H\u00e4ndler von Borgwarner, Hitachi, Holset, Garrett Advancing Motion, MHI sowie IHI\u201c, berichtet R\u00e9gis Serrano, Senior Vice President Sales bei MS Motorservice, im Gespr\u00e4ch mit KRAFTHAND-Truck. Im Industriegebiet von Genas (bei Lyon) bereitet ein neunk\u00f6pfiges Spezialistenteam auf modernen Maschinen die \u201aTurbo by Intec\u2018-Lader nach einem exakt definierten und vom T\u00dcV Rheinland zertifizierten Prozess auf. Die \u00dcberholung erfolgt laut Serrano gem\u00e4\u00df den Erstausr\u00fcster-Spezifikationen unter Verwendung hochwertiger, ebenfalls nach Erstausr\u00fcsterkriterien spezifizierter Komponenten. Selbst Ladern mit variabler Turbinengeometrie (VTG, VNT) k\u00f6nnen die franz\u00f6sischen Turbo-Spezialisten ein zweites Leben verschaffen, da sie \u00fcber die zum Pr\u00fcfen und Kalibrieren der Turbinenverstellung notwendige \u201aFlowbench\u2018 inklusive der Hersteller-Einstelldaten verf\u00fcgen.<\/p>\n<p><i>Den Beitrag finden Sie auch in der Print-Ausgabe 3\/19 der <a href=\"https:\/\/www.krafthand.de\/truck\/magazin\/\" title=\"Zum Magazin\">Krafthand-Truck<\/a>.<\/i><\/p>\r\n\t\t\t\t<div class=\"post-author\">\r\n\t\t\t\t\t<div class=\"khm-cp-author clearfix\">\r\n\t\t\t\t\t\t<div class=\"khm-cp-author__content\">\r\n\t\t\t\t\t\t\t\tKontakt zum Autor:<br \/>\r\n\t\t\t\t\t\t\t\t<strong>Klaus Kuss<\/strong>, 08247 \/ 3007-177 |  <a href=\"mailto:klaus.kuss@krafthand-medien.de\">klaus.kuss@krafthand-medien.de<\/a>\r\n\t\t\t\t\t\t\t<div class=\"khm-cp-author__image\">\r\n\t\t\t\t\t\t<img src=\"https:\/\/static.krafthand-truck.de\/uploads\/2018\/01\/Kuss_Klaus-250x300.png\" class=\"img-responsive\">\r\n\t\t\t\t\t<\/div>\r\n\t\t\t\t\t\t<\/div>\r\n\t\t\t\t\t<\/div>\r\n\t\t\t\t<\/div>\r\n\t\t\t\t","protected":false},"excerpt":{"rendered":"<p>Das Gesch\u00e4ft mit Turboladern w\u00e4chst st\u00e4ndig und ist lukrativ, denn die Nachfrage nach Ersatzladern ist hoch. KRAFTHAND-Truck hat sich bei MS Motorservice angesehen, wie die Reman-Lader im franz\u00f6sischen Genas entstehen. <span class=\"excerpt-more__dots\">&#8230;<\/span> <a class=\"excerpt-more__link\" href=\"https:\/\/www.krafthand.de\/truck\/artikel\/professionelle-turboladerinstandsetzung-25089\/\" >weiter<\/a><\/p>\n","protected":false},"author":7,"featured_media":25090,"comment_status":"closed","ping_status":"closed","sticky":false,"template":"","format":"standard","meta":{"footnotes":""},"categories":[5],"tags":[3955,367,3954],"settings":[3524,3523],"class_list":["post-25089","post","type-post","status-publish","format-standard","has-post-thumbnail","hentry","category-branche","tag-ms-motorservice","tag-turbolader","tag-turboladerinstandsetzung"],"yoast_head":"<!-- This site is optimized with the Yoast SEO plugin v27.3 - https:\/\/yoast.com\/product\/yoast-seo-wordpress\/ -->\n<title>Professionelle Turboladerinstandsetzung - Krafthand-Truck<\/title>\n<meta name=\"description\" content=\"Das Gesch\u00e4ft mit Turboladern w\u00e4chst st\u00e4ndig und ist lukrativ. KRAFTHAND-Truck hat sich bei MS Motorservice angesehen, wie die Reman-Lader entstehen.\" \/>\n<meta name=\"robots\" content=\"index, follow, max-snippet:-1, max-image-preview:large, max-video-preview:-1\" \/>\n<link rel=\"canonical\" href=\"https:\/\/www.krafthand.de\/truck\/artikel\/professionelle-turboladerinstandsetzung-25089\/\" \/>\n<meta property=\"og:locale\" content=\"de_DE\" \/>\n<meta property=\"og:type\" content=\"article\" \/>\n<meta property=\"og:title\" content=\"Professionelle Turboladerinstandsetzung - Krafthand-Truck\" \/>\n<meta property=\"og:description\" content=\"Das Gesch\u00e4ft mit Turboladern w\u00e4chst st\u00e4ndig und ist lukrativ. KRAFTHAND-Truck hat sich bei MS Motorservice angesehen, wie die Reman-Lader entstehen.\" \/>\n<meta property=\"og:url\" content=\"https:\/\/www.krafthand-truck.de\/artikel\/professionelle-turboladerinstandsetzung-25089\/\" \/>\n<meta property=\"og:site_name\" content=\"Krafthand-Truck\" \/>\n<meta property=\"article:published_time\" content=\"2019-09-11T22:00:00+00:00\" \/>\n<meta property=\"article:modified_time\" content=\"2019-09-23T08:21:44+00:00\" \/>\n<meta property=\"og:image\" content=\"https:\/\/www.krafthand.de\/truck\/wp-content\/uploads\/2019\/09\/0319_041_01.jpg\" \/>\n\t<meta property=\"og:image:width\" content=\"1000\" \/>\n\t<meta property=\"og:image:height\" content=\"1494\" \/>\n\t<meta property=\"og:image:type\" content=\"image\/jpeg\" \/>\n<meta name=\"author\" content=\"julian.schmid@krafthand.de\" \/>\n<meta name=\"twitter:card\" content=\"summary_large_image\" \/>\n<meta name=\"twitter:label1\" content=\"Verfasst von\" \/>\n\t<meta name=\"twitter:data1\" content=\"julian.schmid@krafthand.de\" \/>\n\t<meta name=\"twitter:label2\" content=\"Gesch\u00e4tzte Lesezeit\" \/>\n\t<meta name=\"twitter:data2\" content=\"2\u00a0Minuten\" \/>\n<script type=\"application\/ld+json\" class=\"yoast-schema-graph\">{\"@context\":\"https:\\\/\\\/schema.org\",\"@graph\":[{\"@type\":\"Article\",\"@id\":\"https:\\\/\\\/www.krafthand.de\\\/truck\\\/artikel\\\/professionelle-turboladerinstandsetzung-25089\\\/#article\",\"isPartOf\":{\"@id\":\"https:\\\/\\\/www.krafthand.de\\\/truck\\\/artikel\\\/professionelle-turboladerinstandsetzung-25089\\\/\"},\"author\":{\"name\":\"julian.schmid@krafthand.de\",\"@id\":\"https:\\\/\\\/www.krafthand.de\\\/truck\\\/#\\\/schema\\\/person\\\/23aebc1e5e3f0204da7158bce36950bb\"},\"headline\":\"Professionelle Turboladerinstandsetzung\",\"datePublished\":\"2019-09-11T22:00:00+00:00\",\"dateModified\":\"2019-09-23T08:21:44+00:00\",\"mainEntityOfPage\":{\"@id\":\"https:\\\/\\\/www.krafthand.de\\\/truck\\\/artikel\\\/professionelle-turboladerinstandsetzung-25089\\\/\"},\"wordCount\":450,\"image\":{\"@id\":\"https:\\\/\\\/www.krafthand.de\\\/truck\\\/artikel\\\/professionelle-turboladerinstandsetzung-25089\\\/#primaryimage\"},\"thumbnailUrl\":\"https:\\\/\\\/static.krafthand-truck.de\\\/uploads\\\/2019\\\/09\\\/0319_041_01.jpg\",\"keywords\":[\"MS Motorservice\",\"Turbolader\",\"Turboladerinstandsetzung\"],\"articleSection\":[\"Nfz-Branche\"],\"inLanguage\":\"de\"},{\"@type\":\"WebPage\",\"@id\":\"https:\\\/\\\/www.krafthand.de\\\/truck\\\/artikel\\\/professionelle-turboladerinstandsetzung-25089\\\/\",\"url\":\"https:\\\/\\\/www.krafthand.de\\\/truck\\\/artikel\\\/professionelle-turboladerinstandsetzung-25089\\\/\",\"name\":\"Professionelle Turboladerinstandsetzung - Krafthand-Truck\",\"isPartOf\":{\"@id\":\"https:\\\/\\\/www.krafthand.de\\\/truck\\\/#website\"},\"primaryImageOfPage\":{\"@id\":\"https:\\\/\\\/www.krafthand.de\\\/truck\\\/artikel\\\/professionelle-turboladerinstandsetzung-25089\\\/#primaryimage\"},\"image\":{\"@id\":\"https:\\\/\\\/www.krafthand.de\\\/truck\\\/artikel\\\/professionelle-turboladerinstandsetzung-25089\\\/#primaryimage\"},\"thumbnailUrl\":\"https:\\\/\\\/static.krafthand-truck.de\\\/uploads\\\/2019\\\/09\\\/0319_041_01.jpg\",\"datePublished\":\"2019-09-11T22:00:00+00:00\",\"dateModified\":\"2019-09-23T08:21:44+00:00\",\"author\":{\"@id\":\"https:\\\/\\\/www.krafthand.de\\\/truck\\\/#\\\/schema\\\/person\\\/23aebc1e5e3f0204da7158bce36950bb\"},\"description\":\"Das Gesch\u00e4ft mit Turboladern w\u00e4chst st\u00e4ndig und ist lukrativ. KRAFTHAND-Truck hat sich bei MS Motorservice angesehen, wie die Reman-Lader entstehen.\",\"breadcrumb\":{\"@id\":\"https:\\\/\\\/www.krafthand.de\\\/truck\\\/artikel\\\/professionelle-turboladerinstandsetzung-25089\\\/#breadcrumb\"},\"inLanguage\":\"de\",\"potentialAction\":[{\"@type\":\"ReadAction\",\"target\":[\"https:\\\/\\\/www.krafthand.de\\\/truck\\\/artikel\\\/professionelle-turboladerinstandsetzung-25089\\\/\"]}]},{\"@type\":\"ImageObject\",\"inLanguage\":\"de\",\"@id\":\"https:\\\/\\\/www.krafthand.de\\\/truck\\\/artikel\\\/professionelle-turboladerinstandsetzung-25089\\\/#primaryimage\",\"url\":\"https:\\\/\\\/static.krafthand-truck.de\\\/uploads\\\/2019\\\/09\\\/0319_041_01.jpg\",\"contentUrl\":\"https:\\\/\\\/static.krafthand-truck.de\\\/uploads\\\/2019\\\/09\\\/0319_041_01.jpg\",\"width\":1000,\"height\":1494,\"caption\":\"Intec France geh\u00f6rt zu MSMotorservice und liefert unter der Marke \u201aTurbo by Intec\u2018 Reman-Turbolader. Die vom T\u00dcV Rheinland zertifizierte Aufbereitung erfolgt nach Erstausr\u00fcster-Kriterien. Bilder: Kuss\"},{\"@type\":\"BreadcrumbList\",\"@id\":\"https:\\\/\\\/www.krafthand.de\\\/truck\\\/artikel\\\/professionelle-turboladerinstandsetzung-25089\\\/#breadcrumb\",\"itemListElement\":[{\"@type\":\"ListItem\",\"position\":1,\"name\":\"Krafthand-Truck\",\"item\":\"https:\\\/\\\/www.krafthand.de\\\/truck\\\/\"},{\"@type\":\"ListItem\",\"position\":2,\"name\":\"Nfz-Branche\",\"item\":\"https:\\\/\\\/www.krafthand.de\\\/truck\\\/kategorie\\\/branche\\\/\"},{\"@type\":\"ListItem\",\"position\":3,\"name\":\"Professionelle Turboladerinstandsetzung\"}]},{\"@type\":\"WebSite\",\"@id\":\"https:\\\/\\\/www.krafthand.de\\\/truck\\\/#website\",\"url\":\"https:\\\/\\\/www.krafthand.de\\\/truck\\\/\",\"name\":\"Krafthand-Truck\",\"description\":\"\",\"potentialAction\":[{\"@type\":\"SearchAction\",\"target\":{\"@type\":\"EntryPoint\",\"urlTemplate\":\"https:\\\/\\\/www.krafthand.de\\\/truck\\\/?s={search_term_string}\"},\"query-input\":{\"@type\":\"PropertyValueSpecification\",\"valueRequired\":true,\"valueName\":\"search_term_string\"}}],\"inLanguage\":\"de\"},{\"@type\":\"Person\",\"@id\":\"https:\\\/\\\/www.krafthand.de\\\/truck\\\/#\\\/schema\\\/person\\\/23aebc1e5e3f0204da7158bce36950bb\",\"name\":\"julian.schmid@krafthand.de\",\"image\":{\"@type\":\"ImageObject\",\"inLanguage\":\"de\",\"@id\":\"https:\\\/\\\/secure.gravatar.com\\\/avatar\\\/ef76c2910cab8eb23fcc013e1c6dc1ba4af5e93fea6e6132d7c4e67d4e9631e9?s=96&d=mm&r=g\",\"url\":\"https:\\\/\\\/secure.gravatar.com\\\/avatar\\\/ef76c2910cab8eb23fcc013e1c6dc1ba4af5e93fea6e6132d7c4e67d4e9631e9?s=96&d=mm&r=g\",\"contentUrl\":\"https:\\\/\\\/secure.gravatar.com\\\/avatar\\\/ef76c2910cab8eb23fcc013e1c6dc1ba4af5e93fea6e6132d7c4e67d4e9631e9?s=96&d=mm&r=g\",\"caption\":\"julian.schmid@krafthand.de\"}}]}<\/script>\n<!-- \/ Yoast SEO plugin. -->","yoast_head_json":{"title":"Professionelle Turboladerinstandsetzung - Krafthand-Truck","description":"Das Gesch\u00e4ft mit Turboladern w\u00e4chst st\u00e4ndig und ist lukrativ. KRAFTHAND-Truck hat sich bei MS Motorservice angesehen, wie die Reman-Lader entstehen.","robots":{"index":"index","follow":"follow","max-snippet":"max-snippet:-1","max-image-preview":"max-image-preview:large","max-video-preview":"max-video-preview:-1"},"canonical":"https:\/\/www.krafthand.de\/truck\/artikel\/professionelle-turboladerinstandsetzung-25089\/","og_locale":"de_DE","og_type":"article","og_title":"Professionelle Turboladerinstandsetzung - Krafthand-Truck","og_description":"Das Gesch\u00e4ft mit Turboladern w\u00e4chst st\u00e4ndig und ist lukrativ. KRAFTHAND-Truck hat sich bei MS Motorservice angesehen, wie die Reman-Lader entstehen.","og_url":"https:\/\/www.krafthand-truck.de\/artikel\/professionelle-turboladerinstandsetzung-25089\/","og_site_name":"Krafthand-Truck","article_published_time":"2019-09-11T22:00:00+00:00","article_modified_time":"2019-09-23T08:21:44+00:00","og_image":[{"width":1000,"height":1494,"url":"https:\/\/www.krafthand.de\/truck\/wp-content\/uploads\/2019\/09\/0319_041_01.jpg","type":"image\/jpeg"}],"author":"julian.schmid@krafthand.de","twitter_card":"summary_large_image","twitter_misc":{"Verfasst von":"julian.schmid@krafthand.de","Gesch\u00e4tzte Lesezeit":"2\u00a0Minuten"},"schema":{"@context":"https:\/\/schema.org","@graph":[{"@type":"Article","@id":"https:\/\/www.krafthand.de\/truck\/artikel\/professionelle-turboladerinstandsetzung-25089\/#article","isPartOf":{"@id":"https:\/\/www.krafthand.de\/truck\/artikel\/professionelle-turboladerinstandsetzung-25089\/"},"author":{"name":"julian.schmid@krafthand.de","@id":"https:\/\/www.krafthand.de\/truck\/#\/schema\/person\/23aebc1e5e3f0204da7158bce36950bb"},"headline":"Professionelle Turboladerinstandsetzung","datePublished":"2019-09-11T22:00:00+00:00","dateModified":"2019-09-23T08:21:44+00:00","mainEntityOfPage":{"@id":"https:\/\/www.krafthand.de\/truck\/artikel\/professionelle-turboladerinstandsetzung-25089\/"},"wordCount":450,"image":{"@id":"https:\/\/www.krafthand.de\/truck\/artikel\/professionelle-turboladerinstandsetzung-25089\/#primaryimage"},"thumbnailUrl":"https:\/\/static.krafthand-truck.de\/uploads\/2019\/09\/0319_041_01.jpg","keywords":["MS Motorservice","Turbolader","Turboladerinstandsetzung"],"articleSection":["Nfz-Branche"],"inLanguage":"de"},{"@type":"WebPage","@id":"https:\/\/www.krafthand.de\/truck\/artikel\/professionelle-turboladerinstandsetzung-25089\/","url":"https:\/\/www.krafthand.de\/truck\/artikel\/professionelle-turboladerinstandsetzung-25089\/","name":"Professionelle Turboladerinstandsetzung - Krafthand-Truck","isPartOf":{"@id":"https:\/\/www.krafthand.de\/truck\/#website"},"primaryImageOfPage":{"@id":"https:\/\/www.krafthand.de\/truck\/artikel\/professionelle-turboladerinstandsetzung-25089\/#primaryimage"},"image":{"@id":"https:\/\/www.krafthand.de\/truck\/artikel\/professionelle-turboladerinstandsetzung-25089\/#primaryimage"},"thumbnailUrl":"https:\/\/static.krafthand-truck.de\/uploads\/2019\/09\/0319_041_01.jpg","datePublished":"2019-09-11T22:00:00+00:00","dateModified":"2019-09-23T08:21:44+00:00","author":{"@id":"https:\/\/www.krafthand.de\/truck\/#\/schema\/person\/23aebc1e5e3f0204da7158bce36950bb"},"description":"Das Gesch\u00e4ft mit Turboladern w\u00e4chst st\u00e4ndig und ist lukrativ. KRAFTHAND-Truck hat sich bei MS Motorservice angesehen, wie die Reman-Lader entstehen.","breadcrumb":{"@id":"https:\/\/www.krafthand.de\/truck\/artikel\/professionelle-turboladerinstandsetzung-25089\/#breadcrumb"},"inLanguage":"de","potentialAction":[{"@type":"ReadAction","target":["https:\/\/www.krafthand.de\/truck\/artikel\/professionelle-turboladerinstandsetzung-25089\/"]}]},{"@type":"ImageObject","inLanguage":"de","@id":"https:\/\/www.krafthand.de\/truck\/artikel\/professionelle-turboladerinstandsetzung-25089\/#primaryimage","url":"https:\/\/static.krafthand-truck.de\/uploads\/2019\/09\/0319_041_01.jpg","contentUrl":"https:\/\/static.krafthand-truck.de\/uploads\/2019\/09\/0319_041_01.jpg","width":1000,"height":1494,"caption":"Intec France geh\u00f6rt zu MSMotorservice und liefert unter der Marke \u201aTurbo by Intec\u2018 Reman-Turbolader. Die vom T\u00dcV Rheinland zertifizierte Aufbereitung erfolgt nach Erstausr\u00fcster-Kriterien. Bilder: Kuss"},{"@type":"BreadcrumbList","@id":"https:\/\/www.krafthand.de\/truck\/artikel\/professionelle-turboladerinstandsetzung-25089\/#breadcrumb","itemListElement":[{"@type":"ListItem","position":1,"name":"Krafthand-Truck","item":"https:\/\/www.krafthand.de\/truck\/"},{"@type":"ListItem","position":2,"name":"Nfz-Branche","item":"https:\/\/www.krafthand.de\/truck\/kategorie\/branche\/"},{"@type":"ListItem","position":3,"name":"Professionelle Turboladerinstandsetzung"}]},{"@type":"WebSite","@id":"https:\/\/www.krafthand.de\/truck\/#website","url":"https:\/\/www.krafthand.de\/truck\/","name":"Krafthand-Truck","description":"","potentialAction":[{"@type":"SearchAction","target":{"@type":"EntryPoint","urlTemplate":"https:\/\/www.krafthand.de\/truck\/?s={search_term_string}"},"query-input":{"@type":"PropertyValueSpecification","valueRequired":true,"valueName":"search_term_string"}}],"inLanguage":"de"},{"@type":"Person","@id":"https:\/\/www.krafthand.de\/truck\/#\/schema\/person\/23aebc1e5e3f0204da7158bce36950bb","name":"julian.schmid@krafthand.de","image":{"@type":"ImageObject","inLanguage":"de","@id":"https:\/\/secure.gravatar.com\/avatar\/ef76c2910cab8eb23fcc013e1c6dc1ba4af5e93fea6e6132d7c4e67d4e9631e9?s=96&d=mm&r=g","url":"https:\/\/secure.gravatar.com\/avatar\/ef76c2910cab8eb23fcc013e1c6dc1ba4af5e93fea6e6132d7c4e67d4e9631e9?s=96&d=mm&r=g","contentUrl":"https:\/\/secure.gravatar.com\/avatar\/ef76c2910cab8eb23fcc013e1c6dc1ba4af5e93fea6e6132d7c4e67d4e9631e9?s=96&d=mm&r=g","caption":"julian.schmid@krafthand.de"}}]}},"_links":{"self":[{"href":"https:\/\/www.krafthand.de\/truck\/wp-json\/wp\/v2\/posts\/25089","targetHints":{"allow":["GET"]}}],"collection":[{"href":"https:\/\/www.krafthand.de\/truck\/wp-json\/wp\/v2\/posts"}],"about":[{"href":"https:\/\/www.krafthand.de\/truck\/wp-json\/wp\/v2\/types\/post"}],"author":[{"embeddable":true,"href":"https:\/\/www.krafthand.de\/truck\/wp-json\/wp\/v2\/users\/7"}],"replies":[{"embeddable":true,"href":"https:\/\/www.krafthand.de\/truck\/wp-json\/wp\/v2\/comments?post=25089"}],"version-history":[{"count":2,"href":"https:\/\/www.krafthand.de\/truck\/wp-json\/wp\/v2\/posts\/25089\/revisions"}],"predecessor-version":[{"id":25094,"href":"https:\/\/www.krafthand.de\/truck\/wp-json\/wp\/v2\/posts\/25089\/revisions\/25094"}],"wp:featuredmedia":[{"embeddable":true,"href":"https:\/\/www.krafthand.de\/truck\/wp-json\/wp\/v2\/media\/25090"}],"wp:attachment":[{"href":"https:\/\/www.krafthand.de\/truck\/wp-json\/wp\/v2\/media?parent=25089"}],"wp:term":[{"taxonomy":"category","embeddable":true,"href":"https:\/\/www.krafthand.de\/truck\/wp-json\/wp\/v2\/categories?post=25089"},{"taxonomy":"post_tag","embeddable":true,"href":"https:\/\/www.krafthand.de\/truck\/wp-json\/wp\/v2\/tags?post=25089"},{"taxonomy":"settings","embeddable":true,"href":"https:\/\/www.krafthand.de\/truck\/wp-json\/wp\/v2\/settings?post=25089"}],"curies":[{"name":"wp","href":"https:\/\/api.w.org\/{rel}","templated":true}]}}