{"id":25070,"date":"2019-09-15T07:00:15","date_gmt":"2019-09-15T05:00:15","guid":{"rendered":"https:\/\/www.krafthand.de\/truck\/?p=25070"},"modified":"2019-09-19T08:36:55","modified_gmt":"2019-09-19T06:36:55","slug":"neuer-standort-der-carat-messe","status":"publish","type":"post","link":"https:\/\/www.krafthand.de\/truck\/artikel\/neuer-standort-der-carat-messe-25070\/","title":{"rendered":"Neuer Standort der Carat-Messe"},"content":{"rendered":"<p>Eigenen Angaben zufolge z\u00e4hlt die \u201aCarat-Messe\u2018 zu den besucherst\u00e4rksten Branchenmessen in Deutschland. Mit deutlich mehr als 20.000 Besuchern rechnet das Organisationsteam der Mannheimer Teilehandelskooperation, wenn die Messe von 11. bis 13. Oktober 2019 ihre Pforten \u00f6ffnet. Doch diesmal nicht in Kassel, wo die Messe seit 1997 stattfand, sondern in der Neuen Messe Essen. Viele Fachbesucher d\u00fcrften schon deswegen gespannt sein, welche Neuheiten und Neuigkeiten die Aussteller aus den Bereichen Automobiltechnik, E-Mobility, Elektronik, Ersatzteile, Werkstattausru\u0308stung und Serviceleistungen f\u00fcr Pkw- und Nutzfahrzeug-Werkst\u00e4tten in die modern anmutenden Hallen mitgebracht haben. Zudem will Carat nach eigenem Bekunden wieder ein ganzes B\u00fcschel an attraktiven Messanageboten schn\u00fcren.<\/p>\n<p>Eine Hauptattraktion ist aber stets auch das zugkra\u0308ftige Rahmenprogramm: Dieses Jahr wird die Band \u201aPUR\u2018 mit ihrem Frontmann Hartmut Engler auf der B\u00fchne der knapp 10.000 Personen fassenden Essener Gruga-Halle stehen und die Besucher nicht nur ins Abenteuerland entfu\u0308hren, sondern auch Stu\u0308cke der neuen CD \u201aZwischen den Welten\u2018 pr\u00e4sentieren. Weitere Infos zur Carat-Messe 2019 gibt es unter <a href=\"http:\/\/www.carat-gruppe.de\" target=\"_blank\" rel=\"noopener noreferrer\">www.carat-gruppe.de<\/a>.<\/p>\n<p><i>Den Beitrag finden Sie auch in der Print-Ausgabe 3\/19 der <a href=\"https:\/\/www.krafthand.de\/truck\/magazin\/\" title=\"Zum Magazin\">Krafthand-Truck<\/a>.<\/i><\/p>","protected":false},"excerpt":{"rendered":"<p>Die Carat-Messe \u00f6ffnet von 11. bis 13. Oktober 2019 wieder ihre Pforten. Doch diesmal nicht in Kassel, sondern in der Neuen Messe Essen. <span class=\"excerpt-more__dots\">&#8230;<\/span> <a class=\"excerpt-more__link\" href=\"https:\/\/www.krafthand.de\/truck\/artikel\/neuer-standort-der-carat-messe-25070\/\" >weiter<\/a><\/p>\n","protected":false},"author":7,"featured_media":25071,"comment_status":"closed","ping_status":"closed","sticky":false,"template":"","format":"standard","meta":{"footnotes":""},"categories":[5],"tags":[3940,506,40],"settings":[],"class_list":["post-25070","post","type-post","status-publish","format-standard","has-post-thumbnail","hentry","category-branche","tag-branchenmesse","tag-carat","tag-messe"],"yoast_head":"<!-- This site is optimized with the Yoast SEO plugin v27.3 - https:\/\/yoast.com\/product\/yoast-seo-wordpress\/ -->\n<title>Neuer Standort der Carat-Messe - Krafthand-Truck<\/title>\n<meta name=\"description\" content=\"Die Carat-Messe \u00f6ffnet von 11. bis 13. Oktober 2019 wieder ihre Pforten. Doch diesmal nicht in Kassel, sondern in der Neuen Messe Essen.\" \/>\n<meta name=\"robots\" content=\"index, follow, max-snippet:-1, max-image-preview:large, max-video-preview:-1\" \/>\n<link rel=\"canonical\" href=\"https:\/\/www.krafthand.de\/truck\/artikel\/neuer-standort-der-carat-messe-25070\/\" \/>\n<meta property=\"og:locale\" content=\"de_DE\" \/>\n<meta property=\"og:type\" content=\"article\" \/>\n<meta property=\"og:title\" content=\"Neuer Standort der Carat-Messe - Krafthand-Truck\" \/>\n<meta property=\"og:description\" content=\"Die Carat-Messe \u00f6ffnet von 11. bis 13. Oktober 2019 wieder ihre Pforten. Doch diesmal nicht in Kassel, sondern in der Neuen Messe Essen.\" \/>\n<meta property=\"og:url\" content=\"https:\/\/www.krafthand-truck.de\/artikel\/neuer-standort-der-carat-messe-25070\/\" \/>\n<meta property=\"og:site_name\" content=\"Krafthand-Truck\" \/>\n<meta property=\"article:published_time\" content=\"2019-09-15T05:00:15+00:00\" \/>\n<meta property=\"article:modified_time\" content=\"2019-09-19T06:36:55+00:00\" \/>\n<meta property=\"og:image\" content=\"https:\/\/www.krafthand.de\/truck\/wp-content\/uploads\/2019\/09\/0319_046.jpg\" \/>\n\t<meta property=\"og:image:width\" content=\"1000\" \/>\n\t<meta property=\"og:image:height\" content=\"667\" \/>\n\t<meta property=\"og:image:type\" content=\"image\/jpeg\" \/>\n<meta name=\"author\" content=\"julian.schmid@krafthand.de\" \/>\n<meta name=\"twitter:card\" content=\"summary_large_image\" \/>\n<meta name=\"twitter:label1\" content=\"Verfasst von\" \/>\n\t<meta name=\"twitter:data1\" content=\"julian.schmid@krafthand.de\" \/>\n\t<meta name=\"twitter:label2\" content=\"Gesch\u00e4tzte Lesezeit\" \/>\n\t<meta name=\"twitter:data2\" content=\"1\u00a0Minute\" \/>\n<script type=\"application\/ld+json\" class=\"yoast-schema-graph\">{\"@context\":\"https:\\\/\\\/schema.org\",\"@graph\":[{\"@type\":\"Article\",\"@id\":\"https:\\\/\\\/www.krafthand.de\\\/truck\\\/artikel\\\/neuer-standort-der-carat-messe-25070\\\/#article\",\"isPartOf\":{\"@id\":\"https:\\\/\\\/www.krafthand.de\\\/truck\\\/artikel\\\/neuer-standort-der-carat-messe-25070\\\/\"},\"author\":{\"name\":\"julian.schmid@krafthand.de\",\"@id\":\"https:\\\/\\\/www.krafthand.de\\\/truck\\\/#\\\/schema\\\/person\\\/23aebc1e5e3f0204da7158bce36950bb\"},\"headline\":\"Neuer Standort der Carat-Messe\",\"datePublished\":\"2019-09-15T05:00:15+00:00\",\"dateModified\":\"2019-09-19T06:36:55+00:00\",\"mainEntityOfPage\":{\"@id\":\"https:\\\/\\\/www.krafthand.de\\\/truck\\\/artikel\\\/neuer-standort-der-carat-messe-25070\\\/\"},\"wordCount\":171,\"image\":{\"@id\":\"https:\\\/\\\/www.krafthand.de\\\/truck\\\/artikel\\\/neuer-standort-der-carat-messe-25070\\\/#primaryimage\"},\"thumbnailUrl\":\"https:\\\/\\\/static.krafthand-truck.de\\\/uploads\\\/2019\\\/09\\\/0319_046.jpg\",\"keywords\":[\"Branchenmesse\",\"Carat\",\"Messe\"],\"articleSection\":[\"Nfz-Branche\"],\"inLanguage\":\"de\"},{\"@type\":\"WebPage\",\"@id\":\"https:\\\/\\\/www.krafthand.de\\\/truck\\\/artikel\\\/neuer-standort-der-carat-messe-25070\\\/\",\"url\":\"https:\\\/\\\/www.krafthand.de\\\/truck\\\/artikel\\\/neuer-standort-der-carat-messe-25070\\\/\",\"name\":\"Neuer Standort der Carat-Messe - Krafthand-Truck\",\"isPartOf\":{\"@id\":\"https:\\\/\\\/www.krafthand.de\\\/truck\\\/#website\"},\"primaryImageOfPage\":{\"@id\":\"https:\\\/\\\/www.krafthand.de\\\/truck\\\/artikel\\\/neuer-standort-der-carat-messe-25070\\\/#primaryimage\"},\"image\":{\"@id\":\"https:\\\/\\\/www.krafthand.de\\\/truck\\\/artikel\\\/neuer-standort-der-carat-messe-25070\\\/#primaryimage\"},\"thumbnailUrl\":\"https:\\\/\\\/static.krafthand-truck.de\\\/uploads\\\/2019\\\/09\\\/0319_046.jpg\",\"datePublished\":\"2019-09-15T05:00:15+00:00\",\"dateModified\":\"2019-09-19T06:36:55+00:00\",\"author\":{\"@id\":\"https:\\\/\\\/www.krafthand.de\\\/truck\\\/#\\\/schema\\\/person\\\/23aebc1e5e3f0204da7158bce36950bb\"},\"description\":\"Die Carat-Messe \u00f6ffnet von 11. bis 13. Oktober 2019 wieder ihre Pforten. Doch diesmal nicht in Kassel, sondern in der Neuen Messe Essen.\",\"breadcrumb\":{\"@id\":\"https:\\\/\\\/www.krafthand.de\\\/truck\\\/artikel\\\/neuer-standort-der-carat-messe-25070\\\/#breadcrumb\"},\"inLanguage\":\"de\",\"potentialAction\":[{\"@type\":\"ReadAction\",\"target\":[\"https:\\\/\\\/www.krafthand.de\\\/truck\\\/artikel\\\/neuer-standort-der-carat-messe-25070\\\/\"]}]},{\"@type\":\"ImageObject\",\"inLanguage\":\"de\",\"@id\":\"https:\\\/\\\/www.krafthand.de\\\/truck\\\/artikel\\\/neuer-standort-der-carat-messe-25070\\\/#primaryimage\",\"url\":\"https:\\\/\\\/static.krafthand-truck.de\\\/uploads\\\/2019\\\/09\\\/0319_046.jpg\",\"contentUrl\":\"https:\\\/\\\/static.krafthand-truck.de\\\/uploads\\\/2019\\\/09\\\/0319_046.jpg\",\"width\":1000,\"height\":667,\"caption\":\"Bild: Carat\"},{\"@type\":\"BreadcrumbList\",\"@id\":\"https:\\\/\\\/www.krafthand.de\\\/truck\\\/artikel\\\/neuer-standort-der-carat-messe-25070\\\/#breadcrumb\",\"itemListElement\":[{\"@type\":\"ListItem\",\"position\":1,\"name\":\"Krafthand-Truck\",\"item\":\"https:\\\/\\\/www.krafthand.de\\\/truck\\\/\"},{\"@type\":\"ListItem\",\"position\":2,\"name\":\"Nfz-Branche\",\"item\":\"https:\\\/\\\/www.krafthand.de\\\/truck\\\/kategorie\\\/branche\\\/\"},{\"@type\":\"ListItem\",\"position\":3,\"name\":\"Neuer Standort der Carat-Messe\"}]},{\"@type\":\"WebSite\",\"@id\":\"https:\\\/\\\/www.krafthand.de\\\/truck\\\/#website\",\"url\":\"https:\\\/\\\/www.krafthand.de\\\/truck\\\/\",\"name\":\"Krafthand-Truck\",\"description\":\"\",\"potentialAction\":[{\"@type\":\"SearchAction\",\"target\":{\"@type\":\"EntryPoint\",\"urlTemplate\":\"https:\\\/\\\/www.krafthand.de\\\/truck\\\/?s={search_term_string}\"},\"query-input\":{\"@type\":\"PropertyValueSpecification\",\"valueRequired\":true,\"valueName\":\"search_term_string\"}}],\"inLanguage\":\"de\"},{\"@type\":\"Person\",\"@id\":\"https:\\\/\\\/www.krafthand.de\\\/truck\\\/#\\\/schema\\\/person\\\/23aebc1e5e3f0204da7158bce36950bb\",\"name\":\"julian.schmid@krafthand.de\",\"image\":{\"@type\":\"ImageObject\",\"inLanguage\":\"de\",\"@id\":\"https:\\\/\\\/secure.gravatar.com\\\/avatar\\\/ef76c2910cab8eb23fcc013e1c6dc1ba4af5e93fea6e6132d7c4e67d4e9631e9?s=96&d=mm&r=g\",\"url\":\"https:\\\/\\\/secure.gravatar.com\\\/avatar\\\/ef76c2910cab8eb23fcc013e1c6dc1ba4af5e93fea6e6132d7c4e67d4e9631e9?s=96&d=mm&r=g\",\"contentUrl\":\"https:\\\/\\\/secure.gravatar.com\\\/avatar\\\/ef76c2910cab8eb23fcc013e1c6dc1ba4af5e93fea6e6132d7c4e67d4e9631e9?s=96&d=mm&r=g\",\"caption\":\"julian.schmid@krafthand.de\"}}]}<\/script>\n<!-- \/ Yoast SEO plugin. -->","yoast_head_json":{"title":"Neuer Standort der Carat-Messe - Krafthand-Truck","description":"Die Carat-Messe \u00f6ffnet von 11. bis 13. Oktober 2019 wieder ihre Pforten. Doch diesmal nicht in Kassel, sondern in der Neuen Messe Essen.","robots":{"index":"index","follow":"follow","max-snippet":"max-snippet:-1","max-image-preview":"max-image-preview:large","max-video-preview":"max-video-preview:-1"},"canonical":"https:\/\/www.krafthand.de\/truck\/artikel\/neuer-standort-der-carat-messe-25070\/","og_locale":"de_DE","og_type":"article","og_title":"Neuer Standort der Carat-Messe - Krafthand-Truck","og_description":"Die Carat-Messe \u00f6ffnet von 11. bis 13. Oktober 2019 wieder ihre Pforten. Doch diesmal nicht in Kassel, sondern in der Neuen Messe Essen.","og_url":"https:\/\/www.krafthand-truck.de\/artikel\/neuer-standort-der-carat-messe-25070\/","og_site_name":"Krafthand-Truck","article_published_time":"2019-09-15T05:00:15+00:00","article_modified_time":"2019-09-19T06:36:55+00:00","og_image":[{"width":1000,"height":667,"url":"https:\/\/www.krafthand.de\/truck\/wp-content\/uploads\/2019\/09\/0319_046.jpg","type":"image\/jpeg"}],"author":"julian.schmid@krafthand.de","twitter_card":"summary_large_image","twitter_misc":{"Verfasst von":"julian.schmid@krafthand.de","Gesch\u00e4tzte Lesezeit":"1\u00a0Minute"},"schema":{"@context":"https:\/\/schema.org","@graph":[{"@type":"Article","@id":"https:\/\/www.krafthand.de\/truck\/artikel\/neuer-standort-der-carat-messe-25070\/#article","isPartOf":{"@id":"https:\/\/www.krafthand.de\/truck\/artikel\/neuer-standort-der-carat-messe-25070\/"},"author":{"name":"julian.schmid@krafthand.de","@id":"https:\/\/www.krafthand.de\/truck\/#\/schema\/person\/23aebc1e5e3f0204da7158bce36950bb"},"headline":"Neuer Standort der Carat-Messe","datePublished":"2019-09-15T05:00:15+00:00","dateModified":"2019-09-19T06:36:55+00:00","mainEntityOfPage":{"@id":"https:\/\/www.krafthand.de\/truck\/artikel\/neuer-standort-der-carat-messe-25070\/"},"wordCount":171,"image":{"@id":"https:\/\/www.krafthand.de\/truck\/artikel\/neuer-standort-der-carat-messe-25070\/#primaryimage"},"thumbnailUrl":"https:\/\/static.krafthand-truck.de\/uploads\/2019\/09\/0319_046.jpg","keywords":["Branchenmesse","Carat","Messe"],"articleSection":["Nfz-Branche"],"inLanguage":"de"},{"@type":"WebPage","@id":"https:\/\/www.krafthand.de\/truck\/artikel\/neuer-standort-der-carat-messe-25070\/","url":"https:\/\/www.krafthand.de\/truck\/artikel\/neuer-standort-der-carat-messe-25070\/","name":"Neuer Standort der Carat-Messe - Krafthand-Truck","isPartOf":{"@id":"https:\/\/www.krafthand.de\/truck\/#website"},"primaryImageOfPage":{"@id":"https:\/\/www.krafthand.de\/truck\/artikel\/neuer-standort-der-carat-messe-25070\/#primaryimage"},"image":{"@id":"https:\/\/www.krafthand.de\/truck\/artikel\/neuer-standort-der-carat-messe-25070\/#primaryimage"},"thumbnailUrl":"https:\/\/static.krafthand-truck.de\/uploads\/2019\/09\/0319_046.jpg","datePublished":"2019-09-15T05:00:15+00:00","dateModified":"2019-09-19T06:36:55+00:00","author":{"@id":"https:\/\/www.krafthand.de\/truck\/#\/schema\/person\/23aebc1e5e3f0204da7158bce36950bb"},"description":"Die Carat-Messe \u00f6ffnet von 11. bis 13. Oktober 2019 wieder ihre Pforten. Doch diesmal nicht in Kassel, sondern in der Neuen Messe Essen.","breadcrumb":{"@id":"https:\/\/www.krafthand.de\/truck\/artikel\/neuer-standort-der-carat-messe-25070\/#breadcrumb"},"inLanguage":"de","potentialAction":[{"@type":"ReadAction","target":["https:\/\/www.krafthand.de\/truck\/artikel\/neuer-standort-der-carat-messe-25070\/"]}]},{"@type":"ImageObject","inLanguage":"de","@id":"https:\/\/www.krafthand.de\/truck\/artikel\/neuer-standort-der-carat-messe-25070\/#primaryimage","url":"https:\/\/static.krafthand-truck.de\/uploads\/2019\/09\/0319_046.jpg","contentUrl":"https:\/\/static.krafthand-truck.de\/uploads\/2019\/09\/0319_046.jpg","width":1000,"height":667,"caption":"Bild: Carat"},{"@type":"BreadcrumbList","@id":"https:\/\/www.krafthand.de\/truck\/artikel\/neuer-standort-der-carat-messe-25070\/#breadcrumb","itemListElement":[{"@type":"ListItem","position":1,"name":"Krafthand-Truck","item":"https:\/\/www.krafthand.de\/truck\/"},{"@type":"ListItem","position":2,"name":"Nfz-Branche","item":"https:\/\/www.krafthand.de\/truck\/kategorie\/branche\/"},{"@type":"ListItem","position":3,"name":"Neuer Standort der Carat-Messe"}]},{"@type":"WebSite","@id":"https:\/\/www.krafthand.de\/truck\/#website","url":"https:\/\/www.krafthand.de\/truck\/","name":"Krafthand-Truck","description":"","potentialAction":[{"@type":"SearchAction","target":{"@type":"EntryPoint","urlTemplate":"https:\/\/www.krafthand.de\/truck\/?s={search_term_string}"},"query-input":{"@type":"PropertyValueSpecification","valueRequired":true,"valueName":"search_term_string"}}],"inLanguage":"de"},{"@type":"Person","@id":"https:\/\/www.krafthand.de\/truck\/#\/schema\/person\/23aebc1e5e3f0204da7158bce36950bb","name":"julian.schmid@krafthand.de","image":{"@type":"ImageObject","inLanguage":"de","@id":"https:\/\/secure.gravatar.com\/avatar\/ef76c2910cab8eb23fcc013e1c6dc1ba4af5e93fea6e6132d7c4e67d4e9631e9?s=96&d=mm&r=g","url":"https:\/\/secure.gravatar.com\/avatar\/ef76c2910cab8eb23fcc013e1c6dc1ba4af5e93fea6e6132d7c4e67d4e9631e9?s=96&d=mm&r=g","contentUrl":"https:\/\/secure.gravatar.com\/avatar\/ef76c2910cab8eb23fcc013e1c6dc1ba4af5e93fea6e6132d7c4e67d4e9631e9?s=96&d=mm&r=g","caption":"julian.schmid@krafthand.de"}}]}},"_links":{"self":[{"href":"https:\/\/www.krafthand.de\/truck\/wp-json\/wp\/v2\/posts\/25070","targetHints":{"allow":["GET"]}}],"collection":[{"href":"https:\/\/www.krafthand.de\/truck\/wp-json\/wp\/v2\/posts"}],"about":[{"href":"https:\/\/www.krafthand.de\/truck\/wp-json\/wp\/v2\/types\/post"}],"author":[{"embeddable":true,"href":"https:\/\/www.krafthand.de\/truck\/wp-json\/wp\/v2\/users\/7"}],"replies":[{"embeddable":true,"href":"https:\/\/www.krafthand.de\/truck\/wp-json\/wp\/v2\/comments?post=25070"}],"version-history":[{"count":2,"href":"https:\/\/www.krafthand.de\/truck\/wp-json\/wp\/v2\/posts\/25070\/revisions"}],"predecessor-version":[{"id":25119,"href":"https:\/\/www.krafthand.de\/truck\/wp-json\/wp\/v2\/posts\/25070\/revisions\/25119"}],"wp:featuredmedia":[{"embeddable":true,"href":"https:\/\/www.krafthand.de\/truck\/wp-json\/wp\/v2\/media\/25071"}],"wp:attachment":[{"href":"https:\/\/www.krafthand.de\/truck\/wp-json\/wp\/v2\/media?parent=25070"}],"wp:term":[{"taxonomy":"category","embeddable":true,"href":"https:\/\/www.krafthand.de\/truck\/wp-json\/wp\/v2\/categories?post=25070"},{"taxonomy":"post_tag","embeddable":true,"href":"https:\/\/www.krafthand.de\/truck\/wp-json\/wp\/v2\/tags?post=25070"},{"taxonomy":"settings","embeddable":true,"href":"https:\/\/www.krafthand.de\/truck\/wp-json\/wp\/v2\/settings?post=25070"}],"curies":[{"name":"wp","href":"https:\/\/api.w.org\/{rel}","templated":true}]}}