{"id":25062,"date":"2019-09-13T07:00:28","date_gmt":"2019-09-13T05:00:28","guid":{"rendered":"https:\/\/www.krafthand.de\/truck\/?p=25062"},"modified":"2019-09-19T08:36:25","modified_gmt":"2019-09-19T06:36:25","slug":"augen-auf-beim-turbolader-tausch","status":"publish","type":"post","link":"https:\/\/www.krafthand.de\/truck\/artikel\/augen-auf-beim-turbolader-tausch-25062\/","title":{"rendered":"Augen auf beim Turbolader-Tausch"},"content":{"rendered":"<p class=\"text-colored text-bold\">Der Turbolader geh\u00f6rt mittlerweile ebenfalls zu den \u201amechatronischen Komponenten\u2018 eines modernen Nutzfahrzeugs. Das sollte man beim Turbo-Tausch ber\u00fccksichtigen. Andernfalls sind ein neuerlicher \u2013 und unn\u00f6tiger \u2013 Werkstattaufenthalt sowie teure Nachreparaturen so gut wie programmiert. Denn die Steuerger\u00e4te-Diagnose kann den Werkstattfachmann in die Irre f\u00fchren. Die Turboladerexperten von BTS raten deshalb, immer auch die Lader-Peripherie zu checken. <\/p>\n<p>Die Sache scheint klar: Schuld an dem eklatanten Leistungstief des ehedem starken Schweden mit dem Greif im Logo ist der Turbolader. Genauer gesagt weist der Fehlerspeicher des Motosteuerger\u00e4ts eindeutig ein Problem mit dem elektrischen Aktuator, der f\u00fcr die Ladedruckregelung zust\u00e4ndig ist, aus. Da es den elektrischen Ladedrucksteller bislang nicht als Ersatzteil gibt, tauscht der Werkstattfachmann den kompletten Lader \u2013 und nach dessen Einbau schl\u00e4gt der Greif wieder wie gewohnt kraftvoll und m\u00e4chtig seine Schwingen.<\/p>\n<p>Doch der Reparaturerfolg ist nur von kurzer Dauer: Wenige hundert Kilometer sp\u00e4ter steht die Zugmaschine erneut mit deutlichem Leistungsmangel in der Einbauwerkstatt. Und wieder ist \u201aeigentlich\u2018 alles klar, denn auch diesmal deutet der Fehlercode auf ein Aktuatorenproblem hin. Eigentlich. Ohne zu z\u00f6gern reicht der Werkstattbetreiber den noch fast jungfr\u00e4ulichen Tausch-Lader beim Lieferanten \u201eauf Garantie\u201c ein. Doch dieser lehnt den Schaden mit dem knappen Hinweis \u201eFremdk\u00f6rperschaden \u2013 keine Gew\u00e4hrleistung\u201c ab. Was war passiert?<\/p>\n<h2>Untersch\u00e4tzte Turbolader-Peripherie<\/h2>\n<p>\u201eDass ein Turbolader erneuert werden muss, weil an diesem nach langer Betriebsdauer die Ladedruckregelung, sprich: der elektrische Aktuator f\u00fcr die Laderdruckregelung, schadhaft ist, ist nicht ungew\u00f6hnlich\u201c, wei\u00df Thomas Mentil, beim Weilheimer Turboladerspezialisten BTS unter anderem f\u00fcr technische Fragen und die Gew\u00e4hrleistungsbefundung verantwortlich, gegen\u00fcber KRAFTHAND-Truck. Mit einem neuen Turbolader sei dann erst einmal alles wieder in Ordnung. \u201eDoch bei diversen Reklamationen ist uns aufgefallen, dass der erneuerte Turbolader bereits kurz nach dem Einbau wieder ausgefallen ist und der Fehlerspeicher nach Aussagen der Werkstatt \u00e4hnliche Eintr\u00e4ge wie beim Ursprungsschaden aufweist\u201c, berichtet der Fachmann.<\/p>\n<div class=\"gallery-container\"><div class=\"owl-carousel owl-theme\">\r\n        <div>\r\n        \t<img decoding=\"async\" src=\"https:\/\/static.krafthand-truck.de\/uploads\/2019\/09\/0319_002_02.jpg\" alt=\"\" \/>\r\n          <a href=\"https:\/\/static.krafthand-truck.de\/uploads\/2019\/09\/0319_002_02.jpg\" data-featherlight=\"gallery_69f56e92e7f1f\" class=\"gallery-expand\" data-title=\"Deutlich sind die Einschl\u00e4ge der Fremdk\u00f6rperbruchst\u00fccke zu den VTG-Fahnen zu sehen. Klemmt wegen der eingetragenen Partikel der VTG-Ring, k\u00f6nnen im Motorsteuerger\u00e4t irref\u00fchrende Fehlercodes zu finden sein, die auf den ersten Blick auf einen defekten Aktuator hinweisen. Bild: BTS\"><i class=\"fa fa-expand\" aria-hidden=\"true\"><\/i><\/a>\r\n        \t<div class=\"gallery-caption wp-caption-text\"><p>Deutlich sind die Einschl\u00e4ge der Fremdk\u00f6rperbruchst\u00fccke zu den VTG-Fahnen zu sehen. Klemmt wegen der eingetragenen Partikel der VTG-Ring, k\u00f6nnen im Motorsteuerger\u00e4t irref\u00fchrende Fehlercodes zu finden sein, die auf den ersten Blick auf einen defekten Aktuator hinweisen. Bild: BTS<\/p>\n<\/div>\r\n        <\/div>\r\n        <div>\r\n        \t<img decoding=\"async\" src=\"https:\/\/static.krafthand-truck.de\/uploads\/2019\/09\/0319_002_03.jpg\" alt=\"\" \/>\r\n          <a href=\"https:\/\/static.krafthand-truck.de\/uploads\/2019\/09\/0319_002_03.jpg\" data-featherlight=\"gallery_69f56e92e7f1f\" class=\"gallery-expand\" data-title=\"Ausgebrochene Teile des AGR-Ventiles werden beim Lastwechsel entgegen der regul\u00e4ren Gasflussrichtung zur\u00fcck in den Abgaskr\u00fcmmer geschleudert und von dort in das Turbinengeh\u00e4use des Turboladers geblasen. Derartige Sch\u00e4den sind \u00fcblicherweise von der Gew\u00e4hrleistung ausgeschlossen. Bild: BTS\"><i class=\"fa fa-expand\" aria-hidden=\"true\"><\/i><\/a>\r\n        \t<div class=\"gallery-caption wp-caption-text\"><p>Ausgebrochene Teile des AGR-Ventiles werden beim Lastwechsel entgegen der regul\u00e4ren Gasflussrichtung zur\u00fcck in den Abgaskr\u00fcmmer geschleudert und von dort in das Turbinengeh\u00e4use des Turboladers geblasen. Derartige Sch\u00e4den sind \u00fcblicherweise von der Gew\u00e4hrleistung ausgeschlossen. Bild: BTS<\/p>\n<\/div>\r\n        <\/div>\r\n        <div>\r\n        \t<img decoding=\"async\" src=\"https:\/\/static.krafthand-truck.de\/uploads\/2019\/09\/0319_002_04.jpg\" alt=\"\" \/>\r\n          <a href=\"https:\/\/static.krafthand-truck.de\/uploads\/2019\/09\/0319_002_04.jpg\" data-featherlight=\"gallery_69f56e92e7f1f\" class=\"gallery-expand\" data-title=\"Die Sch\u00e4den an den Gaseintrittskanten des Turbinenrades verursachen einen Leistungsverlust und erzeugen \u201akomische\u2018 Laderger\u00e4usche. Bild: BTS\"><i class=\"fa fa-expand\" aria-hidden=\"true\"><\/i><\/a>\r\n        \t<div class=\"gallery-caption wp-caption-text\"><p>Die Sch\u00e4den an den Gaseintrittskanten des Turbinenrades verursachen einen Leistungsverlust und erzeugen \u201akomische\u2018 Laderger\u00e4usche. Bild: BTS<\/p>\n<\/div>\r\n        <\/div><\/div><\/div>\r\n\t<script>\r\n\t\tjQuery(document).ready(function($){\r\n      setTimeout(function(){\r\n  \t\t\t$(\".owl-carousel\").owlCarousel({\r\n  \t\t\t\tloop:true,\r\n    \t\t\tmargin:10,\r\n    \t\t\tresponsiveClass:true,\r\n    \t\t\titems:1,\r\n    \t\t\tautoHeight: true,\r\n          nav: true,\r\n          URLhashListener: true,\r\n          startPosition: \"URLHash\",\r\n          navText: [\r\n            \"<i class='fa fa-chevron-left'><\/i>\",\r\n            \"<i class='fa fa-chevron-right'><\/i>\"\r\n          ],\r\n  \t\t\t});\r\n      }, 2000);\r\n\t\t});\r\n\t<\/script>\r\n\t\n<p>Bei vielen der \u201eauf Gew\u00e4hrleistung\u201c eingereichten F\u00e4lle offenbarten sich laut Mentil die Befundung eindeutige Fremdk\u00f6rpersch\u00e4den, vorwiegend auf der Turbinenseite. \u201eBei einem Leistungsverlust mit Fehlercodes, die auf einen defekten elektrischen Aktuator hinweisen, wird in der Regel nur der Turbolader erneuert. Leider wiederholt sich der Schaden nach kurzer Zeit wieder, weil die Einbauwerkstatt die tats\u00e4chliche Ausfallursache nicht erkennt und dadurch auch nicht beseitigt\u201c, erkl\u00e4rt der Fachmann. \u201eDer elektrische Aktuator erzeugt auch dann eine Fehlermeldung, wenn ein mechanischer Schaden im Inneren des Turbinengeh\u00e4uses vorliegt, etwa, wenn die Beweglichkeit der VTG-Einheit eingeschr\u00e4nkt oder sogar blockiert ist. Meist ist dies bei einem abgasseitigen Fremdk\u00f6 rpereintritt der Fall, wodurch die Gaseintrittskanten des Turbinenrades und die mechanischen Komponenten der VTG besch\u00e4digt werden\u201c, erl\u00e4utert Mentil.<\/p>\n<h2>Risiken vermeiden<\/h2>\n<p>Die zerst\u00f6rerischen Partikel k\u00f6nnten beispielsweise von einem defekten AGR-Ventil stammen. Demnach k\u00f6nnen die Pulsationen im AGR-Trakt zu Erm\u00fcdungsbr\u00fcchen f\u00fchren. Werden diese Bruchst\u00fccke beim Turbo-Tausch nicht entfernt, kann das fatale Folgen haben, wie die Schadensbilder aus dem Gew\u00e4hrleistungsarchiv von BTS auf diesen Seiten zeigen. \u201eBeim Lastwechsel kehrt sich n\u00e4mlich die Str\u00f6mungsrichtung der Abgase im AGR-Trakt um \u2013 und dort vorhandene Bruchst\u00fccke werden in den Abgaskr\u00fcmmer geschleudert, von wo aus sie beim n\u00e4chsten Gasgeben in das Turbinengeh\u00e4use gelangen und dort das Turbinenrad besch\u00e4digen k\u00f6nnen. Derartige Sch\u00e4den sind jedoch von der Gew\u00e4hrleistung ausgeschlossen\u201c, konstatiert Mentil. Der Technikspezialist von BTS r\u00e4t deshalb, vor dem Einbau eines neuen Turboladers immer das AGR-Ventil sowie den gesamten AGR-Trakt gr\u00fcndlichst auf Sch\u00e4den und lose Bauteile zu untersuchen und besch\u00e4digte Teile unbedingt zu erneuern.<\/p>\n<p><i>Den Beitrag finden Sie auch in der Print-Ausgabe 3\/19 der <a href=\"https:\/\/www.krafthand.de\/truck\/magazin\/\" title=\"Zum Magazin\">Krafthand-Truck<\/a>.<\/i><\/p>\r\n\t\t\t\t<div class=\"post-author\">\r\n\t\t\t\t\t<div class=\"khm-cp-author clearfix\">\r\n\t\t\t\t\t\t<div class=\"khm-cp-author__content\">\r\n\t\t\t\t\t\t\t\tKontakt zum Autor:<br \/>\r\n\t\t\t\t\t\t\t\t<strong>Klaus Kuss<\/strong>, 08247 \/ 3007-177 |  <a href=\"mailto:klaus.kuss@krafthand-medien.de\">klaus.kuss@krafthand-medien.de<\/a>\r\n\t\t\t\t\t\t\t<div class=\"khm-cp-author__image\">\r\n\t\t\t\t\t\t<img src=\"https:\/\/static.krafthand-truck.de\/uploads\/2018\/01\/Kuss_Klaus-250x300.png\" class=\"img-responsive\">\r\n\t\t\t\t\t<\/div>\r\n\t\t\t\t\t\t<\/div>\r\n\t\t\t\t\t<\/div>\r\n\t\t\t\t<\/div>\r\n\t\t\t\t","protected":false},"excerpt":{"rendered":"<p>Die Steuerger\u00e4te-Diagnose kann den Werkstattfachmann in die Irre f\u00fchren. Die Turboladerexperten von BTS raten deshalb, immer auch die Lader-Peripherie zu checken. <span class=\"excerpt-more__dots\">&#8230;<\/span> <a class=\"excerpt-more__link\" href=\"https:\/\/www.krafthand.de\/truck\/artikel\/augen-auf-beim-turbolader-tausch-25062\/\" >weiter<\/a><\/p>\n","protected":false},"author":7,"featured_media":25063,"comment_status":"closed","ping_status":"closed","sticky":false,"template":"","format":"standard","meta":{"footnotes":""},"categories":[5],"tags":[2145,3867,3939,3938,367],"settings":[3524,3523],"class_list":["post-25062","post","type-post","status-publish","format-standard","has-post-thumbnail","hentry","category-branche","tag-abgasturbolader","tag-bts-turbo","tag-lader-peripherie","tag-turbo-tausch","tag-turbolader"],"yoast_head":"<!-- This site is optimized with the Yoast SEO plugin v27.3 - https:\/\/yoast.com\/product\/yoast-seo-wordpress\/ -->\n<title>Augen auf beim Turbolader-Tausch - Krafthand-Truck<\/title>\n<meta name=\"description\" content=\"Die Steuerger\u00e4te-Diagnose kann den Werkstattfachmann in die Irre f\u00fchren. Die Experten von BTS raten deshalb, immer auch die Lader-Peripherie zu checken.\" \/>\n<meta name=\"robots\" content=\"index, follow, max-snippet:-1, max-image-preview:large, max-video-preview:-1\" \/>\n<link rel=\"canonical\" href=\"https:\/\/www.krafthand.de\/truck\/artikel\/augen-auf-beim-turbolader-tausch-25062\/\" \/>\n<meta property=\"og:locale\" content=\"de_DE\" \/>\n<meta property=\"og:type\" content=\"article\" \/>\n<meta property=\"og:title\" content=\"Augen auf beim Turbolader-Tausch - Krafthand-Truck\" \/>\n<meta property=\"og:description\" content=\"Die Steuerger\u00e4te-Diagnose kann den Werkstattfachmann in die Irre f\u00fchren. Die Experten von BTS raten deshalb, immer auch die Lader-Peripherie zu checken.\" \/>\n<meta property=\"og:url\" content=\"https:\/\/www.krafthand-truck.de\/artikel\/augen-auf-beim-turbolader-tausch-25062\/\" \/>\n<meta property=\"og:site_name\" content=\"Krafthand-Truck\" \/>\n<meta property=\"article:published_time\" content=\"2019-09-13T05:00:28+00:00\" \/>\n<meta property=\"article:modified_time\" content=\"2019-09-19T06:36:25+00:00\" \/>\n<meta property=\"og:image\" content=\"https:\/\/www.krafthand.de\/truck\/wp-content\/uploads\/2019\/09\/0319_002_01-quer.jpg\" \/>\n\t<meta property=\"og:image:width\" content=\"1000\" \/>\n\t<meta property=\"og:image:height\" content=\"667\" \/>\n\t<meta property=\"og:image:type\" content=\"image\/jpeg\" \/>\n<meta name=\"author\" content=\"julian.schmid@krafthand.de\" \/>\n<meta name=\"twitter:card\" content=\"summary_large_image\" \/>\n<meta name=\"twitter:label1\" content=\"Verfasst von\" \/>\n\t<meta name=\"twitter:data1\" content=\"julian.schmid@krafthand.de\" \/>\n\t<meta name=\"twitter:label2\" content=\"Gesch\u00e4tzte Lesezeit\" \/>\n\t<meta name=\"twitter:data2\" content=\"3\u00a0Minuten\" \/>\n<script type=\"application\/ld+json\" class=\"yoast-schema-graph\">{\"@context\":\"https:\\\/\\\/schema.org\",\"@graph\":[{\"@type\":\"Article\",\"@id\":\"https:\\\/\\\/www.krafthand.de\\\/truck\\\/artikel\\\/augen-auf-beim-turbolader-tausch-25062\\\/#article\",\"isPartOf\":{\"@id\":\"https:\\\/\\\/www.krafthand.de\\\/truck\\\/artikel\\\/augen-auf-beim-turbolader-tausch-25062\\\/\"},\"author\":{\"name\":\"julian.schmid@krafthand.de\",\"@id\":\"https:\\\/\\\/www.krafthand.de\\\/truck\\\/#\\\/schema\\\/person\\\/23aebc1e5e3f0204da7158bce36950bb\"},\"headline\":\"Augen auf beim Turbolader-Tausch\",\"datePublished\":\"2019-09-13T05:00:28+00:00\",\"dateModified\":\"2019-09-19T06:36:25+00:00\",\"mainEntityOfPage\":{\"@id\":\"https:\\\/\\\/www.krafthand.de\\\/truck\\\/artikel\\\/augen-auf-beim-turbolader-tausch-25062\\\/\"},\"wordCount\":598,\"image\":{\"@id\":\"https:\\\/\\\/www.krafthand.de\\\/truck\\\/artikel\\\/augen-auf-beim-turbolader-tausch-25062\\\/#primaryimage\"},\"thumbnailUrl\":\"https:\\\/\\\/static.krafthand-truck.de\\\/uploads\\\/2019\\\/09\\\/0319_002_01-quer.jpg\",\"keywords\":[\"Abgasturbolader\",\"BTS Turbo\",\"Lader-Peripherie\",\"Turbo-Tausch\",\"Turbolader\"],\"articleSection\":[\"Nfz-Branche\"],\"inLanguage\":\"de\"},{\"@type\":\"WebPage\",\"@id\":\"https:\\\/\\\/www.krafthand.de\\\/truck\\\/artikel\\\/augen-auf-beim-turbolader-tausch-25062\\\/\",\"url\":\"https:\\\/\\\/www.krafthand.de\\\/truck\\\/artikel\\\/augen-auf-beim-turbolader-tausch-25062\\\/\",\"name\":\"Augen auf beim Turbolader-Tausch - Krafthand-Truck\",\"isPartOf\":{\"@id\":\"https:\\\/\\\/www.krafthand.de\\\/truck\\\/#website\"},\"primaryImageOfPage\":{\"@id\":\"https:\\\/\\\/www.krafthand.de\\\/truck\\\/artikel\\\/augen-auf-beim-turbolader-tausch-25062\\\/#primaryimage\"},\"image\":{\"@id\":\"https:\\\/\\\/www.krafthand.de\\\/truck\\\/artikel\\\/augen-auf-beim-turbolader-tausch-25062\\\/#primaryimage\"},\"thumbnailUrl\":\"https:\\\/\\\/static.krafthand-truck.de\\\/uploads\\\/2019\\\/09\\\/0319_002_01-quer.jpg\",\"datePublished\":\"2019-09-13T05:00:28+00:00\",\"dateModified\":\"2019-09-19T06:36:25+00:00\",\"author\":{\"@id\":\"https:\\\/\\\/www.krafthand.de\\\/truck\\\/#\\\/schema\\\/person\\\/23aebc1e5e3f0204da7158bce36950bb\"},\"description\":\"Die Steuerger\u00e4te-Diagnose kann den Werkstattfachmann in die Irre f\u00fchren. Die Experten von BTS raten deshalb, immer auch die Lader-Peripherie zu checken.\",\"breadcrumb\":{\"@id\":\"https:\\\/\\\/www.krafthand.de\\\/truck\\\/artikel\\\/augen-auf-beim-turbolader-tausch-25062\\\/#breadcrumb\"},\"inLanguage\":\"de\",\"potentialAction\":[{\"@type\":\"ReadAction\",\"target\":[\"https:\\\/\\\/www.krafthand.de\\\/truck\\\/artikel\\\/augen-auf-beim-turbolader-tausch-25062\\\/\"]}]},{\"@type\":\"ImageObject\",\"inLanguage\":\"de\",\"@id\":\"https:\\\/\\\/www.krafthand.de\\\/truck\\\/artikel\\\/augen-auf-beim-turbolader-tausch-25062\\\/#primaryimage\",\"url\":\"https:\\\/\\\/static.krafthand-truck.de\\\/uploads\\\/2019\\\/09\\\/0319_002_01-quer.jpg\",\"contentUrl\":\"https:\\\/\\\/static.krafthand-truck.de\\\/uploads\\\/2019\\\/09\\\/0319_002_01-quer.jpg\",\"width\":1000,\"height\":667,\"caption\":\"Selbst wenn der Fehlerspeicher eindeutig den elektrischen Ladedrucksteller als Verursacher des Leistungsverlusts ausweist, ist es mit einem neuen Turbo alleine nicht getan. In jedem Fall sollte der Werkstattfachmann die Peripherie nach losen Teilen und andere Schadensursachen untersuchen, um unn\u00f6tige Folgesch\u00e4den zu vermeiden. Bild: Kuss\"},{\"@type\":\"BreadcrumbList\",\"@id\":\"https:\\\/\\\/www.krafthand.de\\\/truck\\\/artikel\\\/augen-auf-beim-turbolader-tausch-25062\\\/#breadcrumb\",\"itemListElement\":[{\"@type\":\"ListItem\",\"position\":1,\"name\":\"Krafthand-Truck\",\"item\":\"https:\\\/\\\/www.krafthand.de\\\/truck\\\/\"},{\"@type\":\"ListItem\",\"position\":2,\"name\":\"Nfz-Branche\",\"item\":\"https:\\\/\\\/www.krafthand.de\\\/truck\\\/kategorie\\\/branche\\\/\"},{\"@type\":\"ListItem\",\"position\":3,\"name\":\"Augen auf beim Turbolader-Tausch\"}]},{\"@type\":\"WebSite\",\"@id\":\"https:\\\/\\\/www.krafthand.de\\\/truck\\\/#website\",\"url\":\"https:\\\/\\\/www.krafthand.de\\\/truck\\\/\",\"name\":\"Krafthand-Truck\",\"description\":\"\",\"potentialAction\":[{\"@type\":\"SearchAction\",\"target\":{\"@type\":\"EntryPoint\",\"urlTemplate\":\"https:\\\/\\\/www.krafthand.de\\\/truck\\\/?s={search_term_string}\"},\"query-input\":{\"@type\":\"PropertyValueSpecification\",\"valueRequired\":true,\"valueName\":\"search_term_string\"}}],\"inLanguage\":\"de\"},{\"@type\":\"Person\",\"@id\":\"https:\\\/\\\/www.krafthand.de\\\/truck\\\/#\\\/schema\\\/person\\\/23aebc1e5e3f0204da7158bce36950bb\",\"name\":\"julian.schmid@krafthand.de\",\"image\":{\"@type\":\"ImageObject\",\"inLanguage\":\"de\",\"@id\":\"https:\\\/\\\/secure.gravatar.com\\\/avatar\\\/ef76c2910cab8eb23fcc013e1c6dc1ba4af5e93fea6e6132d7c4e67d4e9631e9?s=96&d=mm&r=g\",\"url\":\"https:\\\/\\\/secure.gravatar.com\\\/avatar\\\/ef76c2910cab8eb23fcc013e1c6dc1ba4af5e93fea6e6132d7c4e67d4e9631e9?s=96&d=mm&r=g\",\"contentUrl\":\"https:\\\/\\\/secure.gravatar.com\\\/avatar\\\/ef76c2910cab8eb23fcc013e1c6dc1ba4af5e93fea6e6132d7c4e67d4e9631e9?s=96&d=mm&r=g\",\"caption\":\"julian.schmid@krafthand.de\"}}]}<\/script>\n<!-- \/ Yoast SEO plugin. -->","yoast_head_json":{"title":"Augen auf beim Turbolader-Tausch - Krafthand-Truck","description":"Die Steuerger\u00e4te-Diagnose kann den Werkstattfachmann in die Irre f\u00fchren. Die Experten von BTS raten deshalb, immer auch die Lader-Peripherie zu checken.","robots":{"index":"index","follow":"follow","max-snippet":"max-snippet:-1","max-image-preview":"max-image-preview:large","max-video-preview":"max-video-preview:-1"},"canonical":"https:\/\/www.krafthand.de\/truck\/artikel\/augen-auf-beim-turbolader-tausch-25062\/","og_locale":"de_DE","og_type":"article","og_title":"Augen auf beim Turbolader-Tausch - Krafthand-Truck","og_description":"Die Steuerger\u00e4te-Diagnose kann den Werkstattfachmann in die Irre f\u00fchren. Die Experten von BTS raten deshalb, immer auch die Lader-Peripherie zu checken.","og_url":"https:\/\/www.krafthand-truck.de\/artikel\/augen-auf-beim-turbolader-tausch-25062\/","og_site_name":"Krafthand-Truck","article_published_time":"2019-09-13T05:00:28+00:00","article_modified_time":"2019-09-19T06:36:25+00:00","og_image":[{"width":1000,"height":667,"url":"https:\/\/www.krafthand.de\/truck\/wp-content\/uploads\/2019\/09\/0319_002_01-quer.jpg","type":"image\/jpeg"}],"author":"julian.schmid@krafthand.de","twitter_card":"summary_large_image","twitter_misc":{"Verfasst von":"julian.schmid@krafthand.de","Gesch\u00e4tzte Lesezeit":"3\u00a0Minuten"},"schema":{"@context":"https:\/\/schema.org","@graph":[{"@type":"Article","@id":"https:\/\/www.krafthand.de\/truck\/artikel\/augen-auf-beim-turbolader-tausch-25062\/#article","isPartOf":{"@id":"https:\/\/www.krafthand.de\/truck\/artikel\/augen-auf-beim-turbolader-tausch-25062\/"},"author":{"name":"julian.schmid@krafthand.de","@id":"https:\/\/www.krafthand.de\/truck\/#\/schema\/person\/23aebc1e5e3f0204da7158bce36950bb"},"headline":"Augen auf beim Turbolader-Tausch","datePublished":"2019-09-13T05:00:28+00:00","dateModified":"2019-09-19T06:36:25+00:00","mainEntityOfPage":{"@id":"https:\/\/www.krafthand.de\/truck\/artikel\/augen-auf-beim-turbolader-tausch-25062\/"},"wordCount":598,"image":{"@id":"https:\/\/www.krafthand.de\/truck\/artikel\/augen-auf-beim-turbolader-tausch-25062\/#primaryimage"},"thumbnailUrl":"https:\/\/static.krafthand-truck.de\/uploads\/2019\/09\/0319_002_01-quer.jpg","keywords":["Abgasturbolader","BTS Turbo","Lader-Peripherie","Turbo-Tausch","Turbolader"],"articleSection":["Nfz-Branche"],"inLanguage":"de"},{"@type":"WebPage","@id":"https:\/\/www.krafthand.de\/truck\/artikel\/augen-auf-beim-turbolader-tausch-25062\/","url":"https:\/\/www.krafthand.de\/truck\/artikel\/augen-auf-beim-turbolader-tausch-25062\/","name":"Augen auf beim Turbolader-Tausch - Krafthand-Truck","isPartOf":{"@id":"https:\/\/www.krafthand.de\/truck\/#website"},"primaryImageOfPage":{"@id":"https:\/\/www.krafthand.de\/truck\/artikel\/augen-auf-beim-turbolader-tausch-25062\/#primaryimage"},"image":{"@id":"https:\/\/www.krafthand.de\/truck\/artikel\/augen-auf-beim-turbolader-tausch-25062\/#primaryimage"},"thumbnailUrl":"https:\/\/static.krafthand-truck.de\/uploads\/2019\/09\/0319_002_01-quer.jpg","datePublished":"2019-09-13T05:00:28+00:00","dateModified":"2019-09-19T06:36:25+00:00","author":{"@id":"https:\/\/www.krafthand.de\/truck\/#\/schema\/person\/23aebc1e5e3f0204da7158bce36950bb"},"description":"Die Steuerger\u00e4te-Diagnose kann den Werkstattfachmann in die Irre f\u00fchren. Die Experten von BTS raten deshalb, immer auch die Lader-Peripherie zu checken.","breadcrumb":{"@id":"https:\/\/www.krafthand.de\/truck\/artikel\/augen-auf-beim-turbolader-tausch-25062\/#breadcrumb"},"inLanguage":"de","potentialAction":[{"@type":"ReadAction","target":["https:\/\/www.krafthand.de\/truck\/artikel\/augen-auf-beim-turbolader-tausch-25062\/"]}]},{"@type":"ImageObject","inLanguage":"de","@id":"https:\/\/www.krafthand.de\/truck\/artikel\/augen-auf-beim-turbolader-tausch-25062\/#primaryimage","url":"https:\/\/static.krafthand-truck.de\/uploads\/2019\/09\/0319_002_01-quer.jpg","contentUrl":"https:\/\/static.krafthand-truck.de\/uploads\/2019\/09\/0319_002_01-quer.jpg","width":1000,"height":667,"caption":"Selbst wenn der Fehlerspeicher eindeutig den elektrischen Ladedrucksteller als Verursacher des Leistungsverlusts ausweist, ist es mit einem neuen Turbo alleine nicht getan. In jedem Fall sollte der Werkstattfachmann die Peripherie nach losen Teilen und andere Schadensursachen untersuchen, um unn\u00f6tige Folgesch\u00e4den zu vermeiden. Bild: Kuss"},{"@type":"BreadcrumbList","@id":"https:\/\/www.krafthand.de\/truck\/artikel\/augen-auf-beim-turbolader-tausch-25062\/#breadcrumb","itemListElement":[{"@type":"ListItem","position":1,"name":"Krafthand-Truck","item":"https:\/\/www.krafthand.de\/truck\/"},{"@type":"ListItem","position":2,"name":"Nfz-Branche","item":"https:\/\/www.krafthand.de\/truck\/kategorie\/branche\/"},{"@type":"ListItem","position":3,"name":"Augen auf beim Turbolader-Tausch"}]},{"@type":"WebSite","@id":"https:\/\/www.krafthand.de\/truck\/#website","url":"https:\/\/www.krafthand.de\/truck\/","name":"Krafthand-Truck","description":"","potentialAction":[{"@type":"SearchAction","target":{"@type":"EntryPoint","urlTemplate":"https:\/\/www.krafthand.de\/truck\/?s={search_term_string}"},"query-input":{"@type":"PropertyValueSpecification","valueRequired":true,"valueName":"search_term_string"}}],"inLanguage":"de"},{"@type":"Person","@id":"https:\/\/www.krafthand.de\/truck\/#\/schema\/person\/23aebc1e5e3f0204da7158bce36950bb","name":"julian.schmid@krafthand.de","image":{"@type":"ImageObject","inLanguage":"de","@id":"https:\/\/secure.gravatar.com\/avatar\/ef76c2910cab8eb23fcc013e1c6dc1ba4af5e93fea6e6132d7c4e67d4e9631e9?s=96&d=mm&r=g","url":"https:\/\/secure.gravatar.com\/avatar\/ef76c2910cab8eb23fcc013e1c6dc1ba4af5e93fea6e6132d7c4e67d4e9631e9?s=96&d=mm&r=g","contentUrl":"https:\/\/secure.gravatar.com\/avatar\/ef76c2910cab8eb23fcc013e1c6dc1ba4af5e93fea6e6132d7c4e67d4e9631e9?s=96&d=mm&r=g","caption":"julian.schmid@krafthand.de"}}]}},"_links":{"self":[{"href":"https:\/\/www.krafthand.de\/truck\/wp-json\/wp\/v2\/posts\/25062","targetHints":{"allow":["GET"]}}],"collection":[{"href":"https:\/\/www.krafthand.de\/truck\/wp-json\/wp\/v2\/posts"}],"about":[{"href":"https:\/\/www.krafthand.de\/truck\/wp-json\/wp\/v2\/types\/post"}],"author":[{"embeddable":true,"href":"https:\/\/www.krafthand.de\/truck\/wp-json\/wp\/v2\/users\/7"}],"replies":[{"embeddable":true,"href":"https:\/\/www.krafthand.de\/truck\/wp-json\/wp\/v2\/comments?post=25062"}],"version-history":[{"count":3,"href":"https:\/\/www.krafthand.de\/truck\/wp-json\/wp\/v2\/posts\/25062\/revisions"}],"predecessor-version":[{"id":25069,"href":"https:\/\/www.krafthand.de\/truck\/wp-json\/wp\/v2\/posts\/25062\/revisions\/25069"}],"wp:featuredmedia":[{"embeddable":true,"href":"https:\/\/www.krafthand.de\/truck\/wp-json\/wp\/v2\/media\/25063"}],"wp:attachment":[{"href":"https:\/\/www.krafthand.de\/truck\/wp-json\/wp\/v2\/media?parent=25062"}],"wp:term":[{"taxonomy":"category","embeddable":true,"href":"https:\/\/www.krafthand.de\/truck\/wp-json\/wp\/v2\/categories?post=25062"},{"taxonomy":"post_tag","embeddable":true,"href":"https:\/\/www.krafthand.de\/truck\/wp-json\/wp\/v2\/tags?post=25062"},{"taxonomy":"settings","embeddable":true,"href":"https:\/\/www.krafthand.de\/truck\/wp-json\/wp\/v2\/settings?post=25062"}],"curies":[{"name":"wp","href":"https:\/\/api.w.org\/{rel}","templated":true}]}}