{"id":25035,"date":"2019-07-09T00:00:00","date_gmt":"2019-07-08T22:00:00","guid":{"rendered":"https:\/\/www.krafthand.de\/truck\/?p=25035"},"modified":"2019-09-11T07:02:01","modified_gmt":"2019-09-11T05:02:01","slug":"es-werde-licht","status":"publish","type":"post","link":"https:\/\/www.krafthand.de\/truck\/artikel\/es-werde-licht-25035\/","title":{"rendered":"Es werde Licht!"},"content":{"rendered":"<p class=\"text-colored text-bold\"> Wer im Dunklen arbeiten muss, ben\u00f6tigt gutes Licht. Nachtr\u00e4glich angebrachte Arbeitsscheinwerfer k\u00f6nnen Licht ins Dunkle bringen \u2013 insbesondere, wenn es sich um moderne LED-Leuchten handelt. Was bei der Auswahl und der Installation zu beachten ist, verraten die Lichttechnikspezialisten von Febi. <\/p>\n<p>Nicht nur Trucker, die h\u00e4ufig nachts auf unbekannten Stra\u00dfen oder unwegsamem Terrain unterwegs sind, wissen zus\u00e4tzliches Licht zu sch\u00e4tzen. Auch an Arbeitsmaschinen oder beim Rangieren auf schlecht beleuchteten Betriebsh\u00f6fen leisten Zusatzleuchten gute Dienste, denn sie leuchten die Arbeitsumgebung besser aus und erh\u00f6hen so die Sicherheit im Umfeld des Fahrzeugs. Zudem verringern sie die Gefahr, dass Personen verletzt oder dass Fahrzeuge und\/oder die Ladung besch\u00e4digt werden.<\/p>\n<p>Mittlerweile setzt sich bei Arbeits- beziehungsweise Zusatzscheinwerfern die LED-Technik immer mehr durch. \u201eLED-Leuchten sind im Vergleich zu herk\u00f6mmlichen Halogen-Scheinwerfern viel effizienter, denn sie erzielen eine wesentlich<br \/>\ngr\u00f6\u00dfere Lichtausbeute bei deutlich geringem Stromverbrauch. Das schont die Fahrzeugbatterie und erlaubt l\u00e4ngere Arbeitseins\u00e4tze mit Batteriestrom. Zudem weisen LED-Leuchtmittel eine deutlich l\u00e4ngere Lebensdauer auf\u201c, berichtet Sascha Keller, verantwortlich f\u00fcr das technische Marketing der Truck-Sparte beim Ennepetaler Nutzfahrzeugteile-Spezialisten Febi Bilstein.<\/p>\n<h2>Eindeutig geregelt<\/h2>\n<p>Doch mit dem simplen \u201aHinschrauben\u2018 irgendwelcher Leuchten ist es laut Keller nicht getan. \u201eBestimmte Fahrzeugkomponenten, etwa die Beleuchtung, unterliegen den Vorschriften der Europ\u00e4ischen Union. Diese ECE-Regelungen enthalten<br \/>\neinheitliche, technische Vorschriften, die f\u00fcr die Betriebserlaubnis des Fahrzeugs relevant sind. F\u00fcr Zusatzscheinwerfer etwa gelten die ECE-R10 und die ECE-R23\u201c, wei\u00df der Fachmann. Die Zertifizierung muss auf der Leuchte durch die Homologationsnummer der jeweiligen ECE-Norm vermerkt sein. Demnach beschreibt die ECE-R10 die elektromagnetische Vertr\u00e4glichkeit von Zusatzleuchten, w\u00e4hrend die ECE-R23 speziell f\u00fcr R\u00fcckfahrscheinwerfer gilt.<\/p>\n<div class=\"gallery-container\"><div class=\"owl-carousel owl-theme\">\r\n        <div>\r\n        \t<img decoding=\"async\" src=\"https:\/\/static.krafthand-truck.de\/uploads\/2019\/09\/kht0219_031_02-links.jpg\" alt=\"\" \/>\r\n          <a href=\"https:\/\/static.krafthand-truck.de\/uploads\/2019\/09\/kht0219_031_02-links.jpg\" data-featherlight=\"gallery_69f5d5cdec15e\" class=\"gallery-expand\" data-title=\"Ein Unterschied wie Tag und Nacht: moderne LED-Leuchten versprechen eine deutlich h\u00f6here Lichtausbeute. Zudem sparen sie Energie. Dar\u00fcber hinaus... Bild: Febi\"><i class=\"fa fa-expand\" aria-hidden=\"true\"><\/i><\/a>\r\n        \t<div class=\"gallery-caption wp-caption-text\"><p>Ein Unterschied wie Tag und Nacht: moderne LED-Leuchten versprechen eine deutlich h\u00f6here Lichtausbeute. Zudem sparen sie Energie. Dar\u00fcber hinaus&#8230; Bild: Febi<\/p>\n<\/div>\r\n        <\/div>\r\n        <div>\r\n        \t<img decoding=\"async\" src=\"https:\/\/static.krafthand-truck.de\/uploads\/2019\/09\/kht0219_031_02-rechts.jpg\" alt=\"\" \/>\r\n          <a href=\"https:\/\/static.krafthand-truck.de\/uploads\/2019\/09\/kht0219_031_02-rechts.jpg\" data-featherlight=\"gallery_69f5d5cdec15e\" class=\"gallery-expand\" data-title=\"...halten diese modernen Leuchtmittel deutlich l\u00e4nger als herk\u00f6mmliche. Bild: Febi\"><i class=\"fa fa-expand\" aria-hidden=\"true\"><\/i><\/a>\r\n        \t<div class=\"gallery-caption wp-caption-text\"><p>&#8230;halten diese modernen Leuchtmittel deutlich l\u00e4nger als herk\u00f6mmliche. Bild: Febi<\/p>\n<\/div>\r\n        <\/div><\/div><\/div>\r\n\t<script>\r\n\t\tjQuery(document).ready(function($){\r\n      setTimeout(function(){\r\n  \t\t\t$(\".owl-carousel\").owlCarousel({\r\n  \t\t\t\tloop:true,\r\n    \t\t\tmargin:10,\r\n    \t\t\tresponsiveClass:true,\r\n    \t\t\titems:1,\r\n    \t\t\tautoHeight: true,\r\n          nav: true,\r\n          URLhashListener: true,\r\n          startPosition: \"URLHash\",\r\n          navText: [\r\n            \"<i class='fa fa-chevron-left'><\/i>\",\r\n            \"<i class='fa fa-chevron-right'><\/i>\"\r\n          ],\r\n  \t\t\t});\r\n      }, 2000);\r\n\t\t});\r\n\t<\/script>\r\n\t\n<p>Dar\u00fcber hinaus sollte der Anbauer laut Febi auch auf die Schutzart achten, denn diese bestimmt quasi die Haltbarkeit des betreffenden Produkts. Leuchten nach Schutzart IP67 beispielsweise sind demnach gegen das Eindringen von Feuchtigkeit und Staub in das Geh\u00e4use gesch\u00fctzt. \u201eDie Wasserdichtigkeit ist bei tempor\u00e4rem Eintauchen in Wasser bis zu einem Meter sowie gegen Spritzwasser gegeben. Allerdings reicht die Abdichtung des Geh\u00e4uses nicht aus, um dem gezielten Strahl eines Hochdruckreinigers zu widerstehen\u201c, wei\u00df Keller. F\u00fcr Baustellenfahrzeuge und Nutzfahrzeuge, die h\u00e4ufig und intensiv mit dem Hochdruckstrahler von grobem Schmutz befreit werden, seien daher Leuchten mit der Schutzart IP6K9K die bessere Wahl. Auch f\u00fcr die IP-Klassen-Einstufung gibt es dem Fachmann zufolge eindeutige Pr\u00fcfkriterien, abh\u00e4ngig von der angestrebten Schutzklasse.<\/p>\n<div class=\"infobox box-grey\"><\/p>\n<h3>Was bedeutet \u201aLumen\u2018?<\/h3>\n<p>Lumen (lm) ist die standardisierte Einheit f\u00fcr den sogenannten Lichtstrom. Er l\u00e4sst R\u00fcckschl\u00fcsse auf die Helligkeit einer Lampe zu. Der Lichtstrom gibt an, wie viel Licht eine Lichtquelle nach allen Seiten abstrahlt. Er wird als Nenn-Lichtstrom (aus dem Labor) und als Bemessungslichtstrom (tats\u00e4chliche Helligkeit der Lampe) ermittelt.<\/p>\n<p><\/div>\n<h2>Anbauvorschriften beachten<\/h2>\n<p>Klare Vorschriften gibt es aber auch f\u00fcr den Anbau und den Betrieb von Zusatzscheinwerfern. \u201eArbeitsscheinwerfer lassen sich nur dann als R\u00fcckfahrscheinwerfer verwenden, wenn sie die Kriterien der ECE-R23 erf\u00fcllen. Diese Zertifizierung schreibt unter anderem strenge LED-Ausfallkriterien, definierte Lichtwerte am Boden und einen nach oben begrenzten Lichtwert vor. Zudem m\u00fcssen R\u00fcckfahrscheinwerfer zus\u00e4tzlich die ECE-R48 erf\u00fcllen\u201c, erl\u00e4utert Keller. \u00dcberdies sei die Zahl der regul\u00e4ren und der zus\u00e4tzlichen R\u00fcckfahrleuchten je nach Kfz- beziehungsweise Fahrzeugklasse vorgeschrieben, zudem gelte es beim Anbau bestimmte Positionen, Ma\u00dfe und Winkel zu beachten. F\u00fcr den Betrieb von R\u00fcckfahrscheinwerfern gilt: sie d\u00fcrfen nur bei eingelegtem R\u00fcckw\u00e4rtsgang und fahrbereitem Fahrzeug leuchten.<\/p>\n<div class=\"gallery-container\"><div class=\"owl-carousel owl-theme\">\r\n        <div>\r\n        \t<img decoding=\"async\" src=\"https:\/\/static.krafthand-truck.de\/uploads\/2019\/09\/kht0219_031_03-links.jpg\" alt=\"\" \/>\r\n          <a href=\"https:\/\/static.krafthand-truck.de\/uploads\/2019\/09\/kht0219_031_03-links.jpg\" data-featherlight=\"gallery_69f5d5cdec68e\" class=\"gallery-expand\" data-title=\"Mit zus\u00e4tzlichen LED-Leuchten k\u00e4sst sich der Arbeitsraum vor dem Fahrzeug... Bild: Febi\"><i class=\"fa fa-expand\" aria-hidden=\"true\"><\/i><\/a>\r\n        \t<div class=\"gallery-caption wp-caption-text\"><p>Mit zus\u00e4tzlichen LED-Leuchten k\u00e4sst sich der Arbeitsraum vor dem Fahrzeug&#8230; Bild: Febi<\/p>\n<\/div>\r\n        <\/div>\r\n        <div>\r\n        \t<img decoding=\"async\" src=\"https:\/\/static.krafthand-truck.de\/uploads\/2019\/09\/kht0219_031_03-rechts.jpg\" alt=\"\" \/>\r\n          <a href=\"https:\/\/static.krafthand-truck.de\/uploads\/2019\/09\/kht0219_031_03-rechts.jpg\" data-featherlight=\"gallery_69f5d5cdec68e\" class=\"gallery-expand\" data-title=\"...im Vergleich zu den serienm\u00e4\u00dfigen Halogen-Scheinwerfern deutlich heller ausleuchten. Bild: Febi\"><i class=\"fa fa-expand\" aria-hidden=\"true\"><\/i><\/a>\r\n        \t<div class=\"gallery-caption wp-caption-text\"><p>&#8230;im Vergleich zu den serienm\u00e4\u00dfigen Halogen-Scheinwerfern deutlich heller ausleuchten. Bild: Febi<\/p>\n<\/div>\r\n        <\/div>\r\n        <div>\r\n        \t<img decoding=\"async\" src=\"https:\/\/static.krafthand-truck.de\/uploads\/2019\/09\/kht0219_031_04.jpg\" alt=\"\" \/>\r\n          <a href=\"https:\/\/static.krafthand-truck.de\/uploads\/2019\/09\/kht0219_031_04.jpg\" data-featherlight=\"gallery_69f5d5cdec68e\" class=\"gallery-expand\" data-title=\"Bei Fahrzeugen, die h\u00e4ufig mit dem Hochdruckstrahler gereinigt werden, sollte man Zusatzleuchten der Schutzklasse IP6K9K verbauen. Bild: Febi\"><i class=\"fa fa-expand\" aria-hidden=\"true\"><\/i><\/a>\r\n        \t<div class=\"gallery-caption wp-caption-text\"><p>Bei Fahrzeugen, die h\u00e4ufig mit dem Hochdruckstrahler gereinigt werden, sollte man Zusatzleuchten der Schutzklasse IP6K9K verbauen. Bild: Febi<\/p>\n<\/div>\r\n        <\/div><\/div><\/div>\r\n\t<script>\r\n\t\tjQuery(document).ready(function($){\r\n      setTimeout(function(){\r\n  \t\t\t$(\".owl-carousel\").owlCarousel({\r\n  \t\t\t\tloop:true,\r\n    \t\t\tmargin:10,\r\n    \t\t\tresponsiveClass:true,\r\n    \t\t\titems:1,\r\n    \t\t\tautoHeight: true,\r\n          nav: true,\r\n          URLhashListener: true,\r\n          startPosition: \"URLHash\",\r\n          navText: [\r\n            \"<i class='fa fa-chevron-left'><\/i>\",\r\n            \"<i class='fa fa-chevron-right'><\/i>\"\r\n          ],\r\n  \t\t\t});\r\n      }, 2000);\r\n\t\t});\r\n\t<\/script>\r\n\t\n<p>Bei der elektrischen Schaltung nachtr\u00e4glich angebauter, zus\u00e4tzlicher R\u00fcckfahrleuchten gibt es allerdings Besonderheiten, wobei ein eigener Schalter zwischen Fahrzeug und Zusatzscheinwerfer in jedem Fall zwingend erforderlich ist. Beispielsweise ist es unter bestimmten Voraussetzungen erlaubt, an der Fahrzeugseite angebaute Leuchten bei langsamen Fahrman\u00f6vern in Fahrtrichtung bis zu einer Geschwindigkeit von 10 km\/h zu betreiben. Voraussetzung ist laut Sascha Keller jedoch, dass sich die Leuchten durch einen gesonderten, handbet\u00e4tigten Schalter ein- und ausschalten lassen. Zudem d\u00fcrfen sie auch dann noch leuchten, wenn der R\u00fcckw\u00e4rtsgang herausgenommen wurde. Allerdings m\u00fcssen sie \u2013 unabh\u00e4ngig von der Stellung des Schalters \u2013 automatisch ausgehen, sobald die Vorw\u00e4rtsgeschwindigkeit des Fahrzeugs 10 km\/h \u00fcberschreitet. Und sie m\u00fcssen ausgeschaltet bleiben, bis der Fahrer sie erneut aktiviert.<\/p>\n<p>F\u00fcr den Anbau von Arbeitsscheinwerfern dagegen gibt es laut Febi nur wenige Vorschriften: Die Leuchten m\u00fcssen nach ECE-R10 zertifiziert sein. Dem Fachmann von Febi zufolge k\u00f6nnen sie beliebig am Fahrzeug angebracht sein, da sie das Arbeiten mit und um das Fahrzeug herum erm\u00f6glichen sollen. \u201eAllerdings d\u00fcrfen sie nicht im Geltungsbereich der Stra\u00dfenverkehrsordnung (StVO), also im \u201anormalen\u2018 Stra\u00dfenverkehr, betrieben werden. Dementsprechend d\u00fcrfen Arbeitsleuchten nicht mit R\u00fcckfahrscheinwerfern oder anderen Leuchten zusammen geschaltet werden. Und sie brauchen ebenfalls einen eigenen Schalter\u201c, konstatiert Keller.<\/p>\n<div class=\"gallery-container\"><div class=\"owl-carousel owl-theme\">\r\n        <div>\r\n        \t<img decoding=\"async\" src=\"https:\/\/static.krafthand-truck.de\/uploads\/2019\/09\/kht0219_031_05.jpg\" alt=\"\" \/>\r\n          <a href=\"https:\/\/static.krafthand-truck.de\/uploads\/2019\/09\/kht0219_031_05.jpg\" data-featherlight=\"gallery_69f5d5cdecb93\" class=\"gallery-expand\" data-title=\"Teileanbieter wie Febi haben zahlreiche LED-Leuchten f\u00fcr die unterschiedlichsten Einsatzzwecke im Sortiment. ECE-Vorschriften regeln allerdings den Anbau und die Funktion. Bild: Febi\"><i class=\"fa fa-expand\" aria-hidden=\"true\"><\/i><\/a>\r\n        \t<div class=\"gallery-caption wp-caption-text\"><p>Teileanbieter wie Febi haben zahlreiche LED-Leuchten f\u00fcr die unterschiedlichsten Einsatzzwecke im Sortiment. ECE-Vorschriften regeln allerdings den Anbau und die Funktion. Bild: Febi<\/p>\n<\/div>\r\n        <\/div>\r\n        <div>\r\n        \t<img decoding=\"async\" src=\"https:\/\/static.krafthand-truck.de\/uploads\/2019\/09\/kht0219_031_06.jpg\" alt=\"\" \/>\r\n          <a href=\"https:\/\/static.krafthand-truck.de\/uploads\/2019\/09\/kht0219_031_06.jpg\" data-featherlight=\"gallery_69f5d5cdecb93\" class=\"gallery-expand\" data-title=\"Zusatzscheinwerfer sollte man immer in aufrechter Position mit dem Kabelausgang nach unten montieren und am Kabel eine Schlaufe bilden, bevor es in die Anschlussstelle oder Verteilerdose gef\u00fchrt wird. Das verhindert, dass Wasser entlang des Kabels in den Scheinwerfer dringt und Sch\u00e4den verursacht. Bild: Febi\"><i class=\"fa fa-expand\" aria-hidden=\"true\"><\/i><\/a>\r\n        \t<div class=\"gallery-caption wp-caption-text\"><p>Zusatzscheinwerfer sollte man immer in aufrechter Position mit dem Kabelausgang nach unten montieren und am Kabel eine Schlaufe bilden, bevor es in die Anschlussstelle oder Verteilerdose gef\u00fchrt wird. Das verhindert, dass Wasser entlang des Kabels in den Scheinwerfer dringt und Sch\u00e4den verursacht. Bild: Febi<\/p>\n<\/div>\r\n        <\/div><\/div><\/div>\r\n\t<script>\r\n\t\tjQuery(document).ready(function($){\r\n      setTimeout(function(){\r\n  \t\t\t$(\".owl-carousel\").owlCarousel({\r\n  \t\t\t\tloop:true,\r\n    \t\t\tmargin:10,\r\n    \t\t\tresponsiveClass:true,\r\n    \t\t\titems:1,\r\n    \t\t\tautoHeight: true,\r\n          nav: true,\r\n          URLhashListener: true,\r\n          startPosition: \"URLHash\",\r\n          navText: [\r\n            \"<i class='fa fa-chevron-left'><\/i>\",\r\n            \"<i class='fa fa-chevron-right'><\/i>\"\r\n          ],\r\n  \t\t\t});\r\n      }, 2000);\r\n\t\t});\r\n\t<\/script>\r\n\t\n<p><i>Den Beitrag finden Sie auch in der Print-Ausgabe 2\/19 der <a href=\"https:\/\/www.krafthand.de\/truck\/magazin\/\" title=\"Zum Magazin\">Krafthand-Truck<\/a>.<\/i><\/p>\r\n\t\t\t\t<div class=\"post-author\">\r\n\t\t\t\t\t<div class=\"khm-cp-author clearfix\">\r\n\t\t\t\t\t\t<div class=\"khm-cp-author__content\">\r\n\t\t\t\t\t\t\t\tKontakt zum Autor:<br \/>\r\n\t\t\t\t\t\t\t\t<strong>Klaus Kuss<\/strong>, 08247 \/ 3007-177 |  <a href=\"mailto:klaus.kuss@krafthand-medien.de\">klaus.kuss@krafthand-medien.de<\/a>\r\n\t\t\t\t\t\t\t<div class=\"khm-cp-author__image\">\r\n\t\t\t\t\t\t<img src=\"https:\/\/static.krafthand-truck.de\/uploads\/2018\/01\/Kuss_Klaus-250x300.png\" class=\"img-responsive\">\r\n\t\t\t\t\t<\/div>\r\n\t\t\t\t\t\t<\/div>\r\n\t\t\t\t\t<\/div>\r\n\t\t\t\t<\/div>\r\n\t\t\t\t","protected":false},"excerpt":{"rendered":"<p>Wer im Dunklen arbeiten muss, ben\u00f6tigt gutes Licht. Nachtr\u00e4glich angebrachte Arbeitsscheinwerfer k\u00f6nnen Licht ins Dunkle bringen. <span class=\"excerpt-more__dots\">&#8230;<\/span> <a class=\"excerpt-more__link\" href=\"https:\/\/www.krafthand.de\/truck\/artikel\/es-werde-licht-25035\/\" >weiter<\/a><\/p>\n","protected":false},"author":7,"featured_media":25036,"comment_status":"closed","ping_status":"closed","sticky":false,"template":"","format":"standard","meta":{"footnotes":""},"categories":[5],"tags":[3934,1481,1837,2673,2666,3212,3935],"settings":[3524,3523],"class_list":["post-25035","post","type-post","status-publish","format-standard","has-post-thumbnail","hentry","category-branche","tag-arbeitsscheinwerfer","tag-febi","tag-febi-bilstein","tag-led-arbeitsscheinwerfer","tag-led-leuchten","tag-licht","tag-lichttechnik"],"yoast_head":"<!-- This site is optimized with the Yoast SEO plugin v27.3 - https:\/\/yoast.com\/product\/yoast-seo-wordpress\/ -->\n<title>Es werde Licht! - Krafthand-Truck<\/title>\n<meta name=\"description\" content=\"Wer im Dunklen arbeiten muss, ben\u00f6tigt gutes Licht. Nachtr\u00e4glich angebrachte Arbeitsscheinwerfer k\u00f6nnen Licht ins Dunkle bringen.\" \/>\n<meta name=\"robots\" content=\"index, follow, max-snippet:-1, max-image-preview:large, max-video-preview:-1\" \/>\n<link rel=\"canonical\" href=\"https:\/\/www.krafthand.de\/truck\/artikel\/es-werde-licht-25035\/\" \/>\n<meta property=\"og:locale\" content=\"de_DE\" \/>\n<meta property=\"og:type\" content=\"article\" \/>\n<meta property=\"og:title\" content=\"Es werde Licht! - Krafthand-Truck\" \/>\n<meta property=\"og:description\" content=\"Wer im Dunklen arbeiten muss, ben\u00f6tigt gutes Licht. Nachtr\u00e4glich angebrachte Arbeitsscheinwerfer k\u00f6nnen Licht ins Dunkle bringen.\" \/>\n<meta property=\"og:url\" content=\"https:\/\/www.krafthand-truck.de\/artikel\/es-werde-licht-25035\/\" \/>\n<meta property=\"og:site_name\" content=\"Krafthand-Truck\" \/>\n<meta property=\"article:published_time\" content=\"2019-07-08T22:00:00+00:00\" \/>\n<meta property=\"article:modified_time\" content=\"2019-09-11T05:02:01+00:00\" \/>\n<meta property=\"og:image\" content=\"https:\/\/www.krafthand.de\/truck\/wp-content\/uploads\/2019\/07\/kht0219_031_01.jpg\" \/>\n\t<meta property=\"og:image:width\" content=\"1000\" \/>\n\t<meta property=\"og:image:height\" content=\"563\" \/>\n\t<meta property=\"og:image:type\" content=\"image\/jpeg\" \/>\n<meta name=\"author\" content=\"julian.schmid@krafthand.de\" \/>\n<meta name=\"twitter:card\" content=\"summary_large_image\" \/>\n<meta name=\"twitter:label1\" content=\"Verfasst von\" \/>\n\t<meta name=\"twitter:data1\" content=\"julian.schmid@krafthand.de\" \/>\n\t<meta name=\"twitter:label2\" content=\"Gesch\u00e4tzte Lesezeit\" \/>\n\t<meta name=\"twitter:data2\" content=\"4\u00a0Minuten\" \/>\n<script type=\"application\/ld+json\" class=\"yoast-schema-graph\">{\"@context\":\"https:\\\/\\\/schema.org\",\"@graph\":[{\"@type\":\"Article\",\"@id\":\"https:\\\/\\\/www.krafthand.de\\\/truck\\\/artikel\\\/es-werde-licht-25035\\\/#article\",\"isPartOf\":{\"@id\":\"https:\\\/\\\/www.krafthand.de\\\/truck\\\/artikel\\\/es-werde-licht-25035\\\/\"},\"author\":{\"name\":\"julian.schmid@krafthand.de\",\"@id\":\"https:\\\/\\\/www.krafthand.de\\\/truck\\\/#\\\/schema\\\/person\\\/23aebc1e5e3f0204da7158bce36950bb\"},\"headline\":\"Es werde Licht!\",\"datePublished\":\"2019-07-08T22:00:00+00:00\",\"dateModified\":\"2019-09-11T05:02:01+00:00\",\"mainEntityOfPage\":{\"@id\":\"https:\\\/\\\/www.krafthand.de\\\/truck\\\/artikel\\\/es-werde-licht-25035\\\/\"},\"wordCount\":805,\"image\":{\"@id\":\"https:\\\/\\\/www.krafthand.de\\\/truck\\\/artikel\\\/es-werde-licht-25035\\\/#primaryimage\"},\"thumbnailUrl\":\"https:\\\/\\\/static.krafthand-truck.de\\\/uploads\\\/2019\\\/07\\\/kht0219_031_01.jpg\",\"keywords\":[\"Arbeitsscheinwerfer\",\"Febi\",\"Febi Bilstein\",\"LED-Arbeitsscheinwerfer\",\"LED-Leuchten\",\"Licht\",\"Lichttechnik\"],\"articleSection\":[\"Nfz-Branche\"],\"inLanguage\":\"de\"},{\"@type\":\"WebPage\",\"@id\":\"https:\\\/\\\/www.krafthand.de\\\/truck\\\/artikel\\\/es-werde-licht-25035\\\/\",\"url\":\"https:\\\/\\\/www.krafthand.de\\\/truck\\\/artikel\\\/es-werde-licht-25035\\\/\",\"name\":\"Es werde Licht! - Krafthand-Truck\",\"isPartOf\":{\"@id\":\"https:\\\/\\\/www.krafthand.de\\\/truck\\\/#website\"},\"primaryImageOfPage\":{\"@id\":\"https:\\\/\\\/www.krafthand.de\\\/truck\\\/artikel\\\/es-werde-licht-25035\\\/#primaryimage\"},\"image\":{\"@id\":\"https:\\\/\\\/www.krafthand.de\\\/truck\\\/artikel\\\/es-werde-licht-25035\\\/#primaryimage\"},\"thumbnailUrl\":\"https:\\\/\\\/static.krafthand-truck.de\\\/uploads\\\/2019\\\/07\\\/kht0219_031_01.jpg\",\"datePublished\":\"2019-07-08T22:00:00+00:00\",\"dateModified\":\"2019-09-11T05:02:01+00:00\",\"author\":{\"@id\":\"https:\\\/\\\/www.krafthand.de\\\/truck\\\/#\\\/schema\\\/person\\\/23aebc1e5e3f0204da7158bce36950bb\"},\"description\":\"Wer im Dunklen arbeiten muss, ben\u00f6tigt gutes Licht. Nachtr\u00e4glich angebrachte Arbeitsscheinwerfer k\u00f6nnen Licht ins Dunkle bringen.\",\"breadcrumb\":{\"@id\":\"https:\\\/\\\/www.krafthand.de\\\/truck\\\/artikel\\\/es-werde-licht-25035\\\/#breadcrumb\"},\"inLanguage\":\"de\",\"potentialAction\":[{\"@type\":\"ReadAction\",\"target\":[\"https:\\\/\\\/www.krafthand.de\\\/truck\\\/artikel\\\/es-werde-licht-25035\\\/\"]}]},{\"@type\":\"ImageObject\",\"inLanguage\":\"de\",\"@id\":\"https:\\\/\\\/www.krafthand.de\\\/truck\\\/artikel\\\/es-werde-licht-25035\\\/#primaryimage\",\"url\":\"https:\\\/\\\/static.krafthand-truck.de\\\/uploads\\\/2019\\\/07\\\/kht0219_031_01.jpg\",\"contentUrl\":\"https:\\\/\\\/static.krafthand-truck.de\\\/uploads\\\/2019\\\/07\\\/kht0219_031_01.jpg\",\"width\":1000,\"height\":563,\"caption\":\"Zusatzscheinwerfer an einem Lkw mit LED-Technik\"},{\"@type\":\"BreadcrumbList\",\"@id\":\"https:\\\/\\\/www.krafthand.de\\\/truck\\\/artikel\\\/es-werde-licht-25035\\\/#breadcrumb\",\"itemListElement\":[{\"@type\":\"ListItem\",\"position\":1,\"name\":\"Krafthand-Truck\",\"item\":\"https:\\\/\\\/www.krafthand.de\\\/truck\\\/\"},{\"@type\":\"ListItem\",\"position\":2,\"name\":\"Nfz-Branche\",\"item\":\"https:\\\/\\\/www.krafthand.de\\\/truck\\\/kategorie\\\/branche\\\/\"},{\"@type\":\"ListItem\",\"position\":3,\"name\":\"Es werde Licht!\"}]},{\"@type\":\"WebSite\",\"@id\":\"https:\\\/\\\/www.krafthand.de\\\/truck\\\/#website\",\"url\":\"https:\\\/\\\/www.krafthand.de\\\/truck\\\/\",\"name\":\"Krafthand-Truck\",\"description\":\"\",\"potentialAction\":[{\"@type\":\"SearchAction\",\"target\":{\"@type\":\"EntryPoint\",\"urlTemplate\":\"https:\\\/\\\/www.krafthand.de\\\/truck\\\/?s={search_term_string}\"},\"query-input\":{\"@type\":\"PropertyValueSpecification\",\"valueRequired\":true,\"valueName\":\"search_term_string\"}}],\"inLanguage\":\"de\"},{\"@type\":\"Person\",\"@id\":\"https:\\\/\\\/www.krafthand.de\\\/truck\\\/#\\\/schema\\\/person\\\/23aebc1e5e3f0204da7158bce36950bb\",\"name\":\"julian.schmid@krafthand.de\",\"image\":{\"@type\":\"ImageObject\",\"inLanguage\":\"de\",\"@id\":\"https:\\\/\\\/secure.gravatar.com\\\/avatar\\\/ef76c2910cab8eb23fcc013e1c6dc1ba4af5e93fea6e6132d7c4e67d4e9631e9?s=96&d=mm&r=g\",\"url\":\"https:\\\/\\\/secure.gravatar.com\\\/avatar\\\/ef76c2910cab8eb23fcc013e1c6dc1ba4af5e93fea6e6132d7c4e67d4e9631e9?s=96&d=mm&r=g\",\"contentUrl\":\"https:\\\/\\\/secure.gravatar.com\\\/avatar\\\/ef76c2910cab8eb23fcc013e1c6dc1ba4af5e93fea6e6132d7c4e67d4e9631e9?s=96&d=mm&r=g\",\"caption\":\"julian.schmid@krafthand.de\"}}]}<\/script>\n<!-- \/ Yoast SEO plugin. -->","yoast_head_json":{"title":"Es werde Licht! - Krafthand-Truck","description":"Wer im Dunklen arbeiten muss, ben\u00f6tigt gutes Licht. Nachtr\u00e4glich angebrachte Arbeitsscheinwerfer k\u00f6nnen Licht ins Dunkle bringen.","robots":{"index":"index","follow":"follow","max-snippet":"max-snippet:-1","max-image-preview":"max-image-preview:large","max-video-preview":"max-video-preview:-1"},"canonical":"https:\/\/www.krafthand.de\/truck\/artikel\/es-werde-licht-25035\/","og_locale":"de_DE","og_type":"article","og_title":"Es werde Licht! - Krafthand-Truck","og_description":"Wer im Dunklen arbeiten muss, ben\u00f6tigt gutes Licht. Nachtr\u00e4glich angebrachte Arbeitsscheinwerfer k\u00f6nnen Licht ins Dunkle bringen.","og_url":"https:\/\/www.krafthand-truck.de\/artikel\/es-werde-licht-25035\/","og_site_name":"Krafthand-Truck","article_published_time":"2019-07-08T22:00:00+00:00","article_modified_time":"2019-09-11T05:02:01+00:00","og_image":[{"width":1000,"height":563,"url":"https:\/\/www.krafthand.de\/truck\/wp-content\/uploads\/2019\/07\/kht0219_031_01.jpg","type":"image\/jpeg"}],"author":"julian.schmid@krafthand.de","twitter_card":"summary_large_image","twitter_misc":{"Verfasst von":"julian.schmid@krafthand.de","Gesch\u00e4tzte Lesezeit":"4\u00a0Minuten"},"schema":{"@context":"https:\/\/schema.org","@graph":[{"@type":"Article","@id":"https:\/\/www.krafthand.de\/truck\/artikel\/es-werde-licht-25035\/#article","isPartOf":{"@id":"https:\/\/www.krafthand.de\/truck\/artikel\/es-werde-licht-25035\/"},"author":{"name":"julian.schmid@krafthand.de","@id":"https:\/\/www.krafthand.de\/truck\/#\/schema\/person\/23aebc1e5e3f0204da7158bce36950bb"},"headline":"Es werde Licht!","datePublished":"2019-07-08T22:00:00+00:00","dateModified":"2019-09-11T05:02:01+00:00","mainEntityOfPage":{"@id":"https:\/\/www.krafthand.de\/truck\/artikel\/es-werde-licht-25035\/"},"wordCount":805,"image":{"@id":"https:\/\/www.krafthand.de\/truck\/artikel\/es-werde-licht-25035\/#primaryimage"},"thumbnailUrl":"https:\/\/static.krafthand-truck.de\/uploads\/2019\/07\/kht0219_031_01.jpg","keywords":["Arbeitsscheinwerfer","Febi","Febi Bilstein","LED-Arbeitsscheinwerfer","LED-Leuchten","Licht","Lichttechnik"],"articleSection":["Nfz-Branche"],"inLanguage":"de"},{"@type":"WebPage","@id":"https:\/\/www.krafthand.de\/truck\/artikel\/es-werde-licht-25035\/","url":"https:\/\/www.krafthand.de\/truck\/artikel\/es-werde-licht-25035\/","name":"Es werde Licht! - Krafthand-Truck","isPartOf":{"@id":"https:\/\/www.krafthand.de\/truck\/#website"},"primaryImageOfPage":{"@id":"https:\/\/www.krafthand.de\/truck\/artikel\/es-werde-licht-25035\/#primaryimage"},"image":{"@id":"https:\/\/www.krafthand.de\/truck\/artikel\/es-werde-licht-25035\/#primaryimage"},"thumbnailUrl":"https:\/\/static.krafthand-truck.de\/uploads\/2019\/07\/kht0219_031_01.jpg","datePublished":"2019-07-08T22:00:00+00:00","dateModified":"2019-09-11T05:02:01+00:00","author":{"@id":"https:\/\/www.krafthand.de\/truck\/#\/schema\/person\/23aebc1e5e3f0204da7158bce36950bb"},"description":"Wer im Dunklen arbeiten muss, ben\u00f6tigt gutes Licht. Nachtr\u00e4glich angebrachte Arbeitsscheinwerfer k\u00f6nnen Licht ins Dunkle bringen.","breadcrumb":{"@id":"https:\/\/www.krafthand.de\/truck\/artikel\/es-werde-licht-25035\/#breadcrumb"},"inLanguage":"de","potentialAction":[{"@type":"ReadAction","target":["https:\/\/www.krafthand.de\/truck\/artikel\/es-werde-licht-25035\/"]}]},{"@type":"ImageObject","inLanguage":"de","@id":"https:\/\/www.krafthand.de\/truck\/artikel\/es-werde-licht-25035\/#primaryimage","url":"https:\/\/static.krafthand-truck.de\/uploads\/2019\/07\/kht0219_031_01.jpg","contentUrl":"https:\/\/static.krafthand-truck.de\/uploads\/2019\/07\/kht0219_031_01.jpg","width":1000,"height":563,"caption":"Zusatzscheinwerfer an einem Lkw mit LED-Technik"},{"@type":"BreadcrumbList","@id":"https:\/\/www.krafthand.de\/truck\/artikel\/es-werde-licht-25035\/#breadcrumb","itemListElement":[{"@type":"ListItem","position":1,"name":"Krafthand-Truck","item":"https:\/\/www.krafthand.de\/truck\/"},{"@type":"ListItem","position":2,"name":"Nfz-Branche","item":"https:\/\/www.krafthand.de\/truck\/kategorie\/branche\/"},{"@type":"ListItem","position":3,"name":"Es werde Licht!"}]},{"@type":"WebSite","@id":"https:\/\/www.krafthand.de\/truck\/#website","url":"https:\/\/www.krafthand.de\/truck\/","name":"Krafthand-Truck","description":"","potentialAction":[{"@type":"SearchAction","target":{"@type":"EntryPoint","urlTemplate":"https:\/\/www.krafthand.de\/truck\/?s={search_term_string}"},"query-input":{"@type":"PropertyValueSpecification","valueRequired":true,"valueName":"search_term_string"}}],"inLanguage":"de"},{"@type":"Person","@id":"https:\/\/www.krafthand.de\/truck\/#\/schema\/person\/23aebc1e5e3f0204da7158bce36950bb","name":"julian.schmid@krafthand.de","image":{"@type":"ImageObject","inLanguage":"de","@id":"https:\/\/secure.gravatar.com\/avatar\/ef76c2910cab8eb23fcc013e1c6dc1ba4af5e93fea6e6132d7c4e67d4e9631e9?s=96&d=mm&r=g","url":"https:\/\/secure.gravatar.com\/avatar\/ef76c2910cab8eb23fcc013e1c6dc1ba4af5e93fea6e6132d7c4e67d4e9631e9?s=96&d=mm&r=g","contentUrl":"https:\/\/secure.gravatar.com\/avatar\/ef76c2910cab8eb23fcc013e1c6dc1ba4af5e93fea6e6132d7c4e67d4e9631e9?s=96&d=mm&r=g","caption":"julian.schmid@krafthand.de"}}]}},"_links":{"self":[{"href":"https:\/\/www.krafthand.de\/truck\/wp-json\/wp\/v2\/posts\/25035","targetHints":{"allow":["GET"]}}],"collection":[{"href":"https:\/\/www.krafthand.de\/truck\/wp-json\/wp\/v2\/posts"}],"about":[{"href":"https:\/\/www.krafthand.de\/truck\/wp-json\/wp\/v2\/types\/post"}],"author":[{"embeddable":true,"href":"https:\/\/www.krafthand.de\/truck\/wp-json\/wp\/v2\/users\/7"}],"replies":[{"embeddable":true,"href":"https:\/\/www.krafthand.de\/truck\/wp-json\/wp\/v2\/comments?post=25035"}],"version-history":[{"count":4,"href":"https:\/\/www.krafthand.de\/truck\/wp-json\/wp\/v2\/posts\/25035\/revisions"}],"predecessor-version":[{"id":25047,"href":"https:\/\/www.krafthand.de\/truck\/wp-json\/wp\/v2\/posts\/25035\/revisions\/25047"}],"wp:featuredmedia":[{"embeddable":true,"href":"https:\/\/www.krafthand.de\/truck\/wp-json\/wp\/v2\/media\/25036"}],"wp:attachment":[{"href":"https:\/\/www.krafthand.de\/truck\/wp-json\/wp\/v2\/media?parent=25035"}],"wp:term":[{"taxonomy":"category","embeddable":true,"href":"https:\/\/www.krafthand.de\/truck\/wp-json\/wp\/v2\/categories?post=25035"},{"taxonomy":"post_tag","embeddable":true,"href":"https:\/\/www.krafthand.de\/truck\/wp-json\/wp\/v2\/tags?post=25035"},{"taxonomy":"settings","embeddable":true,"href":"https:\/\/www.krafthand.de\/truck\/wp-json\/wp\/v2\/settings?post=25035"}],"curies":[{"name":"wp","href":"https:\/\/api.w.org\/{rel}","templated":true}]}}