{"id":25026,"date":"2019-08-29T07:00:42","date_gmt":"2019-08-29T05:00:42","guid":{"rendered":"https:\/\/www.krafthand.de\/truck\/?p=25026"},"modified":"2019-09-04T11:39:40","modified_gmt":"2019-09-04T09:39:40","slug":"neue-europazentrale-fuer-den-aftermarkt","status":"publish","type":"post","link":"https:\/\/www.krafthand.de\/truck\/artikel\/neue-europazentrale-fuer-den-aftermarkt-25026\/","title":{"rendered":"Neue Europazentrale f\u00fcr den Aftermarkt"},"content":{"rendered":"<p>Der Gesch\u00e4ftsbereich \u201aAftermarket\u2018 des Zulieferers Mahle hat seit Kurzem in Schorndorf (nahe Stuttgart) ein neues Domizil. Verwaltung, Vertrieb und Logistik befinden sich dort nun unter einem gemeinsamen Dach. Olaf Henning, Mitglied der Konzernleitung und Leiter des Gesch\u00e4ftsbereichs Aftermarket, verspricht sich dadurch k\u00fcrzere Wege und schnellere Reaktionszeiten. Rund 100 Mitarbeiter sind nach Unternehmensangaben durch den Umzug zum bereits bestehenden Logistikzentrum hinzugekommen. Damit arbeiten nun insgesamt 400 Personen in Schorndorf. Im Zuge der Standorterweiterung entstanden auf rund 3.000 Quadratmetern zus\u00e4tzliche B\u00fcro- und Kundenr\u00e4ume. Ein modernes B\u00fcrokonzept, das die Zusammenarbeit f\u00f6rdern soll sowie ein heller und einladender Kundenbereich f\u00fcr Schulungen und Konferenzen sollen laut Henning eine noch bessere Marktbetreuung erm\u00f6glichen.<\/p>\n<p>Von Schorndorf aus versorgt Mahle Aftermarket seine Partner im automotiven Aftermarkt \u2013 Handel, Werkstatt und Motoreninstandsetzer \u2013 mit Produkten, sondern auch mit den von der Sparte \u201aMahle Service Solutions\u2019 entwickelten Werkstattausr\u00fcstungsprodukten und den erg\u00e4nzenden Services und einem individuellen Schulungsangebot.<\/p>\n<p><i>Den Beitrag finden Sie auch in der Print-Ausgabe 2\/19 der <a href=\"https:\/\/www.krafthand.de\/truck\/magazin\/\" title=\"Zum Magazin\">Krafthand-Truck<\/a>.<\/i><\/p>","protected":false},"excerpt":{"rendered":"<p>Der Gesch\u00e4ftsbereich \u201aAftermarket\u2018 des Zulieferers Mahle hat seit Kurzem in Schorndorf ein neues Domizil. Verwaltung, Vertrieb und Logistik befinden sich dort nun unter einem Dach. <span class=\"excerpt-more__dots\">&#8230;<\/span> <a class=\"excerpt-more__link\" href=\"https:\/\/www.krafthand.de\/truck\/artikel\/neue-europazentrale-fuer-den-aftermarkt-25026\/\" >weiter<\/a><\/p>\n","protected":false},"author":7,"featured_media":25027,"comment_status":"closed","ping_status":"closed","sticky":false,"template":"","format":"standard","meta":{"footnotes":""},"categories":[5],"tags":[827,1401,1393],"settings":[],"class_list":["post-25026","post","type-post","status-publish","format-standard","has-post-thumbnail","hentry","category-branche","tag-automotive-aftermarket","tag-mahle","tag-mahle-aftermarket"],"yoast_head":"<!-- This site is optimized with the Yoast SEO plugin v27.3 - https:\/\/yoast.com\/product\/yoast-seo-wordpress\/ -->\n<title>Neue Europazentrale f\u00fcr den Aftermarkt - Krafthand-Truck<\/title>\n<meta name=\"description\" content=\"Der \u201aAftermarket\u2018-Bereich des Zulieferers Mahle hat in Schorndorf ein neues Domizil. Verwaltung, Vertrieb und Logistik befinden sich nun unter einem Dach.\" \/>\n<meta name=\"robots\" content=\"index, follow, max-snippet:-1, max-image-preview:large, max-video-preview:-1\" \/>\n<link rel=\"canonical\" href=\"https:\/\/www.krafthand.de\/truck\/artikel\/neue-europazentrale-fuer-den-aftermarkt-25026\/\" \/>\n<meta property=\"og:locale\" content=\"de_DE\" \/>\n<meta property=\"og:type\" content=\"article\" \/>\n<meta property=\"og:title\" content=\"Neue Europazentrale f\u00fcr den Aftermarkt - Krafthand-Truck\" \/>\n<meta property=\"og:description\" content=\"Der \u201aAftermarket\u2018-Bereich des Zulieferers Mahle hat in Schorndorf ein neues Domizil. Verwaltung, Vertrieb und Logistik befinden sich nun unter einem Dach.\" \/>\n<meta property=\"og:url\" content=\"https:\/\/www.krafthand-truck.de\/artikel\/neue-europazentrale-fuer-den-aftermarkt-25026\/\" \/>\n<meta property=\"og:site_name\" content=\"Krafthand-Truck\" \/>\n<meta property=\"article:published_time\" content=\"2019-08-29T05:00:42+00:00\" \/>\n<meta property=\"article:modified_time\" content=\"2019-09-04T09:39:40+00:00\" \/>\n<meta property=\"og:image\" content=\"https:\/\/www.krafthand.de\/truck\/wp-content\/uploads\/2019\/07\/kht0219_032.jpg\" \/>\n\t<meta property=\"og:image:width\" content=\"1000\" \/>\n\t<meta property=\"og:image:height\" content=\"669\" \/>\n\t<meta property=\"og:image:type\" content=\"image\/jpeg\" \/>\n<meta name=\"author\" content=\"julian.schmid@krafthand.de\" \/>\n<meta name=\"twitter:card\" content=\"summary_large_image\" \/>\n<meta name=\"twitter:label1\" content=\"Verfasst von\" \/>\n\t<meta name=\"twitter:data1\" content=\"julian.schmid@krafthand.de\" \/>\n\t<meta name=\"twitter:label2\" content=\"Gesch\u00e4tzte Lesezeit\" \/>\n\t<meta name=\"twitter:data2\" content=\"1\u00a0Minute\" \/>\n<script type=\"application\/ld+json\" class=\"yoast-schema-graph\">{\"@context\":\"https:\\\/\\\/schema.org\",\"@graph\":[{\"@type\":\"Article\",\"@id\":\"https:\\\/\\\/www.krafthand.de\\\/truck\\\/artikel\\\/neue-europazentrale-fuer-den-aftermarkt-25026\\\/#article\",\"isPartOf\":{\"@id\":\"https:\\\/\\\/www.krafthand.de\\\/truck\\\/artikel\\\/neue-europazentrale-fuer-den-aftermarkt-25026\\\/\"},\"author\":{\"name\":\"julian.schmid@krafthand.de\",\"@id\":\"https:\\\/\\\/www.krafthand.de\\\/truck\\\/#\\\/schema\\\/person\\\/23aebc1e5e3f0204da7158bce36950bb\"},\"headline\":\"Neue Europazentrale f\u00fcr den Aftermarkt\",\"datePublished\":\"2019-08-29T05:00:42+00:00\",\"dateModified\":\"2019-09-04T09:39:40+00:00\",\"mainEntityOfPage\":{\"@id\":\"https:\\\/\\\/www.krafthand.de\\\/truck\\\/artikel\\\/neue-europazentrale-fuer-den-aftermarkt-25026\\\/\"},\"wordCount\":159,\"image\":{\"@id\":\"https:\\\/\\\/www.krafthand.de\\\/truck\\\/artikel\\\/neue-europazentrale-fuer-den-aftermarkt-25026\\\/#primaryimage\"},\"thumbnailUrl\":\"https:\\\/\\\/static.krafthand-truck.de\\\/uploads\\\/2019\\\/07\\\/kht0219_032.jpg\",\"keywords\":[\"Automotive Aftermarket\",\"Mahle\",\"Mahle Aftermarket\"],\"articleSection\":[\"Nfz-Branche\"],\"inLanguage\":\"de\"},{\"@type\":\"WebPage\",\"@id\":\"https:\\\/\\\/www.krafthand.de\\\/truck\\\/artikel\\\/neue-europazentrale-fuer-den-aftermarkt-25026\\\/\",\"url\":\"https:\\\/\\\/www.krafthand.de\\\/truck\\\/artikel\\\/neue-europazentrale-fuer-den-aftermarkt-25026\\\/\",\"name\":\"Neue Europazentrale f\u00fcr den Aftermarkt - Krafthand-Truck\",\"isPartOf\":{\"@id\":\"https:\\\/\\\/www.krafthand.de\\\/truck\\\/#website\"},\"primaryImageOfPage\":{\"@id\":\"https:\\\/\\\/www.krafthand.de\\\/truck\\\/artikel\\\/neue-europazentrale-fuer-den-aftermarkt-25026\\\/#primaryimage\"},\"image\":{\"@id\":\"https:\\\/\\\/www.krafthand.de\\\/truck\\\/artikel\\\/neue-europazentrale-fuer-den-aftermarkt-25026\\\/#primaryimage\"},\"thumbnailUrl\":\"https:\\\/\\\/static.krafthand-truck.de\\\/uploads\\\/2019\\\/07\\\/kht0219_032.jpg\",\"datePublished\":\"2019-08-29T05:00:42+00:00\",\"dateModified\":\"2019-09-04T09:39:40+00:00\",\"author\":{\"@id\":\"https:\\\/\\\/www.krafthand.de\\\/truck\\\/#\\\/schema\\\/person\\\/23aebc1e5e3f0204da7158bce36950bb\"},\"description\":\"Der \u201aAftermarket\u2018-Bereich des Zulieferers Mahle hat in Schorndorf ein neues Domizil. Verwaltung, Vertrieb und Logistik befinden sich nun unter einem Dach.\",\"breadcrumb\":{\"@id\":\"https:\\\/\\\/www.krafthand.de\\\/truck\\\/artikel\\\/neue-europazentrale-fuer-den-aftermarkt-25026\\\/#breadcrumb\"},\"inLanguage\":\"de\",\"potentialAction\":[{\"@type\":\"ReadAction\",\"target\":[\"https:\\\/\\\/www.krafthand.de\\\/truck\\\/artikel\\\/neue-europazentrale-fuer-den-aftermarkt-25026\\\/\"]}]},{\"@type\":\"ImageObject\",\"inLanguage\":\"de\",\"@id\":\"https:\\\/\\\/www.krafthand.de\\\/truck\\\/artikel\\\/neue-europazentrale-fuer-den-aftermarkt-25026\\\/#primaryimage\",\"url\":\"https:\\\/\\\/static.krafthand-truck.de\\\/uploads\\\/2019\\\/07\\\/kht0219_032.jpg\",\"contentUrl\":\"https:\\\/\\\/static.krafthand-truck.de\\\/uploads\\\/2019\\\/07\\\/kht0219_032.jpg\",\"width\":1000,\"height\":669,\"caption\":\"Europazentrale f\u00fcr Verwaltung, Vertrieb und Logistik von Mahle Aftermarket\"},{\"@type\":\"BreadcrumbList\",\"@id\":\"https:\\\/\\\/www.krafthand.de\\\/truck\\\/artikel\\\/neue-europazentrale-fuer-den-aftermarkt-25026\\\/#breadcrumb\",\"itemListElement\":[{\"@type\":\"ListItem\",\"position\":1,\"name\":\"Krafthand-Truck\",\"item\":\"https:\\\/\\\/www.krafthand.de\\\/truck\\\/\"},{\"@type\":\"ListItem\",\"position\":2,\"name\":\"Nfz-Branche\",\"item\":\"https:\\\/\\\/www.krafthand.de\\\/truck\\\/kategorie\\\/branche\\\/\"},{\"@type\":\"ListItem\",\"position\":3,\"name\":\"Neue Europazentrale f\u00fcr den Aftermarkt\"}]},{\"@type\":\"WebSite\",\"@id\":\"https:\\\/\\\/www.krafthand.de\\\/truck\\\/#website\",\"url\":\"https:\\\/\\\/www.krafthand.de\\\/truck\\\/\",\"name\":\"Krafthand-Truck\",\"description\":\"\",\"potentialAction\":[{\"@type\":\"SearchAction\",\"target\":{\"@type\":\"EntryPoint\",\"urlTemplate\":\"https:\\\/\\\/www.krafthand.de\\\/truck\\\/?s={search_term_string}\"},\"query-input\":{\"@type\":\"PropertyValueSpecification\",\"valueRequired\":true,\"valueName\":\"search_term_string\"}}],\"inLanguage\":\"de\"},{\"@type\":\"Person\",\"@id\":\"https:\\\/\\\/www.krafthand.de\\\/truck\\\/#\\\/schema\\\/person\\\/23aebc1e5e3f0204da7158bce36950bb\",\"name\":\"julian.schmid@krafthand.de\",\"image\":{\"@type\":\"ImageObject\",\"inLanguage\":\"de\",\"@id\":\"https:\\\/\\\/secure.gravatar.com\\\/avatar\\\/ef76c2910cab8eb23fcc013e1c6dc1ba4af5e93fea6e6132d7c4e67d4e9631e9?s=96&d=mm&r=g\",\"url\":\"https:\\\/\\\/secure.gravatar.com\\\/avatar\\\/ef76c2910cab8eb23fcc013e1c6dc1ba4af5e93fea6e6132d7c4e67d4e9631e9?s=96&d=mm&r=g\",\"contentUrl\":\"https:\\\/\\\/secure.gravatar.com\\\/avatar\\\/ef76c2910cab8eb23fcc013e1c6dc1ba4af5e93fea6e6132d7c4e67d4e9631e9?s=96&d=mm&r=g\",\"caption\":\"julian.schmid@krafthand.de\"}}]}<\/script>\n<!-- \/ Yoast SEO plugin. -->","yoast_head_json":{"title":"Neue Europazentrale f\u00fcr den Aftermarkt - Krafthand-Truck","description":"Der \u201aAftermarket\u2018-Bereich des Zulieferers Mahle hat in Schorndorf ein neues Domizil. Verwaltung, Vertrieb und Logistik befinden sich nun unter einem Dach.","robots":{"index":"index","follow":"follow","max-snippet":"max-snippet:-1","max-image-preview":"max-image-preview:large","max-video-preview":"max-video-preview:-1"},"canonical":"https:\/\/www.krafthand.de\/truck\/artikel\/neue-europazentrale-fuer-den-aftermarkt-25026\/","og_locale":"de_DE","og_type":"article","og_title":"Neue Europazentrale f\u00fcr den Aftermarkt - Krafthand-Truck","og_description":"Der \u201aAftermarket\u2018-Bereich des Zulieferers Mahle hat in Schorndorf ein neues Domizil. Verwaltung, Vertrieb und Logistik befinden sich nun unter einem Dach.","og_url":"https:\/\/www.krafthand-truck.de\/artikel\/neue-europazentrale-fuer-den-aftermarkt-25026\/","og_site_name":"Krafthand-Truck","article_published_time":"2019-08-29T05:00:42+00:00","article_modified_time":"2019-09-04T09:39:40+00:00","og_image":[{"width":1000,"height":669,"url":"https:\/\/www.krafthand.de\/truck\/wp-content\/uploads\/2019\/07\/kht0219_032.jpg","type":"image\/jpeg"}],"author":"julian.schmid@krafthand.de","twitter_card":"summary_large_image","twitter_misc":{"Verfasst von":"julian.schmid@krafthand.de","Gesch\u00e4tzte Lesezeit":"1\u00a0Minute"},"schema":{"@context":"https:\/\/schema.org","@graph":[{"@type":"Article","@id":"https:\/\/www.krafthand.de\/truck\/artikel\/neue-europazentrale-fuer-den-aftermarkt-25026\/#article","isPartOf":{"@id":"https:\/\/www.krafthand.de\/truck\/artikel\/neue-europazentrale-fuer-den-aftermarkt-25026\/"},"author":{"name":"julian.schmid@krafthand.de","@id":"https:\/\/www.krafthand.de\/truck\/#\/schema\/person\/23aebc1e5e3f0204da7158bce36950bb"},"headline":"Neue Europazentrale f\u00fcr den Aftermarkt","datePublished":"2019-08-29T05:00:42+00:00","dateModified":"2019-09-04T09:39:40+00:00","mainEntityOfPage":{"@id":"https:\/\/www.krafthand.de\/truck\/artikel\/neue-europazentrale-fuer-den-aftermarkt-25026\/"},"wordCount":159,"image":{"@id":"https:\/\/www.krafthand.de\/truck\/artikel\/neue-europazentrale-fuer-den-aftermarkt-25026\/#primaryimage"},"thumbnailUrl":"https:\/\/static.krafthand-truck.de\/uploads\/2019\/07\/kht0219_032.jpg","keywords":["Automotive Aftermarket","Mahle","Mahle Aftermarket"],"articleSection":["Nfz-Branche"],"inLanguage":"de"},{"@type":"WebPage","@id":"https:\/\/www.krafthand.de\/truck\/artikel\/neue-europazentrale-fuer-den-aftermarkt-25026\/","url":"https:\/\/www.krafthand.de\/truck\/artikel\/neue-europazentrale-fuer-den-aftermarkt-25026\/","name":"Neue Europazentrale f\u00fcr den Aftermarkt - Krafthand-Truck","isPartOf":{"@id":"https:\/\/www.krafthand.de\/truck\/#website"},"primaryImageOfPage":{"@id":"https:\/\/www.krafthand.de\/truck\/artikel\/neue-europazentrale-fuer-den-aftermarkt-25026\/#primaryimage"},"image":{"@id":"https:\/\/www.krafthand.de\/truck\/artikel\/neue-europazentrale-fuer-den-aftermarkt-25026\/#primaryimage"},"thumbnailUrl":"https:\/\/static.krafthand-truck.de\/uploads\/2019\/07\/kht0219_032.jpg","datePublished":"2019-08-29T05:00:42+00:00","dateModified":"2019-09-04T09:39:40+00:00","author":{"@id":"https:\/\/www.krafthand.de\/truck\/#\/schema\/person\/23aebc1e5e3f0204da7158bce36950bb"},"description":"Der \u201aAftermarket\u2018-Bereich des Zulieferers Mahle hat in Schorndorf ein neues Domizil. Verwaltung, Vertrieb und Logistik befinden sich nun unter einem Dach.","breadcrumb":{"@id":"https:\/\/www.krafthand.de\/truck\/artikel\/neue-europazentrale-fuer-den-aftermarkt-25026\/#breadcrumb"},"inLanguage":"de","potentialAction":[{"@type":"ReadAction","target":["https:\/\/www.krafthand.de\/truck\/artikel\/neue-europazentrale-fuer-den-aftermarkt-25026\/"]}]},{"@type":"ImageObject","inLanguage":"de","@id":"https:\/\/www.krafthand.de\/truck\/artikel\/neue-europazentrale-fuer-den-aftermarkt-25026\/#primaryimage","url":"https:\/\/static.krafthand-truck.de\/uploads\/2019\/07\/kht0219_032.jpg","contentUrl":"https:\/\/static.krafthand-truck.de\/uploads\/2019\/07\/kht0219_032.jpg","width":1000,"height":669,"caption":"Europazentrale f\u00fcr Verwaltung, Vertrieb und Logistik von Mahle Aftermarket"},{"@type":"BreadcrumbList","@id":"https:\/\/www.krafthand.de\/truck\/artikel\/neue-europazentrale-fuer-den-aftermarkt-25026\/#breadcrumb","itemListElement":[{"@type":"ListItem","position":1,"name":"Krafthand-Truck","item":"https:\/\/www.krafthand.de\/truck\/"},{"@type":"ListItem","position":2,"name":"Nfz-Branche","item":"https:\/\/www.krafthand.de\/truck\/kategorie\/branche\/"},{"@type":"ListItem","position":3,"name":"Neue Europazentrale f\u00fcr den Aftermarkt"}]},{"@type":"WebSite","@id":"https:\/\/www.krafthand.de\/truck\/#website","url":"https:\/\/www.krafthand.de\/truck\/","name":"Krafthand-Truck","description":"","potentialAction":[{"@type":"SearchAction","target":{"@type":"EntryPoint","urlTemplate":"https:\/\/www.krafthand.de\/truck\/?s={search_term_string}"},"query-input":{"@type":"PropertyValueSpecification","valueRequired":true,"valueName":"search_term_string"}}],"inLanguage":"de"},{"@type":"Person","@id":"https:\/\/www.krafthand.de\/truck\/#\/schema\/person\/23aebc1e5e3f0204da7158bce36950bb","name":"julian.schmid@krafthand.de","image":{"@type":"ImageObject","inLanguage":"de","@id":"https:\/\/secure.gravatar.com\/avatar\/ef76c2910cab8eb23fcc013e1c6dc1ba4af5e93fea6e6132d7c4e67d4e9631e9?s=96&d=mm&r=g","url":"https:\/\/secure.gravatar.com\/avatar\/ef76c2910cab8eb23fcc013e1c6dc1ba4af5e93fea6e6132d7c4e67d4e9631e9?s=96&d=mm&r=g","contentUrl":"https:\/\/secure.gravatar.com\/avatar\/ef76c2910cab8eb23fcc013e1c6dc1ba4af5e93fea6e6132d7c4e67d4e9631e9?s=96&d=mm&r=g","caption":"julian.schmid@krafthand.de"}}]}},"_links":{"self":[{"href":"https:\/\/www.krafthand.de\/truck\/wp-json\/wp\/v2\/posts\/25026","targetHints":{"allow":["GET"]}}],"collection":[{"href":"https:\/\/www.krafthand.de\/truck\/wp-json\/wp\/v2\/posts"}],"about":[{"href":"https:\/\/www.krafthand.de\/truck\/wp-json\/wp\/v2\/types\/post"}],"author":[{"embeddable":true,"href":"https:\/\/www.krafthand.de\/truck\/wp-json\/wp\/v2\/users\/7"}],"replies":[{"embeddable":true,"href":"https:\/\/www.krafthand.de\/truck\/wp-json\/wp\/v2\/comments?post=25026"}],"version-history":[{"count":1,"href":"https:\/\/www.krafthand.de\/truck\/wp-json\/wp\/v2\/posts\/25026\/revisions"}],"predecessor-version":[{"id":25028,"href":"https:\/\/www.krafthand.de\/truck\/wp-json\/wp\/v2\/posts\/25026\/revisions\/25028"}],"wp:featuredmedia":[{"embeddable":true,"href":"https:\/\/www.krafthand.de\/truck\/wp-json\/wp\/v2\/media\/25027"}],"wp:attachment":[{"href":"https:\/\/www.krafthand.de\/truck\/wp-json\/wp\/v2\/media?parent=25026"}],"wp:term":[{"taxonomy":"category","embeddable":true,"href":"https:\/\/www.krafthand.de\/truck\/wp-json\/wp\/v2\/categories?post=25026"},{"taxonomy":"post_tag","embeddable":true,"href":"https:\/\/www.krafthand.de\/truck\/wp-json\/wp\/v2\/tags?post=25026"},{"taxonomy":"settings","embeddable":true,"href":"https:\/\/www.krafthand.de\/truck\/wp-json\/wp\/v2\/settings?post=25026"}],"curies":[{"name":"wp","href":"https:\/\/api.w.org\/{rel}","templated":true}]}}