{"id":25021,"date":"2019-08-27T07:00:26","date_gmt":"2019-08-27T05:00:26","guid":{"rendered":"https:\/\/www.krafthand.de\/truck\/?p=25021"},"modified":"2019-07-04T15:12:43","modified_gmt":"2019-07-04T13:12:43","slug":"achsvermessung-spart-kosten","status":"publish","type":"post","link":"https:\/\/www.krafthand.de\/truck\/artikel\/achsvermessung-spart-kosten-25021\/","title":{"rendered":"Achsvermessung spart Kosten"},"content":{"rendered":"<p>Weicht die Fahrwerkseinstellung von den Sollwerten ab, erh\u00f6ht sich der Kraftstoffverbrauch und der Reifenverschlei\u00df nimmt zu. Wobei gilt: je mehr Achsen und R\u00e4der, desto h\u00f6her die unn\u00f6tigen Kosten. Um dies zu verhindern, empfehlen die Fahrwerksspezialisten von Josam Richttechnik eine professionelle Achsvermessung und -einstellung. Mit modernem Equipment wie dem auf der Automechanika 2018 in Frankfurt vorgestellten \u201aJosam i-track II\u2018 ist eine Eingangsvermessung, um festzustellen, ob eine Korrektur notwendig ist, selbst bei einem Mehrachser oder einem Anh\u00e4ngerzug vergleichsweise schnell erledigt.<\/p>\n<p>Beim \u201ai-track II\u2018 handelt es sich um ein Vermesssystem, in dessen Messk\u00f6pfen ein Laser rotiert, welcher die Messtafeln vorne und hinten erfasst. Die kompakten Lasermessk\u00f6pfe kalibrieren sich den Produktinformationen zufolge selbst und werden mit magnetischen Haltern per Schnellmontagehebeln am Rad platziert. Einen Teil der Vorderachs-Radwinkel erfassen im Messkopf integrierte Sensoren. Der Anwender wird von einer animierten Software durch die gesamte Vermessprozedur gef\u00fchrt, was selbst weniger ge\u00fcbten Mechanikern ein schnelles und fehlerfreies Vermessen gestatten soll.<\/p>\n<p><i>Den Beitrag finden Sie auch in der Print-Ausgabe 2\/19 der <a href=\"https:\/\/www.krafthand.de\/truck\/magazin\/\" title=\"Zum Magazin\">Krafthand-Truck<\/a>.<\/i><\/p>","protected":false},"excerpt":{"rendered":"<p>Weicht die Fahrwerkseinstellung von den Sollwerten ab, erh\u00f6ht sich der Kraftstoffverbrauch und der Reifenverschlei\u00df nimmt zu. Die Fahrwerksspezialisten von Josam Richttechnik empfehlen eine professionelle Achsvermessung und -einstellung. <span class=\"excerpt-more__dots\">&#8230;<\/span> <a class=\"excerpt-more__link\" href=\"https:\/\/www.krafthand.de\/truck\/artikel\/achsvermessung-spart-kosten-25021\/\" >weiter<\/a><\/p>\n","protected":false},"author":7,"featured_media":25022,"comment_status":"closed","ping_status":"closed","sticky":false,"template":"","format":"standard","meta":{"footnotes":""},"categories":[5],"tags":[715,3928,3927,2537,198,3930,3929],"settings":[],"class_list":["post-25021","post","type-post","status-publish","format-standard","has-post-thumbnail","hentry","category-branche","tag-achsvermessung","tag-eingangsvermessung","tag-fahrwerkseinstellung","tag-josam","tag-josam-richttechnik","tag-lasermesskopf","tag-vermesssystem"],"yoast_head":"<!-- This site is optimized with the Yoast SEO plugin v27.3 - https:\/\/yoast.com\/product\/yoast-seo-wordpress\/ -->\n<title>Achsvermessung spart Kosten - Krafthand-Truck<\/title>\n<meta name=\"robots\" content=\"index, follow, max-snippet:-1, max-image-preview:large, max-video-preview:-1\" \/>\n<link rel=\"canonical\" href=\"https:\/\/www.krafthand.de\/truck\/artikel\/achsvermessung-spart-kosten-25021\/\" \/>\n<meta property=\"og:locale\" content=\"de_DE\" \/>\n<meta property=\"og:type\" content=\"article\" \/>\n<meta property=\"og:title\" content=\"Achsvermessung spart Kosten - Krafthand-Truck\" \/>\n<meta property=\"og:description\" content=\"Weicht die Fahrwerkseinstellung von den Sollwerten ab, erh\u00f6ht sich der Kraftstoffverbrauch und der Reifenverschlei\u00df nimmt zu. Die Fahrwerksspezialisten von Josam Richttechnik empfehlen eine professionelle Achsvermessung und -einstellung. ... weiter\" \/>\n<meta property=\"og:url\" content=\"https:\/\/www.krafthand-truck.de\/artikel\/achsvermessung-spart-kosten-25021\/\" \/>\n<meta property=\"og:site_name\" content=\"Krafthand-Truck\" \/>\n<meta property=\"article:published_time\" content=\"2019-08-27T05:00:26+00:00\" \/>\n<meta property=\"og:image\" content=\"https:\/\/www.krafthand.de\/truck\/wp-content\/uploads\/2019\/07\/Kht0219_043.jpg\" \/>\n\t<meta property=\"og:image:width\" content=\"667\" \/>\n\t<meta property=\"og:image:height\" content=\"1000\" \/>\n\t<meta property=\"og:image:type\" content=\"image\/jpeg\" \/>\n<meta name=\"author\" content=\"julian.schmid@krafthand.de\" \/>\n<meta name=\"twitter:card\" content=\"summary_large_image\" \/>\n<meta name=\"twitter:label1\" content=\"Verfasst von\" \/>\n\t<meta name=\"twitter:data1\" content=\"julian.schmid@krafthand.de\" \/>\n\t<meta name=\"twitter:label2\" content=\"Gesch\u00e4tzte Lesezeit\" \/>\n\t<meta name=\"twitter:data2\" content=\"1\u00a0Minute\" \/>\n<script type=\"application\/ld+json\" class=\"yoast-schema-graph\">{\"@context\":\"https:\\\/\\\/schema.org\",\"@graph\":[{\"@type\":\"Article\",\"@id\":\"https:\\\/\\\/www.krafthand.de\\\/truck\\\/artikel\\\/achsvermessung-spart-kosten-25021\\\/#article\",\"isPartOf\":{\"@id\":\"https:\\\/\\\/www.krafthand.de\\\/truck\\\/artikel\\\/achsvermessung-spart-kosten-25021\\\/\"},\"author\":{\"name\":\"julian.schmid@krafthand.de\",\"@id\":\"https:\\\/\\\/www.krafthand.de\\\/truck\\\/#\\\/schema\\\/person\\\/23aebc1e5e3f0204da7158bce36950bb\"},\"headline\":\"Achsvermessung spart Kosten\",\"datePublished\":\"2019-08-27T05:00:26+00:00\",\"mainEntityOfPage\":{\"@id\":\"https:\\\/\\\/www.krafthand.de\\\/truck\\\/artikel\\\/achsvermessung-spart-kosten-25021\\\/\"},\"wordCount\":163,\"image\":{\"@id\":\"https:\\\/\\\/www.krafthand.de\\\/truck\\\/artikel\\\/achsvermessung-spart-kosten-25021\\\/#primaryimage\"},\"thumbnailUrl\":\"https:\\\/\\\/static.krafthand-truck.de\\\/uploads\\\/2019\\\/07\\\/Kht0219_043.jpg\",\"keywords\":[\"Achsvermessung\",\"Eingangsvermessung\",\"Fahrwerkseinstellung\",\"Josam\",\"Josam Richttechnik\",\"Lasermesskopf\",\"Vermesssystem\"],\"articleSection\":[\"Nfz-Branche\"],\"inLanguage\":\"de\"},{\"@type\":\"WebPage\",\"@id\":\"https:\\\/\\\/www.krafthand.de\\\/truck\\\/artikel\\\/achsvermessung-spart-kosten-25021\\\/\",\"url\":\"https:\\\/\\\/www.krafthand.de\\\/truck\\\/artikel\\\/achsvermessung-spart-kosten-25021\\\/\",\"name\":\"Achsvermessung spart Kosten - Krafthand-Truck\",\"isPartOf\":{\"@id\":\"https:\\\/\\\/www.krafthand.de\\\/truck\\\/#website\"},\"primaryImageOfPage\":{\"@id\":\"https:\\\/\\\/www.krafthand.de\\\/truck\\\/artikel\\\/achsvermessung-spart-kosten-25021\\\/#primaryimage\"},\"image\":{\"@id\":\"https:\\\/\\\/www.krafthand.de\\\/truck\\\/artikel\\\/achsvermessung-spart-kosten-25021\\\/#primaryimage\"},\"thumbnailUrl\":\"https:\\\/\\\/static.krafthand-truck.de\\\/uploads\\\/2019\\\/07\\\/Kht0219_043.jpg\",\"datePublished\":\"2019-08-27T05:00:26+00:00\",\"author\":{\"@id\":\"https:\\\/\\\/www.krafthand.de\\\/truck\\\/#\\\/schema\\\/person\\\/23aebc1e5e3f0204da7158bce36950bb\"},\"breadcrumb\":{\"@id\":\"https:\\\/\\\/www.krafthand.de\\\/truck\\\/artikel\\\/achsvermessung-spart-kosten-25021\\\/#breadcrumb\"},\"inLanguage\":\"de\",\"potentialAction\":[{\"@type\":\"ReadAction\",\"target\":[\"https:\\\/\\\/www.krafthand.de\\\/truck\\\/artikel\\\/achsvermessung-spart-kosten-25021\\\/\"]}]},{\"@type\":\"ImageObject\",\"inLanguage\":\"de\",\"@id\":\"https:\\\/\\\/www.krafthand.de\\\/truck\\\/artikel\\\/achsvermessung-spart-kosten-25021\\\/#primaryimage\",\"url\":\"https:\\\/\\\/static.krafthand-truck.de\\\/uploads\\\/2019\\\/07\\\/Kht0219_043.jpg\",\"contentUrl\":\"https:\\\/\\\/static.krafthand-truck.de\\\/uploads\\\/2019\\\/07\\\/Kht0219_043.jpg\",\"width\":667,\"height\":1000,\"caption\":\"i-track II von Josam zur Einstellung des Fahrwerks\"},{\"@type\":\"BreadcrumbList\",\"@id\":\"https:\\\/\\\/www.krafthand.de\\\/truck\\\/artikel\\\/achsvermessung-spart-kosten-25021\\\/#breadcrumb\",\"itemListElement\":[{\"@type\":\"ListItem\",\"position\":1,\"name\":\"Krafthand-Truck\",\"item\":\"https:\\\/\\\/www.krafthand.de\\\/truck\\\/\"},{\"@type\":\"ListItem\",\"position\":2,\"name\":\"Nfz-Branche\",\"item\":\"https:\\\/\\\/www.krafthand.de\\\/truck\\\/kategorie\\\/branche\\\/\"},{\"@type\":\"ListItem\",\"position\":3,\"name\":\"Achsvermessung spart Kosten\"}]},{\"@type\":\"WebSite\",\"@id\":\"https:\\\/\\\/www.krafthand.de\\\/truck\\\/#website\",\"url\":\"https:\\\/\\\/www.krafthand.de\\\/truck\\\/\",\"name\":\"Krafthand-Truck\",\"description\":\"\",\"potentialAction\":[{\"@type\":\"SearchAction\",\"target\":{\"@type\":\"EntryPoint\",\"urlTemplate\":\"https:\\\/\\\/www.krafthand.de\\\/truck\\\/?s={search_term_string}\"},\"query-input\":{\"@type\":\"PropertyValueSpecification\",\"valueRequired\":true,\"valueName\":\"search_term_string\"}}],\"inLanguage\":\"de\"},{\"@type\":\"Person\",\"@id\":\"https:\\\/\\\/www.krafthand.de\\\/truck\\\/#\\\/schema\\\/person\\\/23aebc1e5e3f0204da7158bce36950bb\",\"name\":\"julian.schmid@krafthand.de\",\"image\":{\"@type\":\"ImageObject\",\"inLanguage\":\"de\",\"@id\":\"https:\\\/\\\/secure.gravatar.com\\\/avatar\\\/ef76c2910cab8eb23fcc013e1c6dc1ba4af5e93fea6e6132d7c4e67d4e9631e9?s=96&d=mm&r=g\",\"url\":\"https:\\\/\\\/secure.gravatar.com\\\/avatar\\\/ef76c2910cab8eb23fcc013e1c6dc1ba4af5e93fea6e6132d7c4e67d4e9631e9?s=96&d=mm&r=g\",\"contentUrl\":\"https:\\\/\\\/secure.gravatar.com\\\/avatar\\\/ef76c2910cab8eb23fcc013e1c6dc1ba4af5e93fea6e6132d7c4e67d4e9631e9?s=96&d=mm&r=g\",\"caption\":\"julian.schmid@krafthand.de\"}}]}<\/script>\n<!-- \/ Yoast SEO plugin. -->","yoast_head_json":{"title":"Achsvermessung spart Kosten - Krafthand-Truck","robots":{"index":"index","follow":"follow","max-snippet":"max-snippet:-1","max-image-preview":"max-image-preview:large","max-video-preview":"max-video-preview:-1"},"canonical":"https:\/\/www.krafthand.de\/truck\/artikel\/achsvermessung-spart-kosten-25021\/","og_locale":"de_DE","og_type":"article","og_title":"Achsvermessung spart Kosten - Krafthand-Truck","og_description":"Weicht die Fahrwerkseinstellung von den Sollwerten ab, erh\u00f6ht sich der Kraftstoffverbrauch und der Reifenverschlei\u00df nimmt zu. Die Fahrwerksspezialisten von Josam Richttechnik empfehlen eine professionelle Achsvermessung und -einstellung. ... weiter","og_url":"https:\/\/www.krafthand-truck.de\/artikel\/achsvermessung-spart-kosten-25021\/","og_site_name":"Krafthand-Truck","article_published_time":"2019-08-27T05:00:26+00:00","og_image":[{"width":667,"height":1000,"url":"https:\/\/www.krafthand.de\/truck\/wp-content\/uploads\/2019\/07\/Kht0219_043.jpg","type":"image\/jpeg"}],"author":"julian.schmid@krafthand.de","twitter_card":"summary_large_image","twitter_misc":{"Verfasst von":"julian.schmid@krafthand.de","Gesch\u00e4tzte Lesezeit":"1\u00a0Minute"},"schema":{"@context":"https:\/\/schema.org","@graph":[{"@type":"Article","@id":"https:\/\/www.krafthand.de\/truck\/artikel\/achsvermessung-spart-kosten-25021\/#article","isPartOf":{"@id":"https:\/\/www.krafthand.de\/truck\/artikel\/achsvermessung-spart-kosten-25021\/"},"author":{"name":"julian.schmid@krafthand.de","@id":"https:\/\/www.krafthand.de\/truck\/#\/schema\/person\/23aebc1e5e3f0204da7158bce36950bb"},"headline":"Achsvermessung spart Kosten","datePublished":"2019-08-27T05:00:26+00:00","mainEntityOfPage":{"@id":"https:\/\/www.krafthand.de\/truck\/artikel\/achsvermessung-spart-kosten-25021\/"},"wordCount":163,"image":{"@id":"https:\/\/www.krafthand.de\/truck\/artikel\/achsvermessung-spart-kosten-25021\/#primaryimage"},"thumbnailUrl":"https:\/\/static.krafthand-truck.de\/uploads\/2019\/07\/Kht0219_043.jpg","keywords":["Achsvermessung","Eingangsvermessung","Fahrwerkseinstellung","Josam","Josam Richttechnik","Lasermesskopf","Vermesssystem"],"articleSection":["Nfz-Branche"],"inLanguage":"de"},{"@type":"WebPage","@id":"https:\/\/www.krafthand.de\/truck\/artikel\/achsvermessung-spart-kosten-25021\/","url":"https:\/\/www.krafthand.de\/truck\/artikel\/achsvermessung-spart-kosten-25021\/","name":"Achsvermessung spart Kosten - Krafthand-Truck","isPartOf":{"@id":"https:\/\/www.krafthand.de\/truck\/#website"},"primaryImageOfPage":{"@id":"https:\/\/www.krafthand.de\/truck\/artikel\/achsvermessung-spart-kosten-25021\/#primaryimage"},"image":{"@id":"https:\/\/www.krafthand.de\/truck\/artikel\/achsvermessung-spart-kosten-25021\/#primaryimage"},"thumbnailUrl":"https:\/\/static.krafthand-truck.de\/uploads\/2019\/07\/Kht0219_043.jpg","datePublished":"2019-08-27T05:00:26+00:00","author":{"@id":"https:\/\/www.krafthand.de\/truck\/#\/schema\/person\/23aebc1e5e3f0204da7158bce36950bb"},"breadcrumb":{"@id":"https:\/\/www.krafthand.de\/truck\/artikel\/achsvermessung-spart-kosten-25021\/#breadcrumb"},"inLanguage":"de","potentialAction":[{"@type":"ReadAction","target":["https:\/\/www.krafthand.de\/truck\/artikel\/achsvermessung-spart-kosten-25021\/"]}]},{"@type":"ImageObject","inLanguage":"de","@id":"https:\/\/www.krafthand.de\/truck\/artikel\/achsvermessung-spart-kosten-25021\/#primaryimage","url":"https:\/\/static.krafthand-truck.de\/uploads\/2019\/07\/Kht0219_043.jpg","contentUrl":"https:\/\/static.krafthand-truck.de\/uploads\/2019\/07\/Kht0219_043.jpg","width":667,"height":1000,"caption":"i-track II von Josam zur Einstellung des Fahrwerks"},{"@type":"BreadcrumbList","@id":"https:\/\/www.krafthand.de\/truck\/artikel\/achsvermessung-spart-kosten-25021\/#breadcrumb","itemListElement":[{"@type":"ListItem","position":1,"name":"Krafthand-Truck","item":"https:\/\/www.krafthand.de\/truck\/"},{"@type":"ListItem","position":2,"name":"Nfz-Branche","item":"https:\/\/www.krafthand.de\/truck\/kategorie\/branche\/"},{"@type":"ListItem","position":3,"name":"Achsvermessung spart Kosten"}]},{"@type":"WebSite","@id":"https:\/\/www.krafthand.de\/truck\/#website","url":"https:\/\/www.krafthand.de\/truck\/","name":"Krafthand-Truck","description":"","potentialAction":[{"@type":"SearchAction","target":{"@type":"EntryPoint","urlTemplate":"https:\/\/www.krafthand.de\/truck\/?s={search_term_string}"},"query-input":{"@type":"PropertyValueSpecification","valueRequired":true,"valueName":"search_term_string"}}],"inLanguage":"de"},{"@type":"Person","@id":"https:\/\/www.krafthand.de\/truck\/#\/schema\/person\/23aebc1e5e3f0204da7158bce36950bb","name":"julian.schmid@krafthand.de","image":{"@type":"ImageObject","inLanguage":"de","@id":"https:\/\/secure.gravatar.com\/avatar\/ef76c2910cab8eb23fcc013e1c6dc1ba4af5e93fea6e6132d7c4e67d4e9631e9?s=96&d=mm&r=g","url":"https:\/\/secure.gravatar.com\/avatar\/ef76c2910cab8eb23fcc013e1c6dc1ba4af5e93fea6e6132d7c4e67d4e9631e9?s=96&d=mm&r=g","contentUrl":"https:\/\/secure.gravatar.com\/avatar\/ef76c2910cab8eb23fcc013e1c6dc1ba4af5e93fea6e6132d7c4e67d4e9631e9?s=96&d=mm&r=g","caption":"julian.schmid@krafthand.de"}}]}},"_links":{"self":[{"href":"https:\/\/www.krafthand.de\/truck\/wp-json\/wp\/v2\/posts\/25021","targetHints":{"allow":["GET"]}}],"collection":[{"href":"https:\/\/www.krafthand.de\/truck\/wp-json\/wp\/v2\/posts"}],"about":[{"href":"https:\/\/www.krafthand.de\/truck\/wp-json\/wp\/v2\/types\/post"}],"author":[{"embeddable":true,"href":"https:\/\/www.krafthand.de\/truck\/wp-json\/wp\/v2\/users\/7"}],"replies":[{"embeddable":true,"href":"https:\/\/www.krafthand.de\/truck\/wp-json\/wp\/v2\/comments?post=25021"}],"version-history":[{"count":3,"href":"https:\/\/www.krafthand.de\/truck\/wp-json\/wp\/v2\/posts\/25021\/revisions"}],"predecessor-version":[{"id":25025,"href":"https:\/\/www.krafthand.de\/truck\/wp-json\/wp\/v2\/posts\/25021\/revisions\/25025"}],"wp:featuredmedia":[{"embeddable":true,"href":"https:\/\/www.krafthand.de\/truck\/wp-json\/wp\/v2\/media\/25022"}],"wp:attachment":[{"href":"https:\/\/www.krafthand.de\/truck\/wp-json\/wp\/v2\/media?parent=25021"}],"wp:term":[{"taxonomy":"category","embeddable":true,"href":"https:\/\/www.krafthand.de\/truck\/wp-json\/wp\/v2\/categories?post=25021"},{"taxonomy":"post_tag","embeddable":true,"href":"https:\/\/www.krafthand.de\/truck\/wp-json\/wp\/v2\/tags?post=25021"},{"taxonomy":"settings","embeddable":true,"href":"https:\/\/www.krafthand.de\/truck\/wp-json\/wp\/v2\/settings?post=25021"}],"curies":[{"name":"wp","href":"https:\/\/api.w.org\/{rel}","templated":true}]}}