{"id":24971,"date":"2019-08-05T07:00:57","date_gmt":"2019-08-05T05:00:57","guid":{"rendered":"https:\/\/www.krafthand.de\/truck\/?p=24971"},"modified":"2019-09-04T11:39:34","modified_gmt":"2019-09-04T09:39:34","slug":"intelligente-anhaenger-beleuchtung-zum-nachruesten","status":"publish","type":"post","link":"https:\/\/www.krafthand.de\/truck\/artikel\/intelligente-anhaenger-beleuchtung-zum-nachruesten-24971\/","title":{"rendered":"\u201aIntelligente\u2018 Anh\u00e4nger-Beleuchtung zum Nachr\u00fcsten"},"content":{"rendered":"<p>Seit Kurzem bietet der Heusenstammer Kfz-Teilespezialist Herth + Buss mit \u201aLEDs\u2019inno\u2018 ein modernes, nachr\u00fcstbares und modular aufgebautes Anh\u00e4nger-Beleuchtungssystem mit gro\u00dfem Anwendungsspektrum, das dar\u00fcber hinaus auch Fahrzeugbauer interessieren k\u00f6nnte. Ob Anh\u00e4nger f\u00fcr Pkw, Lkw, Agrar oder Baumaschinen sowie verschie denste Sonderfahrzeuge \u2013 das Smart Lighting-System aus dem Elparts Sortiment soll sich f\u00fcr nahezu alle denk baren Einsatzzwecke eignen.<\/p>\n<p>Zu den Vorteilen einer LED-Beleuchtung geh\u00f6rt laut Anbieter die rund 20-fach l\u00e4ngere Lebensdauer gegen\u00fcber herk\u00f6mmlichen Leuchten. Zudem sollen die energiesparenden Leuchtmittel unempfindlich gegen St\u00f6\u00dfe und Vibrationen sein, was eine hohe Ausfallsicherheit gew\u00e4hrleiste. Derzeit umfasst das \u201aLEDs\u2019inno\u2018 Sortiment rund 70 Artikel, darunter Multifunktions-, Heck-, Seitenmarkierungs- und Umrissleuchten sowie Anbauhalterungen, Begrenzungs, Kennzeichenund Positionsleuchten und dazu passend Verbindungs- und Verteilerboxen sowie Kabelverbindungsst\u00fccke.<\/p>\n<p>F\u00fcr vier typische Einsatzbereiche haben die hessischen Lichtspezialisten spezielle Kombinationsleuchten zusammengestellt und vier unterschiedliche Pakete geschn\u00fcrt. Die KombiLeuchten verf\u00fcgen jeweils \u00fcber einen integrierten Identifier, der sicherstellt, dass das System die Leuchten automatisch erkennt. Zudem verf\u00fcge jede Heckleuchte \u00fcber eine integrierte Verteilerbox, die eine einfache und schnelle Plug&amp;Play-Installation weiterer Leuchten unterst\u00fctzen soll. Optional gibt es noch zwei weitere Verteilerboxen, die als Kabelknoten oder -verteiler dienen sollen.<\/p>\n<p>Laut Herth + Buss verf\u00fcgt das \u201aLEDs\u2019inno\u2018-System \u00fcber alle notwendigen Zulassungen (EMC-R10, ECE-R 65, ECE-R48 und EMV). Dar\u00fcber hinaus er f\u00fcllen die Komponenten die h\u00f6chste Schutzklasse IP69K (staubdicht und Schutz vor intensivem Wasserstrahl), was ein langes Produktleben gew\u00e4hrleisten soll.<\/p>\n<p><i>Den Beitrag finden Sie auch in der Print-Ausgabe 2\/19 der <a href=\"https:\/\/www.krafthand.de\/truck\/magazin\/\" title=\"Zum Magazin\">Krafthand-Truck<\/a>.<\/i><\/p>","protected":false},"excerpt":{"rendered":"<p>Seit Kurzem bietet der Heusenstammer Kfz-Teilespezialist Herth + Buss mit \u201aLEDs\u2019inno\u2018 ein modernes, nachr\u00fcstbares und modular aufgebautes Anh\u00e4nger-Beleuchtungssystem. <span class=\"excerpt-more__dots\">&#8230;<\/span> <a class=\"excerpt-more__link\" href=\"https:\/\/www.krafthand.de\/truck\/artikel\/intelligente-anhaenger-beleuchtung-zum-nachruesten-24971\/\" >weiter<\/a><\/p>\n","protected":false},"author":7,"featured_media":24972,"comment_status":"closed","ping_status":"closed","sticky":false,"template":"","format":"standard","meta":{"footnotes":""},"categories":[5],"tags":[3909,482,604,2695,264],"settings":[],"class_list":["post-24971","post","type-post","status-publish","format-standard","has-post-thumbnail","hentry","category-branche","tag-anhaenger-beleuchtung","tag-beleuchtung","tag-beleuchtungssystem","tag-herth-buss","tag-led"],"yoast_head":"<!-- This site is optimized with the Yoast SEO plugin v27.3 - https:\/\/yoast.com\/product\/yoast-seo-wordpress\/ -->\n<title>\u201aIntelligente\u2018 Anh\u00e4nger-Beleuchtung zum Nachr\u00fcsten - Krafthand-Truck<\/title>\n<meta name=\"description\" content=\"Seit Kurzem bietet der Kfz-Teilespezialist Herth + Buss mit \u201aLEDs\u2019inno\u2018 ein modernes, nachr\u00fcstbares und modular aufgebautes Anh\u00e4nger-Beleuchtungssystem.\" \/>\n<meta name=\"robots\" content=\"index, follow, max-snippet:-1, max-image-preview:large, max-video-preview:-1\" \/>\n<link rel=\"canonical\" href=\"https:\/\/www.krafthand.de\/truck\/artikel\/intelligente-anhaenger-beleuchtung-zum-nachruesten-24971\/\" \/>\n<meta property=\"og:locale\" content=\"de_DE\" \/>\n<meta property=\"og:type\" content=\"article\" \/>\n<meta property=\"og:title\" content=\"\u201aIntelligente\u2018 Anh\u00e4nger-Beleuchtung zum Nachr\u00fcsten - Krafthand-Truck\" \/>\n<meta property=\"og:description\" content=\"Seit Kurzem bietet der Kfz-Teilespezialist Herth + Buss mit \u201aLEDs\u2019inno\u2018 ein modernes, nachr\u00fcstbares und modular aufgebautes Anh\u00e4nger-Beleuchtungssystem.\" \/>\n<meta property=\"og:url\" content=\"https:\/\/www.krafthand-truck.de\/artikel\/intelligente-anhaenger-beleuchtung-zum-nachruesten-24971\/\" \/>\n<meta property=\"og:site_name\" content=\"Krafthand-Truck\" \/>\n<meta property=\"article:published_time\" content=\"2019-08-05T05:00:57+00:00\" \/>\n<meta property=\"article:modified_time\" content=\"2019-09-04T09:39:34+00:00\" \/>\n<meta property=\"og:image\" content=\"https:\/\/www.krafthand.de\/truck\/wp-content\/uploads\/2019\/07\/Kht0219_29.jpg\" \/>\n\t<meta property=\"og:image:width\" content=\"1000\" \/>\n\t<meta property=\"og:image:height\" content=\"499\" \/>\n\t<meta property=\"og:image:type\" content=\"image\/jpeg\" \/>\n<meta name=\"author\" content=\"julian.schmid@krafthand.de\" \/>\n<meta name=\"twitter:card\" content=\"summary_large_image\" \/>\n<meta name=\"twitter:label1\" content=\"Verfasst von\" \/>\n\t<meta name=\"twitter:data1\" content=\"julian.schmid@krafthand.de\" \/>\n\t<meta name=\"twitter:label2\" content=\"Gesch\u00e4tzte Lesezeit\" \/>\n\t<meta name=\"twitter:data2\" content=\"1\u00a0Minute\" \/>\n<script type=\"application\/ld+json\" class=\"yoast-schema-graph\">{\"@context\":\"https:\\\/\\\/schema.org\",\"@graph\":[{\"@type\":\"Article\",\"@id\":\"https:\\\/\\\/www.krafthand.de\\\/truck\\\/artikel\\\/intelligente-anhaenger-beleuchtung-zum-nachruesten-24971\\\/#article\",\"isPartOf\":{\"@id\":\"https:\\\/\\\/www.krafthand.de\\\/truck\\\/artikel\\\/intelligente-anhaenger-beleuchtung-zum-nachruesten-24971\\\/\"},\"author\":{\"name\":\"julian.schmid@krafthand.de\",\"@id\":\"https:\\\/\\\/www.krafthand.de\\\/truck\\\/#\\\/schema\\\/person\\\/23aebc1e5e3f0204da7158bce36950bb\"},\"headline\":\"\u201aIntelligente\u2018 Anh\u00e4nger-Beleuchtung zum Nachr\u00fcsten\",\"datePublished\":\"2019-08-05T05:00:57+00:00\",\"dateModified\":\"2019-09-04T09:39:34+00:00\",\"mainEntityOfPage\":{\"@id\":\"https:\\\/\\\/www.krafthand.de\\\/truck\\\/artikel\\\/intelligente-anhaenger-beleuchtung-zum-nachruesten-24971\\\/\"},\"wordCount\":253,\"image\":{\"@id\":\"https:\\\/\\\/www.krafthand.de\\\/truck\\\/artikel\\\/intelligente-anhaenger-beleuchtung-zum-nachruesten-24971\\\/#primaryimage\"},\"thumbnailUrl\":\"https:\\\/\\\/static.krafthand-truck.de\\\/uploads\\\/2019\\\/07\\\/Kht0219_29.jpg\",\"keywords\":[\"Anh\u00e4nger-Beleuchtung\",\"Beleuchtung\",\"Beleuchtungssystem\",\"Herth + Buss\",\"LED\"],\"articleSection\":[\"Nfz-Branche\"],\"inLanguage\":\"de\"},{\"@type\":\"WebPage\",\"@id\":\"https:\\\/\\\/www.krafthand.de\\\/truck\\\/artikel\\\/intelligente-anhaenger-beleuchtung-zum-nachruesten-24971\\\/\",\"url\":\"https:\\\/\\\/www.krafthand.de\\\/truck\\\/artikel\\\/intelligente-anhaenger-beleuchtung-zum-nachruesten-24971\\\/\",\"name\":\"\u201aIntelligente\u2018 Anh\u00e4nger-Beleuchtung zum Nachr\u00fcsten - Krafthand-Truck\",\"isPartOf\":{\"@id\":\"https:\\\/\\\/www.krafthand.de\\\/truck\\\/#website\"},\"primaryImageOfPage\":{\"@id\":\"https:\\\/\\\/www.krafthand.de\\\/truck\\\/artikel\\\/intelligente-anhaenger-beleuchtung-zum-nachruesten-24971\\\/#primaryimage\"},\"image\":{\"@id\":\"https:\\\/\\\/www.krafthand.de\\\/truck\\\/artikel\\\/intelligente-anhaenger-beleuchtung-zum-nachruesten-24971\\\/#primaryimage\"},\"thumbnailUrl\":\"https:\\\/\\\/static.krafthand-truck.de\\\/uploads\\\/2019\\\/07\\\/Kht0219_29.jpg\",\"datePublished\":\"2019-08-05T05:00:57+00:00\",\"dateModified\":\"2019-09-04T09:39:34+00:00\",\"author\":{\"@id\":\"https:\\\/\\\/www.krafthand.de\\\/truck\\\/#\\\/schema\\\/person\\\/23aebc1e5e3f0204da7158bce36950bb\"},\"description\":\"Seit Kurzem bietet der Kfz-Teilespezialist Herth + Buss mit \u201aLEDs\u2019inno\u2018 ein modernes, nachr\u00fcstbares und modular aufgebautes Anh\u00e4nger-Beleuchtungssystem.\",\"breadcrumb\":{\"@id\":\"https:\\\/\\\/www.krafthand.de\\\/truck\\\/artikel\\\/intelligente-anhaenger-beleuchtung-zum-nachruesten-24971\\\/#breadcrumb\"},\"inLanguage\":\"de\",\"potentialAction\":[{\"@type\":\"ReadAction\",\"target\":[\"https:\\\/\\\/www.krafthand.de\\\/truck\\\/artikel\\\/intelligente-anhaenger-beleuchtung-zum-nachruesten-24971\\\/\"]}]},{\"@type\":\"ImageObject\",\"inLanguage\":\"de\",\"@id\":\"https:\\\/\\\/www.krafthand.de\\\/truck\\\/artikel\\\/intelligente-anhaenger-beleuchtung-zum-nachruesten-24971\\\/#primaryimage\",\"url\":\"https:\\\/\\\/static.krafthand-truck.de\\\/uploads\\\/2019\\\/07\\\/Kht0219_29.jpg\",\"contentUrl\":\"https:\\\/\\\/static.krafthand-truck.de\\\/uploads\\\/2019\\\/07\\\/Kht0219_29.jpg\",\"width\":1000,\"height\":499,\"caption\":\"LED Anh\u00e4nger-Beleuchtungssystem\"},{\"@type\":\"BreadcrumbList\",\"@id\":\"https:\\\/\\\/www.krafthand.de\\\/truck\\\/artikel\\\/intelligente-anhaenger-beleuchtung-zum-nachruesten-24971\\\/#breadcrumb\",\"itemListElement\":[{\"@type\":\"ListItem\",\"position\":1,\"name\":\"Krafthand-Truck\",\"item\":\"https:\\\/\\\/www.krafthand.de\\\/truck\\\/\"},{\"@type\":\"ListItem\",\"position\":2,\"name\":\"Nfz-Branche\",\"item\":\"https:\\\/\\\/www.krafthand.de\\\/truck\\\/kategorie\\\/branche\\\/\"},{\"@type\":\"ListItem\",\"position\":3,\"name\":\"\u201aIntelligente\u2018 Anh\u00e4nger-Beleuchtung zum Nachr\u00fcsten\"}]},{\"@type\":\"WebSite\",\"@id\":\"https:\\\/\\\/www.krafthand.de\\\/truck\\\/#website\",\"url\":\"https:\\\/\\\/www.krafthand.de\\\/truck\\\/\",\"name\":\"Krafthand-Truck\",\"description\":\"\",\"potentialAction\":[{\"@type\":\"SearchAction\",\"target\":{\"@type\":\"EntryPoint\",\"urlTemplate\":\"https:\\\/\\\/www.krafthand.de\\\/truck\\\/?s={search_term_string}\"},\"query-input\":{\"@type\":\"PropertyValueSpecification\",\"valueRequired\":true,\"valueName\":\"search_term_string\"}}],\"inLanguage\":\"de\"},{\"@type\":\"Person\",\"@id\":\"https:\\\/\\\/www.krafthand.de\\\/truck\\\/#\\\/schema\\\/person\\\/23aebc1e5e3f0204da7158bce36950bb\",\"name\":\"julian.schmid@krafthand.de\",\"image\":{\"@type\":\"ImageObject\",\"inLanguage\":\"de\",\"@id\":\"https:\\\/\\\/secure.gravatar.com\\\/avatar\\\/ef76c2910cab8eb23fcc013e1c6dc1ba4af5e93fea6e6132d7c4e67d4e9631e9?s=96&d=mm&r=g\",\"url\":\"https:\\\/\\\/secure.gravatar.com\\\/avatar\\\/ef76c2910cab8eb23fcc013e1c6dc1ba4af5e93fea6e6132d7c4e67d4e9631e9?s=96&d=mm&r=g\",\"contentUrl\":\"https:\\\/\\\/secure.gravatar.com\\\/avatar\\\/ef76c2910cab8eb23fcc013e1c6dc1ba4af5e93fea6e6132d7c4e67d4e9631e9?s=96&d=mm&r=g\",\"caption\":\"julian.schmid@krafthand.de\"}}]}<\/script>\n<!-- \/ Yoast SEO plugin. -->","yoast_head_json":{"title":"\u201aIntelligente\u2018 Anh\u00e4nger-Beleuchtung zum Nachr\u00fcsten - Krafthand-Truck","description":"Seit Kurzem bietet der Kfz-Teilespezialist Herth + Buss mit \u201aLEDs\u2019inno\u2018 ein modernes, nachr\u00fcstbares und modular aufgebautes Anh\u00e4nger-Beleuchtungssystem.","robots":{"index":"index","follow":"follow","max-snippet":"max-snippet:-1","max-image-preview":"max-image-preview:large","max-video-preview":"max-video-preview:-1"},"canonical":"https:\/\/www.krafthand.de\/truck\/artikel\/intelligente-anhaenger-beleuchtung-zum-nachruesten-24971\/","og_locale":"de_DE","og_type":"article","og_title":"\u201aIntelligente\u2018 Anh\u00e4nger-Beleuchtung zum Nachr\u00fcsten - Krafthand-Truck","og_description":"Seit Kurzem bietet der Kfz-Teilespezialist Herth + Buss mit \u201aLEDs\u2019inno\u2018 ein modernes, nachr\u00fcstbares und modular aufgebautes Anh\u00e4nger-Beleuchtungssystem.","og_url":"https:\/\/www.krafthand-truck.de\/artikel\/intelligente-anhaenger-beleuchtung-zum-nachruesten-24971\/","og_site_name":"Krafthand-Truck","article_published_time":"2019-08-05T05:00:57+00:00","article_modified_time":"2019-09-04T09:39:34+00:00","og_image":[{"width":1000,"height":499,"url":"https:\/\/www.krafthand.de\/truck\/wp-content\/uploads\/2019\/07\/Kht0219_29.jpg","type":"image\/jpeg"}],"author":"julian.schmid@krafthand.de","twitter_card":"summary_large_image","twitter_misc":{"Verfasst von":"julian.schmid@krafthand.de","Gesch\u00e4tzte Lesezeit":"1\u00a0Minute"},"schema":{"@context":"https:\/\/schema.org","@graph":[{"@type":"Article","@id":"https:\/\/www.krafthand.de\/truck\/artikel\/intelligente-anhaenger-beleuchtung-zum-nachruesten-24971\/#article","isPartOf":{"@id":"https:\/\/www.krafthand.de\/truck\/artikel\/intelligente-anhaenger-beleuchtung-zum-nachruesten-24971\/"},"author":{"name":"julian.schmid@krafthand.de","@id":"https:\/\/www.krafthand.de\/truck\/#\/schema\/person\/23aebc1e5e3f0204da7158bce36950bb"},"headline":"\u201aIntelligente\u2018 Anh\u00e4nger-Beleuchtung zum Nachr\u00fcsten","datePublished":"2019-08-05T05:00:57+00:00","dateModified":"2019-09-04T09:39:34+00:00","mainEntityOfPage":{"@id":"https:\/\/www.krafthand.de\/truck\/artikel\/intelligente-anhaenger-beleuchtung-zum-nachruesten-24971\/"},"wordCount":253,"image":{"@id":"https:\/\/www.krafthand.de\/truck\/artikel\/intelligente-anhaenger-beleuchtung-zum-nachruesten-24971\/#primaryimage"},"thumbnailUrl":"https:\/\/static.krafthand-truck.de\/uploads\/2019\/07\/Kht0219_29.jpg","keywords":["Anh\u00e4nger-Beleuchtung","Beleuchtung","Beleuchtungssystem","Herth + Buss","LED"],"articleSection":["Nfz-Branche"],"inLanguage":"de"},{"@type":"WebPage","@id":"https:\/\/www.krafthand.de\/truck\/artikel\/intelligente-anhaenger-beleuchtung-zum-nachruesten-24971\/","url":"https:\/\/www.krafthand.de\/truck\/artikel\/intelligente-anhaenger-beleuchtung-zum-nachruesten-24971\/","name":"\u201aIntelligente\u2018 Anh\u00e4nger-Beleuchtung zum Nachr\u00fcsten - Krafthand-Truck","isPartOf":{"@id":"https:\/\/www.krafthand.de\/truck\/#website"},"primaryImageOfPage":{"@id":"https:\/\/www.krafthand.de\/truck\/artikel\/intelligente-anhaenger-beleuchtung-zum-nachruesten-24971\/#primaryimage"},"image":{"@id":"https:\/\/www.krafthand.de\/truck\/artikel\/intelligente-anhaenger-beleuchtung-zum-nachruesten-24971\/#primaryimage"},"thumbnailUrl":"https:\/\/static.krafthand-truck.de\/uploads\/2019\/07\/Kht0219_29.jpg","datePublished":"2019-08-05T05:00:57+00:00","dateModified":"2019-09-04T09:39:34+00:00","author":{"@id":"https:\/\/www.krafthand.de\/truck\/#\/schema\/person\/23aebc1e5e3f0204da7158bce36950bb"},"description":"Seit Kurzem bietet der Kfz-Teilespezialist Herth + Buss mit \u201aLEDs\u2019inno\u2018 ein modernes, nachr\u00fcstbares und modular aufgebautes Anh\u00e4nger-Beleuchtungssystem.","breadcrumb":{"@id":"https:\/\/www.krafthand.de\/truck\/artikel\/intelligente-anhaenger-beleuchtung-zum-nachruesten-24971\/#breadcrumb"},"inLanguage":"de","potentialAction":[{"@type":"ReadAction","target":["https:\/\/www.krafthand.de\/truck\/artikel\/intelligente-anhaenger-beleuchtung-zum-nachruesten-24971\/"]}]},{"@type":"ImageObject","inLanguage":"de","@id":"https:\/\/www.krafthand.de\/truck\/artikel\/intelligente-anhaenger-beleuchtung-zum-nachruesten-24971\/#primaryimage","url":"https:\/\/static.krafthand-truck.de\/uploads\/2019\/07\/Kht0219_29.jpg","contentUrl":"https:\/\/static.krafthand-truck.de\/uploads\/2019\/07\/Kht0219_29.jpg","width":1000,"height":499,"caption":"LED Anh\u00e4nger-Beleuchtungssystem"},{"@type":"BreadcrumbList","@id":"https:\/\/www.krafthand.de\/truck\/artikel\/intelligente-anhaenger-beleuchtung-zum-nachruesten-24971\/#breadcrumb","itemListElement":[{"@type":"ListItem","position":1,"name":"Krafthand-Truck","item":"https:\/\/www.krafthand.de\/truck\/"},{"@type":"ListItem","position":2,"name":"Nfz-Branche","item":"https:\/\/www.krafthand.de\/truck\/kategorie\/branche\/"},{"@type":"ListItem","position":3,"name":"\u201aIntelligente\u2018 Anh\u00e4nger-Beleuchtung zum Nachr\u00fcsten"}]},{"@type":"WebSite","@id":"https:\/\/www.krafthand.de\/truck\/#website","url":"https:\/\/www.krafthand.de\/truck\/","name":"Krafthand-Truck","description":"","potentialAction":[{"@type":"SearchAction","target":{"@type":"EntryPoint","urlTemplate":"https:\/\/www.krafthand.de\/truck\/?s={search_term_string}"},"query-input":{"@type":"PropertyValueSpecification","valueRequired":true,"valueName":"search_term_string"}}],"inLanguage":"de"},{"@type":"Person","@id":"https:\/\/www.krafthand.de\/truck\/#\/schema\/person\/23aebc1e5e3f0204da7158bce36950bb","name":"julian.schmid@krafthand.de","image":{"@type":"ImageObject","inLanguage":"de","@id":"https:\/\/secure.gravatar.com\/avatar\/ef76c2910cab8eb23fcc013e1c6dc1ba4af5e93fea6e6132d7c4e67d4e9631e9?s=96&d=mm&r=g","url":"https:\/\/secure.gravatar.com\/avatar\/ef76c2910cab8eb23fcc013e1c6dc1ba4af5e93fea6e6132d7c4e67d4e9631e9?s=96&d=mm&r=g","contentUrl":"https:\/\/secure.gravatar.com\/avatar\/ef76c2910cab8eb23fcc013e1c6dc1ba4af5e93fea6e6132d7c4e67d4e9631e9?s=96&d=mm&r=g","caption":"julian.schmid@krafthand.de"}}]}},"_links":{"self":[{"href":"https:\/\/www.krafthand.de\/truck\/wp-json\/wp\/v2\/posts\/24971","targetHints":{"allow":["GET"]}}],"collection":[{"href":"https:\/\/www.krafthand.de\/truck\/wp-json\/wp\/v2\/posts"}],"about":[{"href":"https:\/\/www.krafthand.de\/truck\/wp-json\/wp\/v2\/types\/post"}],"author":[{"embeddable":true,"href":"https:\/\/www.krafthand.de\/truck\/wp-json\/wp\/v2\/users\/7"}],"replies":[{"embeddable":true,"href":"https:\/\/www.krafthand.de\/truck\/wp-json\/wp\/v2\/comments?post=24971"}],"version-history":[{"count":2,"href":"https:\/\/www.krafthand.de\/truck\/wp-json\/wp\/v2\/posts\/24971\/revisions"}],"predecessor-version":[{"id":25058,"href":"https:\/\/www.krafthand.de\/truck\/wp-json\/wp\/v2\/posts\/24971\/revisions\/25058"}],"wp:featuredmedia":[{"embeddable":true,"href":"https:\/\/www.krafthand.de\/truck\/wp-json\/wp\/v2\/media\/24972"}],"wp:attachment":[{"href":"https:\/\/www.krafthand.de\/truck\/wp-json\/wp\/v2\/media?parent=24971"}],"wp:term":[{"taxonomy":"category","embeddable":true,"href":"https:\/\/www.krafthand.de\/truck\/wp-json\/wp\/v2\/categories?post=24971"},{"taxonomy":"post_tag","embeddable":true,"href":"https:\/\/www.krafthand.de\/truck\/wp-json\/wp\/v2\/tags?post=24971"},{"taxonomy":"settings","embeddable":true,"href":"https:\/\/www.krafthand.de\/truck\/wp-json\/wp\/v2\/settings?post=24971"}],"curies":[{"name":"wp","href":"https:\/\/api.w.org\/{rel}","templated":true}]}}