{"id":24962,"date":"2019-08-03T07:00:30","date_gmt":"2019-08-03T05:00:30","guid":{"rendered":"https:\/\/www.krafthand.de\/truck\/?p=24962"},"modified":"2019-09-04T11:39:32","modified_gmt":"2019-09-04T09:39:32","slug":"werkstatt-konzept-alltrucks-auf-wachstumskurs","status":"publish","type":"post","link":"https:\/\/www.krafthand.de\/truck\/artikel\/werkstatt-konzept-alltrucks-auf-wachstumskurs-24962\/","title":{"rendered":"Werkstatt-Konzept \u201aAlltrucks\u2018 auf Wachstumskurs"},"content":{"rendered":"<p>Im Januar 2014 begr\u00fc\u00dfte Alltrucks, dasMehrmarken-Full-Service-Werkstattsystem der Zulieferer Bosch, Knorr-Bremse und ZF, seinen ersten Systempartner: den in Eching bei M\u00fcnchen ans\u00e4ssigen Nutzfahrzeuge-Service Obermeier. Vier Jahre sp\u00e4ter fiel bereits die 500-er Marke: als \u201aJubil\u00e4umspartner\u2018 stie\u00df Anfang 2018 die AD Fichou Company aus Brest (Frankreich) zu dem inzwischen in der D-A-CH-Region, den Niederlanden, Frankreich, Spanien, Portugal, Italien, Polen und Norwegen verf\u00fcgbaren, \u201aeurop\u00e4isierten\u2018 Werkstatt-Konzept. Mittlerweile gibt es in Deutschland den Partner Nummer 600: die Uelzener Filiale der im Dreieck Hamburg-Bremen-Hannover mit insgesamt 12 Standorte pr\u00e4senten Stern Partner-Unternehmensgruppe, einem der gro\u00dfen Mercedes-Benz-Vertragspartner Deutschlands. In dem in der Oldenst\u00e4dter Str. 68 in Uelzen beheimateten Betrieb besch\u00e4ftigen sich allein 25 Mitarbeiter schwerpunktm\u00e4\u00dfig mit Nutzfahrzeugen, zudem gibt es eine Profi-Lkw-Lackiererei.<\/p>\n<p>Europaweit gibt es nach eigenen Angaben derzeit insgesamt 660 Alltrucks-Partner. Doch nicht nur das Werkstattnetzwerk gedeiht, auch das Dienstleistungsangebot und die Zahl der Kooperationspartner wachsen kontinuierlich. Beispielsweise k\u00f6nnen die Partnerbetriebe mit \u201aAlltrucks Protect\u2018 ihren Kunden schon seit geraumer Zeit eine weiterf\u00fchrende, markenunabh\u00e4ngige Antriebsstrang-Garantie mit interessanten Konditionen f\u00fcr deren Fuhrpark anbieten. \u00c4hnlich wie bei einer Garantieverl\u00e4ngerung f\u00fcr Neufahrzeuge k\u00f6nnen Fahrzeughalter hiermit Kostenrisiken f\u00fcr Reparaturen minimieren und diese planbarer machen. J\u00fcngster Konzeptbaustein ist das Modul \u201aAlltrucks Fleet\u2018, ein Angebot, das sich speziell an Fuhrparks und Nutzfahrzeug-Flotten richtet \u2013 und das einem Sprecher von Alltrucks zufolge bei den Partnern auf gro\u00dfes Interesse st\u00f6\u00dft. Die Endkundenkommunikation hierzu laufe seit Februar.<\/p>\n<p>Dar\u00fcber hinaus gibt es seit Kurzem auch noch eine neue, exklusive und auf Mehrmarkenbelange ausgerichtete Trainingsreihe, die mit dem Kurs \u201aMotormanagement-Systeme I\u2018 startete und in \u201aMotormanagement-Systeme II\u2018 und \u201aEffiziente Diagnose an Abgasregelsystemen\u2018 seine Fortsetzung findet. Bei den Kooperationspartnern sind laut Alltrucks-Systemzentrale mit dem \u00d6lspezialisten Total und Semmler TachoControl, einem auf Fahrtenschreibertechnik und -service spezialisierten Unternehmen, zwei weitere wichtige Player zum Netzwerk gesto\u00dfen.<\/p>\n<p><i>Den Beitrag finden Sie auch in der Print-Ausgabe 2\/19 der <a href=\"https:\/\/www.krafthand.de\/truck\/magazin\/\" title=\"Zum Magazin\">Krafthand-Truck<\/a>.<\/i><\/p>","protected":false},"excerpt":{"rendered":"<p>Europaweit gibt es nach eigenen Angaben derzeit insgesamt 660 Alltrucks-Partner. Doch nicht nur das Werkstattnetzwerk gedeiht, auch das Dienstleistungsangebot und die Zahl der Kooperationspartner wachsen kontinuierlich. <span class=\"excerpt-more__dots\">&#8230;<\/span> <a class=\"excerpt-more__link\" href=\"https:\/\/www.krafthand.de\/truck\/artikel\/werkstatt-konzept-alltrucks-auf-wachstumskurs-24962\/\" >weiter<\/a><\/p>\n","protected":false},"author":7,"featured_media":24963,"comment_status":"closed","ping_status":"closed","sticky":false,"template":"","format":"standard","meta":{"footnotes":""},"categories":[5],"tags":[182,185,2088,186,184,3134,187],"settings":[],"class_list":["post-24962","post","type-post","status-publish","format-standard","has-post-thumbnail","hentry","category-branche","tag-alltrucks","tag-bosch","tag-full-service-werkstattsystem","tag-knorr-bremse","tag-werkstattkonzept","tag-werkstattsystem","tag-zf"],"yoast_head":"<!-- This site is optimized with the Yoast SEO plugin v27.3 - https:\/\/yoast.com\/product\/yoast-seo-wordpress\/ -->\n<title>Werkstatt-Konzept \u201aAlltrucks\u2018 auf Wachstumskurs - Krafthand-Truck<\/title>\n<meta name=\"description\" content=\"Europaweit gibt es nach eigenen Angaben derzeit insgesamt 660 Alltrucks-Partner. Doch nicht nur das Werkstattnetzwerk gedeiht.\" \/>\n<meta name=\"robots\" content=\"index, follow, max-snippet:-1, max-image-preview:large, max-video-preview:-1\" \/>\n<link rel=\"canonical\" href=\"https:\/\/www.krafthand.de\/truck\/artikel\/werkstatt-konzept-alltrucks-auf-wachstumskurs-24962\/\" \/>\n<meta property=\"og:locale\" content=\"de_DE\" \/>\n<meta property=\"og:type\" content=\"article\" \/>\n<meta property=\"og:title\" content=\"Werkstatt-Konzept \u201aAlltrucks\u2018 auf Wachstumskurs - Krafthand-Truck\" \/>\n<meta property=\"og:description\" content=\"Europaweit gibt es nach eigenen Angaben derzeit insgesamt 660 Alltrucks-Partner. Doch nicht nur das Werkstattnetzwerk gedeiht.\" \/>\n<meta property=\"og:url\" content=\"https:\/\/www.krafthand-truck.de\/artikel\/werkstatt-konzept-alltrucks-auf-wachstumskurs-24962\/\" \/>\n<meta property=\"og:site_name\" content=\"Krafthand-Truck\" \/>\n<meta property=\"article:published_time\" content=\"2019-08-03T05:00:30+00:00\" \/>\n<meta property=\"article:modified_time\" content=\"2019-09-04T09:39:32+00:00\" \/>\n<meta property=\"og:image\" content=\"https:\/\/www.krafthand.de\/truck\/wp-content\/uploads\/2019\/07\/Kht0219_040_gross.jpg\" \/>\n\t<meta property=\"og:image:width\" content=\"1000\" \/>\n\t<meta property=\"og:image:height\" content=\"667\" \/>\n\t<meta property=\"og:image:type\" content=\"image\/jpeg\" \/>\n<meta name=\"author\" content=\"julian.schmid@krafthand.de\" \/>\n<meta name=\"twitter:card\" content=\"summary_large_image\" \/>\n<meta name=\"twitter:label1\" content=\"Verfasst von\" \/>\n\t<meta name=\"twitter:data1\" content=\"julian.schmid@krafthand.de\" \/>\n\t<meta name=\"twitter:label2\" content=\"Gesch\u00e4tzte Lesezeit\" \/>\n\t<meta name=\"twitter:data2\" content=\"1\u00a0Minute\" \/>\n<script type=\"application\/ld+json\" class=\"yoast-schema-graph\">{\"@context\":\"https:\\\/\\\/schema.org\",\"@graph\":[{\"@type\":\"Article\",\"@id\":\"https:\\\/\\\/www.krafthand.de\\\/truck\\\/artikel\\\/werkstatt-konzept-alltrucks-auf-wachstumskurs-24962\\\/#article\",\"isPartOf\":{\"@id\":\"https:\\\/\\\/www.krafthand.de\\\/truck\\\/artikel\\\/werkstatt-konzept-alltrucks-auf-wachstumskurs-24962\\\/\"},\"author\":{\"name\":\"julian.schmid@krafthand.de\",\"@id\":\"https:\\\/\\\/www.krafthand.de\\\/truck\\\/#\\\/schema\\\/person\\\/23aebc1e5e3f0204da7158bce36950bb\"},\"headline\":\"Werkstatt-Konzept \u201aAlltrucks\u2018 auf Wachstumskurs\",\"datePublished\":\"2019-08-03T05:00:30+00:00\",\"dateModified\":\"2019-09-04T09:39:32+00:00\",\"mainEntityOfPage\":{\"@id\":\"https:\\\/\\\/www.krafthand.de\\\/truck\\\/artikel\\\/werkstatt-konzept-alltrucks-auf-wachstumskurs-24962\\\/\"},\"wordCount\":302,\"image\":{\"@id\":\"https:\\\/\\\/www.krafthand.de\\\/truck\\\/artikel\\\/werkstatt-konzept-alltrucks-auf-wachstumskurs-24962\\\/#primaryimage\"},\"thumbnailUrl\":\"https:\\\/\\\/static.krafthand-truck.de\\\/uploads\\\/2019\\\/07\\\/Kht0219_040_gross.jpg\",\"keywords\":[\"Alltrucks\",\"Bosch\",\"Full-Service-Werkstattsystem\",\"Knorr-Bremse\",\"Werkstattkonzept\",\"Werkstattsystem\",\"ZF\"],\"articleSection\":[\"Nfz-Branche\"],\"inLanguage\":\"de\"},{\"@type\":\"WebPage\",\"@id\":\"https:\\\/\\\/www.krafthand.de\\\/truck\\\/artikel\\\/werkstatt-konzept-alltrucks-auf-wachstumskurs-24962\\\/\",\"url\":\"https:\\\/\\\/www.krafthand.de\\\/truck\\\/artikel\\\/werkstatt-konzept-alltrucks-auf-wachstumskurs-24962\\\/\",\"name\":\"Werkstatt-Konzept \u201aAlltrucks\u2018 auf Wachstumskurs - Krafthand-Truck\",\"isPartOf\":{\"@id\":\"https:\\\/\\\/www.krafthand.de\\\/truck\\\/#website\"},\"primaryImageOfPage\":{\"@id\":\"https:\\\/\\\/www.krafthand.de\\\/truck\\\/artikel\\\/werkstatt-konzept-alltrucks-auf-wachstumskurs-24962\\\/#primaryimage\"},\"image\":{\"@id\":\"https:\\\/\\\/www.krafthand.de\\\/truck\\\/artikel\\\/werkstatt-konzept-alltrucks-auf-wachstumskurs-24962\\\/#primaryimage\"},\"thumbnailUrl\":\"https:\\\/\\\/static.krafthand-truck.de\\\/uploads\\\/2019\\\/07\\\/Kht0219_040_gross.jpg\",\"datePublished\":\"2019-08-03T05:00:30+00:00\",\"dateModified\":\"2019-09-04T09:39:32+00:00\",\"author\":{\"@id\":\"https:\\\/\\\/www.krafthand.de\\\/truck\\\/#\\\/schema\\\/person\\\/23aebc1e5e3f0204da7158bce36950bb\"},\"description\":\"Europaweit gibt es nach eigenen Angaben derzeit insgesamt 660 Alltrucks-Partner. Doch nicht nur das Werkstattnetzwerk gedeiht.\",\"breadcrumb\":{\"@id\":\"https:\\\/\\\/www.krafthand.de\\\/truck\\\/artikel\\\/werkstatt-konzept-alltrucks-auf-wachstumskurs-24962\\\/#breadcrumb\"},\"inLanguage\":\"de\",\"potentialAction\":[{\"@type\":\"ReadAction\",\"target\":[\"https:\\\/\\\/www.krafthand.de\\\/truck\\\/artikel\\\/werkstatt-konzept-alltrucks-auf-wachstumskurs-24962\\\/\"]}]},{\"@type\":\"ImageObject\",\"inLanguage\":\"de\",\"@id\":\"https:\\\/\\\/www.krafthand.de\\\/truck\\\/artikel\\\/werkstatt-konzept-alltrucks-auf-wachstumskurs-24962\\\/#primaryimage\",\"url\":\"https:\\\/\\\/static.krafthand-truck.de\\\/uploads\\\/2019\\\/07\\\/Kht0219_040_gross.jpg\",\"contentUrl\":\"https:\\\/\\\/static.krafthand-truck.de\\\/uploads\\\/2019\\\/07\\\/Kht0219_040_gross.jpg\",\"width\":1000,\"height\":667,\"caption\":\"Alltruck-Werkstattkonzept feiert 600. Partnerbetrieb\"},{\"@type\":\"BreadcrumbList\",\"@id\":\"https:\\\/\\\/www.krafthand.de\\\/truck\\\/artikel\\\/werkstatt-konzept-alltrucks-auf-wachstumskurs-24962\\\/#breadcrumb\",\"itemListElement\":[{\"@type\":\"ListItem\",\"position\":1,\"name\":\"Krafthand-Truck\",\"item\":\"https:\\\/\\\/www.krafthand.de\\\/truck\\\/\"},{\"@type\":\"ListItem\",\"position\":2,\"name\":\"Nfz-Branche\",\"item\":\"https:\\\/\\\/www.krafthand.de\\\/truck\\\/kategorie\\\/branche\\\/\"},{\"@type\":\"ListItem\",\"position\":3,\"name\":\"Werkstatt-Konzept \u201aAlltrucks\u2018 auf Wachstumskurs\"}]},{\"@type\":\"WebSite\",\"@id\":\"https:\\\/\\\/www.krafthand.de\\\/truck\\\/#website\",\"url\":\"https:\\\/\\\/www.krafthand.de\\\/truck\\\/\",\"name\":\"Krafthand-Truck\",\"description\":\"\",\"potentialAction\":[{\"@type\":\"SearchAction\",\"target\":{\"@type\":\"EntryPoint\",\"urlTemplate\":\"https:\\\/\\\/www.krafthand.de\\\/truck\\\/?s={search_term_string}\"},\"query-input\":{\"@type\":\"PropertyValueSpecification\",\"valueRequired\":true,\"valueName\":\"search_term_string\"}}],\"inLanguage\":\"de\"},{\"@type\":\"Person\",\"@id\":\"https:\\\/\\\/www.krafthand.de\\\/truck\\\/#\\\/schema\\\/person\\\/23aebc1e5e3f0204da7158bce36950bb\",\"name\":\"julian.schmid@krafthand.de\",\"image\":{\"@type\":\"ImageObject\",\"inLanguage\":\"de\",\"@id\":\"https:\\\/\\\/secure.gravatar.com\\\/avatar\\\/ef76c2910cab8eb23fcc013e1c6dc1ba4af5e93fea6e6132d7c4e67d4e9631e9?s=96&d=mm&r=g\",\"url\":\"https:\\\/\\\/secure.gravatar.com\\\/avatar\\\/ef76c2910cab8eb23fcc013e1c6dc1ba4af5e93fea6e6132d7c4e67d4e9631e9?s=96&d=mm&r=g\",\"contentUrl\":\"https:\\\/\\\/secure.gravatar.com\\\/avatar\\\/ef76c2910cab8eb23fcc013e1c6dc1ba4af5e93fea6e6132d7c4e67d4e9631e9?s=96&d=mm&r=g\",\"caption\":\"julian.schmid@krafthand.de\"}}]}<\/script>\n<!-- \/ Yoast SEO plugin. -->","yoast_head_json":{"title":"Werkstatt-Konzept \u201aAlltrucks\u2018 auf Wachstumskurs - Krafthand-Truck","description":"Europaweit gibt es nach eigenen Angaben derzeit insgesamt 660 Alltrucks-Partner. Doch nicht nur das Werkstattnetzwerk gedeiht.","robots":{"index":"index","follow":"follow","max-snippet":"max-snippet:-1","max-image-preview":"max-image-preview:large","max-video-preview":"max-video-preview:-1"},"canonical":"https:\/\/www.krafthand.de\/truck\/artikel\/werkstatt-konzept-alltrucks-auf-wachstumskurs-24962\/","og_locale":"de_DE","og_type":"article","og_title":"Werkstatt-Konzept \u201aAlltrucks\u2018 auf Wachstumskurs - Krafthand-Truck","og_description":"Europaweit gibt es nach eigenen Angaben derzeit insgesamt 660 Alltrucks-Partner. Doch nicht nur das Werkstattnetzwerk gedeiht.","og_url":"https:\/\/www.krafthand-truck.de\/artikel\/werkstatt-konzept-alltrucks-auf-wachstumskurs-24962\/","og_site_name":"Krafthand-Truck","article_published_time":"2019-08-03T05:00:30+00:00","article_modified_time":"2019-09-04T09:39:32+00:00","og_image":[{"width":1000,"height":667,"url":"https:\/\/www.krafthand.de\/truck\/wp-content\/uploads\/2019\/07\/Kht0219_040_gross.jpg","type":"image\/jpeg"}],"author":"julian.schmid@krafthand.de","twitter_card":"summary_large_image","twitter_misc":{"Verfasst von":"julian.schmid@krafthand.de","Gesch\u00e4tzte Lesezeit":"1\u00a0Minute"},"schema":{"@context":"https:\/\/schema.org","@graph":[{"@type":"Article","@id":"https:\/\/www.krafthand.de\/truck\/artikel\/werkstatt-konzept-alltrucks-auf-wachstumskurs-24962\/#article","isPartOf":{"@id":"https:\/\/www.krafthand.de\/truck\/artikel\/werkstatt-konzept-alltrucks-auf-wachstumskurs-24962\/"},"author":{"name":"julian.schmid@krafthand.de","@id":"https:\/\/www.krafthand.de\/truck\/#\/schema\/person\/23aebc1e5e3f0204da7158bce36950bb"},"headline":"Werkstatt-Konzept \u201aAlltrucks\u2018 auf Wachstumskurs","datePublished":"2019-08-03T05:00:30+00:00","dateModified":"2019-09-04T09:39:32+00:00","mainEntityOfPage":{"@id":"https:\/\/www.krafthand.de\/truck\/artikel\/werkstatt-konzept-alltrucks-auf-wachstumskurs-24962\/"},"wordCount":302,"image":{"@id":"https:\/\/www.krafthand.de\/truck\/artikel\/werkstatt-konzept-alltrucks-auf-wachstumskurs-24962\/#primaryimage"},"thumbnailUrl":"https:\/\/static.krafthand-truck.de\/uploads\/2019\/07\/Kht0219_040_gross.jpg","keywords":["Alltrucks","Bosch","Full-Service-Werkstattsystem","Knorr-Bremse","Werkstattkonzept","Werkstattsystem","ZF"],"articleSection":["Nfz-Branche"],"inLanguage":"de"},{"@type":"WebPage","@id":"https:\/\/www.krafthand.de\/truck\/artikel\/werkstatt-konzept-alltrucks-auf-wachstumskurs-24962\/","url":"https:\/\/www.krafthand.de\/truck\/artikel\/werkstatt-konzept-alltrucks-auf-wachstumskurs-24962\/","name":"Werkstatt-Konzept \u201aAlltrucks\u2018 auf Wachstumskurs - Krafthand-Truck","isPartOf":{"@id":"https:\/\/www.krafthand.de\/truck\/#website"},"primaryImageOfPage":{"@id":"https:\/\/www.krafthand.de\/truck\/artikel\/werkstatt-konzept-alltrucks-auf-wachstumskurs-24962\/#primaryimage"},"image":{"@id":"https:\/\/www.krafthand.de\/truck\/artikel\/werkstatt-konzept-alltrucks-auf-wachstumskurs-24962\/#primaryimage"},"thumbnailUrl":"https:\/\/static.krafthand-truck.de\/uploads\/2019\/07\/Kht0219_040_gross.jpg","datePublished":"2019-08-03T05:00:30+00:00","dateModified":"2019-09-04T09:39:32+00:00","author":{"@id":"https:\/\/www.krafthand.de\/truck\/#\/schema\/person\/23aebc1e5e3f0204da7158bce36950bb"},"description":"Europaweit gibt es nach eigenen Angaben derzeit insgesamt 660 Alltrucks-Partner. Doch nicht nur das Werkstattnetzwerk gedeiht.","breadcrumb":{"@id":"https:\/\/www.krafthand.de\/truck\/artikel\/werkstatt-konzept-alltrucks-auf-wachstumskurs-24962\/#breadcrumb"},"inLanguage":"de","potentialAction":[{"@type":"ReadAction","target":["https:\/\/www.krafthand.de\/truck\/artikel\/werkstatt-konzept-alltrucks-auf-wachstumskurs-24962\/"]}]},{"@type":"ImageObject","inLanguage":"de","@id":"https:\/\/www.krafthand.de\/truck\/artikel\/werkstatt-konzept-alltrucks-auf-wachstumskurs-24962\/#primaryimage","url":"https:\/\/static.krafthand-truck.de\/uploads\/2019\/07\/Kht0219_040_gross.jpg","contentUrl":"https:\/\/static.krafthand-truck.de\/uploads\/2019\/07\/Kht0219_040_gross.jpg","width":1000,"height":667,"caption":"Alltruck-Werkstattkonzept feiert 600. Partnerbetrieb"},{"@type":"BreadcrumbList","@id":"https:\/\/www.krafthand.de\/truck\/artikel\/werkstatt-konzept-alltrucks-auf-wachstumskurs-24962\/#breadcrumb","itemListElement":[{"@type":"ListItem","position":1,"name":"Krafthand-Truck","item":"https:\/\/www.krafthand.de\/truck\/"},{"@type":"ListItem","position":2,"name":"Nfz-Branche","item":"https:\/\/www.krafthand.de\/truck\/kategorie\/branche\/"},{"@type":"ListItem","position":3,"name":"Werkstatt-Konzept \u201aAlltrucks\u2018 auf Wachstumskurs"}]},{"@type":"WebSite","@id":"https:\/\/www.krafthand.de\/truck\/#website","url":"https:\/\/www.krafthand.de\/truck\/","name":"Krafthand-Truck","description":"","potentialAction":[{"@type":"SearchAction","target":{"@type":"EntryPoint","urlTemplate":"https:\/\/www.krafthand.de\/truck\/?s={search_term_string}"},"query-input":{"@type":"PropertyValueSpecification","valueRequired":true,"valueName":"search_term_string"}}],"inLanguage":"de"},{"@type":"Person","@id":"https:\/\/www.krafthand.de\/truck\/#\/schema\/person\/23aebc1e5e3f0204da7158bce36950bb","name":"julian.schmid@krafthand.de","image":{"@type":"ImageObject","inLanguage":"de","@id":"https:\/\/secure.gravatar.com\/avatar\/ef76c2910cab8eb23fcc013e1c6dc1ba4af5e93fea6e6132d7c4e67d4e9631e9?s=96&d=mm&r=g","url":"https:\/\/secure.gravatar.com\/avatar\/ef76c2910cab8eb23fcc013e1c6dc1ba4af5e93fea6e6132d7c4e67d4e9631e9?s=96&d=mm&r=g","contentUrl":"https:\/\/secure.gravatar.com\/avatar\/ef76c2910cab8eb23fcc013e1c6dc1ba4af5e93fea6e6132d7c4e67d4e9631e9?s=96&d=mm&r=g","caption":"julian.schmid@krafthand.de"}}]}},"_links":{"self":[{"href":"https:\/\/www.krafthand.de\/truck\/wp-json\/wp\/v2\/posts\/24962","targetHints":{"allow":["GET"]}}],"collection":[{"href":"https:\/\/www.krafthand.de\/truck\/wp-json\/wp\/v2\/posts"}],"about":[{"href":"https:\/\/www.krafthand.de\/truck\/wp-json\/wp\/v2\/types\/post"}],"author":[{"embeddable":true,"href":"https:\/\/www.krafthand.de\/truck\/wp-json\/wp\/v2\/users\/7"}],"replies":[{"embeddable":true,"href":"https:\/\/www.krafthand.de\/truck\/wp-json\/wp\/v2\/comments?post=24962"}],"version-history":[{"count":3,"href":"https:\/\/www.krafthand.de\/truck\/wp-json\/wp\/v2\/posts\/24962\/revisions"}],"predecessor-version":[{"id":25057,"href":"https:\/\/www.krafthand.de\/truck\/wp-json\/wp\/v2\/posts\/24962\/revisions\/25057"}],"wp:featuredmedia":[{"embeddable":true,"href":"https:\/\/www.krafthand.de\/truck\/wp-json\/wp\/v2\/media\/24963"}],"wp:attachment":[{"href":"https:\/\/www.krafthand.de\/truck\/wp-json\/wp\/v2\/media?parent=24962"}],"wp:term":[{"taxonomy":"category","embeddable":true,"href":"https:\/\/www.krafthand.de\/truck\/wp-json\/wp\/v2\/categories?post=24962"},{"taxonomy":"post_tag","embeddable":true,"href":"https:\/\/www.krafthand.de\/truck\/wp-json\/wp\/v2\/tags?post=24962"},{"taxonomy":"settings","embeddable":true,"href":"https:\/\/www.krafthand.de\/truck\/wp-json\/wp\/v2\/settings?post=24962"}],"curies":[{"name":"wp","href":"https:\/\/api.w.org\/{rel}","templated":true}]}}