{"id":24891,"date":"2019-07-04T07:00:49","date_gmt":"2019-07-04T05:00:49","guid":{"rendered":"https:\/\/www.krafthand.de\/truck\/?p=24891"},"modified":"2019-07-04T07:25:56","modified_gmt":"2019-07-04T05:25:56","slug":"truck-grand-prix-2019","status":"publish","type":"post","link":"https:\/\/www.krafthand.de\/truck\/artikel\/truck-grand-prix-2019-24891\/","title":{"rendered":"ADAC Truck-Grand-Prix 2019"},"content":{"rendered":"<p class=\"text-colored text-bold\"> Nach dem Rennen ist vor dem Rennen. Das gilt auch f\u00fcr den 34. Internationale ADAC Truck-Grand-Prix am N\u00fcrburgring. Vom 19. bis 21. Juli 2019 donnern dann wieder weit \u00fcber 1.200 PS starke Renntrucks mit bis zu 160 km\/h Sto\u00dfstange an Sto\u00dfstange \u00fcber den Asphalt der Traditionsrennkurses. Wer einmal die Faszination von Truckrennen live erlebt hat, f\u00fcr den sind andere Motorsportarten nur noch \u201akalter Kaffee\u2018. <\/p>\n<p>Mehr als 117.500 Truck-Race-begeisterte Menschen waren im vergangenen Sommer nach Veranstalterangeben an den N\u00fcrburgring gepilgert, um bei strahlendem Sonnenschein Dieselru\u00df-geschw\u00e4ngerte Rennluft zu schnuppern. Es ist schon ein besonderes Erlebnis, wenn eine Meute wilder Brummis in den Kurven und auf der Zielgeraden mit dem Messer zwischen den Z\u00e4hnen um jeden Zentimeter k\u00e4mpft. Truck-Racing z\u00e4hlt schon seit Jahren nach der Formel 1 zu den popul\u00e4rsten Motorsportserien Europas. Und der ADACTruck-Grand-Prix auf der traditionsreichen Rennstecke in der Eifel geh\u00f6rt zweifelsohne zu den Publikumsmagneten der deutschen Rennszene. Obwohl das Rennen am N\u00fcrburgring nur ein Lauf um die \u201aFIA European Truck Racing Championship\u2018, also die Truck-Europameisterschaft, im Rahmen einer zehn Veranstaltungen umfassenden Serie ist, ist es f\u00fcr Fahrer, Teams und die Nutzfahrzeug-Industrie das mit Abstand wichtigste Ereignis.<\/p>\n<p>Zur mittlerweile 34. Auflage dieses \u201agewichtigen\u2018 Spektakels erwartet der Veranstalter auch diesmal wieder rekordverd\u00e4chtige Besucherzahlen, wenn vom 19. bis 21. Juli 2019 wieder rund 20 dieser 5,5 Tonnen schweren, mit \u00fcber 1.200 PS \u201abewaffneten\u2018 Boliden in knappen f\u00fcnf Sekunden auf die bei 160 km\/h abgeriegelte H\u00f6chstgeschwindigkeit beschleunigen und mit quietschenden Rennpneus \u201aauf dem Ring\u2018 ihre Kreise ziehen.<\/p>\n<div class=\"gallery-container\"><div class=\"owl-carousel owl-theme\">\r\n        <div>\r\n        \t<img decoding=\"async\" src=\"https:\/\/static.krafthand-truck.de\/uploads\/2019\/07\/Kht0219_38_02.jpg\" alt=\"\" \/>\r\n          <a href=\"https:\/\/static.krafthand-truck.de\/uploads\/2019\/07\/Kht0219_38_02.jpg\" data-featherlight=\"gallery_69f55b65d35cf\" class=\"gallery-expand\" data-title=\"Geschraubt wird bis zuletzt, denn manchmal geht es bei den Zweik\u00e4mpfen auf der Piste hei\u00df her. Bild: Kuss.\"><i class=\"fa fa-expand\" aria-hidden=\"true\"><\/i><\/a>\r\n        \t<div class=\"gallery-caption wp-caption-text\"><p>Geschraubt wird bis zuletzt, denn manchmal geht es bei den Zweik\u00e4mpfen auf der Piste hei\u00df her. Bild: Kuss.<\/p>\n<\/div>\r\n        <\/div>\r\n        <div>\r\n        \t<img decoding=\"async\" src=\"https:\/\/static.krafthand-truck.de\/uploads\/2019\/07\/Kht0219_38_03.jpg\" alt=\"\" \/>\r\n          <a href=\"https:\/\/static.krafthand-truck.de\/uploads\/2019\/07\/Kht0219_38_03.jpg\" data-featherlight=\"gallery_69f55b65d35cf\" class=\"gallery-expand\" data-title=\"Sascha Keller, Produkt- und Rennspezialist von Ferdinand Bilstein, fachsimpelt mit Truck-Race-Pilotin Steffi Halm vom Team Schwabentruck \u00fcber die Standfestigkeit von Bremsscheiben. Der Ennepetaler Ersatzteilespezialist liefert Serien-Bremsscheiben und spezielle Renn-Radmuttern. Bild: Febi\"><i class=\"fa fa-expand\" aria-hidden=\"true\"><\/i><\/a>\r\n        \t<div class=\"gallery-caption wp-caption-text\"><p>Sascha Keller, Produkt- und Rennspezialist von Ferdinand Bilstein, fachsimpelt mit Truck-Race-Pilotin Steffi Halm vom Team Schwabentruck \u00fcber die Standfestigkeit von Bremsscheiben. Der Ennepetaler Ersatzteilespezialist liefert Serien-Bremsscheiben und spezielle Renn-Radmuttern. Bild: Febi<\/p>\n<\/div>\r\n        <\/div>\r\n        <div>\r\n        \t<img decoding=\"async\" src=\"https:\/\/static.krafthand-truck.de\/uploads\/2019\/07\/Kht0219_38_04.jpg\" alt=\"\" \/>\r\n          <a href=\"https:\/\/static.krafthand-truck.de\/uploads\/2019\/07\/Kht0219_38_04.jpg\" data-featherlight=\"gallery_69f55b65d35cf\" class=\"gallery-expand\" data-title=\"Meyle unterst\u00fctzt das Team \u201aSL Trucksport 30\u2018 von Sascha Lenz unter anderem mit Bremsscheiben, Motorlagern und Ausgleichsbeh\u00e4ltern. Bild: Meyle\"><i class=\"fa fa-expand\" aria-hidden=\"true\"><\/i><\/a>\r\n        \t<div class=\"gallery-caption wp-caption-text\"><p>Meyle unterst\u00fctzt das Team \u201aSL Trucksport 30\u2018 von Sascha Lenz unter anderem mit Bremsscheiben, Motorlagern und Ausgleichsbeh\u00e4ltern. Bild: Meyle<\/p>\n<\/div>\r\n        <\/div>\r\n        <div>\r\n        \t<img decoding=\"async\" src=\"https:\/\/static.krafthand-truck.de\/uploads\/2019\/07\/Kht0219_38_05.jpg\" alt=\"\" \/>\r\n          <a href=\"https:\/\/static.krafthand-truck.de\/uploads\/2019\/07\/Kht0219_38_05.jpg\" data-featherlight=\"gallery_69f55b65d35cf\" class=\"gallery-expand\" data-title=\"Seit \u00fcber 15 Jahren schon \u201arollen\u2018 die Race-Trucks auf speziell f\u00fcr den Lkw-Rennsport entwickelten Rennreifen von Goodyear. Aktuell wurde der Vertrag um weitere drei Jahre verl\u00e4ngert. Bild: Kuss\"><i class=\"fa fa-expand\" aria-hidden=\"true\"><\/i><\/a>\r\n        \t<div class=\"gallery-caption wp-caption-text\"><p>Seit \u00fcber 15 Jahren schon \u201arollen\u2018 die Race-Trucks auf speziell f\u00fcr den Lkw-Rennsport entwickelten Rennreifen von Goodyear. Aktuell wurde der Vertrag um weitere drei Jahre verl\u00e4ngert. Bild: Kuss<\/p>\n<\/div>\r\n        <\/div><\/div><\/div>\r\n\t<script>\r\n\t\tjQuery(document).ready(function($){\r\n      setTimeout(function(){\r\n  \t\t\t$(\".owl-carousel\").owlCarousel({\r\n  \t\t\t\tloop:true,\r\n    \t\t\tmargin:10,\r\n    \t\t\tresponsiveClass:true,\r\n    \t\t\titems:1,\r\n    \t\t\tautoHeight: true,\r\n          nav: true,\r\n          URLhashListener: true,\r\n          startPosition: \"URLHash\",\r\n          navText: [\r\n            \"<i class='fa fa-chevron-left'><\/i>\",\r\n            \"<i class='fa fa-chevron-right'><\/i>\"\r\n          ],\r\n  \t\t\t});\r\n      }, 2000);\r\n\t\t});\r\n\t<\/script>\r\n\t\n<h2>Rasende Werbetr\u00e4ger<\/h2>\n<p>Truck-Rennen sind \u00e4u\u00dferst werbewirksam. Kein Wunder, dass die Fahrerh\u00e4user und Seitenflanken der Renn-Boliden als Werbefl\u00e4chen begehrt sind. Insbesondere Zulieferer und Ersatzteilehersteller sind zahlreich vertreten. Au\u00dferdem nutzen viele der Ersatzteilspezialisten nach eigenem Bekunden den Truckrennsport, um die Performance und die Standfestigkeit ihrer Produkte unter den h\u00e4rtesten Bedingungen zu testen \u2013 was sich anschlie\u00dfend \u00e4u\u00dferst werbewirksam vermarkten l\u00e4sst. Denn viele Komponenten eines Renntrucks kommen \u2013 dem Reglement entsprechend \u2013 aus der Serienfertigung, frei nach dem Motto \u201aAus der Serie direkt auf die Rennpiste\u2018.<\/p>\n<p>Doch es scheint mittlerweile auch anders herum zu gehen, sprich: Erkenntnisse aus dem Renneinsatz flie\u00dfen in die Teileentwicklung und Serienfertigung ein, quasi unter dem Motto \u201aVon der Rennpiste direkt in die Serie\u2018. So zumindest berichtet der Hamburger Teilespezialist Meyle. Demnach soll die Reibbelagmischung der neuen \u201aMeyle PD\u2018-Bremsbel\u00e4ge aufgrund der technischen Kooperation mit dem damals gesponserten Rennteam entstanden sein. Auch in dieser Saison unterst\u00fctzen die Hamburger wieder einen Rennstall: das Team \u201aSL Trucksport 30\u2018 von Sascha Lenz. Es bekommt unter anderem Bremsscheiben, Motorlager und Ausgleichsbeh\u00e4lter.<\/p>\n<p>Auch der M\u00fcnchner Zulieferer Knorr-Bremse nutzt nach eigenem Bekunden die aus den Rennen gewonnenen Erkenntnisse f\u00fcr die Serienentwicklung seiner Bremssysteme. \u201eInsbesondere die enorme Hitzebelastung ist interessant f\u00fcr uns, denn diese bei Rennen extremen Belastungen lassen R\u00fcckschl\u00fcsse auf Festigkeit und Temperaturbest\u00e4ndigkeit von Bremse, Bel\u00e4gen und Scheiben zu. Diese Extremsituationen k\u00f6nnen auf dem Pr\u00fcfstand nur sehr aufwendig oder gar nicht nachvollzogen werden\u201c, so ein Unternehmenssprecher. Vor allem die erste Schikane nach der Start- und Zielgeraden sei eine gro\u00dfe Herausforderung, da hier die Fahrer von 160 km\/h auf knapp 50 km\/h herunterbremsen m\u00fcsse. Knorr-Bremse liefert f\u00fcr die Renntrucks unter anderem Luftpresser, Lufttrockner, Vierkreisschutzventile sowie weitere Regelventile und die Radbremse.<\/p>\n<div class=\"gallery-container\"><div class=\"owl-carousel owl-theme\">\r\n        <div>\r\n        \t<img decoding=\"async\" src=\"https:\/\/static.krafthand-truck.de\/uploads\/2019\/07\/Kht0219_38_06.jpg\" alt=\"\" \/>\r\n          <a href=\"https:\/\/static.krafthand-truck.de\/uploads\/2019\/07\/Kht0219_38_06.jpg\" data-featherlight=\"gallery_69f55b65d3c90\" class=\"gallery-expand\" data-title=\"Basis der Rennmotoren der Teams Hahn, Reinert und Schwabentruck ist der serienm\u00e4\u00dfige \u201aCursor 13\u2018 von Iveco. Im Renntrimm bringt es die 13-Liter-Maschine mit gr\u00f6\u00dferem Turbolader und angepasstem Einspritzsystem allerdings auf \u00fcber 1.300 Pferdest\u00e4rken. Bild: Iveco\"><i class=\"fa fa-expand\" aria-hidden=\"true\"><\/i><\/a>\r\n        \t<div class=\"gallery-caption wp-caption-text\"><p>Basis der Rennmotoren der Teams Hahn, Reinert und Schwabentruck ist der serienm\u00e4\u00dfige \u201aCursor 13\u2018 von Iveco. Im Renntrimm bringt es die 13-Liter-Maschine mit gr\u00f6\u00dferem Turbolader und angepasstem Einspritzsystem allerdings auf \u00fcber 1.300 Pferdest\u00e4rken. Bild: Iveco<\/p>\n<\/div>\r\n        <\/div>\r\n        <div>\r\n        \t<img decoding=\"async\" src=\"https:\/\/static.krafthand-truck.de\/uploads\/2019\/07\/Kht0219_38_07.jpg\" alt=\"\" \/>\r\n          <a href=\"https:\/\/static.krafthand-truck.de\/uploads\/2019\/07\/Kht0219_38_07.jpg\" data-featherlight=\"gallery_69f55b65d3c90\" class=\"gallery-expand\" data-title=\"Den Mega-Rummel beim Truck-Grand-Prix am N\u00fcrburgring nutzen viele Unternehmen aus der Nutzfahrzeug-Branche um \u201aKundenpflege\u2018 zu betreiben. Ersatzteilegro\u00dfh\u00e4ndler Europart beispielsweise l\u00e4dt gute Kunden und verdiente Mitarbeiter ins Rennzelt direkt neben der Piste zur \u201aBestzeit\u2018-Hausmesse. Bild: Kuss\"><i class=\"fa fa-expand\" aria-hidden=\"true\"><\/i><\/a>\r\n        \t<div class=\"gallery-caption wp-caption-text\"><p>Den Mega-Rummel beim Truck-Grand-Prix am N\u00fcrburgring nutzen viele Unternehmen aus der Nutzfahrzeug-Branche um \u201aKundenpflege\u2018 zu betreiben. Ersatzteilegro\u00dfh\u00e4ndler Europart beispielsweise l\u00e4dt gute Kunden und verdiente Mitarbeiter ins Rennzelt direkt neben der Piste zur \u201aBestzeit\u2018-Hausmesse. Bild: Kuss<\/p>\n<\/div>\r\n        <\/div>\r\n        <div>\r\n        \t<img decoding=\"async\" src=\"https:\/\/static.krafthand-truck.de\/uploads\/2019\/07\/Kht0219_38_08.jpg\" alt=\"\" \/>\r\n          <a href=\"https:\/\/static.krafthand-truck.de\/uploads\/2019\/07\/Kht0219_38_08.jpg\" data-featherlight=\"gallery_69f55b65d3c90\" class=\"gallery-expand\" data-title=\"Beim Team \u201aHahn Racing\u2018 von Jochen Hahn geh\u00f6rt Knorr-Bremse schon seit langen Jahren zu den Hauptsponsoren. Neben der Radbremse stellt der Zulieferer unter anderem auch Luftpresser, Lufttrockner, Vierkreisschutzventile sowie weitere Regelventile zur Verf\u00fcgung. Bild: Knorr-Bremse\"><i class=\"fa fa-expand\" aria-hidden=\"true\"><\/i><\/a>\r\n        \t<div class=\"gallery-caption wp-caption-text\"><p>Beim Team \u201aHahn Racing\u2018 von Jochen Hahn geh\u00f6rt Knorr-Bremse schon seit langen Jahren zu den Hauptsponsoren. Neben der Radbremse stellt der Zulieferer unter anderem auch Luftpresser, Lufttrockner, Vierkreisschutzventile sowie weitere Regelventile zur Verf\u00fcgung. Bild: Knorr-Bremse<\/p>\n<\/div>\r\n        <\/div>\r\n        <div>\r\n        \t<img decoding=\"async\" src=\"https:\/\/static.krafthand-truck.de\/uploads\/2019\/07\/Kht0219_38_09.jpg\" alt=\"\" \/>\r\n          <a href=\"https:\/\/static.krafthand-truck.de\/uploads\/2019\/07\/Kht0219_38_09.jpg\" data-featherlight=\"gallery_69f55b65d3c90\" class=\"gallery-expand\" data-title=\"Im Renneinsatz m\u00fcssen die seriennahen Bremsscheiben und -bel\u00e4ge extreme Belastungen und Temperaturen von bis zu 600 Grad Celsius aushalten. Bild: Kuss\"><i class=\"fa fa-expand\" aria-hidden=\"true\"><\/i><\/a>\r\n        \t<div class=\"gallery-caption wp-caption-text\"><p>Im Renneinsatz m\u00fcssen die seriennahen Bremsscheiben und -bel\u00e4ge extreme Belastungen und Temperaturen von bis zu 600 Grad Celsius aushalten. Bild: Kuss<\/p>\n<\/div>\r\n        <\/div><\/div><\/div>\r\n\t<script>\r\n\t\tjQuery(document).ready(function($){\r\n      setTimeout(function(){\r\n  \t\t\t$(\".owl-carousel\").owlCarousel({\r\n  \t\t\t\tloop:true,\r\n    \t\t\tmargin:10,\r\n    \t\t\tresponsiveClass:true,\r\n    \t\t\titems:1,\r\n    \t\t\tautoHeight: true,\r\n          nav: true,\r\n          URLhashListener: true,\r\n          startPosition: \"URLHash\",\r\n          navText: [\r\n            \"<i class='fa fa-chevron-left'><\/i>\",\r\n            \"<i class='fa fa-chevron-right'><\/i>\"\r\n          ],\r\n  \t\t\t});\r\n      }, 2000);\r\n\t\t});\r\n\t<\/script>\r\n\t\n<p>Unter dem Motto \u201aLeidenschaft verbindet\u2018 engagiert sich auch der Hagener Nutzfahrzeugteile-Gro\u00dfh\u00e4ndler Europart im europ\u00e4ischen Trucksport \u2013 bereits zum sechsten Mal in Folge. Das Handelsunternehmen unterst\u00fctzt das Team \u201aReinert Racing\u2018 mit Ersatzteilen, Werkstattbedarf und Zubeh\u00f6r. Im Rahmen einer Mitarbeiterveranstaltung unterzeichneten Europart-Chef Olaf Giesen und Team-Eigner Ren\u00e9 Reinert einen entsprechenden Sponsorenvertrag f\u00fcr die Saison 2019. Neben dem Truck-Racing r\u00fcckt bei den Hagenern diesmal auch Truck-Trial in den Fokus. So erh\u00e4lt das \u201aBFS Trucksport Team\u2018 der amtierenden Europameister Marc Stegmaier und Jan Plieninger ein exklusives Materialsponsoring mit Bauteilen und Produkten der Eigenmarke \u201aEuropart Premium Parts\u2018.<\/p>\n<p>Auch der Ennepetaler Ersatzteilspezialist Ferdinand Bilstein bleibt dem Truck-Race-Sponsoring treu und unterst\u00fctzt erneut das Team \u201aSchwabentruck\u2018 von Steffi Halm mit Komponenten seiner Marke \u201aFebi\u2018. So bremsen die Boliden von \u201aSchwabentruck\u2018 mit handels\u00fcblichen Bremsscheiben aus dem \u201aFebi\u2018-Sortiment. Zudem liefert das Unternehmen, das sich seit 2016 als Sponsor im Truck-Rennsport bet\u00e4tigt, spezielle, fu\u0308r den Rennsport entwickelte Radmuttern.<\/p>\n<h2>Schwarze Ringe \u201aam Ring\u2018<\/h2>\n<p>Beim FAI Truck-Race rollen alle Boliden dem Reglement folgend auf den gleichen Rennreifen. Die werden schon seit \u00fcber 15 Jahren von Goodyear produziert. Herstellerangaben zufolge besitzen die Renu-Pneus der Dimension 315\/70 R 22.5 eine \u00e4hnliche Karkasse wie die Serienreifen, allerdings wurde diese so optimiert, dass das Risiko einer U\u0308berhitzung sinkt. Gleichzeitig haben die Reifen mehr Seitenstabilita\u0308t. Sie verfu\u0308gen zudem u\u0308ber eine speziell gestaltete Lauffla\u0308che, die optimale Haftungseigenschaften sowohl auf trockener als auch auf nasser Strecke bieten soll. Zusammen mit dem charakteristischen asymmetrischen Schulterdesign und umlaufenden Rillen soll die Lauffla\u0308chenmischung eine durchga\u0308ngige Performance gew\u00e4hrleisten. Dar\u00fcber hinaus besitzen alle Reifen einen RFID-Chip und sind damit wiedererkennbar. So kann die FIA-Rennleitung jeden Reifen u\u0308berwachen und sicherstellen, dass sich alle Teams an die Regeln hinsichtlich Anzahl und Einsatz der Renn-Pneus halten.<\/p>\n<p><i>Den Beitrag finden Sie auch in der Print-Ausgabe 2\/19 der <a href=\"https:\/\/www.krafthand.de\/truck\/magazin\/\" title=\"Zum Magazin\">Krafthand-Truck<\/a>.<\/i><\/p>\r\n\t\t\t\t<div class=\"post-author\">\r\n\t\t\t\t\t<div class=\"khm-cp-author clearfix\">\r\n\t\t\t\t\t\t<div class=\"khm-cp-author__content\">\r\n\t\t\t\t\t\t\t\tKontakt zum Autor:<br \/>\r\n\t\t\t\t\t\t\t\t<strong>Klaus Kuss<\/strong>, 08247 \/ 3007-177 |  <a href=\"mailto:klaus.kuss@krafthand-medien.de\">klaus.kuss@krafthand-medien.de<\/a>\r\n\t\t\t\t\t\t\t<div class=\"khm-cp-author__image\">\r\n\t\t\t\t\t\t<img src=\"https:\/\/static.krafthand-truck.de\/uploads\/2018\/01\/Kuss_Klaus-250x300.png\" class=\"img-responsive\">\r\n\t\t\t\t\t<\/div>\r\n\t\t\t\t\t\t<\/div>\r\n\t\t\t\t\t<\/div>\r\n\t\t\t\t<\/div>\r\n\t\t\t\t","protected":false},"excerpt":{"rendered":"<p>Renntrucks donnern mit bis zu 160 km\/h \u00fcber die Piste. Und das, obwohl viele der in den Boliden verbauten Komponenten aus den Regalen des freundlichen Teileh\u00e4ndlers um die Ecke stammen k\u00f6nnten. <span class=\"excerpt-more__dots\">&#8230;<\/span> <a class=\"excerpt-more__link\" href=\"https:\/\/www.krafthand.de\/truck\/artikel\/truck-grand-prix-2019-24891\/\" >weiter<\/a><\/p>\n","protected":false},"author":7,"featured_media":24893,"comment_status":"closed","ping_status":"closed","sticky":false,"template":"","format":"standard","meta":{"footnotes":""},"categories":[5],"tags":[1587,146,149,3900,145,1586],"settings":[3524,3523],"class_list":["post-24891","post","type-post","status-publish","format-standard","has-post-thumbnail","hentry","category-branche","tag-adac-truck-grand-prix","tag-nuerburgring","tag-rennsport","tag-renntruck","tag-truck-grand-prix","tag-truck-rennsport"],"yoast_head":"<!-- This site is optimized with the Yoast SEO plugin v27.3 - https:\/\/yoast.com\/product\/yoast-seo-wordpress\/ -->\n<title>ADAC Truck-Grand-Prix 2019 - Krafthand-Truck<\/title>\n<meta name=\"description\" content=\"Renntrucks donnern mit bis zu 160 km\/h \u00fcber die Piste. Und das, obwohl viele Komponenten aus den Regalen des Teileh\u00e4ndlers um die Ecke stammen k\u00f6nnten.\" \/>\n<meta name=\"robots\" content=\"index, follow, max-snippet:-1, max-image-preview:large, max-video-preview:-1\" \/>\n<link rel=\"canonical\" href=\"https:\/\/www.krafthand.de\/truck\/artikel\/truck-grand-prix-2019-24891\/\" \/>\n<meta property=\"og:locale\" content=\"de_DE\" \/>\n<meta property=\"og:type\" content=\"article\" \/>\n<meta property=\"og:title\" content=\"ADAC Truck-Grand-Prix 2019 - Krafthand-Truck\" \/>\n<meta property=\"og:description\" content=\"Renntrucks donnern mit bis zu 160 km\/h \u00fcber die Piste. Und das, obwohl viele Komponenten aus den Regalen des Teileh\u00e4ndlers um die Ecke stammen k\u00f6nnten.\" \/>\n<meta property=\"og:url\" content=\"https:\/\/www.krafthand-truck.de\/artikel\/truck-grand-prix-2019-24891\/\" \/>\n<meta property=\"og:site_name\" content=\"Krafthand-Truck\" \/>\n<meta property=\"article:published_time\" content=\"2019-07-04T05:00:49+00:00\" \/>\n<meta property=\"article:modified_time\" content=\"2019-07-04T05:25:56+00:00\" \/>\n<meta property=\"og:image\" content=\"https:\/\/www.krafthand.de\/truck\/wp-content\/uploads\/2019\/07\/Kht0219_38_01.jpg\" \/>\n\t<meta property=\"og:image:width\" content=\"1000\" \/>\n\t<meta property=\"og:image:height\" content=\"667\" \/>\n\t<meta property=\"og:image:type\" content=\"image\/jpeg\" \/>\n<meta name=\"author\" content=\"julian.schmid@krafthand.de\" \/>\n<meta name=\"twitter:card\" content=\"summary_large_image\" \/>\n<meta name=\"twitter:label1\" content=\"Verfasst von\" \/>\n\t<meta name=\"twitter:data1\" content=\"julian.schmid@krafthand.de\" \/>\n\t<meta name=\"twitter:label2\" content=\"Gesch\u00e4tzte Lesezeit\" \/>\n\t<meta name=\"twitter:data2\" content=\"4\u00a0Minuten\" \/>\n<script type=\"application\/ld+json\" class=\"yoast-schema-graph\">{\"@context\":\"https:\\\/\\\/schema.org\",\"@graph\":[{\"@type\":\"Article\",\"@id\":\"https:\\\/\\\/www.krafthand.de\\\/truck\\\/artikel\\\/truck-grand-prix-2019-24891\\\/#article\",\"isPartOf\":{\"@id\":\"https:\\\/\\\/www.krafthand.de\\\/truck\\\/artikel\\\/truck-grand-prix-2019-24891\\\/\"},\"author\":{\"name\":\"julian.schmid@krafthand.de\",\"@id\":\"https:\\\/\\\/www.krafthand.de\\\/truck\\\/#\\\/schema\\\/person\\\/23aebc1e5e3f0204da7158bce36950bb\"},\"headline\":\"ADAC Truck-Grand-Prix 2019\",\"datePublished\":\"2019-07-04T05:00:49+00:00\",\"dateModified\":\"2019-07-04T05:25:56+00:00\",\"mainEntityOfPage\":{\"@id\":\"https:\\\/\\\/www.krafthand.de\\\/truck\\\/artikel\\\/truck-grand-prix-2019-24891\\\/\"},\"wordCount\":847,\"image\":{\"@id\":\"https:\\\/\\\/www.krafthand.de\\\/truck\\\/artikel\\\/truck-grand-prix-2019-24891\\\/#primaryimage\"},\"thumbnailUrl\":\"https:\\\/\\\/static.krafthand-truck.de\\\/uploads\\\/2019\\\/07\\\/Kht0219_38_01.jpg\",\"keywords\":[\"ADAC-Truck-Grand-Prix\",\"N\u00fcrburgring\",\"Rennsport\",\"Renntruck\",\"Truck-Grand-Prix\",\"Truck-Rennsport\"],\"articleSection\":[\"Nfz-Branche\"],\"inLanguage\":\"de\"},{\"@type\":\"WebPage\",\"@id\":\"https:\\\/\\\/www.krafthand.de\\\/truck\\\/artikel\\\/truck-grand-prix-2019-24891\\\/\",\"url\":\"https:\\\/\\\/www.krafthand.de\\\/truck\\\/artikel\\\/truck-grand-prix-2019-24891\\\/\",\"name\":\"ADAC Truck-Grand-Prix 2019 - Krafthand-Truck\",\"isPartOf\":{\"@id\":\"https:\\\/\\\/www.krafthand.de\\\/truck\\\/#website\"},\"primaryImageOfPage\":{\"@id\":\"https:\\\/\\\/www.krafthand.de\\\/truck\\\/artikel\\\/truck-grand-prix-2019-24891\\\/#primaryimage\"},\"image\":{\"@id\":\"https:\\\/\\\/www.krafthand.de\\\/truck\\\/artikel\\\/truck-grand-prix-2019-24891\\\/#primaryimage\"},\"thumbnailUrl\":\"https:\\\/\\\/static.krafthand-truck.de\\\/uploads\\\/2019\\\/07\\\/Kht0219_38_01.jpg\",\"datePublished\":\"2019-07-04T05:00:49+00:00\",\"dateModified\":\"2019-07-04T05:25:56+00:00\",\"author\":{\"@id\":\"https:\\\/\\\/www.krafthand.de\\\/truck\\\/#\\\/schema\\\/person\\\/23aebc1e5e3f0204da7158bce36950bb\"},\"description\":\"Renntrucks donnern mit bis zu 160 km\\\/h \u00fcber die Piste. Und das, obwohl viele Komponenten aus den Regalen des Teileh\u00e4ndlers um die Ecke stammen k\u00f6nnten.\",\"breadcrumb\":{\"@id\":\"https:\\\/\\\/www.krafthand.de\\\/truck\\\/artikel\\\/truck-grand-prix-2019-24891\\\/#breadcrumb\"},\"inLanguage\":\"de\",\"potentialAction\":[{\"@type\":\"ReadAction\",\"target\":[\"https:\\\/\\\/www.krafthand.de\\\/truck\\\/artikel\\\/truck-grand-prix-2019-24891\\\/\"]}]},{\"@type\":\"ImageObject\",\"inLanguage\":\"de\",\"@id\":\"https:\\\/\\\/www.krafthand.de\\\/truck\\\/artikel\\\/truck-grand-prix-2019-24891\\\/#primaryimage\",\"url\":\"https:\\\/\\\/static.krafthand-truck.de\\\/uploads\\\/2019\\\/07\\\/Kht0219_38_01.jpg\",\"contentUrl\":\"https:\\\/\\\/static.krafthand-truck.de\\\/uploads\\\/2019\\\/07\\\/Kht0219_38_01.jpg\",\"width\":1000,\"height\":667,\"caption\":\"Racing-Trucks beim ADAC-Truck-Grand-Prix\"},{\"@type\":\"BreadcrumbList\",\"@id\":\"https:\\\/\\\/www.krafthand.de\\\/truck\\\/artikel\\\/truck-grand-prix-2019-24891\\\/#breadcrumb\",\"itemListElement\":[{\"@type\":\"ListItem\",\"position\":1,\"name\":\"Krafthand-Truck\",\"item\":\"https:\\\/\\\/www.krafthand.de\\\/truck\\\/\"},{\"@type\":\"ListItem\",\"position\":2,\"name\":\"Nfz-Branche\",\"item\":\"https:\\\/\\\/www.krafthand.de\\\/truck\\\/kategorie\\\/branche\\\/\"},{\"@type\":\"ListItem\",\"position\":3,\"name\":\"ADAC Truck-Grand-Prix 2019\"}]},{\"@type\":\"WebSite\",\"@id\":\"https:\\\/\\\/www.krafthand.de\\\/truck\\\/#website\",\"url\":\"https:\\\/\\\/www.krafthand.de\\\/truck\\\/\",\"name\":\"Krafthand-Truck\",\"description\":\"\",\"potentialAction\":[{\"@type\":\"SearchAction\",\"target\":{\"@type\":\"EntryPoint\",\"urlTemplate\":\"https:\\\/\\\/www.krafthand.de\\\/truck\\\/?s={search_term_string}\"},\"query-input\":{\"@type\":\"PropertyValueSpecification\",\"valueRequired\":true,\"valueName\":\"search_term_string\"}}],\"inLanguage\":\"de\"},{\"@type\":\"Person\",\"@id\":\"https:\\\/\\\/www.krafthand.de\\\/truck\\\/#\\\/schema\\\/person\\\/23aebc1e5e3f0204da7158bce36950bb\",\"name\":\"julian.schmid@krafthand.de\",\"image\":{\"@type\":\"ImageObject\",\"inLanguage\":\"de\",\"@id\":\"https:\\\/\\\/secure.gravatar.com\\\/avatar\\\/ef76c2910cab8eb23fcc013e1c6dc1ba4af5e93fea6e6132d7c4e67d4e9631e9?s=96&d=mm&r=g\",\"url\":\"https:\\\/\\\/secure.gravatar.com\\\/avatar\\\/ef76c2910cab8eb23fcc013e1c6dc1ba4af5e93fea6e6132d7c4e67d4e9631e9?s=96&d=mm&r=g\",\"contentUrl\":\"https:\\\/\\\/secure.gravatar.com\\\/avatar\\\/ef76c2910cab8eb23fcc013e1c6dc1ba4af5e93fea6e6132d7c4e67d4e9631e9?s=96&d=mm&r=g\",\"caption\":\"julian.schmid@krafthand.de\"}}]}<\/script>\n<!-- \/ Yoast SEO plugin. -->","yoast_head_json":{"title":"ADAC Truck-Grand-Prix 2019 - Krafthand-Truck","description":"Renntrucks donnern mit bis zu 160 km\/h \u00fcber die Piste. Und das, obwohl viele Komponenten aus den Regalen des Teileh\u00e4ndlers um die Ecke stammen k\u00f6nnten.","robots":{"index":"index","follow":"follow","max-snippet":"max-snippet:-1","max-image-preview":"max-image-preview:large","max-video-preview":"max-video-preview:-1"},"canonical":"https:\/\/www.krafthand.de\/truck\/artikel\/truck-grand-prix-2019-24891\/","og_locale":"de_DE","og_type":"article","og_title":"ADAC Truck-Grand-Prix 2019 - Krafthand-Truck","og_description":"Renntrucks donnern mit bis zu 160 km\/h \u00fcber die Piste. Und das, obwohl viele Komponenten aus den Regalen des Teileh\u00e4ndlers um die Ecke stammen k\u00f6nnten.","og_url":"https:\/\/www.krafthand-truck.de\/artikel\/truck-grand-prix-2019-24891\/","og_site_name":"Krafthand-Truck","article_published_time":"2019-07-04T05:00:49+00:00","article_modified_time":"2019-07-04T05:25:56+00:00","og_image":[{"width":1000,"height":667,"url":"https:\/\/www.krafthand.de\/truck\/wp-content\/uploads\/2019\/07\/Kht0219_38_01.jpg","type":"image\/jpeg"}],"author":"julian.schmid@krafthand.de","twitter_card":"summary_large_image","twitter_misc":{"Verfasst von":"julian.schmid@krafthand.de","Gesch\u00e4tzte Lesezeit":"4\u00a0Minuten"},"schema":{"@context":"https:\/\/schema.org","@graph":[{"@type":"Article","@id":"https:\/\/www.krafthand.de\/truck\/artikel\/truck-grand-prix-2019-24891\/#article","isPartOf":{"@id":"https:\/\/www.krafthand.de\/truck\/artikel\/truck-grand-prix-2019-24891\/"},"author":{"name":"julian.schmid@krafthand.de","@id":"https:\/\/www.krafthand.de\/truck\/#\/schema\/person\/23aebc1e5e3f0204da7158bce36950bb"},"headline":"ADAC Truck-Grand-Prix 2019","datePublished":"2019-07-04T05:00:49+00:00","dateModified":"2019-07-04T05:25:56+00:00","mainEntityOfPage":{"@id":"https:\/\/www.krafthand.de\/truck\/artikel\/truck-grand-prix-2019-24891\/"},"wordCount":847,"image":{"@id":"https:\/\/www.krafthand.de\/truck\/artikel\/truck-grand-prix-2019-24891\/#primaryimage"},"thumbnailUrl":"https:\/\/static.krafthand-truck.de\/uploads\/2019\/07\/Kht0219_38_01.jpg","keywords":["ADAC-Truck-Grand-Prix","N\u00fcrburgring","Rennsport","Renntruck","Truck-Grand-Prix","Truck-Rennsport"],"articleSection":["Nfz-Branche"],"inLanguage":"de"},{"@type":"WebPage","@id":"https:\/\/www.krafthand.de\/truck\/artikel\/truck-grand-prix-2019-24891\/","url":"https:\/\/www.krafthand.de\/truck\/artikel\/truck-grand-prix-2019-24891\/","name":"ADAC Truck-Grand-Prix 2019 - Krafthand-Truck","isPartOf":{"@id":"https:\/\/www.krafthand.de\/truck\/#website"},"primaryImageOfPage":{"@id":"https:\/\/www.krafthand.de\/truck\/artikel\/truck-grand-prix-2019-24891\/#primaryimage"},"image":{"@id":"https:\/\/www.krafthand.de\/truck\/artikel\/truck-grand-prix-2019-24891\/#primaryimage"},"thumbnailUrl":"https:\/\/static.krafthand-truck.de\/uploads\/2019\/07\/Kht0219_38_01.jpg","datePublished":"2019-07-04T05:00:49+00:00","dateModified":"2019-07-04T05:25:56+00:00","author":{"@id":"https:\/\/www.krafthand.de\/truck\/#\/schema\/person\/23aebc1e5e3f0204da7158bce36950bb"},"description":"Renntrucks donnern mit bis zu 160 km\/h \u00fcber die Piste. Und das, obwohl viele Komponenten aus den Regalen des Teileh\u00e4ndlers um die Ecke stammen k\u00f6nnten.","breadcrumb":{"@id":"https:\/\/www.krafthand.de\/truck\/artikel\/truck-grand-prix-2019-24891\/#breadcrumb"},"inLanguage":"de","potentialAction":[{"@type":"ReadAction","target":["https:\/\/www.krafthand.de\/truck\/artikel\/truck-grand-prix-2019-24891\/"]}]},{"@type":"ImageObject","inLanguage":"de","@id":"https:\/\/www.krafthand.de\/truck\/artikel\/truck-grand-prix-2019-24891\/#primaryimage","url":"https:\/\/static.krafthand-truck.de\/uploads\/2019\/07\/Kht0219_38_01.jpg","contentUrl":"https:\/\/static.krafthand-truck.de\/uploads\/2019\/07\/Kht0219_38_01.jpg","width":1000,"height":667,"caption":"Racing-Trucks beim ADAC-Truck-Grand-Prix"},{"@type":"BreadcrumbList","@id":"https:\/\/www.krafthand.de\/truck\/artikel\/truck-grand-prix-2019-24891\/#breadcrumb","itemListElement":[{"@type":"ListItem","position":1,"name":"Krafthand-Truck","item":"https:\/\/www.krafthand.de\/truck\/"},{"@type":"ListItem","position":2,"name":"Nfz-Branche","item":"https:\/\/www.krafthand.de\/truck\/kategorie\/branche\/"},{"@type":"ListItem","position":3,"name":"ADAC Truck-Grand-Prix 2019"}]},{"@type":"WebSite","@id":"https:\/\/www.krafthand.de\/truck\/#website","url":"https:\/\/www.krafthand.de\/truck\/","name":"Krafthand-Truck","description":"","potentialAction":[{"@type":"SearchAction","target":{"@type":"EntryPoint","urlTemplate":"https:\/\/www.krafthand.de\/truck\/?s={search_term_string}"},"query-input":{"@type":"PropertyValueSpecification","valueRequired":true,"valueName":"search_term_string"}}],"inLanguage":"de"},{"@type":"Person","@id":"https:\/\/www.krafthand.de\/truck\/#\/schema\/person\/23aebc1e5e3f0204da7158bce36950bb","name":"julian.schmid@krafthand.de","image":{"@type":"ImageObject","inLanguage":"de","@id":"https:\/\/secure.gravatar.com\/avatar\/ef76c2910cab8eb23fcc013e1c6dc1ba4af5e93fea6e6132d7c4e67d4e9631e9?s=96&d=mm&r=g","url":"https:\/\/secure.gravatar.com\/avatar\/ef76c2910cab8eb23fcc013e1c6dc1ba4af5e93fea6e6132d7c4e67d4e9631e9?s=96&d=mm&r=g","contentUrl":"https:\/\/secure.gravatar.com\/avatar\/ef76c2910cab8eb23fcc013e1c6dc1ba4af5e93fea6e6132d7c4e67d4e9631e9?s=96&d=mm&r=g","caption":"julian.schmid@krafthand.de"}}]}},"_links":{"self":[{"href":"https:\/\/www.krafthand.de\/truck\/wp-json\/wp\/v2\/posts\/24891","targetHints":{"allow":["GET"]}}],"collection":[{"href":"https:\/\/www.krafthand.de\/truck\/wp-json\/wp\/v2\/posts"}],"about":[{"href":"https:\/\/www.krafthand.de\/truck\/wp-json\/wp\/v2\/types\/post"}],"author":[{"embeddable":true,"href":"https:\/\/www.krafthand.de\/truck\/wp-json\/wp\/v2\/users\/7"}],"replies":[{"embeddable":true,"href":"https:\/\/www.krafthand.de\/truck\/wp-json\/wp\/v2\/comments?post=24891"}],"version-history":[{"count":4,"href":"https:\/\/www.krafthand.de\/truck\/wp-json\/wp\/v2\/posts\/24891\/revisions"}],"predecessor-version":[{"id":24904,"href":"https:\/\/www.krafthand.de\/truck\/wp-json\/wp\/v2\/posts\/24891\/revisions\/24904"}],"wp:featuredmedia":[{"embeddable":true,"href":"https:\/\/www.krafthand.de\/truck\/wp-json\/wp\/v2\/media\/24893"}],"wp:attachment":[{"href":"https:\/\/www.krafthand.de\/truck\/wp-json\/wp\/v2\/media?parent=24891"}],"wp:term":[{"taxonomy":"category","embeddable":true,"href":"https:\/\/www.krafthand.de\/truck\/wp-json\/wp\/v2\/categories?post=24891"},{"taxonomy":"post_tag","embeddable":true,"href":"https:\/\/www.krafthand.de\/truck\/wp-json\/wp\/v2\/tags?post=24891"},{"taxonomy":"settings","embeddable":true,"href":"https:\/\/www.krafthand.de\/truck\/wp-json\/wp\/v2\/settings?post=24891"}],"curies":[{"name":"wp","href":"https:\/\/api.w.org\/{rel}","templated":true}]}}