{"id":24859,"date":"2019-06-26T00:00:00","date_gmt":"2019-06-25T22:00:00","guid":{"rendered":"https:\/\/www.krafthand.de\/truck\/?p=24859"},"modified":"2019-07-08T07:01:23","modified_gmt":"2019-07-08T05:01:23","slug":"die-digitalisierung-in-der-nutzfahrzeug-werkstatt","status":"publish","type":"post","link":"https:\/\/www.krafthand.de\/truck\/artikel\/die-digitalisierung-in-der-nutzfahrzeug-werkstatt-24859\/","title":{"rendered":"Die Digitalisierung in der Nutzfahrzeug-Werkstatt"},"content":{"rendered":"<p class=\"text-colored\"> Digitale Prozesse k\u00f6nnen den Werkstattalltag deutlich vereinfachen und f\u00fcr alle Beteiligten stressfreier gestalten. Deshalb geht der Nutzfahrzeug-Spezialist Europart bei der Ersatzteilversorgung neue, digitale Wege. <\/p>\n<p>Die Digitalisierung in der Nutzfahrzeug-Werkstatt schreitet unaufhaltsam voran \u2013 und hat viele Facetten. Auch Europart, einer der f\u00fchrenden Gro\u00dfh\u00e4ndler f\u00fcr Nutzfahrzeugteile und Werkstattbedarf, springt auf diesen Zug auf und geht in die Zukunft. Nach Unternehmensangaben gilt dies nicht nur f\u00fcr die Online-Bestellung im Web-Shop, sondern auch f\u00fcr so wichtige Bereiche wie Beratung, Teileidentifikation und Rechnungsverwaltung. Aber auch w\u00f6chentlichen Sonderaktionen, die sogenannten \u201aHero-Deals\u2018, kommen nun digital in die Werkstatt.<\/p>\n<h2>Upgrade f\u00fcr das Werkstatt Online System<\/h2>\n<p>Den ersten Schritt in Richtung Digitalisierung hat das im nordrhein-Westf\u00e4lischen Hagen ans\u00e4ssige Unternehmen mit der Umstellung des Bestell- und Organisationssystems \u201aEWOS\u2018 (Europart Werkstatt Online Systems) auf die nunmehr dritte Generation vollzogen. Das Anfang des Jahres eingef\u00fchrte \u201aEWOS 3\u2018 soll die Kunden aktiv \u2013 und vor allem digital \u2013 beim Tagesgesch\u00e4ft unterst\u00fctzen. Dazu wurde es f\u00fcr die Tablet-Anwendung optimiert und hat dar\u00fcber hinaus auch noch neue Funktionen bekommen, etwa ein Vergleichs- und Kalkulationsmodul sowie einen integrierten Barcode-Scanner. \u201eDas \u201aEWOS 3.0\u2018 erleichtert die Teilesuche und die Fahrzeug- und Teileidentifikation sowie den gesamten Bestellprozess bis hin zur digitalen Lieferschein- und Rechnungsverwaltung. Dar\u00fcber hinaus machen technische Dokumentationen und Reparaturhinweise \u201adas System zu einem wichtigen \u201adigitalen Werkzeug\u2018\u201c, erl\u00e4utert Michael Vennemann, Vertriebsleiter Zentraleuropa bei Europart.<\/p>\n<p>Auch der Online-Shop \u201aEWOS 3.0\u2018 ist in die neue Europart-App integriert, was einen unkomplizierten Bestellprozess auch von unterwegs aus oder direkt am Fahrzeug erm\u00f6glichen soll. Dar\u00fcber hinaus soll die App einen direkten Zugriff auf alle verf\u00fcgbaren Produktkataloge im PDF-Format gestatten. \u201eDank digitaler Verkn\u00fcpfung kann der Kunde aus jedem Katalog heraus direkt bestellen\u201c, verspricht Vennemann.<img fetchpriority=\"high\" decoding=\"async\" class=\"alignnone size-full wp-image-24863\" src=\"https:\/\/www.krafthand.de\/truck\/wp-content\/uploads\/2019\/07\/Kht0219_036_02-gross.jpg\" alt=\"Europart Messezelt beim Truck-Grand-Prix am N\u00fcrburgring\" width=\"1000\" height=\"667\" srcset=\"https:\/\/static.krafthand-truck.de\/uploads\/2019\/07\/Kht0219_036_02-gross.jpg 1000w, https:\/\/static.krafthand-truck.de\/uploads\/2019\/07\/Kht0219_036_02-gross-300x200.jpg 300w, https:\/\/static.krafthand-truck.de\/uploads\/2019\/07\/Kht0219_036_02-gross-768x512.jpg 768w\" sizes=\"(max-width: 1000px) 100vw, 1000px\" \/><\/p>\n<h2>Digitale Kommunikation<\/h2>\n<p>Auch den Weg, wie Stammkunden von aktuellen Sonderangeboten erfahren, haben die Hagener digitalisiert: Statt der bislang \u00fcblichen monatlichen Angebotsbrosch\u00fcre in gedruckter Form erhalten die Kunden die \u201aHero-Deals\u2018 genannten Offerten nun jede Woche neu direkt in die App \u2013 oder k\u00f6nnen sie in der Rubrik \u201aHero-Deals\u2018 auf der Unternehmenswebseite abrufen. Nutzfahrzeug-Profis, die sich lieber klassisch informieren, finden die Produktkataloge zu unterschiedlichen Themen wie Ersatzteil\u00fcbersichten f\u00fcr verschiedene Truck- und Trailer-Typen, Werkstattausr\u00fcstungsartikeln und Werkstattbedarf sowie eigene Brosch\u00fcren zu Bremse, Druckluft, Batterie und Klimatechnik.<\/p>\n<h2>Atraktives Eigenmarken-Sortiment<\/h2>\n<p>Eine wichtige Rolle spielt nach eigenem Bekunden das bereits 1995 eingef\u00fchrte Eigenmarken-Sortiment \u201aEuropart Premium Parts\u2018, welches mittlerweile mehr als 7.500 Artikel umfasst. \u201eMit unserem Eigenmarken-Programm bieten wir eine wirtschaftliche Alternative zu vielen Original-Marken-Ersatzteilen. Sowohl bei der Auswahl der Produkte als auch bei den Lieferanten achten wir sehr auf die Qualit\u00e4t \u2013 das schlie\u00dft Material, Konstruktion und Verarbeitung mit ein. Unsere eigenen Qualit\u00e4tspr\u00fcfer werden dabei zus\u00e4tzlich von zertifizierten externen Pr\u00fcforganisationen unterst\u00fctzt\u201c, erl\u00e4utert Sebastian Kamphaus, Director Category Management bei Europart.<\/p>\n<p>Besonders im Fokus steht das Eigenmarken-Sortiment \u2013 neben einer gro\u00dfen Auswahl an Produkten zahlreicher Markenpartner \u2013 \u00fcberdies im Rahmen einer Messeaktion rund um die Pr\u00e4sentation auf dem Truck-Grand-Prix am N\u00fcrburgring (19. bis 21. Juli 2019) unter dem Motto \u201aEuropart Bestzeit\u2018. \u201eUnsere Kunden sollen mit Europart in vielerlei Hinsicht eine gute Zeit haben. Angefangen vom Besuch unseres Ausstellungszelts beim Truck-Grand-Prix, bis hin zu den Sonderangeboten und attraktiven Sonderpr\u00e4mien, von denen unsere Kunden w\u00e4hrend der \u201aEuropart Bestzeit\u2018 profitieren\u201c, erl\u00e4utert Vennemann. F\u00fcr die Aktion, die noch bis 21. Juli l\u00e4uft, wurde eigens ein 248 Seiten starker \u201aBestzeit\u2018-Messekatalog aufgelegt. \u201eUnter den rund 1.500 Artikeln, die teilweise zu stark reduzierten Messepreisen angeboten werden, finden sich auch zahlreiche Neuheiten\u201c, versichert Vennemann.<\/p>\n<div class=\"infobox box-grey\"><img decoding=\"async\" class=\"alignright wp-image-24861 size-medium\" src=\"https:\/\/www.krafthand.de\/truck\/wp-content\/uploads\/2019\/07\/Kht0219_036_KASTEN-300x200.jpg\" alt=\"Michael Vennemann, Vertriebsleiter Zentraleuropa bei Europart in Hagen\" width=\"300\" height=\"200\" srcset=\"https:\/\/static.krafthand-truck.de\/uploads\/2019\/07\/Kht0219_036_KASTEN-300x200.jpg 300w, https:\/\/static.krafthand-truck.de\/uploads\/2019\/07\/Kht0219_036_KASTEN-768x512.jpg 768w, https:\/\/static.krafthand-truck.de\/uploads\/2019\/07\/Kht0219_036_KASTEN.jpg 1000w\" sizes=\"(max-width: 300px) 100vw, 300px\" \/><\/p>\n<p><p class=\"text-question\">In welchen Sparten ist Europart im Bereich Nutzfahrzeuge aktiv?<\/p><p class=\"text-answer\"><\/p>\n<p>Wir haben uns ganz auf den Nutzfahrzeug-Aftermarkt spezialisiert. Das bedeutet nicht nur, dass die Kunden ein umfassendes Lieferprogramm an speziellen Teilen f\u00fcr Trucks, Trailer und Busse, sondern auch an passenden Werkzeugen und anderem Werkstattbedarf erwarten k\u00f6nnen. Das bedeutet auch, dass sowohl in den 33 Niederlassungen in ganz Deutschland wie auch in der Zentrale in Hagen Profis mit langj\u00e4hriger Erfahrung in der Nutzfahrzeugbranche den Kunden mit kompetenter Beratung zur Seite stehen. Diese Kompetenz \u2013 und die Leidenschaft f\u00fcr das Nutzfahrzeug \u2013 sind unsere gro\u00dfe St\u00e4rke.<\/p><\/p>\n<p><p class=\"text-question\"><\/p><p class=\"text-answer\"><\/p>\n<p>Die Wirtschaftlichkeit einer Nutzfahrzeugflotte steht und f\u00e4llt mit der Verf\u00fcgbarkeit der Fahrzeuge. Bei Wartung und Reparatur ist daher eine hohe Qualit\u00e4t der Teile ebenso wichtig wie eine rasche Lieferzeit \u2013 und nicht zu vergessen marktwertgerechte Preise. Um diesen Anspr\u00fcchen gerecht zu werden, fahren wir eine Mehrmarken-Strategie: Einerseits k\u00f6nnen unsere Kunden Qualit\u00e4tsprodukte namhafter Markenpartner beziehen, von denen viele auch Erstausr\u00fcster sind. Andererseits bieten wir mit unserem wachsenden Sortiment der Eigenmarke \u201aEuropart Premium Parts\u2018 insbesondere bei Verschlei\u00dfteilen eine interessante Alternative \u2013 mit vergleichbarer Qualit\u00e4t zu g\u00fcnstigen Preisen.<\/p>\n<p>Eine wichtige Unterst\u00fctzung f\u00fcr die Werkst\u00e4tten ist zudem unsere aktuelle Digital-Offensive: Unsere neue App f\u00fchrt direkt zu unserem Online-Shop \u201aEWOS 3.0\u2018. Dort gibt es jede Woche neue \u201aHero-Deals\u2018-Sonderangebote sowie informative Videos und eine interaktive 3D-Werkstattwelt mit Truck-, Trailer- und Bus-Applikationen. Und mit dem neuen \u201aEWOS 3.0\u2018 haben unsere Kunden alle Funktionen rund um die Ersatzteilbeschaffung im Griff \u2013 von der Identifikation, Suche und Bestellung der Teile bis zur Verwaltung von Lieferscheinen und Rechnungen. <\/p><\/p>\n<p><p class=\"text-question\">Welche Neuheiten k\u00f6nnen Nutzfahrzeug-Profis in absehbarer Zeit von Europart erwarten?<\/p><p class=\"text-answer\"><\/p>\n<p>Wir erweitern unser Sortiment kontinuierlich durch neue Produkte und Teile f\u00fcr zus\u00e4tzliche Fahrzeugtypen. Beispielsweise erg\u00e4nzen aktuell ein laufruhiger Gebl\u00e4semotor sowie biofunktionale Innenraumfilter mit antibakterieller und antiallergener Wirkung unser Eigenmarkenprogramm \u201aEuropart Premium Parts\u2018. Zudem wird im Laufe des Jahres ein neuer, knapp 400 Seiten starker Katalog mit Teilen und Zubeh\u00f6r f\u00fcr Lkw der Marke Mercedes-Benz erscheinen, in dem die Werkst\u00e4tten kompakt und \u00fcbersichtlich alles auf einen Blick finden: von Motor, Antrieb und Federung \u00fcber Achse, Lenkung und Bremse bis hin zu Elektrik, Karosserie und Diagnose. <\/p><\/p>\n<p><\/div>\n<p><i>Den Beitrag finden Sie auch in der Print-Ausgabe 2\/19 der <a href=\"https:\/\/www.krafthand.de\/truck\/magazin\/\" title=\"Zum Magazin\">Krafthand-Truck<\/a>.<\/i><\/p>\r\n\t\t\t\t<div class=\"post-author\">\r\n\t\t\t\t\t<div class=\"khm-cp-author clearfix\">\r\n\t\t\t\t\t\t<div class=\"khm-cp-author__content\">\r\n\t\t\t\t\t\t\t\tKontakt zum Autor:<br \/>\r\n\t\t\t\t\t\t\t\t<strong>Klaus Kuss<\/strong>, 08247 \/ 3007-177 |  <a href=\"mailto:klaus.kuss@krafthand-medien.de\">klaus.kuss@krafthand-medien.de<\/a>\r\n\t\t\t\t\t\t\t<div class=\"khm-cp-author__image\">\r\n\t\t\t\t\t\t<img src=\"https:\/\/static.krafthand-truck.de\/uploads\/2018\/01\/Kuss_Klaus-250x300.png\" class=\"img-responsive\">\r\n\t\t\t\t\t<\/div>\r\n\t\t\t\t\t\t<\/div>\r\n\t\t\t\t\t<\/div>\r\n\t\t\t\t<\/div>\r\n\t\t\t\t","protected":false},"excerpt":{"rendered":"<p>Das Thema \u201aDigitalisierung\u2018 ist in aller Munde und macht auch vor Nutzfahrzeug-Werkst\u00e4tten und deren Teilelieferanten nicht halt. <span class=\"excerpt-more__dots\">&#8230;<\/span> <a class=\"excerpt-more__link\" href=\"https:\/\/www.krafthand.de\/truck\/artikel\/die-digitalisierung-in-der-nutzfahrzeug-werkstatt-24859\/\" >weiter<\/a><\/p>\n","protected":false},"author":7,"featured_media":24864,"comment_status":"closed","ping_status":"closed","sticky":false,"template":"","format":"standard","meta":{"footnotes":""},"categories":[5],"tags":[3700,121,3889,3890],"settings":[3524,3523],"class_list":["post-24859","post","type-post","status-publish","format-standard","has-post-thumbnail","hentry","category-branche","tag-digitalisierung","tag-europart","tag-europart-werkstatt-online-systems","tag-ewos"],"yoast_head":"<!-- This site is optimized with the Yoast SEO plugin v27.3 - https:\/\/yoast.com\/product\/yoast-seo-wordpress\/ -->\n<title>Die Digitalisierung in der Nutzfahrzeug-Werkstatt - Krafthand-Truck<\/title>\n<meta name=\"description\" content=\"Das Thema \u201aDigitalisierung\u2018 ist in aller Munde und macht auch vor Nutzfahrzeug-Werkst\u00e4tten und deren Teilelieferanten nicht halt\" \/>\n<meta name=\"robots\" content=\"index, follow, max-snippet:-1, max-image-preview:large, max-video-preview:-1\" \/>\n<link rel=\"canonical\" href=\"https:\/\/www.krafthand.de\/truck\/artikel\/die-digitalisierung-in-der-nutzfahrzeug-werkstatt-24859\/\" \/>\n<meta property=\"og:locale\" content=\"de_DE\" \/>\n<meta property=\"og:type\" content=\"article\" \/>\n<meta property=\"og:title\" content=\"Die Digitalisierung in der Nutzfahrzeug-Werkstatt - Krafthand-Truck\" \/>\n<meta property=\"og:description\" content=\"Das Thema \u201aDigitalisierung\u2018 ist in aller Munde und macht auch vor Nutzfahrzeug-Werkst\u00e4tten und deren Teilelieferanten nicht halt\" \/>\n<meta property=\"og:url\" content=\"https:\/\/www.krafthand-truck.de\/artikel\/die-digitalisierung-in-der-nutzfahrzeug-werkstatt-24859\/\" \/>\n<meta property=\"og:site_name\" content=\"Krafthand-Truck\" \/>\n<meta property=\"article:published_time\" content=\"2019-06-25T22:00:00+00:00\" \/>\n<meta property=\"article:modified_time\" content=\"2019-07-08T05:01:23+00:00\" \/>\n<meta property=\"og:image\" content=\"https:\/\/www.krafthand.de\/truck\/wp-content\/uploads\/2019\/07\/Kht0219_036_01.jpg\" \/>\n\t<meta property=\"og:image:width\" content=\"1000\" \/>\n\t<meta property=\"og:image:height\" content=\"667\" \/>\n\t<meta property=\"og:image:type\" content=\"image\/jpeg\" \/>\n<meta name=\"author\" content=\"julian.schmid@krafthand.de\" \/>\n<meta name=\"twitter:card\" content=\"summary_large_image\" \/>\n<meta name=\"twitter:label1\" content=\"Verfasst von\" \/>\n\t<meta name=\"twitter:data1\" content=\"julian.schmid@krafthand.de\" \/>\n\t<meta name=\"twitter:label2\" content=\"Gesch\u00e4tzte Lesezeit\" \/>\n\t<meta name=\"twitter:data2\" content=\"5\u00a0Minuten\" \/>\n<script type=\"application\/ld+json\" class=\"yoast-schema-graph\">{\"@context\":\"https:\\\/\\\/schema.org\",\"@graph\":[{\"@type\":\"Article\",\"@id\":\"https:\\\/\\\/www.krafthand.de\\\/truck\\\/artikel\\\/die-digitalisierung-in-der-nutzfahrzeug-werkstatt-24859\\\/#article\",\"isPartOf\":{\"@id\":\"https:\\\/\\\/www.krafthand.de\\\/truck\\\/artikel\\\/die-digitalisierung-in-der-nutzfahrzeug-werkstatt-24859\\\/\"},\"author\":{\"name\":\"julian.schmid@krafthand.de\",\"@id\":\"https:\\\/\\\/www.krafthand.de\\\/truck\\\/#\\\/schema\\\/person\\\/23aebc1e5e3f0204da7158bce36950bb\"},\"headline\":\"Die Digitalisierung in der Nutzfahrzeug-Werkstatt\",\"datePublished\":\"2019-06-25T22:00:00+00:00\",\"dateModified\":\"2019-07-08T05:01:23+00:00\",\"mainEntityOfPage\":{\"@id\":\"https:\\\/\\\/www.krafthand.de\\\/truck\\\/artikel\\\/die-digitalisierung-in-der-nutzfahrzeug-werkstatt-24859\\\/\"},\"wordCount\":980,\"image\":{\"@id\":\"https:\\\/\\\/www.krafthand.de\\\/truck\\\/artikel\\\/die-digitalisierung-in-der-nutzfahrzeug-werkstatt-24859\\\/#primaryimage\"},\"thumbnailUrl\":\"https:\\\/\\\/static.krafthand-truck.de\\\/uploads\\\/2019\\\/07\\\/Kht0219_036_01.jpg\",\"keywords\":[\"Digitalisierung\",\"Europart\",\"Europart Werkstatt Online Systems\",\"EWOS\"],\"articleSection\":[\"Nfz-Branche\"],\"inLanguage\":\"de\"},{\"@type\":\"WebPage\",\"@id\":\"https:\\\/\\\/www.krafthand.de\\\/truck\\\/artikel\\\/die-digitalisierung-in-der-nutzfahrzeug-werkstatt-24859\\\/\",\"url\":\"https:\\\/\\\/www.krafthand.de\\\/truck\\\/artikel\\\/die-digitalisierung-in-der-nutzfahrzeug-werkstatt-24859\\\/\",\"name\":\"Die Digitalisierung in der Nutzfahrzeug-Werkstatt - Krafthand-Truck\",\"isPartOf\":{\"@id\":\"https:\\\/\\\/www.krafthand.de\\\/truck\\\/#website\"},\"primaryImageOfPage\":{\"@id\":\"https:\\\/\\\/www.krafthand.de\\\/truck\\\/artikel\\\/die-digitalisierung-in-der-nutzfahrzeug-werkstatt-24859\\\/#primaryimage\"},\"image\":{\"@id\":\"https:\\\/\\\/www.krafthand.de\\\/truck\\\/artikel\\\/die-digitalisierung-in-der-nutzfahrzeug-werkstatt-24859\\\/#primaryimage\"},\"thumbnailUrl\":\"https:\\\/\\\/static.krafthand-truck.de\\\/uploads\\\/2019\\\/07\\\/Kht0219_036_01.jpg\",\"datePublished\":\"2019-06-25T22:00:00+00:00\",\"dateModified\":\"2019-07-08T05:01:23+00:00\",\"author\":{\"@id\":\"https:\\\/\\\/www.krafthand.de\\\/truck\\\/#\\\/schema\\\/person\\\/23aebc1e5e3f0204da7158bce36950bb\"},\"description\":\"Das Thema \u201aDigitalisierung\u2018 ist in aller Munde und macht auch vor Nutzfahrzeug-Werkst\u00e4tten und deren Teilelieferanten nicht halt\",\"breadcrumb\":{\"@id\":\"https:\\\/\\\/www.krafthand.de\\\/truck\\\/artikel\\\/die-digitalisierung-in-der-nutzfahrzeug-werkstatt-24859\\\/#breadcrumb\"},\"inLanguage\":\"de\",\"potentialAction\":[{\"@type\":\"ReadAction\",\"target\":[\"https:\\\/\\\/www.krafthand.de\\\/truck\\\/artikel\\\/die-digitalisierung-in-der-nutzfahrzeug-werkstatt-24859\\\/\"]}]},{\"@type\":\"ImageObject\",\"inLanguage\":\"de\",\"@id\":\"https:\\\/\\\/www.krafthand.de\\\/truck\\\/artikel\\\/die-digitalisierung-in-der-nutzfahrzeug-werkstatt-24859\\\/#primaryimage\",\"url\":\"https:\\\/\\\/static.krafthand-truck.de\\\/uploads\\\/2019\\\/07\\\/Kht0219_036_01.jpg\",\"contentUrl\":\"https:\\\/\\\/static.krafthand-truck.de\\\/uploads\\\/2019\\\/07\\\/Kht0219_036_01.jpg\",\"width\":1000,\"height\":667,\"caption\":\"Europart Premium Parts\"},{\"@type\":\"BreadcrumbList\",\"@id\":\"https:\\\/\\\/www.krafthand.de\\\/truck\\\/artikel\\\/die-digitalisierung-in-der-nutzfahrzeug-werkstatt-24859\\\/#breadcrumb\",\"itemListElement\":[{\"@type\":\"ListItem\",\"position\":1,\"name\":\"Krafthand-Truck\",\"item\":\"https:\\\/\\\/www.krafthand.de\\\/truck\\\/\"},{\"@type\":\"ListItem\",\"position\":2,\"name\":\"Nfz-Branche\",\"item\":\"https:\\\/\\\/www.krafthand.de\\\/truck\\\/kategorie\\\/branche\\\/\"},{\"@type\":\"ListItem\",\"position\":3,\"name\":\"Die Digitalisierung in der Nutzfahrzeug-Werkstatt\"}]},{\"@type\":\"WebSite\",\"@id\":\"https:\\\/\\\/www.krafthand.de\\\/truck\\\/#website\",\"url\":\"https:\\\/\\\/www.krafthand.de\\\/truck\\\/\",\"name\":\"Krafthand-Truck\",\"description\":\"\",\"potentialAction\":[{\"@type\":\"SearchAction\",\"target\":{\"@type\":\"EntryPoint\",\"urlTemplate\":\"https:\\\/\\\/www.krafthand.de\\\/truck\\\/?s={search_term_string}\"},\"query-input\":{\"@type\":\"PropertyValueSpecification\",\"valueRequired\":true,\"valueName\":\"search_term_string\"}}],\"inLanguage\":\"de\"},{\"@type\":\"Person\",\"@id\":\"https:\\\/\\\/www.krafthand.de\\\/truck\\\/#\\\/schema\\\/person\\\/23aebc1e5e3f0204da7158bce36950bb\",\"name\":\"julian.schmid@krafthand.de\",\"image\":{\"@type\":\"ImageObject\",\"inLanguage\":\"de\",\"@id\":\"https:\\\/\\\/secure.gravatar.com\\\/avatar\\\/ef76c2910cab8eb23fcc013e1c6dc1ba4af5e93fea6e6132d7c4e67d4e9631e9?s=96&d=mm&r=g\",\"url\":\"https:\\\/\\\/secure.gravatar.com\\\/avatar\\\/ef76c2910cab8eb23fcc013e1c6dc1ba4af5e93fea6e6132d7c4e67d4e9631e9?s=96&d=mm&r=g\",\"contentUrl\":\"https:\\\/\\\/secure.gravatar.com\\\/avatar\\\/ef76c2910cab8eb23fcc013e1c6dc1ba4af5e93fea6e6132d7c4e67d4e9631e9?s=96&d=mm&r=g\",\"caption\":\"julian.schmid@krafthand.de\"}}]}<\/script>\n<!-- \/ Yoast SEO plugin. -->","yoast_head_json":{"title":"Die Digitalisierung in der Nutzfahrzeug-Werkstatt - Krafthand-Truck","description":"Das Thema \u201aDigitalisierung\u2018 ist in aller Munde und macht auch vor Nutzfahrzeug-Werkst\u00e4tten und deren Teilelieferanten nicht halt","robots":{"index":"index","follow":"follow","max-snippet":"max-snippet:-1","max-image-preview":"max-image-preview:large","max-video-preview":"max-video-preview:-1"},"canonical":"https:\/\/www.krafthand.de\/truck\/artikel\/die-digitalisierung-in-der-nutzfahrzeug-werkstatt-24859\/","og_locale":"de_DE","og_type":"article","og_title":"Die Digitalisierung in der Nutzfahrzeug-Werkstatt - Krafthand-Truck","og_description":"Das Thema \u201aDigitalisierung\u2018 ist in aller Munde und macht auch vor Nutzfahrzeug-Werkst\u00e4tten und deren Teilelieferanten nicht halt","og_url":"https:\/\/www.krafthand-truck.de\/artikel\/die-digitalisierung-in-der-nutzfahrzeug-werkstatt-24859\/","og_site_name":"Krafthand-Truck","article_published_time":"2019-06-25T22:00:00+00:00","article_modified_time":"2019-07-08T05:01:23+00:00","og_image":[{"width":1000,"height":667,"url":"https:\/\/www.krafthand.de\/truck\/wp-content\/uploads\/2019\/07\/Kht0219_036_01.jpg","type":"image\/jpeg"}],"author":"julian.schmid@krafthand.de","twitter_card":"summary_large_image","twitter_misc":{"Verfasst von":"julian.schmid@krafthand.de","Gesch\u00e4tzte Lesezeit":"5\u00a0Minuten"},"schema":{"@context":"https:\/\/schema.org","@graph":[{"@type":"Article","@id":"https:\/\/www.krafthand.de\/truck\/artikel\/die-digitalisierung-in-der-nutzfahrzeug-werkstatt-24859\/#article","isPartOf":{"@id":"https:\/\/www.krafthand.de\/truck\/artikel\/die-digitalisierung-in-der-nutzfahrzeug-werkstatt-24859\/"},"author":{"name":"julian.schmid@krafthand.de","@id":"https:\/\/www.krafthand.de\/truck\/#\/schema\/person\/23aebc1e5e3f0204da7158bce36950bb"},"headline":"Die Digitalisierung in der Nutzfahrzeug-Werkstatt","datePublished":"2019-06-25T22:00:00+00:00","dateModified":"2019-07-08T05:01:23+00:00","mainEntityOfPage":{"@id":"https:\/\/www.krafthand.de\/truck\/artikel\/die-digitalisierung-in-der-nutzfahrzeug-werkstatt-24859\/"},"wordCount":980,"image":{"@id":"https:\/\/www.krafthand.de\/truck\/artikel\/die-digitalisierung-in-der-nutzfahrzeug-werkstatt-24859\/#primaryimage"},"thumbnailUrl":"https:\/\/static.krafthand-truck.de\/uploads\/2019\/07\/Kht0219_036_01.jpg","keywords":["Digitalisierung","Europart","Europart Werkstatt Online Systems","EWOS"],"articleSection":["Nfz-Branche"],"inLanguage":"de"},{"@type":"WebPage","@id":"https:\/\/www.krafthand.de\/truck\/artikel\/die-digitalisierung-in-der-nutzfahrzeug-werkstatt-24859\/","url":"https:\/\/www.krafthand.de\/truck\/artikel\/die-digitalisierung-in-der-nutzfahrzeug-werkstatt-24859\/","name":"Die Digitalisierung in der Nutzfahrzeug-Werkstatt - Krafthand-Truck","isPartOf":{"@id":"https:\/\/www.krafthand.de\/truck\/#website"},"primaryImageOfPage":{"@id":"https:\/\/www.krafthand.de\/truck\/artikel\/die-digitalisierung-in-der-nutzfahrzeug-werkstatt-24859\/#primaryimage"},"image":{"@id":"https:\/\/www.krafthand.de\/truck\/artikel\/die-digitalisierung-in-der-nutzfahrzeug-werkstatt-24859\/#primaryimage"},"thumbnailUrl":"https:\/\/static.krafthand-truck.de\/uploads\/2019\/07\/Kht0219_036_01.jpg","datePublished":"2019-06-25T22:00:00+00:00","dateModified":"2019-07-08T05:01:23+00:00","author":{"@id":"https:\/\/www.krafthand.de\/truck\/#\/schema\/person\/23aebc1e5e3f0204da7158bce36950bb"},"description":"Das Thema \u201aDigitalisierung\u2018 ist in aller Munde und macht auch vor Nutzfahrzeug-Werkst\u00e4tten und deren Teilelieferanten nicht halt","breadcrumb":{"@id":"https:\/\/www.krafthand.de\/truck\/artikel\/die-digitalisierung-in-der-nutzfahrzeug-werkstatt-24859\/#breadcrumb"},"inLanguage":"de","potentialAction":[{"@type":"ReadAction","target":["https:\/\/www.krafthand.de\/truck\/artikel\/die-digitalisierung-in-der-nutzfahrzeug-werkstatt-24859\/"]}]},{"@type":"ImageObject","inLanguage":"de","@id":"https:\/\/www.krafthand.de\/truck\/artikel\/die-digitalisierung-in-der-nutzfahrzeug-werkstatt-24859\/#primaryimage","url":"https:\/\/static.krafthand-truck.de\/uploads\/2019\/07\/Kht0219_036_01.jpg","contentUrl":"https:\/\/static.krafthand-truck.de\/uploads\/2019\/07\/Kht0219_036_01.jpg","width":1000,"height":667,"caption":"Europart Premium Parts"},{"@type":"BreadcrumbList","@id":"https:\/\/www.krafthand.de\/truck\/artikel\/die-digitalisierung-in-der-nutzfahrzeug-werkstatt-24859\/#breadcrumb","itemListElement":[{"@type":"ListItem","position":1,"name":"Krafthand-Truck","item":"https:\/\/www.krafthand.de\/truck\/"},{"@type":"ListItem","position":2,"name":"Nfz-Branche","item":"https:\/\/www.krafthand.de\/truck\/kategorie\/branche\/"},{"@type":"ListItem","position":3,"name":"Die Digitalisierung in der Nutzfahrzeug-Werkstatt"}]},{"@type":"WebSite","@id":"https:\/\/www.krafthand.de\/truck\/#website","url":"https:\/\/www.krafthand.de\/truck\/","name":"Krafthand-Truck","description":"","potentialAction":[{"@type":"SearchAction","target":{"@type":"EntryPoint","urlTemplate":"https:\/\/www.krafthand.de\/truck\/?s={search_term_string}"},"query-input":{"@type":"PropertyValueSpecification","valueRequired":true,"valueName":"search_term_string"}}],"inLanguage":"de"},{"@type":"Person","@id":"https:\/\/www.krafthand.de\/truck\/#\/schema\/person\/23aebc1e5e3f0204da7158bce36950bb","name":"julian.schmid@krafthand.de","image":{"@type":"ImageObject","inLanguage":"de","@id":"https:\/\/secure.gravatar.com\/avatar\/ef76c2910cab8eb23fcc013e1c6dc1ba4af5e93fea6e6132d7c4e67d4e9631e9?s=96&d=mm&r=g","url":"https:\/\/secure.gravatar.com\/avatar\/ef76c2910cab8eb23fcc013e1c6dc1ba4af5e93fea6e6132d7c4e67d4e9631e9?s=96&d=mm&r=g","contentUrl":"https:\/\/secure.gravatar.com\/avatar\/ef76c2910cab8eb23fcc013e1c6dc1ba4af5e93fea6e6132d7c4e67d4e9631e9?s=96&d=mm&r=g","caption":"julian.schmid@krafthand.de"}}]}},"_links":{"self":[{"href":"https:\/\/www.krafthand.de\/truck\/wp-json\/wp\/v2\/posts\/24859","targetHints":{"allow":["GET"]}}],"collection":[{"href":"https:\/\/www.krafthand.de\/truck\/wp-json\/wp\/v2\/posts"}],"about":[{"href":"https:\/\/www.krafthand.de\/truck\/wp-json\/wp\/v2\/types\/post"}],"author":[{"embeddable":true,"href":"https:\/\/www.krafthand.de\/truck\/wp-json\/wp\/v2\/users\/7"}],"replies":[{"embeddable":true,"href":"https:\/\/www.krafthand.de\/truck\/wp-json\/wp\/v2\/comments?post=24859"}],"version-history":[{"count":3,"href":"https:\/\/www.krafthand.de\/truck\/wp-json\/wp\/v2\/posts\/24859\/revisions"}],"predecessor-version":[{"id":24865,"href":"https:\/\/www.krafthand.de\/truck\/wp-json\/wp\/v2\/posts\/24859\/revisions\/24865"}],"wp:featuredmedia":[{"embeddable":true,"href":"https:\/\/www.krafthand.de\/truck\/wp-json\/wp\/v2\/media\/24864"}],"wp:attachment":[{"href":"https:\/\/www.krafthand.de\/truck\/wp-json\/wp\/v2\/media?parent=24859"}],"wp:term":[{"taxonomy":"category","embeddable":true,"href":"https:\/\/www.krafthand.de\/truck\/wp-json\/wp\/v2\/categories?post=24859"},{"taxonomy":"post_tag","embeddable":true,"href":"https:\/\/www.krafthand.de\/truck\/wp-json\/wp\/v2\/tags?post=24859"},{"taxonomy":"settings","embeddable":true,"href":"https:\/\/www.krafthand.de\/truck\/wp-json\/wp\/v2\/settings?post=24859"}],"curies":[{"name":"wp","href":"https:\/\/api.w.org\/{rel}","templated":true}]}}