{"id":24789,"date":"2019-06-20T07:00:39","date_gmt":"2019-06-20T05:00:39","guid":{"rendered":"https:\/\/www.krafthand.de\/truck\/?p=24789"},"modified":"2019-04-15T16:15:48","modified_gmt":"2019-04-15T14:15:48","slug":"abs-sensoren-fachgerecht-ersetzen","status":"publish","type":"post","link":"https:\/\/www.krafthand.de\/truck\/artikel\/abs-sensoren-fachgerecht-ersetzen-24789\/","title":{"rendered":"ABS-Sensoren fachgerecht ersetzen"},"content":{"rendered":"<p class=\"text-colored text-bold\"> Dank Antiblockiersystem (ABS) l\u00e4sst sich das Fahrzeug auch bei extremen Bremsman\u00f6vern an den Grenzen der Physik noch sicher um Hindernisse zirkeln, denn das ABS verhindert, dass der Fahrer die Kontrolle \u00fcber das Fahrzeug verliert. Eine wichtige Rolle spielen dabei die ABS-Sensoren, welche die exakten Raddrehzahlwerte an das ABS-Steuerger\u00e4t liefern. Was zu tun ist, wenn sie das nicht mehr tun und auf was beim Austausch zu achten ist, verraten die Bremsenspezialisten von Febi Bilstein. <\/p>\n<p>In modernen Nutzfahrzeugen und Bussen k\u00fcmmern sich zahlreiche Fahrerassistenzsysteme (FAS) um die Fahrsicherheit und den Fahrkomfort. Zu den ersten serienm\u00e4\u00dfigen FAS z\u00e4hlt das bei ab 1991 zugelassenen Nutzfahrzeugen europaweit gesetzlich vorgeschriebene Antiblockiersystem (ABS). Das Ziel lautete, die Zahl der schweren Verkehrsunf\u00e4lle \u2013 und damit verbunden die Zahl der Verkehrstoten \u2013 drastisch zu reduzieren. Im Laufe der Jahre wurde das ABS, im Gesetzesdeutsch auch \u201aAutomatischer Blockierverhinderer\u2018 (ABV), genannt, immer weiter verfeinert und es kamen mit EBS (Elektronisches Bremssystem), ESP (Elektronisches Stabilit\u00e4tsprogramm), ASR (Antriebsschlupfregelung) und Notbremsassistent (EBA) \u2013 um nur einige zu nennen \u2013 noch zahlreiche weitere Sicherheitssysteme hinzu, um die Fahrsicherheit in Extremsituationen weiter zu verbessern.<\/p>\n<p>\u201eViele dieser Sicherheitssysteme ben\u00f6tigen f\u00fcr die ordnungsgem\u00e4\u00dfe und einwandfreie Funktion die aktuellen, pr\u00e4zisen Drehzahlen der gebremsten R\u00e4der, sowohl von der ziehenden als auch der gezogenen Einheit. Diese Informationen ermitteln Raddrehzahlsensoren und liefern diese an die betreffenden Steuerger\u00e4te\u201c, wei\u00df Sascha Keller, Technical Marketingmanager Truck beim Ennepetaler Nutzfahrzeug-Ersatzteilespezialisten Febi Bilstein.<\/p>\n<h2>Unterschiedliche Bauformen<\/h2>\n<p>Die Hauptaufgabe von Raddrehzahlsensoren, im Werkstattjargon oft auch lapidar als \u201aABS-Sensoren\u2018 bezeichnet, ist laut Keller, die aktuelle Raddrehzahl zu ermitteln und als elektrisches Signal an das ABS-Steuerger\u00e4t zu melden. Die f\u00fcr die Signalerzeugung verantwortlichen Bauteile sind dem Fachmann zufolge das ABS-Polrad und der ABS-Sensor. Der Sensor ist direkt vor dem Polrad angebracht, das wiederum mit einem drehenden Teil des Wheelends, etwa der Bremsscheibe oder der Radnabe, verbunden ist.<\/p>\n<div class=\"gallery-container\"><div class=\"owl-carousel owl-theme\">\r\n        <div>\r\n        \t<img decoding=\"async\" src=\"https:\/\/static.krafthand-truck.de\/uploads\/2019\/04\/TRUCK_01_19_003_02_quer.jpg\" alt=\"\" \/>\r\n          <a href=\"https:\/\/static.krafthand-truck.de\/uploads\/2019\/04\/TRUCK_01_19_003_02_quer.jpg\" data-featherlight=\"gallery_69f5f244af909\" class=\"gallery-expand\" data-title=\"Der Tausch eines ABS-Sensors geh\u00f6rt zu den Routinearbeiten in der Nutzfahrzeug-Werkstatt. H\u00e4ufig ist der Sensor in seiner Spannh\u00fclse festkorrodiert. Bild: Febi Bilstein\"><i class=\"fa fa-expand\" aria-hidden=\"true\"><\/i><\/a>\r\n        \t<div class=\"gallery-caption wp-caption-text\"><p>Der Tausch eines ABS-Sensors geh\u00f6rt zu den Routinearbeiten in der Nutzfahrzeug-Werkstatt. H\u00e4ufig ist der Sensor in seiner Spannh\u00fclse festkorrodiert. Bild: Febi Bilstein<\/p>\n<\/div>\r\n        <\/div>\r\n        <div>\r\n        \t<img decoding=\"async\" src=\"https:\/\/static.krafthand-truck.de\/uploads\/2019\/04\/TRUCK_01_19_003_03.jpg\" alt=\"\" \/>\r\n          <a href=\"https:\/\/static.krafthand-truck.de\/uploads\/2019\/04\/TRUCK_01_19_003_03.jpg\" data-featherlight=\"gallery_69f5f244af909\" class=\"gallery-expand\" data-title=\"Im Bild ein aufgeschnittener \u201apassiver\u2018 ABS-Sensor ohne eigene Spannungsversorgung vom ABS-Steuerger\u00e4t. Deutlich zu sehen ist die Magnetwicklung. Durch Zahn und L\u00fccke ergibt sich eine Wechselspannung, deren Frequenz und Amplitude als Drehzahlsignal f\u00fcr das Steuerger\u00e4t dient. Bild: Febi Bilstein\"><i class=\"fa fa-expand\" aria-hidden=\"true\"><\/i><\/a>\r\n        \t<div class=\"gallery-caption wp-caption-text\"><p>Im Bild ein aufgeschnittener \u201apassiver\u2018 ABS-Sensor ohne eigene Spannungsversorgung vom ABS-Steuerger\u00e4t. Deutlich zu sehen ist die Magnetwicklung. Durch Zahn und L\u00fccke ergibt sich eine Wechselspannung, deren Frequenz und Amplitude als Drehzahlsignal f\u00fcr das Steuerger\u00e4t dient. Bild: Febi Bilstein<\/p>\n<\/div>\r\n        <\/div><\/div><\/div>\r\n\t<script>\r\n\t\tjQuery(document).ready(function($){\r\n      setTimeout(function(){\r\n  \t\t\t$(\".owl-carousel\").owlCarousel({\r\n  \t\t\t\tloop:true,\r\n    \t\t\tmargin:10,\r\n    \t\t\tresponsiveClass:true,\r\n    \t\t\titems:1,\r\n    \t\t\tautoHeight: true,\r\n          nav: true,\r\n          URLhashListener: true,\r\n          startPosition: \"URLHash\",\r\n          navText: [\r\n            \"<i class='fa fa-chevron-left'><\/i>\",\r\n            \"<i class='fa fa-chevron-right'><\/i>\"\r\n          ],\r\n  \t\t\t});\r\n      }, 2000);\r\n\t\t});\r\n\t<\/script>\r\n\t\n<p>Bei den Drehzahlsensoren unterscheidet man zwischen aktiven und passiven Varianten. Aktive Sensoren sind N\u00e4herungssensoren, die \u00fcber eigene elektronische Komponenten verf\u00fcgen und vom ABS-Steuerger\u00e4t mit Spannung versorgt werden. Diese Spezies ist \u00fcberwiegend bei Pkw anzutreffen, bei Nutzfahrzeugen dagegen sind \u00fcberwiegend passive Sensoren zu finden, berichtet Keller. Auch beim Polrad gibt es dem Fachmann zufolge unterschiedliche Bauformen: als Blechformteil oder aus Vollmaterial. In manchen F\u00e4llen ist es sogar im Wellendichtring, der die Radnabe abdichtet, integriert oder es ist direkt mit der Bremsscheibe vergossen.<\/p>\n<p>In passiven Sensoren befinden sich neben dem sogenannten Polstift, welcher von einer Wicklung umgeben ist, auch ein Dauermagnet, dessen Magnetfeld bis an das Polrad reicht. Je nachdem, ob sich das Magnetfeld an einem Zahn oder einer Zahnl\u00fccke befindet, schwankt das Magnetfeld. Durch das sich \u00e4ndernde Magnetfeld wird in der Wicklung des Sensors eine geringe Wechselspannung erzeugt, dessen Frequenz und Amplitude den Steuerger\u00e4ten als Drehzahlsignal dient. \u201eIn der Regel besitzen Nutzfahrzeug-Polr\u00e4der 100 Z\u00e4hne\u201c, wei\u00df Keller.<\/p>\n<h2>Typische Ausfallursachen<\/h2>\n<p>\u201eF\u00e4llt ein Sensor aus, informiert eine entsprechende Warnlampe im Armaturenbrett den Fahrer \u00fcber diese St\u00f6rung, denn nun k\u00f6nnen beim starken Bremsen die R\u00e4der blockieren. Au\u00dferdem k\u00f6nnen \u201aScheinregelungen\u2018 auftreten\u201c, berichtet Keller. Ein defekter ABS-Sensor wirke sich aber nicht ausschlie\u00dflich auf das ABS-System selbst aus, sondern k\u00f6nne auch bei anderen Systemen, etwa EBS oder ASR, zu Fehlfunktionen und Systemausf\u00e4llen f\u00fchren. \u201eGeht die ABS-Kontrollleuchte aufgrund eines defekten Raddrehzahlsensors an, ist oftmals auch im Fehlerspeicher korrespondierender Systeme ein entsprechender Fehler abgelegt\u201c, erl\u00e4utert Keller.<\/p>\n<p>Zu den typischen Ursachen f\u00fcr Fehlfunktionen des ABS-Systems beziehungsweise Ausf\u00e4llen von ABS-Sensoren z\u00e4hlen dem Bremsenspezialisten zufolge<\/p>\n<p>\u2022 Kurzschl\u00fcsse der Leitungsunterbrechungen,<br \/>\n\u2022 mechanische Besch\u00e4digungen des Sensors oder des Polrades,<br \/>\n\u2022 lose Sensoren, weil die Spannh\u00fclse stark korrodiert ist,<br \/>\n\u2022 starke Schmutzansammlungen zwischen ABS-Sensor und -Polrad.<\/p>\n<p>Um Fehler am ABS-System zielsicher aufzusp\u00fcren, empfiehlt Nutzfahrzeug-Spezialist Keller das Auslesen des Fehlerspeichers und das weitere Eingrenzen des Fehlers mithilfe eines geeigneten Diagnoseger\u00e4ts. Au\u00dferdem empfiehlt der Fachmann, die Leitungen und Steckverbindungen in Augenschein zu nehmen und intensiv auf mechanische Sch\u00e4den wie Br\u00fcche, Scheuerstellen und Korrosion zu kontrollieren.<\/p>\n<h2>Der fachgerechte Sensortausch<\/h2>\n<p>Obschon es sich bei einem Sensortausch um eine g\u00e4ngige Mechanikert\u00e4tigkeit handelt, gilt es laut Sascha Keller einige Punkte zu beachten. Etwa, wenn sich der defekte ABS-Sensor nach dem Abstecken nicht so ohne weiteres aus der Bohrung ziehen l\u00e4sst. \u201eDer Sensor ist mit einer Spannh\u00fclse in die Bohrung eingesetzt, die gerne einmal festrostet und verhindert, dass sich der Sensorkopf aus der Bohrung ziehen l\u00e4sst. Im ung\u00fcnstigen Fall muss man die Radnabe abbauen, um einen besseren Zugang zu erhalten\u201c, wei\u00df der Technikfachmann.<\/p>\n<div class=\"gallery-container\"><div class=\"owl-carousel owl-theme\">\r\n        <div>\r\n        \t<img decoding=\"async\" src=\"https:\/\/static.krafthand-truck.de\/uploads\/2019\/04\/TRUCK_01_19_003_04.jpg\" alt=\"\" \/>\r\n          <a href=\"https:\/\/static.krafthand-truck.de\/uploads\/2019\/04\/TRUCK_01_19_003_04.jpg\" data-featherlight=\"gallery_69f5f244afe26\" class=\"gallery-expand\" data-title=\"Febi liefert ABS-Sensoren und -Polr\u00e4der in den unterschiedlichsten Ausf\u00fchrungen. Beim Sensor geh\u00f6ren die Spannh\u00fclse und ein Korrosionsschutzfett zum Lieferumfang. Bild: Febi Bilstein\"><i class=\"fa fa-expand\" aria-hidden=\"true\"><\/i><\/a>\r\n        \t<div class=\"gallery-caption wp-caption-text\"><p>Febi liefert ABS-Sensoren und -Polr\u00e4der in den unterschiedlichsten Ausf\u00fchrungen. Beim Sensor geh\u00f6ren die Spannh\u00fclse und ein Korrosionsschutzfett zum Lieferumfang. Bild: Febi Bilstein<\/p>\n<\/div>\r\n        <\/div>\r\n        <div>\r\n        \t<img decoding=\"async\" src=\"https:\/\/static.krafthand-truck.de\/uploads\/2019\/04\/TRUCK_01_19_003_05.jpg\" alt=\"\" \/>\r\n          <a href=\"https:\/\/static.krafthand-truck.de\/uploads\/2019\/04\/TRUCK_01_19_003_05.jpg\" data-featherlight=\"gallery_69f5f244afe26\" class=\"gallery-expand\" data-title=\"Nach dem Sensortausch ist der Fehlercode in den betreffenden Steuerger\u00e4ten zu l\u00f6schen. Ist der Fehlerspeicher nach der Probefahrt immer noch \u201aclean\u2018, war die Reparatur erfolgreich. Bild: Febi Bilstein\"><i class=\"fa fa-expand\" aria-hidden=\"true\"><\/i><\/a>\r\n        \t<div class=\"gallery-caption wp-caption-text\"><p>Nach dem Sensortausch ist der Fehlercode in den betreffenden Steuerger\u00e4ten zu l\u00f6schen. Ist der Fehlerspeicher nach der Probefahrt immer noch \u201aclean\u2018, war die Reparatur erfolgreich. Bild: Febi Bilstein<\/p>\n<\/div>\r\n        <\/div><\/div><\/div>\r\n\t<script>\r\n\t\tjQuery(document).ready(function($){\r\n      setTimeout(function(){\r\n  \t\t\t$(\".owl-carousel\").owlCarousel({\r\n  \t\t\t\tloop:true,\r\n    \t\t\tmargin:10,\r\n    \t\t\tresponsiveClass:true,\r\n    \t\t\titems:1,\r\n    \t\t\tautoHeight: true,\r\n          nav: true,\r\n          URLhashListener: true,\r\n          startPosition: \"URLHash\",\r\n          navText: [\r\n            \"<i class='fa fa-chevron-left'><\/i>\",\r\n            \"<i class='fa fa-chevron-right'><\/i>\"\r\n          ],\r\n  \t\t\t});\r\n      }, 2000);\r\n\t\t});\r\n\t<\/script>\r\n\t\n<p>Ist der defekte Sensor entfernt, reinigt man die Bohrung und befreit sie von Korrosion. Anschlie\u00dfend wird die zuvor gefettete Spannh\u00fclse in die Bohrung gesetzt und anschlie\u00dfend der Sensorkopf in die Spannh\u00fclse geschoben, bis sie gegen das Polrad st\u00f6\u00dft. Durch das Radlagerspiel und die Bewegung des Rades stellt sich schlie\u00dflich der endg\u00fcltige Abstand zwischen Sensor und Polrad selbstst\u00e4ndig ein, so der Fachmann. Nach dem Einrasten der Steckverbindung empfiehlt er, das Kabel ordentlich zu verlegen und zu befestigen. Den Abschluss machen das L\u00f6schen des Fehlerspeichers mit dem Diagnosetester und die obligatorische Probefahrt. \u201eWar die Reparatur erfolgreich, bleiben der Fehlerspeicher nach der Probefahrt leer und die Warnleuchte ist aus\u201c, res\u00fcmiert Keller.<\/p>\n<p>Da ABS-Sensoren im harten Betriebsalltag erfahrungsgem\u00e4\u00df h\u00e4ufig \u201asterben\u2018, sollte sich ein Sensortausch schnell erledigen lassen. \u201eUm das sicherzustellen, liefern wir unsere ABS-Sensoren grunds\u00e4tzlich mit H\u00fclse und Fett aus. Somit hat der Mechaniker alles, was er f\u00fcr einen raschen und fachgerechten Sensor-Wechsel ben\u00f6tigt\u201c, verspricht der Produktspezialist von Febi Bilstein. ABS-Polr\u00e4der indes gebe es in den verschiedenen Ausf\u00fchrungen auch einzeln, da diese h\u00e4ufig bei Radlagerreparaturen besch\u00e4digt werden, und ersetzt werden m\u00fcssen, so Keller. Bei ausgew\u00e4hlten Radlagers\u00e4tzen geh\u00f6re das Polrad jedoch zum Lieferumfang, um ebenfalls eine reibungslose und z\u00fcgige Reparatur zu gew\u00e4hrleisten.<\/p>\n<p><i>Den Beitrag finden Sie auch in der Print-Ausgabe 1\/19 der <a href=\"https:\/\/www.krafthand.de\/truck\/magazin\/\" title=\"Zum Magazin\">Krafthand-Truck<\/a>.<\/i><\/p>\r\n\t\t\t\t<div class=\"post-author\">\r\n\t\t\t\t\t<div class=\"khm-cp-author clearfix\">\r\n\t\t\t\t\t\t<div class=\"khm-cp-author__content\">\r\n\t\t\t\t\t\t\t\tKontakt zum Autor:<br \/>\r\n\t\t\t\t\t\t\t\t<strong>Klaus Kuss<\/strong>, 08247 \/ 3007-177 |  <a href=\"mailto:klaus.kuss@krafthand-medien.de\">klaus.kuss@krafthand-medien.de<\/a>\r\n\t\t\t\t\t\t\t<div class=\"khm-cp-author__image\">\r\n\t\t\t\t\t\t<img src=\"https:\/\/static.krafthand-truck.de\/uploads\/2018\/01\/Kuss_Klaus-250x300.png\" class=\"img-responsive\">\r\n\t\t\t\t\t<\/div>\r\n\t\t\t\t\t\t<\/div>\r\n\t\t\t\t\t<\/div>\r\n\t\t\t\t<\/div>\r\n\t\t\t\t","protected":false},"excerpt":{"rendered":"<p>Die ABS-Sensoren liefern die exakten Raddrehzahlwerte an das ABS-Steuerger\u00e4t. Was zu tun ist, wenn sie das nicht mehr tun und auf was beim Austausch zu achten ist, verraten die Bremsenspezialisten von Febi Bilstein. <span class=\"excerpt-more__dots\">&#8230;<\/span> <a class=\"excerpt-more__link\" href=\"https:\/\/www.krafthand.de\/truck\/artikel\/abs-sensoren-fachgerecht-ersetzen-24789\/\" >weiter<\/a><\/p>\n","protected":false},"author":7,"featured_media":24791,"comment_status":"closed","ping_status":"closed","sticky":false,"template":"","format":"standard","meta":{"footnotes":""},"categories":[5],"tags":[3870,3072,3871,3869,3179,1837],"settings":[3524,3523],"class_list":["post-24789","post","type-post","status-publish","format-standard","has-post-thumbnail","hentry","category-branche","tag-abs","tag-abs-sensor","tag-abs-steuergeraet","tag-antiblockiersystem","tag-fas","tag-febi-bilstein"],"yoast_head":"<!-- This site is optimized with the Yoast SEO plugin v27.3 - https:\/\/yoast.com\/product\/yoast-seo-wordpress\/ -->\n<title>ABS-Sensoren fachgerecht ersetzen - Krafthand-Truck<\/title>\n<meta name=\"description\" content=\"Auf was beim Austausch von ABS-Sensoren zu achten ist, verraten die Bremsenspezialisten von Febi Bilstein.\" \/>\n<meta name=\"robots\" content=\"index, follow, max-snippet:-1, max-image-preview:large, max-video-preview:-1\" \/>\n<link rel=\"canonical\" href=\"https:\/\/www.krafthand.de\/truck\/artikel\/abs-sensoren-fachgerecht-ersetzen-24789\/\" \/>\n<meta property=\"og:locale\" content=\"de_DE\" \/>\n<meta property=\"og:type\" content=\"article\" \/>\n<meta property=\"og:title\" content=\"ABS-Sensoren fachgerecht ersetzen - Krafthand-Truck\" \/>\n<meta property=\"og:description\" content=\"Auf was beim Austausch von ABS-Sensoren zu achten ist, verraten die Bremsenspezialisten von Febi Bilstein.\" \/>\n<meta property=\"og:url\" content=\"https:\/\/www.krafthand-truck.de\/artikel\/abs-sensoren-fachgerecht-ersetzen-24789\/\" \/>\n<meta property=\"og:site_name\" content=\"Krafthand-Truck\" \/>\n<meta property=\"article:published_time\" content=\"2019-06-20T05:00:39+00:00\" \/>\n<meta property=\"og:image\" content=\"https:\/\/www.krafthand.de\/truck\/wp-content\/uploads\/2019\/04\/TRUCK_01_19_003_01.jpg\" \/>\n\t<meta property=\"og:image:width\" content=\"1000\" \/>\n\t<meta property=\"og:image:height\" content=\"667\" \/>\n\t<meta property=\"og:image:type\" content=\"image\/jpeg\" \/>\n<meta name=\"author\" content=\"julian.schmid@krafthand.de\" \/>\n<meta name=\"twitter:card\" content=\"summary_large_image\" \/>\n<meta name=\"twitter:label1\" content=\"Verfasst von\" \/>\n\t<meta name=\"twitter:data1\" content=\"julian.schmid@krafthand.de\" \/>\n\t<meta name=\"twitter:label2\" content=\"Gesch\u00e4tzte Lesezeit\" \/>\n\t<meta name=\"twitter:data2\" content=\"5\u00a0Minuten\" \/>\n<script type=\"application\/ld+json\" class=\"yoast-schema-graph\">{\"@context\":\"https:\\\/\\\/schema.org\",\"@graph\":[{\"@type\":\"Article\",\"@id\":\"https:\\\/\\\/www.krafthand.de\\\/truck\\\/artikel\\\/abs-sensoren-fachgerecht-ersetzen-24789\\\/#article\",\"isPartOf\":{\"@id\":\"https:\\\/\\\/www.krafthand.de\\\/truck\\\/artikel\\\/abs-sensoren-fachgerecht-ersetzen-24789\\\/\"},\"author\":{\"name\":\"julian.schmid@krafthand.de\",\"@id\":\"https:\\\/\\\/www.krafthand.de\\\/truck\\\/#\\\/schema\\\/person\\\/23aebc1e5e3f0204da7158bce36950bb\"},\"headline\":\"ABS-Sensoren fachgerecht ersetzen\",\"datePublished\":\"2019-06-20T05:00:39+00:00\",\"mainEntityOfPage\":{\"@id\":\"https:\\\/\\\/www.krafthand.de\\\/truck\\\/artikel\\\/abs-sensoren-fachgerecht-ersetzen-24789\\\/\"},\"wordCount\":981,\"image\":{\"@id\":\"https:\\\/\\\/www.krafthand.de\\\/truck\\\/artikel\\\/abs-sensoren-fachgerecht-ersetzen-24789\\\/#primaryimage\"},\"thumbnailUrl\":\"https:\\\/\\\/static.krafthand-truck.de\\\/uploads\\\/2019\\\/04\\\/TRUCK_01_19_003_01.jpg\",\"keywords\":[\"ABS\",\"ABS-Sensor\",\"ABS-Steuerger\u00e4t\",\"Antiblockiersystem\",\"FAS\",\"Febi Bilstein\"],\"articleSection\":[\"Nfz-Branche\"],\"inLanguage\":\"de\"},{\"@type\":\"WebPage\",\"@id\":\"https:\\\/\\\/www.krafthand.de\\\/truck\\\/artikel\\\/abs-sensoren-fachgerecht-ersetzen-24789\\\/\",\"url\":\"https:\\\/\\\/www.krafthand.de\\\/truck\\\/artikel\\\/abs-sensoren-fachgerecht-ersetzen-24789\\\/\",\"name\":\"ABS-Sensoren fachgerecht ersetzen - Krafthand-Truck\",\"isPartOf\":{\"@id\":\"https:\\\/\\\/www.krafthand.de\\\/truck\\\/#website\"},\"primaryImageOfPage\":{\"@id\":\"https:\\\/\\\/www.krafthand.de\\\/truck\\\/artikel\\\/abs-sensoren-fachgerecht-ersetzen-24789\\\/#primaryimage\"},\"image\":{\"@id\":\"https:\\\/\\\/www.krafthand.de\\\/truck\\\/artikel\\\/abs-sensoren-fachgerecht-ersetzen-24789\\\/#primaryimage\"},\"thumbnailUrl\":\"https:\\\/\\\/static.krafthand-truck.de\\\/uploads\\\/2019\\\/04\\\/TRUCK_01_19_003_01.jpg\",\"datePublished\":\"2019-06-20T05:00:39+00:00\",\"author\":{\"@id\":\"https:\\\/\\\/www.krafthand.de\\\/truck\\\/#\\\/schema\\\/person\\\/23aebc1e5e3f0204da7158bce36950bb\"},\"description\":\"Auf was beim Austausch von ABS-Sensoren zu achten ist, verraten die Bremsenspezialisten von Febi Bilstein.\",\"breadcrumb\":{\"@id\":\"https:\\\/\\\/www.krafthand.de\\\/truck\\\/artikel\\\/abs-sensoren-fachgerecht-ersetzen-24789\\\/#breadcrumb\"},\"inLanguage\":\"de\",\"potentialAction\":[{\"@type\":\"ReadAction\",\"target\":[\"https:\\\/\\\/www.krafthand.de\\\/truck\\\/artikel\\\/abs-sensoren-fachgerecht-ersetzen-24789\\\/\"]}]},{\"@type\":\"ImageObject\",\"inLanguage\":\"de\",\"@id\":\"https:\\\/\\\/www.krafthand.de\\\/truck\\\/artikel\\\/abs-sensoren-fachgerecht-ersetzen-24789\\\/#primaryimage\",\"url\":\"https:\\\/\\\/static.krafthand-truck.de\\\/uploads\\\/2019\\\/04\\\/TRUCK_01_19_003_01.jpg\",\"contentUrl\":\"https:\\\/\\\/static.krafthand-truck.de\\\/uploads\\\/2019\\\/04\\\/TRUCK_01_19_003_01.jpg\",\"width\":1000,\"height\":667,\"caption\":\"ABS-Kontrollleuchte im Armaturenbrett\"},{\"@type\":\"BreadcrumbList\",\"@id\":\"https:\\\/\\\/www.krafthand.de\\\/truck\\\/artikel\\\/abs-sensoren-fachgerecht-ersetzen-24789\\\/#breadcrumb\",\"itemListElement\":[{\"@type\":\"ListItem\",\"position\":1,\"name\":\"Krafthand-Truck\",\"item\":\"https:\\\/\\\/www.krafthand.de\\\/truck\\\/\"},{\"@type\":\"ListItem\",\"position\":2,\"name\":\"Nfz-Branche\",\"item\":\"https:\\\/\\\/www.krafthand.de\\\/truck\\\/kategorie\\\/branche\\\/\"},{\"@type\":\"ListItem\",\"position\":3,\"name\":\"ABS-Sensoren fachgerecht ersetzen\"}]},{\"@type\":\"WebSite\",\"@id\":\"https:\\\/\\\/www.krafthand.de\\\/truck\\\/#website\",\"url\":\"https:\\\/\\\/www.krafthand.de\\\/truck\\\/\",\"name\":\"Krafthand-Truck\",\"description\":\"\",\"potentialAction\":[{\"@type\":\"SearchAction\",\"target\":{\"@type\":\"EntryPoint\",\"urlTemplate\":\"https:\\\/\\\/www.krafthand.de\\\/truck\\\/?s={search_term_string}\"},\"query-input\":{\"@type\":\"PropertyValueSpecification\",\"valueRequired\":true,\"valueName\":\"search_term_string\"}}],\"inLanguage\":\"de\"},{\"@type\":\"Person\",\"@id\":\"https:\\\/\\\/www.krafthand.de\\\/truck\\\/#\\\/schema\\\/person\\\/23aebc1e5e3f0204da7158bce36950bb\",\"name\":\"julian.schmid@krafthand.de\",\"image\":{\"@type\":\"ImageObject\",\"inLanguage\":\"de\",\"@id\":\"https:\\\/\\\/secure.gravatar.com\\\/avatar\\\/ef76c2910cab8eb23fcc013e1c6dc1ba4af5e93fea6e6132d7c4e67d4e9631e9?s=96&d=mm&r=g\",\"url\":\"https:\\\/\\\/secure.gravatar.com\\\/avatar\\\/ef76c2910cab8eb23fcc013e1c6dc1ba4af5e93fea6e6132d7c4e67d4e9631e9?s=96&d=mm&r=g\",\"contentUrl\":\"https:\\\/\\\/secure.gravatar.com\\\/avatar\\\/ef76c2910cab8eb23fcc013e1c6dc1ba4af5e93fea6e6132d7c4e67d4e9631e9?s=96&d=mm&r=g\",\"caption\":\"julian.schmid@krafthand.de\"}}]}<\/script>\n<!-- \/ Yoast SEO plugin. -->","yoast_head_json":{"title":"ABS-Sensoren fachgerecht ersetzen - Krafthand-Truck","description":"Auf was beim Austausch von ABS-Sensoren zu achten ist, verraten die Bremsenspezialisten von Febi Bilstein.","robots":{"index":"index","follow":"follow","max-snippet":"max-snippet:-1","max-image-preview":"max-image-preview:large","max-video-preview":"max-video-preview:-1"},"canonical":"https:\/\/www.krafthand.de\/truck\/artikel\/abs-sensoren-fachgerecht-ersetzen-24789\/","og_locale":"de_DE","og_type":"article","og_title":"ABS-Sensoren fachgerecht ersetzen - Krafthand-Truck","og_description":"Auf was beim Austausch von ABS-Sensoren zu achten ist, verraten die Bremsenspezialisten von Febi Bilstein.","og_url":"https:\/\/www.krafthand-truck.de\/artikel\/abs-sensoren-fachgerecht-ersetzen-24789\/","og_site_name":"Krafthand-Truck","article_published_time":"2019-06-20T05:00:39+00:00","og_image":[{"width":1000,"height":667,"url":"https:\/\/www.krafthand.de\/truck\/wp-content\/uploads\/2019\/04\/TRUCK_01_19_003_01.jpg","type":"image\/jpeg"}],"author":"julian.schmid@krafthand.de","twitter_card":"summary_large_image","twitter_misc":{"Verfasst von":"julian.schmid@krafthand.de","Gesch\u00e4tzte Lesezeit":"5\u00a0Minuten"},"schema":{"@context":"https:\/\/schema.org","@graph":[{"@type":"Article","@id":"https:\/\/www.krafthand.de\/truck\/artikel\/abs-sensoren-fachgerecht-ersetzen-24789\/#article","isPartOf":{"@id":"https:\/\/www.krafthand.de\/truck\/artikel\/abs-sensoren-fachgerecht-ersetzen-24789\/"},"author":{"name":"julian.schmid@krafthand.de","@id":"https:\/\/www.krafthand.de\/truck\/#\/schema\/person\/23aebc1e5e3f0204da7158bce36950bb"},"headline":"ABS-Sensoren fachgerecht ersetzen","datePublished":"2019-06-20T05:00:39+00:00","mainEntityOfPage":{"@id":"https:\/\/www.krafthand.de\/truck\/artikel\/abs-sensoren-fachgerecht-ersetzen-24789\/"},"wordCount":981,"image":{"@id":"https:\/\/www.krafthand.de\/truck\/artikel\/abs-sensoren-fachgerecht-ersetzen-24789\/#primaryimage"},"thumbnailUrl":"https:\/\/static.krafthand-truck.de\/uploads\/2019\/04\/TRUCK_01_19_003_01.jpg","keywords":["ABS","ABS-Sensor","ABS-Steuerger\u00e4t","Antiblockiersystem","FAS","Febi Bilstein"],"articleSection":["Nfz-Branche"],"inLanguage":"de"},{"@type":"WebPage","@id":"https:\/\/www.krafthand.de\/truck\/artikel\/abs-sensoren-fachgerecht-ersetzen-24789\/","url":"https:\/\/www.krafthand.de\/truck\/artikel\/abs-sensoren-fachgerecht-ersetzen-24789\/","name":"ABS-Sensoren fachgerecht ersetzen - Krafthand-Truck","isPartOf":{"@id":"https:\/\/www.krafthand.de\/truck\/#website"},"primaryImageOfPage":{"@id":"https:\/\/www.krafthand.de\/truck\/artikel\/abs-sensoren-fachgerecht-ersetzen-24789\/#primaryimage"},"image":{"@id":"https:\/\/www.krafthand.de\/truck\/artikel\/abs-sensoren-fachgerecht-ersetzen-24789\/#primaryimage"},"thumbnailUrl":"https:\/\/static.krafthand-truck.de\/uploads\/2019\/04\/TRUCK_01_19_003_01.jpg","datePublished":"2019-06-20T05:00:39+00:00","author":{"@id":"https:\/\/www.krafthand.de\/truck\/#\/schema\/person\/23aebc1e5e3f0204da7158bce36950bb"},"description":"Auf was beim Austausch von ABS-Sensoren zu achten ist, verraten die Bremsenspezialisten von Febi Bilstein.","breadcrumb":{"@id":"https:\/\/www.krafthand.de\/truck\/artikel\/abs-sensoren-fachgerecht-ersetzen-24789\/#breadcrumb"},"inLanguage":"de","potentialAction":[{"@type":"ReadAction","target":["https:\/\/www.krafthand.de\/truck\/artikel\/abs-sensoren-fachgerecht-ersetzen-24789\/"]}]},{"@type":"ImageObject","inLanguage":"de","@id":"https:\/\/www.krafthand.de\/truck\/artikel\/abs-sensoren-fachgerecht-ersetzen-24789\/#primaryimage","url":"https:\/\/static.krafthand-truck.de\/uploads\/2019\/04\/TRUCK_01_19_003_01.jpg","contentUrl":"https:\/\/static.krafthand-truck.de\/uploads\/2019\/04\/TRUCK_01_19_003_01.jpg","width":1000,"height":667,"caption":"ABS-Kontrollleuchte im Armaturenbrett"},{"@type":"BreadcrumbList","@id":"https:\/\/www.krafthand.de\/truck\/artikel\/abs-sensoren-fachgerecht-ersetzen-24789\/#breadcrumb","itemListElement":[{"@type":"ListItem","position":1,"name":"Krafthand-Truck","item":"https:\/\/www.krafthand.de\/truck\/"},{"@type":"ListItem","position":2,"name":"Nfz-Branche","item":"https:\/\/www.krafthand.de\/truck\/kategorie\/branche\/"},{"@type":"ListItem","position":3,"name":"ABS-Sensoren fachgerecht ersetzen"}]},{"@type":"WebSite","@id":"https:\/\/www.krafthand.de\/truck\/#website","url":"https:\/\/www.krafthand.de\/truck\/","name":"Krafthand-Truck","description":"","potentialAction":[{"@type":"SearchAction","target":{"@type":"EntryPoint","urlTemplate":"https:\/\/www.krafthand.de\/truck\/?s={search_term_string}"},"query-input":{"@type":"PropertyValueSpecification","valueRequired":true,"valueName":"search_term_string"}}],"inLanguage":"de"},{"@type":"Person","@id":"https:\/\/www.krafthand.de\/truck\/#\/schema\/person\/23aebc1e5e3f0204da7158bce36950bb","name":"julian.schmid@krafthand.de","image":{"@type":"ImageObject","inLanguage":"de","@id":"https:\/\/secure.gravatar.com\/avatar\/ef76c2910cab8eb23fcc013e1c6dc1ba4af5e93fea6e6132d7c4e67d4e9631e9?s=96&d=mm&r=g","url":"https:\/\/secure.gravatar.com\/avatar\/ef76c2910cab8eb23fcc013e1c6dc1ba4af5e93fea6e6132d7c4e67d4e9631e9?s=96&d=mm&r=g","contentUrl":"https:\/\/secure.gravatar.com\/avatar\/ef76c2910cab8eb23fcc013e1c6dc1ba4af5e93fea6e6132d7c4e67d4e9631e9?s=96&d=mm&r=g","caption":"julian.schmid@krafthand.de"}}]}},"_links":{"self":[{"href":"https:\/\/www.krafthand.de\/truck\/wp-json\/wp\/v2\/posts\/24789","targetHints":{"allow":["GET"]}}],"collection":[{"href":"https:\/\/www.krafthand.de\/truck\/wp-json\/wp\/v2\/posts"}],"about":[{"href":"https:\/\/www.krafthand.de\/truck\/wp-json\/wp\/v2\/types\/post"}],"author":[{"embeddable":true,"href":"https:\/\/www.krafthand.de\/truck\/wp-json\/wp\/v2\/users\/7"}],"replies":[{"embeddable":true,"href":"https:\/\/www.krafthand.de\/truck\/wp-json\/wp\/v2\/comments?post=24789"}],"version-history":[{"count":2,"href":"https:\/\/www.krafthand.de\/truck\/wp-json\/wp\/v2\/posts\/24789\/revisions"}],"predecessor-version":[{"id":24797,"href":"https:\/\/www.krafthand.de\/truck\/wp-json\/wp\/v2\/posts\/24789\/revisions\/24797"}],"wp:featuredmedia":[{"embeddable":true,"href":"https:\/\/www.krafthand.de\/truck\/wp-json\/wp\/v2\/media\/24791"}],"wp:attachment":[{"href":"https:\/\/www.krafthand.de\/truck\/wp-json\/wp\/v2\/media?parent=24789"}],"wp:term":[{"taxonomy":"category","embeddable":true,"href":"https:\/\/www.krafthand.de\/truck\/wp-json\/wp\/v2\/categories?post=24789"},{"taxonomy":"post_tag","embeddable":true,"href":"https:\/\/www.krafthand.de\/truck\/wp-json\/wp\/v2\/tags?post=24789"},{"taxonomy":"settings","embeddable":true,"href":"https:\/\/www.krafthand.de\/truck\/wp-json\/wp\/v2\/settings?post=24789"}],"curies":[{"name":"wp","href":"https:\/\/api.w.org\/{rel}","templated":true}]}}