{"id":24761,"date":"2019-06-10T07:00:58","date_gmt":"2019-06-10T05:00:58","guid":{"rendered":"https:\/\/www.krafthand.de\/truck\/?p=24761"},"modified":"2019-04-12T11:06:12","modified_gmt":"2019-04-12T09:06:12","slug":"show-truck-von-hella","status":"publish","type":"post","link":"https:\/\/www.krafthand.de\/truck\/artikel\/show-truck-von-hella-24761\/","title":{"rendered":"Show-Truck von Hella"},"content":{"rendered":"<p>\u201aEs werde Licht\u2018 \u2013 frei nach diesem Motto hat der Lippst\u00e4dter Licht- und Elektronikspezialist Hella eine Sattelzugmaschine zum Show-Truck umfunktioniert und dazu mit allerlei Lichtprodukten best\u00fcckt \u2013 von der Front \u00fcber die Seiten bis zum Heck und zu den Dach- und Frontbu\u0308geln. So verwundert es nicht, dass der leuchtende, in \u201ahella-gelb\u2018 lackierte Show-Truck schon von Weitem als \u201aLichtgestalt\u2018 zu erkennen ist. Zur Orientierung ist die Fahrerkabine mit blauen Sprechblasen beklebt, die jeweils auf die einzelnen Scheinwerfer und Funktionen hinweise.<\/p>\n<p>Highlight sind zweifelsohne die Shapeline-Leuchten, die ein \u00e4u\u00dferst individuelles Erscheinungsbild der Zugmaschine erm\u00f6glichen. Denn mit der modular aufgebauten Leuchten-Baureihe, von der es mit \u201aTech\u2018 und \u201aStyle\u2018 zwei unterschiedliche Varianten gibt, lassen sich laut Hella Lichtsysteme nach dem Baukastenprinzip zusammenstellen. Die Beleuchtung der Zugmaschine ist komplett im Style-Design umgesetzt. Im Heckbereich realisieren die Leuchten das Heck-, Ru\u0308ckfahrund Nebelschlusslicht. Dazu sind insgesamt sechs Module angebracht. Das erzeugt eine individuelle Lichtsignatur. Dar\u00fcber hinaus kommen noch eine ganze Reihe anderer Leuchten aus dem Hella-Programm zum Einsatz. Eine genaue \u201aBest\u00fcckungsliste\u2018 des Show-Trucks sowie ein Video der \u201aLippst\u00e4dter Lichtgestalt\u2018 in Aktion gibt es unter <a href=\"http:\/\/www.hella.com\/truck\" target=\"_blank\" rel=\"noopener noreferrer\">www.hella.com\/truck<\/a>.<\/p>\n<figure id=\"attachment_24763\" aria-describedby=\"caption-attachment-24763\" style=\"width: 1000px\" class=\"wp-caption alignnone\"><img fetchpriority=\"high\" decoding=\"async\" class=\"wp-image-24763 size-full\" src=\"https:\/\/www.krafthand.de\/truck\/wp-content\/uploads\/2019\/04\/TRUCK_01_19_054_rechts.jpg\" alt=\"Heck-, R\u00fcckfahr- und Nebelschlusslicht von Hella\" width=\"1000\" height=\"667\" srcset=\"https:\/\/static.krafthand-truck.de\/uploads\/2019\/04\/TRUCK_01_19_054_rechts.jpg 1000w, https:\/\/static.krafthand-truck.de\/uploads\/2019\/04\/TRUCK_01_19_054_rechts-300x200.jpg 300w, https:\/\/static.krafthand-truck.de\/uploads\/2019\/04\/TRUCK_01_19_054_rechts-768x512.jpg 768w\" sizes=\"(max-width: 1000px) 100vw, 1000px\" \/><figcaption id=\"caption-attachment-24763\" class=\"wp-caption-text\">Bild: Hella<\/figcaption><\/figure>\n<p><i>Den Beitrag finden Sie auch in der Print-Ausgabe 1\/19 der <a href=\"https:\/\/www.krafthand.de\/truck\/magazin\/\" title=\"Zum Magazin\">Krafthand-Truck<\/a>.<\/i><\/p>","protected":false},"excerpt":{"rendered":"<p>\u201aEs werde Licht\u2018 \u2013 frei nach diesem Motto hat der Lippst\u00e4dter Licht- und Elektronikspezialist Hella eine Sattelzugmaschine zum Show-Truck umfunktioniert und dazu mit allerlei Lichtprodukten best\u00fcckt <span class=\"excerpt-more__dots\">&#8230;<\/span> <a class=\"excerpt-more__link\" href=\"https:\/\/www.krafthand.de\/truck\/artikel\/show-truck-von-hella-24761\/\" >weiter<\/a><\/p>\n","protected":false},"author":7,"featured_media":24762,"comment_status":"closed","ping_status":"closed","sticky":false,"template":"","format":"standard","meta":{"footnotes":""},"categories":[5],"tags":[482,3797,597,3857,3796,3858],"settings":[],"class_list":["post-24761","post","type-post","status-publish","format-standard","has-post-thumbnail","hentry","category-branche","tag-beleuchtung","tag-heckbeleuchtung","tag-hella","tag-lichtprodukte","tag-scheinwerfer","tag-show-truck"],"yoast_head":"<!-- This site is optimized with the Yoast SEO plugin v27.3 - https:\/\/yoast.com\/product\/yoast-seo-wordpress\/ -->\n<title>Show-Truck von Hella - Krafthand-Truck<\/title>\n<meta name=\"description\" content=\"\u201aEs werde Licht\u2018 \u2013 frei nach diesem Motto hat Hella eine Sattelzugmaschine zum Show-Truck umfunktioniert und dazu mit allerlei Lichtprodukten best\u00fcckt.\" \/>\n<meta name=\"robots\" content=\"index, follow, max-snippet:-1, max-image-preview:large, max-video-preview:-1\" \/>\n<link rel=\"canonical\" href=\"https:\/\/www.krafthand.de\/truck\/artikel\/show-truck-von-hella-24761\/\" \/>\n<meta property=\"og:locale\" content=\"de_DE\" \/>\n<meta property=\"og:type\" content=\"article\" \/>\n<meta property=\"og:title\" content=\"Show-Truck von Hella - Krafthand-Truck\" \/>\n<meta property=\"og:description\" content=\"\u201aEs werde Licht\u2018 \u2013 frei nach diesem Motto hat Hella eine Sattelzugmaschine zum Show-Truck umfunktioniert und dazu mit allerlei Lichtprodukten best\u00fcckt.\" \/>\n<meta property=\"og:url\" content=\"https:\/\/www.krafthand-truck.de\/artikel\/show-truck-von-hella-24761\/\" \/>\n<meta property=\"og:site_name\" content=\"Krafthand-Truck\" \/>\n<meta property=\"article:published_time\" content=\"2019-06-10T05:00:58+00:00\" \/>\n<meta property=\"og:image\" content=\"https:\/\/www.krafthand.de\/truck\/wp-content\/uploads\/2019\/04\/TRUCK_01_19_054_links.jpg\" \/>\n\t<meta property=\"og:image:width\" content=\"1000\" \/>\n\t<meta property=\"og:image:height\" content=\"667\" \/>\n\t<meta property=\"og:image:type\" content=\"image\/jpeg\" \/>\n<meta name=\"author\" content=\"julian.schmid@krafthand.de\" \/>\n<meta name=\"twitter:card\" content=\"summary_large_image\" \/>\n<meta name=\"twitter:label1\" content=\"Verfasst von\" \/>\n\t<meta name=\"twitter:data1\" content=\"julian.schmid@krafthand.de\" \/>\n\t<meta name=\"twitter:label2\" content=\"Gesch\u00e4tzte Lesezeit\" \/>\n\t<meta name=\"twitter:data2\" content=\"1\u00a0Minute\" \/>\n<script type=\"application\/ld+json\" class=\"yoast-schema-graph\">{\"@context\":\"https:\\\/\\\/schema.org\",\"@graph\":[{\"@type\":\"Article\",\"@id\":\"https:\\\/\\\/www.krafthand.de\\\/truck\\\/artikel\\\/show-truck-von-hella-24761\\\/#article\",\"isPartOf\":{\"@id\":\"https:\\\/\\\/www.krafthand.de\\\/truck\\\/artikel\\\/show-truck-von-hella-24761\\\/\"},\"author\":{\"name\":\"julian.schmid@krafthand.de\",\"@id\":\"https:\\\/\\\/www.krafthand.de\\\/truck\\\/#\\\/schema\\\/person\\\/23aebc1e5e3f0204da7158bce36950bb\"},\"headline\":\"Show-Truck von Hella\",\"datePublished\":\"2019-06-10T05:00:58+00:00\",\"mainEntityOfPage\":{\"@id\":\"https:\\\/\\\/www.krafthand.de\\\/truck\\\/artikel\\\/show-truck-von-hella-24761\\\/\"},\"wordCount\":200,\"image\":{\"@id\":\"https:\\\/\\\/www.krafthand.de\\\/truck\\\/artikel\\\/show-truck-von-hella-24761\\\/#primaryimage\"},\"thumbnailUrl\":\"https:\\\/\\\/static.krafthand-truck.de\\\/uploads\\\/2019\\\/04\\\/TRUCK_01_19_054_links.jpg\",\"keywords\":[\"Beleuchtung\",\"Heckbeleuchtung\",\"Hella\",\"Lichtprodukte\",\"Scheinwerfer\",\"Show-Truck\"],\"articleSection\":[\"Nfz-Branche\"],\"inLanguage\":\"de\"},{\"@type\":\"WebPage\",\"@id\":\"https:\\\/\\\/www.krafthand.de\\\/truck\\\/artikel\\\/show-truck-von-hella-24761\\\/\",\"url\":\"https:\\\/\\\/www.krafthand.de\\\/truck\\\/artikel\\\/show-truck-von-hella-24761\\\/\",\"name\":\"Show-Truck von Hella - Krafthand-Truck\",\"isPartOf\":{\"@id\":\"https:\\\/\\\/www.krafthand.de\\\/truck\\\/#website\"},\"primaryImageOfPage\":{\"@id\":\"https:\\\/\\\/www.krafthand.de\\\/truck\\\/artikel\\\/show-truck-von-hella-24761\\\/#primaryimage\"},\"image\":{\"@id\":\"https:\\\/\\\/www.krafthand.de\\\/truck\\\/artikel\\\/show-truck-von-hella-24761\\\/#primaryimage\"},\"thumbnailUrl\":\"https:\\\/\\\/static.krafthand-truck.de\\\/uploads\\\/2019\\\/04\\\/TRUCK_01_19_054_links.jpg\",\"datePublished\":\"2019-06-10T05:00:58+00:00\",\"author\":{\"@id\":\"https:\\\/\\\/www.krafthand.de\\\/truck\\\/#\\\/schema\\\/person\\\/23aebc1e5e3f0204da7158bce36950bb\"},\"description\":\"\u201aEs werde Licht\u2018 \u2013 frei nach diesem Motto hat Hella eine Sattelzugmaschine zum Show-Truck umfunktioniert und dazu mit allerlei Lichtprodukten best\u00fcckt.\",\"breadcrumb\":{\"@id\":\"https:\\\/\\\/www.krafthand.de\\\/truck\\\/artikel\\\/show-truck-von-hella-24761\\\/#breadcrumb\"},\"inLanguage\":\"de\",\"potentialAction\":[{\"@type\":\"ReadAction\",\"target\":[\"https:\\\/\\\/www.krafthand.de\\\/truck\\\/artikel\\\/show-truck-von-hella-24761\\\/\"]}]},{\"@type\":\"ImageObject\",\"inLanguage\":\"de\",\"@id\":\"https:\\\/\\\/www.krafthand.de\\\/truck\\\/artikel\\\/show-truck-von-hella-24761\\\/#primaryimage\",\"url\":\"https:\\\/\\\/static.krafthand-truck.de\\\/uploads\\\/2019\\\/04\\\/TRUCK_01_19_054_links.jpg\",\"contentUrl\":\"https:\\\/\\\/static.krafthand-truck.de\\\/uploads\\\/2019\\\/04\\\/TRUCK_01_19_054_links.jpg\",\"width\":1000,\"height\":667,\"caption\":\"Scheinwerfer von Hella f\u00fcr Lkw\"},{\"@type\":\"BreadcrumbList\",\"@id\":\"https:\\\/\\\/www.krafthand.de\\\/truck\\\/artikel\\\/show-truck-von-hella-24761\\\/#breadcrumb\",\"itemListElement\":[{\"@type\":\"ListItem\",\"position\":1,\"name\":\"Krafthand-Truck\",\"item\":\"https:\\\/\\\/www.krafthand.de\\\/truck\\\/\"},{\"@type\":\"ListItem\",\"position\":2,\"name\":\"Nfz-Branche\",\"item\":\"https:\\\/\\\/www.krafthand.de\\\/truck\\\/kategorie\\\/branche\\\/\"},{\"@type\":\"ListItem\",\"position\":3,\"name\":\"Show-Truck von Hella\"}]},{\"@type\":\"WebSite\",\"@id\":\"https:\\\/\\\/www.krafthand.de\\\/truck\\\/#website\",\"url\":\"https:\\\/\\\/www.krafthand.de\\\/truck\\\/\",\"name\":\"Krafthand-Truck\",\"description\":\"\",\"potentialAction\":[{\"@type\":\"SearchAction\",\"target\":{\"@type\":\"EntryPoint\",\"urlTemplate\":\"https:\\\/\\\/www.krafthand.de\\\/truck\\\/?s={search_term_string}\"},\"query-input\":{\"@type\":\"PropertyValueSpecification\",\"valueRequired\":true,\"valueName\":\"search_term_string\"}}],\"inLanguage\":\"de\"},{\"@type\":\"Person\",\"@id\":\"https:\\\/\\\/www.krafthand.de\\\/truck\\\/#\\\/schema\\\/person\\\/23aebc1e5e3f0204da7158bce36950bb\",\"name\":\"julian.schmid@krafthand.de\",\"image\":{\"@type\":\"ImageObject\",\"inLanguage\":\"de\",\"@id\":\"https:\\\/\\\/secure.gravatar.com\\\/avatar\\\/ef76c2910cab8eb23fcc013e1c6dc1ba4af5e93fea6e6132d7c4e67d4e9631e9?s=96&d=mm&r=g\",\"url\":\"https:\\\/\\\/secure.gravatar.com\\\/avatar\\\/ef76c2910cab8eb23fcc013e1c6dc1ba4af5e93fea6e6132d7c4e67d4e9631e9?s=96&d=mm&r=g\",\"contentUrl\":\"https:\\\/\\\/secure.gravatar.com\\\/avatar\\\/ef76c2910cab8eb23fcc013e1c6dc1ba4af5e93fea6e6132d7c4e67d4e9631e9?s=96&d=mm&r=g\",\"caption\":\"julian.schmid@krafthand.de\"}}]}<\/script>\n<!-- \/ Yoast SEO plugin. -->","yoast_head_json":{"title":"Show-Truck von Hella - Krafthand-Truck","description":"\u201aEs werde Licht\u2018 \u2013 frei nach diesem Motto hat Hella eine Sattelzugmaschine zum Show-Truck umfunktioniert und dazu mit allerlei Lichtprodukten best\u00fcckt.","robots":{"index":"index","follow":"follow","max-snippet":"max-snippet:-1","max-image-preview":"max-image-preview:large","max-video-preview":"max-video-preview:-1"},"canonical":"https:\/\/www.krafthand.de\/truck\/artikel\/show-truck-von-hella-24761\/","og_locale":"de_DE","og_type":"article","og_title":"Show-Truck von Hella - Krafthand-Truck","og_description":"\u201aEs werde Licht\u2018 \u2013 frei nach diesem Motto hat Hella eine Sattelzugmaschine zum Show-Truck umfunktioniert und dazu mit allerlei Lichtprodukten best\u00fcckt.","og_url":"https:\/\/www.krafthand-truck.de\/artikel\/show-truck-von-hella-24761\/","og_site_name":"Krafthand-Truck","article_published_time":"2019-06-10T05:00:58+00:00","og_image":[{"width":1000,"height":667,"url":"https:\/\/www.krafthand.de\/truck\/wp-content\/uploads\/2019\/04\/TRUCK_01_19_054_links.jpg","type":"image\/jpeg"}],"author":"julian.schmid@krafthand.de","twitter_card":"summary_large_image","twitter_misc":{"Verfasst von":"julian.schmid@krafthand.de","Gesch\u00e4tzte Lesezeit":"1\u00a0Minute"},"schema":{"@context":"https:\/\/schema.org","@graph":[{"@type":"Article","@id":"https:\/\/www.krafthand.de\/truck\/artikel\/show-truck-von-hella-24761\/#article","isPartOf":{"@id":"https:\/\/www.krafthand.de\/truck\/artikel\/show-truck-von-hella-24761\/"},"author":{"name":"julian.schmid@krafthand.de","@id":"https:\/\/www.krafthand.de\/truck\/#\/schema\/person\/23aebc1e5e3f0204da7158bce36950bb"},"headline":"Show-Truck von Hella","datePublished":"2019-06-10T05:00:58+00:00","mainEntityOfPage":{"@id":"https:\/\/www.krafthand.de\/truck\/artikel\/show-truck-von-hella-24761\/"},"wordCount":200,"image":{"@id":"https:\/\/www.krafthand.de\/truck\/artikel\/show-truck-von-hella-24761\/#primaryimage"},"thumbnailUrl":"https:\/\/static.krafthand-truck.de\/uploads\/2019\/04\/TRUCK_01_19_054_links.jpg","keywords":["Beleuchtung","Heckbeleuchtung","Hella","Lichtprodukte","Scheinwerfer","Show-Truck"],"articleSection":["Nfz-Branche"],"inLanguage":"de"},{"@type":"WebPage","@id":"https:\/\/www.krafthand.de\/truck\/artikel\/show-truck-von-hella-24761\/","url":"https:\/\/www.krafthand.de\/truck\/artikel\/show-truck-von-hella-24761\/","name":"Show-Truck von Hella - Krafthand-Truck","isPartOf":{"@id":"https:\/\/www.krafthand.de\/truck\/#website"},"primaryImageOfPage":{"@id":"https:\/\/www.krafthand.de\/truck\/artikel\/show-truck-von-hella-24761\/#primaryimage"},"image":{"@id":"https:\/\/www.krafthand.de\/truck\/artikel\/show-truck-von-hella-24761\/#primaryimage"},"thumbnailUrl":"https:\/\/static.krafthand-truck.de\/uploads\/2019\/04\/TRUCK_01_19_054_links.jpg","datePublished":"2019-06-10T05:00:58+00:00","author":{"@id":"https:\/\/www.krafthand.de\/truck\/#\/schema\/person\/23aebc1e5e3f0204da7158bce36950bb"},"description":"\u201aEs werde Licht\u2018 \u2013 frei nach diesem Motto hat Hella eine Sattelzugmaschine zum Show-Truck umfunktioniert und dazu mit allerlei Lichtprodukten best\u00fcckt.","breadcrumb":{"@id":"https:\/\/www.krafthand.de\/truck\/artikel\/show-truck-von-hella-24761\/#breadcrumb"},"inLanguage":"de","potentialAction":[{"@type":"ReadAction","target":["https:\/\/www.krafthand.de\/truck\/artikel\/show-truck-von-hella-24761\/"]}]},{"@type":"ImageObject","inLanguage":"de","@id":"https:\/\/www.krafthand.de\/truck\/artikel\/show-truck-von-hella-24761\/#primaryimage","url":"https:\/\/static.krafthand-truck.de\/uploads\/2019\/04\/TRUCK_01_19_054_links.jpg","contentUrl":"https:\/\/static.krafthand-truck.de\/uploads\/2019\/04\/TRUCK_01_19_054_links.jpg","width":1000,"height":667,"caption":"Scheinwerfer von Hella f\u00fcr Lkw"},{"@type":"BreadcrumbList","@id":"https:\/\/www.krafthand.de\/truck\/artikel\/show-truck-von-hella-24761\/#breadcrumb","itemListElement":[{"@type":"ListItem","position":1,"name":"Krafthand-Truck","item":"https:\/\/www.krafthand.de\/truck\/"},{"@type":"ListItem","position":2,"name":"Nfz-Branche","item":"https:\/\/www.krafthand.de\/truck\/kategorie\/branche\/"},{"@type":"ListItem","position":3,"name":"Show-Truck von Hella"}]},{"@type":"WebSite","@id":"https:\/\/www.krafthand.de\/truck\/#website","url":"https:\/\/www.krafthand.de\/truck\/","name":"Krafthand-Truck","description":"","potentialAction":[{"@type":"SearchAction","target":{"@type":"EntryPoint","urlTemplate":"https:\/\/www.krafthand.de\/truck\/?s={search_term_string}"},"query-input":{"@type":"PropertyValueSpecification","valueRequired":true,"valueName":"search_term_string"}}],"inLanguage":"de"},{"@type":"Person","@id":"https:\/\/www.krafthand.de\/truck\/#\/schema\/person\/23aebc1e5e3f0204da7158bce36950bb","name":"julian.schmid@krafthand.de","image":{"@type":"ImageObject","inLanguage":"de","@id":"https:\/\/secure.gravatar.com\/avatar\/ef76c2910cab8eb23fcc013e1c6dc1ba4af5e93fea6e6132d7c4e67d4e9631e9?s=96&d=mm&r=g","url":"https:\/\/secure.gravatar.com\/avatar\/ef76c2910cab8eb23fcc013e1c6dc1ba4af5e93fea6e6132d7c4e67d4e9631e9?s=96&d=mm&r=g","contentUrl":"https:\/\/secure.gravatar.com\/avatar\/ef76c2910cab8eb23fcc013e1c6dc1ba4af5e93fea6e6132d7c4e67d4e9631e9?s=96&d=mm&r=g","caption":"julian.schmid@krafthand.de"}}]}},"_links":{"self":[{"href":"https:\/\/www.krafthand.de\/truck\/wp-json\/wp\/v2\/posts\/24761","targetHints":{"allow":["GET"]}}],"collection":[{"href":"https:\/\/www.krafthand.de\/truck\/wp-json\/wp\/v2\/posts"}],"about":[{"href":"https:\/\/www.krafthand.de\/truck\/wp-json\/wp\/v2\/types\/post"}],"author":[{"embeddable":true,"href":"https:\/\/www.krafthand.de\/truck\/wp-json\/wp\/v2\/users\/7"}],"replies":[{"embeddable":true,"href":"https:\/\/www.krafthand.de\/truck\/wp-json\/wp\/v2\/comments?post=24761"}],"version-history":[{"count":5,"href":"https:\/\/www.krafthand.de\/truck\/wp-json\/wp\/v2\/posts\/24761\/revisions"}],"predecessor-version":[{"id":24768,"href":"https:\/\/www.krafthand.de\/truck\/wp-json\/wp\/v2\/posts\/24761\/revisions\/24768"}],"wp:featuredmedia":[{"embeddable":true,"href":"https:\/\/www.krafthand.de\/truck\/wp-json\/wp\/v2\/media\/24762"}],"wp:attachment":[{"href":"https:\/\/www.krafthand.de\/truck\/wp-json\/wp\/v2\/media?parent=24761"}],"wp:term":[{"taxonomy":"category","embeddable":true,"href":"https:\/\/www.krafthand.de\/truck\/wp-json\/wp\/v2\/categories?post=24761"},{"taxonomy":"post_tag","embeddable":true,"href":"https:\/\/www.krafthand.de\/truck\/wp-json\/wp\/v2\/tags?post=24761"},{"taxonomy":"settings","embeddable":true,"href":"https:\/\/www.krafthand.de\/truck\/wp-json\/wp\/v2\/settings?post=24761"}],"curies":[{"name":"wp","href":"https:\/\/api.w.org\/{rel}","templated":true}]}}