{"id":2475,"date":"2015-10-01T14:10:09","date_gmt":"2015-10-01T12:10:09","guid":{"rendered":"https:\/\/www.krafthand.de\/truck\/2015\/10\/01\/svg-startet-brandschutzseminar-fuer-berufskraftfahrer\/"},"modified":"2015-10-01T14:10:09","modified_gmt":"2015-10-01T12:10:09","slug":"svg-startet-brandschutzseminar-fuer-berufskraftfahrer","status":"publish","type":"post","link":"https:\/\/www.krafthand.de\/truck\/artikel\/svg-startet-brandschutzseminar-fuer-berufskraftfahrer-2475\/","title":{"rendered":"SVG startet Brandschutzseminar f\u00fcr Berufskraftfahrer"},"content":{"rendered":"<p class=\"text-colored\">Die Stra\u00dfenverkehrsgenossenschaften haben ihr Weiterbildungsprogramm um das Seminar \u201aSVG Brandschutz \u2013 Feuer bek\u00e4mpfen, Br\u00e4nde verhindern\u2019 erg\u00e4nzt. Es ist das bundesweit einzige Brandschutzseminar f\u00fcr die obligatorische Weiterbildung im Rahmen des Berufskraftfahrer-Qualifizierungs-Gesetzes (BKrFQG).<\/p>\n<p>\u201eFahrzeugbr\u00e4nde werden oft untersch\u00e4tzt und k\u00f6nnen katastrophale Folgen haben, wenn der Fahrer falsch reagiert. Mit dem richtigen Grundwissen lassen sich Gefahren schon im Vorfeld erkennen, um richtig zu reagieren\u201c, betont J\u00f6rg Rehaag, Leiter Weiterbildung bei der SVG Zentrale, Frankfurt. Dar\u00fcber hinaus wolle man den Fahrern mit der neuen Schulung im Rahmen ihrer BKrFQG-Weiterbildungen mehr Wahlm\u00f6glichkeiten bieten.<\/p>\n<p><b>SVG Brandschutz: Br\u00e4nde verhindern \u2013 Feuer bek\u00e4mpfen<\/b><br \/>Im neuen SVG-Brandschutzseminar aus dem Kenntnisbereich 3 lernen LKW-Fahrer die Gef\u00e4hrlichkeit von Br\u00e4nden besser einzusch\u00e4tzen und diese zu bek\u00e4mpfen. Dabei geht es nicht nur darum, wie verschiedene Materialien brennen, sondern die Fahrer erhalten zus\u00e4tzlich konkrete Tipps, welches Verhalten bei Reifenbr\u00e4nden, Motor- oder Fl\u00fcssigkeitsbr\u00e4nden, aber auch bei Feuer in geschlossenen R\u00e4umen angebracht ist und welche L\u00f6schversuche man unbedingt unterlassen sollten. Mittels praktischer Versuche wird demonstriert, wann man Feuer mit Wasser, Decken, Schaum oder CO2 l\u00f6scht oder wie es zu Gas- oder Mehlstaubexplosionen kommen kann. Auch der richtige Umgang mit Batterien wird im Versuch gezeigt.<\/p>\n<p>Damit es gar nicht erst zu gef\u00e4hrlichen Situationen kommt, erfahren die Seminarteilnehmer, wie sich Br\u00e4nde vermeiden lassen und was zu einem sinnvollen Brandschutz geh\u00f6rt. Wie bei allen SVG-Seminaren ist die Schulung interaktiv gestaltet, die Teilnehmer erhalten keinen Frontalunterricht, sondern sind aktiv in die Kursgestaltung eingebunden.<\/p>\n<p>Alle SVG-Weiterbildungsangebote k\u00f6nnen \u00fcber die Seminardatenbank auf der <b> <a href=\"http:\/\/www.svg.de\/\" target=\"_blank\">SVG-Homepage<\/link><\/b> ausgew\u00e4hlt und gebucht werden. Den Film zur Schulung gibt es <b><link http:\/\/www.svg.de\/berufskraftfahrer\/weiterbildung\/neu-videos\/  - external-link-new-window \"Opens external link in new window\">hier<\/a><\/b>.<\/p>\n","protected":false},"excerpt":{"rendered":"<p>Die Stra\u00dfenverkehrsgenossenschaften haben ihr Weiterbildungsprogramm um das Seminar \u201aSVG Brandschutz \u2013 Feuer bek\u00e4mpfen, Br\u00e4nde verhindern\u2019 erg\u00e4nzt. Es ist das bundesweit einzige Brandschutzseminar f\u00fcr die obligatorische Weiterbildung im Rahmen des Berufskraftfahrer-Qualifizierungs-Gesetzes (BKrFQG). <span class=\"excerpt-more__dots\">&#8230;<\/span> <a class=\"excerpt-more__link\" href=\"https:\/\/www.krafthand.de\/truck\/artikel\/svg-startet-brandschutzseminar-fuer-berufskraftfahrer-2475\/\" >weiter<\/a><\/p>\n","protected":false},"author":3,"featured_media":2476,"comment_status":"closed","ping_status":"closed","sticky":false,"template":"","format":"standard","meta":{"footnotes":""},"categories":[5],"tags":[2079,2078],"settings":[],"class_list":["post-2475","post","type-post","status-publish","format-standard","has-post-thumbnail","hentry","category-branche","tag-brandschutzseminar","tag-svg"],"yoast_head":"<!-- This site is optimized with the Yoast SEO plugin v27.3 - https:\/\/yoast.com\/product\/yoast-seo-wordpress\/ -->\n<title>SVG startet Brandschutzseminar f\u00fcr Berufskraftfahrer - Krafthand-Truck<\/title>\n<meta name=\"robots\" content=\"index, follow, max-snippet:-1, max-image-preview:large, max-video-preview:-1\" \/>\n<link rel=\"canonical\" href=\"https:\/\/www.krafthand.de\/truck\/artikel\/svg-startet-brandschutzseminar-fuer-berufskraftfahrer-2475\/\" \/>\n<meta property=\"og:locale\" content=\"de_DE\" \/>\n<meta property=\"og:type\" content=\"article\" \/>\n<meta property=\"og:title\" content=\"SVG startet Brandschutzseminar f\u00fcr Berufskraftfahrer - Krafthand-Truck\" \/>\n<meta property=\"og:description\" content=\"Die Stra\u00dfenverkehrsgenossenschaften haben ihr Weiterbildungsprogramm um das Seminar \u201aSVG Brandschutz \u2013 Feuer bek\u00e4mpfen, Br\u00e4nde verhindern\u2019 erg\u00e4nzt. Es ist das bundesweit einzige Brandschutzseminar f\u00fcr die obligatorische Weiterbildung im Rahmen des Berufskraftfahrer-Qualifizierungs-Gesetzes (BKrFQG). ... weiter\" \/>\n<meta property=\"og:url\" content=\"https:\/\/www.krafthand-truck.de\/artikel\/svg-startet-brandschutzseminar-fuer-berufskraftfahrer-2475\/\" \/>\n<meta property=\"og:site_name\" content=\"Krafthand-Truck\" \/>\n<meta property=\"article:published_time\" content=\"2015-10-01T12:10:09+00:00\" \/>\n<meta property=\"og:image\" content=\"https:\/\/www.krafthand.de\/truck\/wp-content\/uploads\/2015\/10\/SVG_Brandschutzschulung1-1.jpg\" \/>\n\t<meta property=\"og:image:width\" content=\"900\" \/>\n\t<meta property=\"og:image:height\" content=\"782\" \/>\n\t<meta property=\"og:image:type\" content=\"image\/jpeg\" \/>\n<meta name=\"author\" content=\"katja.heid@krafthand.de\" \/>\n<meta name=\"twitter:card\" content=\"summary_large_image\" \/>\n<meta name=\"twitter:label1\" content=\"Verfasst von\" \/>\n\t<meta name=\"twitter:data1\" content=\"katja.heid@krafthand.de\" \/>\n\t<meta name=\"twitter:label2\" content=\"Gesch\u00e4tzte Lesezeit\" \/>\n\t<meta name=\"twitter:data2\" content=\"1\u00a0Minute\" \/>\n<script type=\"application\/ld+json\" class=\"yoast-schema-graph\">{\"@context\":\"https:\\\/\\\/schema.org\",\"@graph\":[{\"@type\":\"Article\",\"@id\":\"https:\\\/\\\/www.krafthand.de\\\/truck\\\/artikel\\\/svg-startet-brandschutzseminar-fuer-berufskraftfahrer-2475\\\/#article\",\"isPartOf\":{\"@id\":\"https:\\\/\\\/www.krafthand.de\\\/truck\\\/artikel\\\/svg-startet-brandschutzseminar-fuer-berufskraftfahrer-2475\\\/\"},\"author\":{\"name\":\"katja.heid@krafthand.de\",\"@id\":\"https:\\\/\\\/www.krafthand.de\\\/truck\\\/#\\\/schema\\\/person\\\/8e290c6d425b72d176adc7767a251001\"},\"headline\":\"SVG startet Brandschutzseminar f\u00fcr Berufskraftfahrer\",\"datePublished\":\"2015-10-01T12:10:09+00:00\",\"mainEntityOfPage\":{\"@id\":\"https:\\\/\\\/www.krafthand.de\\\/truck\\\/artikel\\\/svg-startet-brandschutzseminar-fuer-berufskraftfahrer-2475\\\/\"},\"wordCount\":286,\"image\":{\"@id\":\"https:\\\/\\\/www.krafthand.de\\\/truck\\\/artikel\\\/svg-startet-brandschutzseminar-fuer-berufskraftfahrer-2475\\\/#primaryimage\"},\"thumbnailUrl\":\"https:\\\/\\\/static.krafthand-truck.de\\\/uploads\\\/2015\\\/10\\\/SVG_Brandschutzschulung1-1.jpg\",\"keywords\":[\"Brandschutzseminar\",\"SVG\"],\"articleSection\":[\"Nfz-Branche\"],\"inLanguage\":\"de\"},{\"@type\":\"WebPage\",\"@id\":\"https:\\\/\\\/www.krafthand.de\\\/truck\\\/artikel\\\/svg-startet-brandschutzseminar-fuer-berufskraftfahrer-2475\\\/\",\"url\":\"https:\\\/\\\/www.krafthand.de\\\/truck\\\/artikel\\\/svg-startet-brandschutzseminar-fuer-berufskraftfahrer-2475\\\/\",\"name\":\"SVG startet Brandschutzseminar f\u00fcr Berufskraftfahrer - Krafthand-Truck\",\"isPartOf\":{\"@id\":\"https:\\\/\\\/www.krafthand.de\\\/truck\\\/#website\"},\"primaryImageOfPage\":{\"@id\":\"https:\\\/\\\/www.krafthand.de\\\/truck\\\/artikel\\\/svg-startet-brandschutzseminar-fuer-berufskraftfahrer-2475\\\/#primaryimage\"},\"image\":{\"@id\":\"https:\\\/\\\/www.krafthand.de\\\/truck\\\/artikel\\\/svg-startet-brandschutzseminar-fuer-berufskraftfahrer-2475\\\/#primaryimage\"},\"thumbnailUrl\":\"https:\\\/\\\/static.krafthand-truck.de\\\/uploads\\\/2015\\\/10\\\/SVG_Brandschutzschulung1-1.jpg\",\"datePublished\":\"2015-10-01T12:10:09+00:00\",\"author\":{\"@id\":\"https:\\\/\\\/www.krafthand.de\\\/truck\\\/#\\\/schema\\\/person\\\/8e290c6d425b72d176adc7767a251001\"},\"breadcrumb\":{\"@id\":\"https:\\\/\\\/www.krafthand.de\\\/truck\\\/artikel\\\/svg-startet-brandschutzseminar-fuer-berufskraftfahrer-2475\\\/#breadcrumb\"},\"inLanguage\":\"de\",\"potentialAction\":[{\"@type\":\"ReadAction\",\"target\":[\"https:\\\/\\\/www.krafthand.de\\\/truck\\\/artikel\\\/svg-startet-brandschutzseminar-fuer-berufskraftfahrer-2475\\\/\"]}]},{\"@type\":\"ImageObject\",\"inLanguage\":\"de\",\"@id\":\"https:\\\/\\\/www.krafthand.de\\\/truck\\\/artikel\\\/svg-startet-brandschutzseminar-fuer-berufskraftfahrer-2475\\\/#primaryimage\",\"url\":\"https:\\\/\\\/static.krafthand-truck.de\\\/uploads\\\/2015\\\/10\\\/SVG_Brandschutzschulung1-1.jpg\",\"contentUrl\":\"https:\\\/\\\/static.krafthand-truck.de\\\/uploads\\\/2015\\\/10\\\/SVG_Brandschutzschulung1-1.jpg\",\"width\":900,\"height\":782,\"caption\":\"Im neuen SVG-Brandschutzseminar aus dem Kenntnisbereich 3 lernen LKW-Fahrer die Gef\u00e4hrlichkeit von Br\u00e4nden besser einzusch\u00e4tzen und diese zu bek\u00e4mpfen. Bild: SVG\"},{\"@type\":\"BreadcrumbList\",\"@id\":\"https:\\\/\\\/www.krafthand.de\\\/truck\\\/artikel\\\/svg-startet-brandschutzseminar-fuer-berufskraftfahrer-2475\\\/#breadcrumb\",\"itemListElement\":[{\"@type\":\"ListItem\",\"position\":1,\"name\":\"Krafthand-Truck\",\"item\":\"https:\\\/\\\/www.krafthand.de\\\/truck\\\/\"},{\"@type\":\"ListItem\",\"position\":2,\"name\":\"Nfz-Branche\",\"item\":\"https:\\\/\\\/www.krafthand.de\\\/truck\\\/kategorie\\\/branche\\\/\"},{\"@type\":\"ListItem\",\"position\":3,\"name\":\"SVG startet Brandschutzseminar f\u00fcr Berufskraftfahrer\"}]},{\"@type\":\"WebSite\",\"@id\":\"https:\\\/\\\/www.krafthand.de\\\/truck\\\/#website\",\"url\":\"https:\\\/\\\/www.krafthand.de\\\/truck\\\/\",\"name\":\"Krafthand-Truck\",\"description\":\"\",\"potentialAction\":[{\"@type\":\"SearchAction\",\"target\":{\"@type\":\"EntryPoint\",\"urlTemplate\":\"https:\\\/\\\/www.krafthand.de\\\/truck\\\/?s={search_term_string}\"},\"query-input\":{\"@type\":\"PropertyValueSpecification\",\"valueRequired\":true,\"valueName\":\"search_term_string\"}}],\"inLanguage\":\"de\"},{\"@type\":\"Person\",\"@id\":\"https:\\\/\\\/www.krafthand.de\\\/truck\\\/#\\\/schema\\\/person\\\/8e290c6d425b72d176adc7767a251001\",\"name\":\"katja.heid@krafthand.de\",\"image\":{\"@type\":\"ImageObject\",\"inLanguage\":\"de\",\"@id\":\"https:\\\/\\\/secure.gravatar.com\\\/avatar\\\/9a2930c54ede0e0a76c0f8abfb74704de273084f2aa0e3c6deb2c86704c7402b?s=96&d=mm&r=g\",\"url\":\"https:\\\/\\\/secure.gravatar.com\\\/avatar\\\/9a2930c54ede0e0a76c0f8abfb74704de273084f2aa0e3c6deb2c86704c7402b?s=96&d=mm&r=g\",\"contentUrl\":\"https:\\\/\\\/secure.gravatar.com\\\/avatar\\\/9a2930c54ede0e0a76c0f8abfb74704de273084f2aa0e3c6deb2c86704c7402b?s=96&d=mm&r=g\",\"caption\":\"katja.heid@krafthand.de\"}}]}<\/script>\n<!-- \/ Yoast SEO plugin. -->","yoast_head_json":{"title":"SVG startet Brandschutzseminar f\u00fcr Berufskraftfahrer - Krafthand-Truck","robots":{"index":"index","follow":"follow","max-snippet":"max-snippet:-1","max-image-preview":"max-image-preview:large","max-video-preview":"max-video-preview:-1"},"canonical":"https:\/\/www.krafthand.de\/truck\/artikel\/svg-startet-brandschutzseminar-fuer-berufskraftfahrer-2475\/","og_locale":"de_DE","og_type":"article","og_title":"SVG startet Brandschutzseminar f\u00fcr Berufskraftfahrer - Krafthand-Truck","og_description":"Die Stra\u00dfenverkehrsgenossenschaften haben ihr Weiterbildungsprogramm um das Seminar \u201aSVG Brandschutz \u2013 Feuer bek\u00e4mpfen, Br\u00e4nde verhindern\u2019 erg\u00e4nzt. Es ist das bundesweit einzige Brandschutzseminar f\u00fcr die obligatorische Weiterbildung im Rahmen des Berufskraftfahrer-Qualifizierungs-Gesetzes (BKrFQG). ... weiter","og_url":"https:\/\/www.krafthand-truck.de\/artikel\/svg-startet-brandschutzseminar-fuer-berufskraftfahrer-2475\/","og_site_name":"Krafthand-Truck","article_published_time":"2015-10-01T12:10:09+00:00","og_image":[{"width":900,"height":782,"url":"https:\/\/www.krafthand.de\/truck\/wp-content\/uploads\/2015\/10\/SVG_Brandschutzschulung1-1.jpg","type":"image\/jpeg"}],"author":"katja.heid@krafthand.de","twitter_card":"summary_large_image","twitter_misc":{"Verfasst von":"katja.heid@krafthand.de","Gesch\u00e4tzte Lesezeit":"1\u00a0Minute"},"schema":{"@context":"https:\/\/schema.org","@graph":[{"@type":"Article","@id":"https:\/\/www.krafthand.de\/truck\/artikel\/svg-startet-brandschutzseminar-fuer-berufskraftfahrer-2475\/#article","isPartOf":{"@id":"https:\/\/www.krafthand.de\/truck\/artikel\/svg-startet-brandschutzseminar-fuer-berufskraftfahrer-2475\/"},"author":{"name":"katja.heid@krafthand.de","@id":"https:\/\/www.krafthand.de\/truck\/#\/schema\/person\/8e290c6d425b72d176adc7767a251001"},"headline":"SVG startet Brandschutzseminar f\u00fcr Berufskraftfahrer","datePublished":"2015-10-01T12:10:09+00:00","mainEntityOfPage":{"@id":"https:\/\/www.krafthand.de\/truck\/artikel\/svg-startet-brandschutzseminar-fuer-berufskraftfahrer-2475\/"},"wordCount":286,"image":{"@id":"https:\/\/www.krafthand.de\/truck\/artikel\/svg-startet-brandschutzseminar-fuer-berufskraftfahrer-2475\/#primaryimage"},"thumbnailUrl":"https:\/\/static.krafthand-truck.de\/uploads\/2015\/10\/SVG_Brandschutzschulung1-1.jpg","keywords":["Brandschutzseminar","SVG"],"articleSection":["Nfz-Branche"],"inLanguage":"de"},{"@type":"WebPage","@id":"https:\/\/www.krafthand.de\/truck\/artikel\/svg-startet-brandschutzseminar-fuer-berufskraftfahrer-2475\/","url":"https:\/\/www.krafthand.de\/truck\/artikel\/svg-startet-brandschutzseminar-fuer-berufskraftfahrer-2475\/","name":"SVG startet Brandschutzseminar f\u00fcr Berufskraftfahrer - Krafthand-Truck","isPartOf":{"@id":"https:\/\/www.krafthand.de\/truck\/#website"},"primaryImageOfPage":{"@id":"https:\/\/www.krafthand.de\/truck\/artikel\/svg-startet-brandschutzseminar-fuer-berufskraftfahrer-2475\/#primaryimage"},"image":{"@id":"https:\/\/www.krafthand.de\/truck\/artikel\/svg-startet-brandschutzseminar-fuer-berufskraftfahrer-2475\/#primaryimage"},"thumbnailUrl":"https:\/\/static.krafthand-truck.de\/uploads\/2015\/10\/SVG_Brandschutzschulung1-1.jpg","datePublished":"2015-10-01T12:10:09+00:00","author":{"@id":"https:\/\/www.krafthand.de\/truck\/#\/schema\/person\/8e290c6d425b72d176adc7767a251001"},"breadcrumb":{"@id":"https:\/\/www.krafthand.de\/truck\/artikel\/svg-startet-brandschutzseminar-fuer-berufskraftfahrer-2475\/#breadcrumb"},"inLanguage":"de","potentialAction":[{"@type":"ReadAction","target":["https:\/\/www.krafthand.de\/truck\/artikel\/svg-startet-brandschutzseminar-fuer-berufskraftfahrer-2475\/"]}]},{"@type":"ImageObject","inLanguage":"de","@id":"https:\/\/www.krafthand.de\/truck\/artikel\/svg-startet-brandschutzseminar-fuer-berufskraftfahrer-2475\/#primaryimage","url":"https:\/\/static.krafthand-truck.de\/uploads\/2015\/10\/SVG_Brandschutzschulung1-1.jpg","contentUrl":"https:\/\/static.krafthand-truck.de\/uploads\/2015\/10\/SVG_Brandschutzschulung1-1.jpg","width":900,"height":782,"caption":"Im neuen SVG-Brandschutzseminar aus dem Kenntnisbereich 3 lernen LKW-Fahrer die Gef\u00e4hrlichkeit von Br\u00e4nden besser einzusch\u00e4tzen und diese zu bek\u00e4mpfen. Bild: SVG"},{"@type":"BreadcrumbList","@id":"https:\/\/www.krafthand.de\/truck\/artikel\/svg-startet-brandschutzseminar-fuer-berufskraftfahrer-2475\/#breadcrumb","itemListElement":[{"@type":"ListItem","position":1,"name":"Krafthand-Truck","item":"https:\/\/www.krafthand.de\/truck\/"},{"@type":"ListItem","position":2,"name":"Nfz-Branche","item":"https:\/\/www.krafthand.de\/truck\/kategorie\/branche\/"},{"@type":"ListItem","position":3,"name":"SVG startet Brandschutzseminar f\u00fcr Berufskraftfahrer"}]},{"@type":"WebSite","@id":"https:\/\/www.krafthand.de\/truck\/#website","url":"https:\/\/www.krafthand.de\/truck\/","name":"Krafthand-Truck","description":"","potentialAction":[{"@type":"SearchAction","target":{"@type":"EntryPoint","urlTemplate":"https:\/\/www.krafthand.de\/truck\/?s={search_term_string}"},"query-input":{"@type":"PropertyValueSpecification","valueRequired":true,"valueName":"search_term_string"}}],"inLanguage":"de"},{"@type":"Person","@id":"https:\/\/www.krafthand.de\/truck\/#\/schema\/person\/8e290c6d425b72d176adc7767a251001","name":"katja.heid@krafthand.de","image":{"@type":"ImageObject","inLanguage":"de","@id":"https:\/\/secure.gravatar.com\/avatar\/9a2930c54ede0e0a76c0f8abfb74704de273084f2aa0e3c6deb2c86704c7402b?s=96&d=mm&r=g","url":"https:\/\/secure.gravatar.com\/avatar\/9a2930c54ede0e0a76c0f8abfb74704de273084f2aa0e3c6deb2c86704c7402b?s=96&d=mm&r=g","contentUrl":"https:\/\/secure.gravatar.com\/avatar\/9a2930c54ede0e0a76c0f8abfb74704de273084f2aa0e3c6deb2c86704c7402b?s=96&d=mm&r=g","caption":"katja.heid@krafthand.de"}}]}},"_links":{"self":[{"href":"https:\/\/www.krafthand.de\/truck\/wp-json\/wp\/v2\/posts\/2475","targetHints":{"allow":["GET"]}}],"collection":[{"href":"https:\/\/www.krafthand.de\/truck\/wp-json\/wp\/v2\/posts"}],"about":[{"href":"https:\/\/www.krafthand.de\/truck\/wp-json\/wp\/v2\/types\/post"}],"author":[{"embeddable":true,"href":"https:\/\/www.krafthand.de\/truck\/wp-json\/wp\/v2\/users\/3"}],"replies":[{"embeddable":true,"href":"https:\/\/www.krafthand.de\/truck\/wp-json\/wp\/v2\/comments?post=2475"}],"version-history":[{"count":0,"href":"https:\/\/www.krafthand.de\/truck\/wp-json\/wp\/v2\/posts\/2475\/revisions"}],"wp:featuredmedia":[{"embeddable":true,"href":"https:\/\/www.krafthand.de\/truck\/wp-json\/wp\/v2\/media\/2476"}],"wp:attachment":[{"href":"https:\/\/www.krafthand.de\/truck\/wp-json\/wp\/v2\/media?parent=2475"}],"wp:term":[{"taxonomy":"category","embeddable":true,"href":"https:\/\/www.krafthand.de\/truck\/wp-json\/wp\/v2\/categories?post=2475"},{"taxonomy":"post_tag","embeddable":true,"href":"https:\/\/www.krafthand.de\/truck\/wp-json\/wp\/v2\/tags?post=2475"},{"taxonomy":"settings","embeddable":true,"href":"https:\/\/www.krafthand.de\/truck\/wp-json\/wp\/v2\/settings?post=2475"}],"curies":[{"name":"wp","href":"https:\/\/api.w.org\/{rel}","templated":true}]}}