{"id":24722,"date":"2019-05-25T07:00:09","date_gmt":"2019-05-25T05:00:09","guid":{"rendered":"https:\/\/www.krafthand.de\/truck\/?p=24722"},"modified":"2021-11-28T09:18:30","modified_gmt":"2021-11-28T08:18:30","slug":"nachruestbare-klimaanlage-fuer-elektrobusse","status":"publish","type":"post","link":"https:\/\/www.krafthand.de\/truck\/artikel\/nachruestbare-klimaanlage-fuer-elektrobusse-24722\/","title":{"rendered":"Nachr\u00fcstbare Klimaanlage f\u00fcr Elektrobusse"},"content":{"rendered":"<p>Valeo Thermal Commercial Vehicles (TCV), die Thermomanagement-Sparte des franz\u00f6sischen Zulieferers Valeo, hat mit der \u201aRevo-E Pro\u2018 eine Aufdachklimaanlage speziell f\u00fcr Elektrobusse entwickelt. Nach Unternehmensangaben soll sich das auf einer W\u00e4rmepumpe basierende System zum K\u00fchlen und Beheizen des Fahrgastraums gleicherma\u00dfen eignen und letzteres den Entwicklern zufolge auch bei winterlichen Au\u00dfentemperaturen von bis \u201315\u00b0 Celsius noch problemlos bewerkstelligen k\u00f6nnen, je nachdem, welches K\u00e4ltemittel verwendet wird.<\/p>\n<p>Eine virtuelle Vereisungssensorik soll im Verbund mit einer vollautomatischen Hei\u00dfgasabtauung mit energieoptimierter Enteisungsdauer erm\u00f6glichen, dass sich die Anlage mit dem Ka\u0308ltemittel R134a f\u00fcr Au\u00dfentemperaturen bis zu \u20135 \u00b0C und mit dem K\u00e4ltemittel R449a bis zu \u201315 \u00b0C sicher betreiben lassen soll. Gesteuert wird die \u201aRevo-E Pro\u2018 von dem ebenfalls von Valeo-Ingenieuren entwickelten Bedienteil \u201aSC 620\u2018 aus. Als \u201aStandalone\u2018-L\u00f6sung konzipiert, das hei\u00dft: alle Klima- und Regelungskomponenten sind kompakt in der Anlage integriert und das Regelungskonzept entkoppelt von der fahrzeugseitigen Einbindung, soll sich die neue Aufdachklimaanlage in nahezu jedem Bus, unabh\u00e4ngig vom Fahrzeugdesign, implementieren lassen, so der Hersteller.<\/p>\n<p><i>Den Beitrag finden Sie auch in der Print-Ausgabe 1\/19 der <a href=\"https:\/\/www.krafthand.de\/truck\/magazin\/\" title=\"Zum Magazin\">Krafthand-Truck<\/a>.<\/i><\/p>","protected":false},"excerpt":{"rendered":"<p>Valeo Thermal Commercial Vehicles, die Thermomanagement-Sparte des franz\u00f6sischen Zulieferers Valeo, hat mit der \u201aRevo-E Pro\u2018 eine Aufdachklimaanlage speziell f\u00fcr Elektrobusse entwickelt. <span class=\"excerpt-more__dots\">&#8230;<\/span> <a class=\"excerpt-more__link\" href=\"https:\/\/www.krafthand.de\/truck\/artikel\/nachruestbare-klimaanlage-fuer-elektrobusse-24722\/\" >weiter<\/a><\/p>\n","protected":false},"author":7,"featured_media":24724,"comment_status":"closed","ping_status":"closed","sticky":false,"template":"","format":"standard","meta":{"footnotes":""},"categories":[4912],"tags":[3842,3843,436,3844,70,3841,1390],"settings":[],"class_list":["post-24722","post","type-post","status-publish","format-standard","has-post-thumbnail","hentry","category-ersatzteile-zubehoer","tag-aufdachklimaanlage","tag-aufdachklimaloesung","tag-aufdachklimaloesung-mit-waermepumpe","tag-elektrobus","tag-klimaanlage","tag-revo-e-pro","tag-valeo"],"yoast_head":"<!-- This site is optimized with the Yoast SEO plugin v27.3 - https:\/\/yoast.com\/product\/yoast-seo-wordpress\/ -->\n<title>Nachr\u00fcstbare Klimaanlage f\u00fcr Elektrobusse - Krafthand-Truck<\/title>\n<meta name=\"description\" content=\"Valeo hat mit der \u201aRevo-E Pro\u2018 eine Aufdachklimaanlage speziell f\u00fcr Elektrobusse entwickelt. Das System basiert auf einer W\u00e4rmepumpe.\" \/>\n<meta name=\"robots\" content=\"index, follow, max-snippet:-1, max-image-preview:large, max-video-preview:-1\" \/>\n<link rel=\"canonical\" href=\"https:\/\/www.krafthand.de\/truck\/artikel\/nachruestbare-klimaanlage-fuer-elektrobusse-24722\/\" \/>\n<meta property=\"og:locale\" content=\"de_DE\" \/>\n<meta property=\"og:type\" content=\"article\" \/>\n<meta property=\"og:title\" content=\"Nachr\u00fcstbare Klimaanlage f\u00fcr Elektrobusse - Krafthand-Truck\" \/>\n<meta property=\"og:description\" content=\"Valeo hat mit der \u201aRevo-E Pro\u2018 eine Aufdachklimaanlage speziell f\u00fcr Elektrobusse entwickelt. Das System basiert auf einer W\u00e4rmepumpe.\" \/>\n<meta property=\"og:url\" content=\"https:\/\/www.krafthand-truck.de\/artikel\/nachruestbare-klimaanlage-fuer-elektrobusse-24722\/\" \/>\n<meta property=\"og:site_name\" content=\"Krafthand-Truck\" \/>\n<meta property=\"article:published_time\" content=\"2019-05-25T05:00:09+00:00\" \/>\n<meta property=\"article:modified_time\" content=\"2021-11-28T08:18:30+00:00\" \/>\n<meta property=\"og:image\" content=\"https:\/\/www.krafthand.de\/truck\/wp-content\/uploads\/2019\/05\/TRUCK_01_19_046.jpg\" \/>\n\t<meta property=\"og:image:width\" content=\"1000\" \/>\n\t<meta property=\"og:image:height\" content=\"595\" \/>\n\t<meta property=\"og:image:type\" content=\"image\/jpeg\" \/>\n<meta name=\"author\" content=\"julian.schmid@krafthand.de\" \/>\n<meta name=\"twitter:card\" content=\"summary_large_image\" \/>\n<meta name=\"twitter:label1\" content=\"Verfasst von\" \/>\n\t<meta name=\"twitter:data1\" content=\"julian.schmid@krafthand.de\" \/>\n\t<meta name=\"twitter:label2\" content=\"Gesch\u00e4tzte Lesezeit\" \/>\n\t<meta name=\"twitter:data2\" content=\"1\u00a0Minute\" \/>\n<script type=\"application\/ld+json\" class=\"yoast-schema-graph\">{\"@context\":\"https:\\\/\\\/schema.org\",\"@graph\":[{\"@type\":\"Article\",\"@id\":\"https:\\\/\\\/www.krafthand.de\\\/truck\\\/artikel\\\/nachruestbare-klimaanlage-fuer-elektrobusse-24722\\\/#article\",\"isPartOf\":{\"@id\":\"https:\\\/\\\/www.krafthand.de\\\/truck\\\/artikel\\\/nachruestbare-klimaanlage-fuer-elektrobusse-24722\\\/\"},\"author\":{\"name\":\"julian.schmid@krafthand.de\",\"@id\":\"https:\\\/\\\/www.krafthand.de\\\/truck\\\/#\\\/schema\\\/person\\\/23aebc1e5e3f0204da7158bce36950bb\"},\"headline\":\"Nachr\u00fcstbare Klimaanlage f\u00fcr Elektrobusse\",\"datePublished\":\"2019-05-25T05:00:09+00:00\",\"dateModified\":\"2021-11-28T08:18:30+00:00\",\"mainEntityOfPage\":{\"@id\":\"https:\\\/\\\/www.krafthand.de\\\/truck\\\/artikel\\\/nachruestbare-klimaanlage-fuer-elektrobusse-24722\\\/\"},\"wordCount\":181,\"image\":{\"@id\":\"https:\\\/\\\/www.krafthand.de\\\/truck\\\/artikel\\\/nachruestbare-klimaanlage-fuer-elektrobusse-24722\\\/#primaryimage\"},\"thumbnailUrl\":\"https:\\\/\\\/static.krafthand-truck.de\\\/uploads\\\/2019\\\/05\\\/TRUCK_01_19_046.jpg\",\"keywords\":[\"Aufdachklimaanlage\",\"Aufdachklimal\u00f6sung\",\"Aufdachklimal\u00f6sung mit W\u00e4rmepumpe\",\"Elektrobus\",\"Klimaanlage\",\"Revo-E Pro\",\"Valeo\"],\"articleSection\":[\"Ersatzteile\\\/Zubeh\u00f6r\"],\"inLanguage\":\"de\"},{\"@type\":\"WebPage\",\"@id\":\"https:\\\/\\\/www.krafthand.de\\\/truck\\\/artikel\\\/nachruestbare-klimaanlage-fuer-elektrobusse-24722\\\/\",\"url\":\"https:\\\/\\\/www.krafthand.de\\\/truck\\\/artikel\\\/nachruestbare-klimaanlage-fuer-elektrobusse-24722\\\/\",\"name\":\"Nachr\u00fcstbare Klimaanlage f\u00fcr Elektrobusse - Krafthand-Truck\",\"isPartOf\":{\"@id\":\"https:\\\/\\\/www.krafthand.de\\\/truck\\\/#website\"},\"primaryImageOfPage\":{\"@id\":\"https:\\\/\\\/www.krafthand.de\\\/truck\\\/artikel\\\/nachruestbare-klimaanlage-fuer-elektrobusse-24722\\\/#primaryimage\"},\"image\":{\"@id\":\"https:\\\/\\\/www.krafthand.de\\\/truck\\\/artikel\\\/nachruestbare-klimaanlage-fuer-elektrobusse-24722\\\/#primaryimage\"},\"thumbnailUrl\":\"https:\\\/\\\/static.krafthand-truck.de\\\/uploads\\\/2019\\\/05\\\/TRUCK_01_19_046.jpg\",\"datePublished\":\"2019-05-25T05:00:09+00:00\",\"dateModified\":\"2021-11-28T08:18:30+00:00\",\"author\":{\"@id\":\"https:\\\/\\\/www.krafthand.de\\\/truck\\\/#\\\/schema\\\/person\\\/23aebc1e5e3f0204da7158bce36950bb\"},\"description\":\"Valeo hat mit der \u201aRevo-E Pro\u2018 eine Aufdachklimaanlage speziell f\u00fcr Elektrobusse entwickelt. Das System basiert auf einer W\u00e4rmepumpe.\",\"breadcrumb\":{\"@id\":\"https:\\\/\\\/www.krafthand.de\\\/truck\\\/artikel\\\/nachruestbare-klimaanlage-fuer-elektrobusse-24722\\\/#breadcrumb\"},\"inLanguage\":\"de\",\"potentialAction\":[{\"@type\":\"ReadAction\",\"target\":[\"https:\\\/\\\/www.krafthand.de\\\/truck\\\/artikel\\\/nachruestbare-klimaanlage-fuer-elektrobusse-24722\\\/\"]}]},{\"@type\":\"ImageObject\",\"inLanguage\":\"de\",\"@id\":\"https:\\\/\\\/www.krafthand.de\\\/truck\\\/artikel\\\/nachruestbare-klimaanlage-fuer-elektrobusse-24722\\\/#primaryimage\",\"url\":\"https:\\\/\\\/static.krafthand-truck.de\\\/uploads\\\/2019\\\/05\\\/TRUCK_01_19_046.jpg\",\"contentUrl\":\"https:\\\/\\\/static.krafthand-truck.de\\\/uploads\\\/2019\\\/05\\\/TRUCK_01_19_046.jpg\",\"width\":1000,\"height\":595,\"caption\":\"Aufdachklimaanlage f\u00fcr Elektrobusse von Valeo\"},{\"@type\":\"BreadcrumbList\",\"@id\":\"https:\\\/\\\/www.krafthand.de\\\/truck\\\/artikel\\\/nachruestbare-klimaanlage-fuer-elektrobusse-24722\\\/#breadcrumb\",\"itemListElement\":[{\"@type\":\"ListItem\",\"position\":1,\"name\":\"Krafthand-Truck\",\"item\":\"https:\\\/\\\/www.krafthand.de\\\/truck\\\/\"},{\"@type\":\"ListItem\",\"position\":2,\"name\":\"Nfz-Service\",\"item\":\"https:\\\/\\\/www.krafthand.de\\\/truck\\\/kategorie\\\/nfz-service\\\/\"},{\"@type\":\"ListItem\",\"position\":3,\"name\":\"Ersatzteile\\\/Zubeh\u00f6r\",\"item\":\"https:\\\/\\\/www.krafthand.de\\\/truck\\\/kategorie\\\/nfz-service\\\/ersatzteile-zubehoer\\\/\"},{\"@type\":\"ListItem\",\"position\":4,\"name\":\"Nachr\u00fcstbare Klimaanlage f\u00fcr Elektrobusse\"}]},{\"@type\":\"WebSite\",\"@id\":\"https:\\\/\\\/www.krafthand.de\\\/truck\\\/#website\",\"url\":\"https:\\\/\\\/www.krafthand.de\\\/truck\\\/\",\"name\":\"Krafthand-Truck\",\"description\":\"\",\"potentialAction\":[{\"@type\":\"SearchAction\",\"target\":{\"@type\":\"EntryPoint\",\"urlTemplate\":\"https:\\\/\\\/www.krafthand.de\\\/truck\\\/?s={search_term_string}\"},\"query-input\":{\"@type\":\"PropertyValueSpecification\",\"valueRequired\":true,\"valueName\":\"search_term_string\"}}],\"inLanguage\":\"de\"},{\"@type\":\"Person\",\"@id\":\"https:\\\/\\\/www.krafthand.de\\\/truck\\\/#\\\/schema\\\/person\\\/23aebc1e5e3f0204da7158bce36950bb\",\"name\":\"julian.schmid@krafthand.de\",\"image\":{\"@type\":\"ImageObject\",\"inLanguage\":\"de\",\"@id\":\"https:\\\/\\\/secure.gravatar.com\\\/avatar\\\/ef76c2910cab8eb23fcc013e1c6dc1ba4af5e93fea6e6132d7c4e67d4e9631e9?s=96&d=mm&r=g\",\"url\":\"https:\\\/\\\/secure.gravatar.com\\\/avatar\\\/ef76c2910cab8eb23fcc013e1c6dc1ba4af5e93fea6e6132d7c4e67d4e9631e9?s=96&d=mm&r=g\",\"contentUrl\":\"https:\\\/\\\/secure.gravatar.com\\\/avatar\\\/ef76c2910cab8eb23fcc013e1c6dc1ba4af5e93fea6e6132d7c4e67d4e9631e9?s=96&d=mm&r=g\",\"caption\":\"julian.schmid@krafthand.de\"}}]}<\/script>\n<!-- \/ Yoast SEO plugin. -->","yoast_head_json":{"title":"Nachr\u00fcstbare Klimaanlage f\u00fcr Elektrobusse - Krafthand-Truck","description":"Valeo hat mit der \u201aRevo-E Pro\u2018 eine Aufdachklimaanlage speziell f\u00fcr Elektrobusse entwickelt. Das System basiert auf einer W\u00e4rmepumpe.","robots":{"index":"index","follow":"follow","max-snippet":"max-snippet:-1","max-image-preview":"max-image-preview:large","max-video-preview":"max-video-preview:-1"},"canonical":"https:\/\/www.krafthand.de\/truck\/artikel\/nachruestbare-klimaanlage-fuer-elektrobusse-24722\/","og_locale":"de_DE","og_type":"article","og_title":"Nachr\u00fcstbare Klimaanlage f\u00fcr Elektrobusse - Krafthand-Truck","og_description":"Valeo hat mit der \u201aRevo-E Pro\u2018 eine Aufdachklimaanlage speziell f\u00fcr Elektrobusse entwickelt. Das System basiert auf einer W\u00e4rmepumpe.","og_url":"https:\/\/www.krafthand-truck.de\/artikel\/nachruestbare-klimaanlage-fuer-elektrobusse-24722\/","og_site_name":"Krafthand-Truck","article_published_time":"2019-05-25T05:00:09+00:00","article_modified_time":"2021-11-28T08:18:30+00:00","og_image":[{"width":1000,"height":595,"url":"https:\/\/www.krafthand.de\/truck\/wp-content\/uploads\/2019\/05\/TRUCK_01_19_046.jpg","type":"image\/jpeg"}],"author":"julian.schmid@krafthand.de","twitter_card":"summary_large_image","twitter_misc":{"Verfasst von":"julian.schmid@krafthand.de","Gesch\u00e4tzte Lesezeit":"1\u00a0Minute"},"schema":{"@context":"https:\/\/schema.org","@graph":[{"@type":"Article","@id":"https:\/\/www.krafthand.de\/truck\/artikel\/nachruestbare-klimaanlage-fuer-elektrobusse-24722\/#article","isPartOf":{"@id":"https:\/\/www.krafthand.de\/truck\/artikel\/nachruestbare-klimaanlage-fuer-elektrobusse-24722\/"},"author":{"name":"julian.schmid@krafthand.de","@id":"https:\/\/www.krafthand.de\/truck\/#\/schema\/person\/23aebc1e5e3f0204da7158bce36950bb"},"headline":"Nachr\u00fcstbare Klimaanlage f\u00fcr Elektrobusse","datePublished":"2019-05-25T05:00:09+00:00","dateModified":"2021-11-28T08:18:30+00:00","mainEntityOfPage":{"@id":"https:\/\/www.krafthand.de\/truck\/artikel\/nachruestbare-klimaanlage-fuer-elektrobusse-24722\/"},"wordCount":181,"image":{"@id":"https:\/\/www.krafthand.de\/truck\/artikel\/nachruestbare-klimaanlage-fuer-elektrobusse-24722\/#primaryimage"},"thumbnailUrl":"https:\/\/static.krafthand-truck.de\/uploads\/2019\/05\/TRUCK_01_19_046.jpg","keywords":["Aufdachklimaanlage","Aufdachklimal\u00f6sung","Aufdachklimal\u00f6sung mit W\u00e4rmepumpe","Elektrobus","Klimaanlage","Revo-E Pro","Valeo"],"articleSection":["Ersatzteile\/Zubeh\u00f6r"],"inLanguage":"de"},{"@type":"WebPage","@id":"https:\/\/www.krafthand.de\/truck\/artikel\/nachruestbare-klimaanlage-fuer-elektrobusse-24722\/","url":"https:\/\/www.krafthand.de\/truck\/artikel\/nachruestbare-klimaanlage-fuer-elektrobusse-24722\/","name":"Nachr\u00fcstbare Klimaanlage f\u00fcr Elektrobusse - Krafthand-Truck","isPartOf":{"@id":"https:\/\/www.krafthand.de\/truck\/#website"},"primaryImageOfPage":{"@id":"https:\/\/www.krafthand.de\/truck\/artikel\/nachruestbare-klimaanlage-fuer-elektrobusse-24722\/#primaryimage"},"image":{"@id":"https:\/\/www.krafthand.de\/truck\/artikel\/nachruestbare-klimaanlage-fuer-elektrobusse-24722\/#primaryimage"},"thumbnailUrl":"https:\/\/static.krafthand-truck.de\/uploads\/2019\/05\/TRUCK_01_19_046.jpg","datePublished":"2019-05-25T05:00:09+00:00","dateModified":"2021-11-28T08:18:30+00:00","author":{"@id":"https:\/\/www.krafthand.de\/truck\/#\/schema\/person\/23aebc1e5e3f0204da7158bce36950bb"},"description":"Valeo hat mit der \u201aRevo-E Pro\u2018 eine Aufdachklimaanlage speziell f\u00fcr Elektrobusse entwickelt. Das System basiert auf einer W\u00e4rmepumpe.","breadcrumb":{"@id":"https:\/\/www.krafthand.de\/truck\/artikel\/nachruestbare-klimaanlage-fuer-elektrobusse-24722\/#breadcrumb"},"inLanguage":"de","potentialAction":[{"@type":"ReadAction","target":["https:\/\/www.krafthand.de\/truck\/artikel\/nachruestbare-klimaanlage-fuer-elektrobusse-24722\/"]}]},{"@type":"ImageObject","inLanguage":"de","@id":"https:\/\/www.krafthand.de\/truck\/artikel\/nachruestbare-klimaanlage-fuer-elektrobusse-24722\/#primaryimage","url":"https:\/\/static.krafthand-truck.de\/uploads\/2019\/05\/TRUCK_01_19_046.jpg","contentUrl":"https:\/\/static.krafthand-truck.de\/uploads\/2019\/05\/TRUCK_01_19_046.jpg","width":1000,"height":595,"caption":"Aufdachklimaanlage f\u00fcr Elektrobusse von Valeo"},{"@type":"BreadcrumbList","@id":"https:\/\/www.krafthand.de\/truck\/artikel\/nachruestbare-klimaanlage-fuer-elektrobusse-24722\/#breadcrumb","itemListElement":[{"@type":"ListItem","position":1,"name":"Krafthand-Truck","item":"https:\/\/www.krafthand.de\/truck\/"},{"@type":"ListItem","position":2,"name":"Nfz-Service","item":"https:\/\/www.krafthand.de\/truck\/kategorie\/nfz-service\/"},{"@type":"ListItem","position":3,"name":"Ersatzteile\/Zubeh\u00f6r","item":"https:\/\/www.krafthand.de\/truck\/kategorie\/nfz-service\/ersatzteile-zubehoer\/"},{"@type":"ListItem","position":4,"name":"Nachr\u00fcstbare Klimaanlage f\u00fcr Elektrobusse"}]},{"@type":"WebSite","@id":"https:\/\/www.krafthand.de\/truck\/#website","url":"https:\/\/www.krafthand.de\/truck\/","name":"Krafthand-Truck","description":"","potentialAction":[{"@type":"SearchAction","target":{"@type":"EntryPoint","urlTemplate":"https:\/\/www.krafthand.de\/truck\/?s={search_term_string}"},"query-input":{"@type":"PropertyValueSpecification","valueRequired":true,"valueName":"search_term_string"}}],"inLanguage":"de"},{"@type":"Person","@id":"https:\/\/www.krafthand.de\/truck\/#\/schema\/person\/23aebc1e5e3f0204da7158bce36950bb","name":"julian.schmid@krafthand.de","image":{"@type":"ImageObject","inLanguage":"de","@id":"https:\/\/secure.gravatar.com\/avatar\/ef76c2910cab8eb23fcc013e1c6dc1ba4af5e93fea6e6132d7c4e67d4e9631e9?s=96&d=mm&r=g","url":"https:\/\/secure.gravatar.com\/avatar\/ef76c2910cab8eb23fcc013e1c6dc1ba4af5e93fea6e6132d7c4e67d4e9631e9?s=96&d=mm&r=g","contentUrl":"https:\/\/secure.gravatar.com\/avatar\/ef76c2910cab8eb23fcc013e1c6dc1ba4af5e93fea6e6132d7c4e67d4e9631e9?s=96&d=mm&r=g","caption":"julian.schmid@krafthand.de"}}]}},"_links":{"self":[{"href":"https:\/\/www.krafthand.de\/truck\/wp-json\/wp\/v2\/posts\/24722","targetHints":{"allow":["GET"]}}],"collection":[{"href":"https:\/\/www.krafthand.de\/truck\/wp-json\/wp\/v2\/posts"}],"about":[{"href":"https:\/\/www.krafthand.de\/truck\/wp-json\/wp\/v2\/types\/post"}],"author":[{"embeddable":true,"href":"https:\/\/www.krafthand.de\/truck\/wp-json\/wp\/v2\/users\/7"}],"replies":[{"embeddable":true,"href":"https:\/\/www.krafthand.de\/truck\/wp-json\/wp\/v2\/comments?post=24722"}],"version-history":[{"count":2,"href":"https:\/\/www.krafthand.de\/truck\/wp-json\/wp\/v2\/posts\/24722\/revisions"}],"predecessor-version":[{"id":24725,"href":"https:\/\/www.krafthand.de\/truck\/wp-json\/wp\/v2\/posts\/24722\/revisions\/24725"}],"wp:featuredmedia":[{"embeddable":true,"href":"https:\/\/www.krafthand.de\/truck\/wp-json\/wp\/v2\/media\/24724"}],"wp:attachment":[{"href":"https:\/\/www.krafthand.de\/truck\/wp-json\/wp\/v2\/media?parent=24722"}],"wp:term":[{"taxonomy":"category","embeddable":true,"href":"https:\/\/www.krafthand.de\/truck\/wp-json\/wp\/v2\/categories?post=24722"},{"taxonomy":"post_tag","embeddable":true,"href":"https:\/\/www.krafthand.de\/truck\/wp-json\/wp\/v2\/tags?post=24722"},{"taxonomy":"settings","embeddable":true,"href":"https:\/\/www.krafthand.de\/truck\/wp-json\/wp\/v2\/settings?post=24722"}],"curies":[{"name":"wp","href":"https:\/\/api.w.org\/{rel}","templated":true}]}}