{"id":24714,"date":"2019-05-21T07:00:59","date_gmt":"2019-05-21T05:00:59","guid":{"rendered":"https:\/\/www.krafthand.de\/truck\/?p=24714"},"modified":"2019-04-11T10:48:35","modified_gmt":"2019-04-11T08:48:35","slug":"neue-pd-bremsbelaege-mit-renngenen","status":"publish","type":"post","link":"https:\/\/www.krafthand.de\/truck\/artikel\/neue-pd-bremsbelaege-mit-renngenen-24714\/","title":{"rendered":"Neue PD-Bremsbel\u00e4ge mit Renngenen"},"content":{"rendered":"<p>Seit einigen Jahren schon engagiert sich Meyle als technischer Kooperationspartner im europ\u00e4ischen Truck-Rennsport. Im Fokus steht dabei nach Unternehmensangaben der Know-how-Transfer. Sprich: die Erkenntnisse aus den Renneins\u00e4tzen flie\u00dfen in die Teileentwicklung ein. Ein Beispiel hierf\u00fcr sind die neuen \u201aMeyle PD\u2018-Bremsbel\u00e4ge, die nach eigenem Bekunden in enger Kooperation mit einem Rennteam entstanden. Die neuentwickelte Spezial-Reibbelagmischung soll auch \u201aim Normalbetrieb\u2018 Vorteile bringen und im Vergleich zu Standardbel\u00e4gen mit einer besseren Bremsleistung aufwarten k\u00f6nnen, was zu k\u00fcrzeren Bremswegen f\u00fchren soll. Laut Meyle erf\u00fcllen die neuen \u201aPD\u2018-Bel\u00e4ge die ECE R90-Norm. Bel\u00e4ge mit der neuen Spezialmischung gibt es unter anderem f\u00fcr Trucks von Mercedes-Benz. Die \u201aRennbel\u00e4ge\u2018 erg\u00e4nzen das Sortiment der bislang schon angebotenen \u201aMeyle-PD\u2018-Bel\u00e4ge f\u00fcr Transporter und Pkw. Zum Lieferumfang der als Komplett-Satz erh\u00e4ltlichen \u201aPD\u2018-Bel\u00e4ge geh\u00f6ren laut Meyle auch alle Montagematerialien \u2013 und soweit erforderlich, das f\u00fcr den Aus- und Einbau erforderliche Spezialwerkzeug. Dies soll der Werkstatt einen schnellen und kosteneffizienten Austausch erm\u00f6glichen.<\/p>\n<p><i>Den Beitrag finden Sie auch in der Print-Ausgabe 1\/19 der <a href=\"https:\/\/www.krafthand.de\/truck\/magazin\/\" title=\"Zum Magazin\">Krafthand-Truck<\/a>.<\/i><\/p>","protected":false},"excerpt":{"rendered":"<p>Durch die Erfahrung im Truck-Rennsport flie\u00dft das Know-how der Teileentwicklung von Meyle jetzt in die \u201aPD\u2018-Bremsbel\u00e4ge ein. Die neuen Bremsbel\u00e4ge sollen durch zu einer besseren Bremsleistung f\u00fchren. <span class=\"excerpt-more__dots\">&#8230;<\/span> <a class=\"excerpt-more__link\" href=\"https:\/\/www.krafthand.de\/truck\/artikel\/neue-pd-bremsbelaege-mit-renngenen-24714\/\" >weiter<\/a><\/p>\n","protected":false},"author":7,"featured_media":24715,"comment_status":"closed","ping_status":"closed","sticky":false,"template":"","format":"standard","meta":{"footnotes":""},"categories":[5],"tags":[1808,584,3747,3839],"settings":[],"class_list":["post-24714","post","type-post","status-publish","format-standard","has-post-thumbnail","hentry","category-branche","tag-bremsbelag","tag-meyle","tag-meyle-pd","tag-pd-bremsbelag"],"yoast_head":"<!-- This site is optimized with the Yoast SEO plugin v27.3 - https:\/\/yoast.com\/product\/yoast-seo-wordpress\/ -->\n<title>Neue PD-Bremsbel\u00e4ge mit Renngenen - Krafthand-Truck<\/title>\n<meta name=\"description\" content=\"Durch die Erfahrung im Truck-Rennsport flie\u00dft das Know-how der Teileentwicklung von Meyle jetzt in die \u201aPD\u2018-Bremsbel\u00e4ge ein.\" \/>\n<meta name=\"robots\" content=\"index, follow, max-snippet:-1, max-image-preview:large, max-video-preview:-1\" \/>\n<link rel=\"canonical\" href=\"https:\/\/www.krafthand.de\/truck\/artikel\/neue-pd-bremsbelaege-mit-renngenen-24714\/\" \/>\n<meta property=\"og:locale\" content=\"de_DE\" \/>\n<meta property=\"og:type\" content=\"article\" \/>\n<meta property=\"og:title\" content=\"Neue PD-Bremsbel\u00e4ge mit Renngenen - Krafthand-Truck\" \/>\n<meta property=\"og:description\" content=\"Durch die Erfahrung im Truck-Rennsport flie\u00dft das Know-how der Teileentwicklung von Meyle jetzt in die \u201aPD\u2018-Bremsbel\u00e4ge ein.\" \/>\n<meta property=\"og:url\" content=\"https:\/\/www.krafthand-truck.de\/artikel\/neue-pd-bremsbelaege-mit-renngenen-24714\/\" \/>\n<meta property=\"og:site_name\" content=\"Krafthand-Truck\" \/>\n<meta property=\"article:published_time\" content=\"2019-05-21T05:00:59+00:00\" \/>\n<meta property=\"og:image\" content=\"https:\/\/www.krafthand.de\/truck\/wp-content\/uploads\/2019\/04\/TRUCK_01_19_032.jpg\" \/>\n\t<meta property=\"og:image:width\" content=\"1000\" \/>\n\t<meta property=\"og:image:height\" content=\"666\" \/>\n\t<meta property=\"og:image:type\" content=\"image\/jpeg\" \/>\n<meta name=\"author\" content=\"julian.schmid@krafthand.de\" \/>\n<meta name=\"twitter:card\" content=\"summary_large_image\" \/>\n<meta name=\"twitter:label1\" content=\"Verfasst von\" \/>\n\t<meta name=\"twitter:data1\" content=\"julian.schmid@krafthand.de\" \/>\n\t<meta name=\"twitter:label2\" content=\"Gesch\u00e4tzte Lesezeit\" \/>\n\t<meta name=\"twitter:data2\" content=\"1\u00a0Minute\" \/>\n<script type=\"application\/ld+json\" class=\"yoast-schema-graph\">{\"@context\":\"https:\\\/\\\/schema.org\",\"@graph\":[{\"@type\":\"Article\",\"@id\":\"https:\\\/\\\/www.krafthand.de\\\/truck\\\/artikel\\\/neue-pd-bremsbelaege-mit-renngenen-24714\\\/#article\",\"isPartOf\":{\"@id\":\"https:\\\/\\\/www.krafthand.de\\\/truck\\\/artikel\\\/neue-pd-bremsbelaege-mit-renngenen-24714\\\/\"},\"author\":{\"name\":\"julian.schmid@krafthand.de\",\"@id\":\"https:\\\/\\\/www.krafthand.de\\\/truck\\\/#\\\/schema\\\/person\\\/23aebc1e5e3f0204da7158bce36950bb\"},\"headline\":\"Neue PD-Bremsbel\u00e4ge mit Renngenen\",\"datePublished\":\"2019-05-21T05:00:59+00:00\",\"mainEntityOfPage\":{\"@id\":\"https:\\\/\\\/www.krafthand.de\\\/truck\\\/artikel\\\/neue-pd-bremsbelaege-mit-renngenen-24714\\\/\"},\"wordCount\":179,\"image\":{\"@id\":\"https:\\\/\\\/www.krafthand.de\\\/truck\\\/artikel\\\/neue-pd-bremsbelaege-mit-renngenen-24714\\\/#primaryimage\"},\"thumbnailUrl\":\"https:\\\/\\\/static.krafthand-truck.de\\\/uploads\\\/2019\\\/04\\\/TRUCK_01_19_032.jpg\",\"keywords\":[\"Bremsbelag\",\"Meyle\",\"Meyle-PD\",\"PD-Bremsbelag\"],\"articleSection\":[\"Nfz-Branche\"],\"inLanguage\":\"de\"},{\"@type\":\"WebPage\",\"@id\":\"https:\\\/\\\/www.krafthand.de\\\/truck\\\/artikel\\\/neue-pd-bremsbelaege-mit-renngenen-24714\\\/\",\"url\":\"https:\\\/\\\/www.krafthand.de\\\/truck\\\/artikel\\\/neue-pd-bremsbelaege-mit-renngenen-24714\\\/\",\"name\":\"Neue PD-Bremsbel\u00e4ge mit Renngenen - Krafthand-Truck\",\"isPartOf\":{\"@id\":\"https:\\\/\\\/www.krafthand.de\\\/truck\\\/#website\"},\"primaryImageOfPage\":{\"@id\":\"https:\\\/\\\/www.krafthand.de\\\/truck\\\/artikel\\\/neue-pd-bremsbelaege-mit-renngenen-24714\\\/#primaryimage\"},\"image\":{\"@id\":\"https:\\\/\\\/www.krafthand.de\\\/truck\\\/artikel\\\/neue-pd-bremsbelaege-mit-renngenen-24714\\\/#primaryimage\"},\"thumbnailUrl\":\"https:\\\/\\\/static.krafthand-truck.de\\\/uploads\\\/2019\\\/04\\\/TRUCK_01_19_032.jpg\",\"datePublished\":\"2019-05-21T05:00:59+00:00\",\"author\":{\"@id\":\"https:\\\/\\\/www.krafthand.de\\\/truck\\\/#\\\/schema\\\/person\\\/23aebc1e5e3f0204da7158bce36950bb\"},\"description\":\"Durch die Erfahrung im Truck-Rennsport flie\u00dft das Know-how der Teileentwicklung von Meyle jetzt in die \u201aPD\u2018-Bremsbel\u00e4ge ein.\",\"breadcrumb\":{\"@id\":\"https:\\\/\\\/www.krafthand.de\\\/truck\\\/artikel\\\/neue-pd-bremsbelaege-mit-renngenen-24714\\\/#breadcrumb\"},\"inLanguage\":\"de\",\"potentialAction\":[{\"@type\":\"ReadAction\",\"target\":[\"https:\\\/\\\/www.krafthand.de\\\/truck\\\/artikel\\\/neue-pd-bremsbelaege-mit-renngenen-24714\\\/\"]}]},{\"@type\":\"ImageObject\",\"inLanguage\":\"de\",\"@id\":\"https:\\\/\\\/www.krafthand.de\\\/truck\\\/artikel\\\/neue-pd-bremsbelaege-mit-renngenen-24714\\\/#primaryimage\",\"url\":\"https:\\\/\\\/static.krafthand-truck.de\\\/uploads\\\/2019\\\/04\\\/TRUCK_01_19_032.jpg\",\"contentUrl\":\"https:\\\/\\\/static.krafthand-truck.de\\\/uploads\\\/2019\\\/04\\\/TRUCK_01_19_032.jpg\",\"width\":1000,\"height\":666,\"caption\":\"Meyle PD-Bremsbel\u00e4ge\"},{\"@type\":\"BreadcrumbList\",\"@id\":\"https:\\\/\\\/www.krafthand.de\\\/truck\\\/artikel\\\/neue-pd-bremsbelaege-mit-renngenen-24714\\\/#breadcrumb\",\"itemListElement\":[{\"@type\":\"ListItem\",\"position\":1,\"name\":\"Krafthand-Truck\",\"item\":\"https:\\\/\\\/www.krafthand.de\\\/truck\\\/\"},{\"@type\":\"ListItem\",\"position\":2,\"name\":\"Nfz-Branche\",\"item\":\"https:\\\/\\\/www.krafthand.de\\\/truck\\\/kategorie\\\/branche\\\/\"},{\"@type\":\"ListItem\",\"position\":3,\"name\":\"Neue PD-Bremsbel\u00e4ge mit Renngenen\"}]},{\"@type\":\"WebSite\",\"@id\":\"https:\\\/\\\/www.krafthand.de\\\/truck\\\/#website\",\"url\":\"https:\\\/\\\/www.krafthand.de\\\/truck\\\/\",\"name\":\"Krafthand-Truck\",\"description\":\"\",\"potentialAction\":[{\"@type\":\"SearchAction\",\"target\":{\"@type\":\"EntryPoint\",\"urlTemplate\":\"https:\\\/\\\/www.krafthand.de\\\/truck\\\/?s={search_term_string}\"},\"query-input\":{\"@type\":\"PropertyValueSpecification\",\"valueRequired\":true,\"valueName\":\"search_term_string\"}}],\"inLanguage\":\"de\"},{\"@type\":\"Person\",\"@id\":\"https:\\\/\\\/www.krafthand.de\\\/truck\\\/#\\\/schema\\\/person\\\/23aebc1e5e3f0204da7158bce36950bb\",\"name\":\"julian.schmid@krafthand.de\",\"image\":{\"@type\":\"ImageObject\",\"inLanguage\":\"de\",\"@id\":\"https:\\\/\\\/secure.gravatar.com\\\/avatar\\\/ef76c2910cab8eb23fcc013e1c6dc1ba4af5e93fea6e6132d7c4e67d4e9631e9?s=96&d=mm&r=g\",\"url\":\"https:\\\/\\\/secure.gravatar.com\\\/avatar\\\/ef76c2910cab8eb23fcc013e1c6dc1ba4af5e93fea6e6132d7c4e67d4e9631e9?s=96&d=mm&r=g\",\"contentUrl\":\"https:\\\/\\\/secure.gravatar.com\\\/avatar\\\/ef76c2910cab8eb23fcc013e1c6dc1ba4af5e93fea6e6132d7c4e67d4e9631e9?s=96&d=mm&r=g\",\"caption\":\"julian.schmid@krafthand.de\"}}]}<\/script>\n<!-- \/ Yoast SEO plugin. -->","yoast_head_json":{"title":"Neue PD-Bremsbel\u00e4ge mit Renngenen - Krafthand-Truck","description":"Durch die Erfahrung im Truck-Rennsport flie\u00dft das Know-how der Teileentwicklung von Meyle jetzt in die \u201aPD\u2018-Bremsbel\u00e4ge ein.","robots":{"index":"index","follow":"follow","max-snippet":"max-snippet:-1","max-image-preview":"max-image-preview:large","max-video-preview":"max-video-preview:-1"},"canonical":"https:\/\/www.krafthand.de\/truck\/artikel\/neue-pd-bremsbelaege-mit-renngenen-24714\/","og_locale":"de_DE","og_type":"article","og_title":"Neue PD-Bremsbel\u00e4ge mit Renngenen - Krafthand-Truck","og_description":"Durch die Erfahrung im Truck-Rennsport flie\u00dft das Know-how der Teileentwicklung von Meyle jetzt in die \u201aPD\u2018-Bremsbel\u00e4ge ein.","og_url":"https:\/\/www.krafthand-truck.de\/artikel\/neue-pd-bremsbelaege-mit-renngenen-24714\/","og_site_name":"Krafthand-Truck","article_published_time":"2019-05-21T05:00:59+00:00","og_image":[{"width":1000,"height":666,"url":"https:\/\/www.krafthand.de\/truck\/wp-content\/uploads\/2019\/04\/TRUCK_01_19_032.jpg","type":"image\/jpeg"}],"author":"julian.schmid@krafthand.de","twitter_card":"summary_large_image","twitter_misc":{"Verfasst von":"julian.schmid@krafthand.de","Gesch\u00e4tzte Lesezeit":"1\u00a0Minute"},"schema":{"@context":"https:\/\/schema.org","@graph":[{"@type":"Article","@id":"https:\/\/www.krafthand.de\/truck\/artikel\/neue-pd-bremsbelaege-mit-renngenen-24714\/#article","isPartOf":{"@id":"https:\/\/www.krafthand.de\/truck\/artikel\/neue-pd-bremsbelaege-mit-renngenen-24714\/"},"author":{"name":"julian.schmid@krafthand.de","@id":"https:\/\/www.krafthand.de\/truck\/#\/schema\/person\/23aebc1e5e3f0204da7158bce36950bb"},"headline":"Neue PD-Bremsbel\u00e4ge mit Renngenen","datePublished":"2019-05-21T05:00:59+00:00","mainEntityOfPage":{"@id":"https:\/\/www.krafthand.de\/truck\/artikel\/neue-pd-bremsbelaege-mit-renngenen-24714\/"},"wordCount":179,"image":{"@id":"https:\/\/www.krafthand.de\/truck\/artikel\/neue-pd-bremsbelaege-mit-renngenen-24714\/#primaryimage"},"thumbnailUrl":"https:\/\/static.krafthand-truck.de\/uploads\/2019\/04\/TRUCK_01_19_032.jpg","keywords":["Bremsbelag","Meyle","Meyle-PD","PD-Bremsbelag"],"articleSection":["Nfz-Branche"],"inLanguage":"de"},{"@type":"WebPage","@id":"https:\/\/www.krafthand.de\/truck\/artikel\/neue-pd-bremsbelaege-mit-renngenen-24714\/","url":"https:\/\/www.krafthand.de\/truck\/artikel\/neue-pd-bremsbelaege-mit-renngenen-24714\/","name":"Neue PD-Bremsbel\u00e4ge mit Renngenen - Krafthand-Truck","isPartOf":{"@id":"https:\/\/www.krafthand.de\/truck\/#website"},"primaryImageOfPage":{"@id":"https:\/\/www.krafthand.de\/truck\/artikel\/neue-pd-bremsbelaege-mit-renngenen-24714\/#primaryimage"},"image":{"@id":"https:\/\/www.krafthand.de\/truck\/artikel\/neue-pd-bremsbelaege-mit-renngenen-24714\/#primaryimage"},"thumbnailUrl":"https:\/\/static.krafthand-truck.de\/uploads\/2019\/04\/TRUCK_01_19_032.jpg","datePublished":"2019-05-21T05:00:59+00:00","author":{"@id":"https:\/\/www.krafthand.de\/truck\/#\/schema\/person\/23aebc1e5e3f0204da7158bce36950bb"},"description":"Durch die Erfahrung im Truck-Rennsport flie\u00dft das Know-how der Teileentwicklung von Meyle jetzt in die \u201aPD\u2018-Bremsbel\u00e4ge ein.","breadcrumb":{"@id":"https:\/\/www.krafthand.de\/truck\/artikel\/neue-pd-bremsbelaege-mit-renngenen-24714\/#breadcrumb"},"inLanguage":"de","potentialAction":[{"@type":"ReadAction","target":["https:\/\/www.krafthand.de\/truck\/artikel\/neue-pd-bremsbelaege-mit-renngenen-24714\/"]}]},{"@type":"ImageObject","inLanguage":"de","@id":"https:\/\/www.krafthand.de\/truck\/artikel\/neue-pd-bremsbelaege-mit-renngenen-24714\/#primaryimage","url":"https:\/\/static.krafthand-truck.de\/uploads\/2019\/04\/TRUCK_01_19_032.jpg","contentUrl":"https:\/\/static.krafthand-truck.de\/uploads\/2019\/04\/TRUCK_01_19_032.jpg","width":1000,"height":666,"caption":"Meyle PD-Bremsbel\u00e4ge"},{"@type":"BreadcrumbList","@id":"https:\/\/www.krafthand.de\/truck\/artikel\/neue-pd-bremsbelaege-mit-renngenen-24714\/#breadcrumb","itemListElement":[{"@type":"ListItem","position":1,"name":"Krafthand-Truck","item":"https:\/\/www.krafthand.de\/truck\/"},{"@type":"ListItem","position":2,"name":"Nfz-Branche","item":"https:\/\/www.krafthand.de\/truck\/kategorie\/branche\/"},{"@type":"ListItem","position":3,"name":"Neue PD-Bremsbel\u00e4ge mit Renngenen"}]},{"@type":"WebSite","@id":"https:\/\/www.krafthand.de\/truck\/#website","url":"https:\/\/www.krafthand.de\/truck\/","name":"Krafthand-Truck","description":"","potentialAction":[{"@type":"SearchAction","target":{"@type":"EntryPoint","urlTemplate":"https:\/\/www.krafthand.de\/truck\/?s={search_term_string}"},"query-input":{"@type":"PropertyValueSpecification","valueRequired":true,"valueName":"search_term_string"}}],"inLanguage":"de"},{"@type":"Person","@id":"https:\/\/www.krafthand.de\/truck\/#\/schema\/person\/23aebc1e5e3f0204da7158bce36950bb","name":"julian.schmid@krafthand.de","image":{"@type":"ImageObject","inLanguage":"de","@id":"https:\/\/secure.gravatar.com\/avatar\/ef76c2910cab8eb23fcc013e1c6dc1ba4af5e93fea6e6132d7c4e67d4e9631e9?s=96&d=mm&r=g","url":"https:\/\/secure.gravatar.com\/avatar\/ef76c2910cab8eb23fcc013e1c6dc1ba4af5e93fea6e6132d7c4e67d4e9631e9?s=96&d=mm&r=g","contentUrl":"https:\/\/secure.gravatar.com\/avatar\/ef76c2910cab8eb23fcc013e1c6dc1ba4af5e93fea6e6132d7c4e67d4e9631e9?s=96&d=mm&r=g","caption":"julian.schmid@krafthand.de"}}]}},"_links":{"self":[{"href":"https:\/\/www.krafthand.de\/truck\/wp-json\/wp\/v2\/posts\/24714","targetHints":{"allow":["GET"]}}],"collection":[{"href":"https:\/\/www.krafthand.de\/truck\/wp-json\/wp\/v2\/posts"}],"about":[{"href":"https:\/\/www.krafthand.de\/truck\/wp-json\/wp\/v2\/types\/post"}],"author":[{"embeddable":true,"href":"https:\/\/www.krafthand.de\/truck\/wp-json\/wp\/v2\/users\/7"}],"replies":[{"embeddable":true,"href":"https:\/\/www.krafthand.de\/truck\/wp-json\/wp\/v2\/comments?post=24714"}],"version-history":[{"count":1,"href":"https:\/\/www.krafthand.de\/truck\/wp-json\/wp\/v2\/posts\/24714\/revisions"}],"predecessor-version":[{"id":24716,"href":"https:\/\/www.krafthand.de\/truck\/wp-json\/wp\/v2\/posts\/24714\/revisions\/24716"}],"wp:featuredmedia":[{"embeddable":true,"href":"https:\/\/www.krafthand.de\/truck\/wp-json\/wp\/v2\/media\/24715"}],"wp:attachment":[{"href":"https:\/\/www.krafthand.de\/truck\/wp-json\/wp\/v2\/media?parent=24714"}],"wp:term":[{"taxonomy":"category","embeddable":true,"href":"https:\/\/www.krafthand.de\/truck\/wp-json\/wp\/v2\/categories?post=24714"},{"taxonomy":"post_tag","embeddable":true,"href":"https:\/\/www.krafthand.de\/truck\/wp-json\/wp\/v2\/tags?post=24714"},{"taxonomy":"settings","embeddable":true,"href":"https:\/\/www.krafthand.de\/truck\/wp-json\/wp\/v2\/settings?post=24714"}],"curies":[{"name":"wp","href":"https:\/\/api.w.org\/{rel}","templated":true}]}}