{"id":24673,"date":"2019-05-09T07:00:40","date_gmt":"2019-05-09T05:00:40","guid":{"rendered":"https:\/\/www.krafthand.de\/truck\/?p=24673"},"modified":"2019-04-05T09:04:40","modified_gmt":"2019-04-05T07:04:40","slug":"abgaskomponenten-fuer-euro-vi","status":"publish","type":"post","link":"https:\/\/www.krafthand.de\/truck\/artikel\/abgaskomponenten-fuer-euro-vi-24673\/","title":{"rendered":"Abgaskomponenten f\u00fcr EURO-VI"},"content":{"rendered":"<p>Die Zeit bringt es mit sich, dass es bei immer mehr EURO-VI-Nutzfahrzeuge einen Ersatzbedarf bei den Abgasanlagen und Abgasnachbehandlungssystemen gibt. Der d\u00e4nische Emissionstechnikspezialist Dinex hat es sich laut Oliver Gravemann, Vertriebsleiter DACH, auf die Fahnen geschrieben, rechtzeitig Ersatzbedarf in OE-Qualit\u00e4t liefern zu k\u00f6nnen. Dementsprechend runden immer mehr EURO-VI Produkte, nach eigenem Bekunden \u201eab dem Turbo bis zum Endrohr\u201c, das Portfolio der D\u00e4nen ab.<\/p>\n<p>Neben typischen Abgaskomponenten wie Schalld\u00e4mpfer, Verbindungsrohre und Schellen gibt es auch Dieselpartikelfilter-Patronen und Spezialit\u00e4ten wie komplette Abgasreinigungssysteme f\u00fcr diverse Fahrzeugmodelle der \u201aBig Seven\u2018. Zudem erg\u00e4nzen seit der Automechanika 2018 die \u201aDinSensoren\u2018 die EURO-VI-Produktlinie von Dinex. Dabei handelt es sich um NOX-Sensoren zum direkten 1:1-Ersatz defekter Originalsensoren.<\/p>\n<p><i>Den Beitrag finden Sie auch in der Print-Ausgabe 1\/19 der <a href=\"https:\/\/www.krafthand.de\/truck\/magazin\/\" title=\"Zum Magazin\">Krafthand-Truck<\/a>.<\/i><\/p>","protected":false},"excerpt":{"rendered":"<p>Der d\u00e4nische Emissionstechnikspezialist Dinex hat es sich laut Oliver Gravemann, Vertriebsleiter DACH, auf die Fahnen geschrieben, rechtzeitig Ersatzbedarf an EURO-VI Abgaskomponenten in OE-Qualit\u00e4t liefern zu k\u00f6nnen. <span class=\"excerpt-more__dots\">&#8230;<\/span> <a class=\"excerpt-more__link\" href=\"https:\/\/www.krafthand.de\/truck\/artikel\/abgaskomponenten-fuer-euro-vi-24673\/\" >weiter<\/a><\/p>\n","protected":false},"author":7,"featured_media":24674,"comment_status":"closed","ping_status":"closed","sticky":false,"template":"","format":"standard","meta":{"footnotes":""},"categories":[5],"tags":[2154,1317,962,868],"settings":[],"class_list":["post-24673","post","type-post","status-publish","format-standard","has-post-thumbnail","hentry","category-branche","tag-abgasnachbehandlung","tag-abgasnachbehandlungssystem","tag-dinex","tag-euro-vi"],"yoast_head":"<!-- This site is optimized with the Yoast SEO plugin v27.3 - https:\/\/yoast.com\/product\/yoast-seo-wordpress\/ -->\n<title>Abgaskomponenten f\u00fcr EURO-VI - Krafthand-Truck<\/title>\n<meta name=\"description\" content=\"Der Emissionstechnikspezialist Dinex hat es sich auf die Fahnen geschrieben, rechtzeitig Ersatzbedarf an EURO-VI Abgaskomponenten in OE-Qualit\u00e4t zu liefern.\" \/>\n<meta name=\"robots\" content=\"index, follow, max-snippet:-1, max-image-preview:large, max-video-preview:-1\" \/>\n<link rel=\"canonical\" href=\"https:\/\/www.krafthand.de\/truck\/artikel\/abgaskomponenten-fuer-euro-vi-24673\/\" \/>\n<meta property=\"og:locale\" content=\"de_DE\" \/>\n<meta property=\"og:type\" content=\"article\" \/>\n<meta property=\"og:title\" content=\"Abgaskomponenten f\u00fcr EURO-VI - Krafthand-Truck\" \/>\n<meta property=\"og:description\" content=\"Der Emissionstechnikspezialist Dinex hat es sich auf die Fahnen geschrieben, rechtzeitig Ersatzbedarf an EURO-VI Abgaskomponenten in OE-Qualit\u00e4t zu liefern.\" \/>\n<meta property=\"og:url\" content=\"https:\/\/www.krafthand-truck.de\/artikel\/abgaskomponenten-fuer-euro-vi-24673\/\" \/>\n<meta property=\"og:site_name\" content=\"Krafthand-Truck\" \/>\n<meta property=\"article:published_time\" content=\"2019-05-09T05:00:40+00:00\" \/>\n<meta property=\"og:image\" content=\"https:\/\/www.krafthand.de\/truck\/wp-content\/uploads\/2019\/04\/TRUCK_01_19_044.jpg\" \/>\n\t<meta property=\"og:image:width\" content=\"1000\" \/>\n\t<meta property=\"og:image:height\" content=\"836\" \/>\n\t<meta property=\"og:image:type\" content=\"image\/jpeg\" \/>\n<meta name=\"author\" content=\"julian.schmid@krafthand.de\" \/>\n<meta name=\"twitter:card\" content=\"summary_large_image\" \/>\n<meta name=\"twitter:label1\" content=\"Verfasst von\" \/>\n\t<meta name=\"twitter:data1\" content=\"julian.schmid@krafthand.de\" \/>\n\t<meta name=\"twitter:label2\" content=\"Gesch\u00e4tzte Lesezeit\" \/>\n\t<meta name=\"twitter:data2\" content=\"1\u00a0Minute\" \/>\n<script type=\"application\/ld+json\" class=\"yoast-schema-graph\">{\"@context\":\"https:\\\/\\\/schema.org\",\"@graph\":[{\"@type\":\"Article\",\"@id\":\"https:\\\/\\\/www.krafthand.de\\\/truck\\\/artikel\\\/abgaskomponenten-fuer-euro-vi-24673\\\/#article\",\"isPartOf\":{\"@id\":\"https:\\\/\\\/www.krafthand.de\\\/truck\\\/artikel\\\/abgaskomponenten-fuer-euro-vi-24673\\\/\"},\"author\":{\"name\":\"julian.schmid@krafthand.de\",\"@id\":\"https:\\\/\\\/www.krafthand.de\\\/truck\\\/#\\\/schema\\\/person\\\/23aebc1e5e3f0204da7158bce36950bb\"},\"headline\":\"Abgaskomponenten f\u00fcr EURO-VI\",\"datePublished\":\"2019-05-09T05:00:40+00:00\",\"mainEntityOfPage\":{\"@id\":\"https:\\\/\\\/www.krafthand.de\\\/truck\\\/artikel\\\/abgaskomponenten-fuer-euro-vi-24673\\\/\"},\"wordCount\":120,\"image\":{\"@id\":\"https:\\\/\\\/www.krafthand.de\\\/truck\\\/artikel\\\/abgaskomponenten-fuer-euro-vi-24673\\\/#primaryimage\"},\"thumbnailUrl\":\"https:\\\/\\\/static.krafthand-truck.de\\\/uploads\\\/2019\\\/04\\\/TRUCK_01_19_044.jpg\",\"keywords\":[\"Abgasnachbehandlung\",\"Abgasnachbehandlungssystem\",\"Dinex\",\"Euro VI\"],\"articleSection\":[\"Nfz-Branche\"],\"inLanguage\":\"de\"},{\"@type\":\"WebPage\",\"@id\":\"https:\\\/\\\/www.krafthand.de\\\/truck\\\/artikel\\\/abgaskomponenten-fuer-euro-vi-24673\\\/\",\"url\":\"https:\\\/\\\/www.krafthand.de\\\/truck\\\/artikel\\\/abgaskomponenten-fuer-euro-vi-24673\\\/\",\"name\":\"Abgaskomponenten f\u00fcr EURO-VI - Krafthand-Truck\",\"isPartOf\":{\"@id\":\"https:\\\/\\\/www.krafthand.de\\\/truck\\\/#website\"},\"primaryImageOfPage\":{\"@id\":\"https:\\\/\\\/www.krafthand.de\\\/truck\\\/artikel\\\/abgaskomponenten-fuer-euro-vi-24673\\\/#primaryimage\"},\"image\":{\"@id\":\"https:\\\/\\\/www.krafthand.de\\\/truck\\\/artikel\\\/abgaskomponenten-fuer-euro-vi-24673\\\/#primaryimage\"},\"thumbnailUrl\":\"https:\\\/\\\/static.krafthand-truck.de\\\/uploads\\\/2019\\\/04\\\/TRUCK_01_19_044.jpg\",\"datePublished\":\"2019-05-09T05:00:40+00:00\",\"author\":{\"@id\":\"https:\\\/\\\/www.krafthand.de\\\/truck\\\/#\\\/schema\\\/person\\\/23aebc1e5e3f0204da7158bce36950bb\"},\"description\":\"Der Emissionstechnikspezialist Dinex hat es sich auf die Fahnen geschrieben, rechtzeitig Ersatzbedarf an EURO-VI Abgaskomponenten in OE-Qualit\u00e4t zu liefern.\",\"breadcrumb\":{\"@id\":\"https:\\\/\\\/www.krafthand.de\\\/truck\\\/artikel\\\/abgaskomponenten-fuer-euro-vi-24673\\\/#breadcrumb\"},\"inLanguage\":\"de\",\"potentialAction\":[{\"@type\":\"ReadAction\",\"target\":[\"https:\\\/\\\/www.krafthand.de\\\/truck\\\/artikel\\\/abgaskomponenten-fuer-euro-vi-24673\\\/\"]}]},{\"@type\":\"ImageObject\",\"inLanguage\":\"de\",\"@id\":\"https:\\\/\\\/www.krafthand.de\\\/truck\\\/artikel\\\/abgaskomponenten-fuer-euro-vi-24673\\\/#primaryimage\",\"url\":\"https:\\\/\\\/static.krafthand-truck.de\\\/uploads\\\/2019\\\/04\\\/TRUCK_01_19_044.jpg\",\"contentUrl\":\"https:\\\/\\\/static.krafthand-truck.de\\\/uploads\\\/2019\\\/04\\\/TRUCK_01_19_044.jpg\",\"width\":1000,\"height\":836,\"caption\":\"EURO-VI Abgaskomponenten von Dinex\"},{\"@type\":\"BreadcrumbList\",\"@id\":\"https:\\\/\\\/www.krafthand.de\\\/truck\\\/artikel\\\/abgaskomponenten-fuer-euro-vi-24673\\\/#breadcrumb\",\"itemListElement\":[{\"@type\":\"ListItem\",\"position\":1,\"name\":\"Krafthand-Truck\",\"item\":\"https:\\\/\\\/www.krafthand.de\\\/truck\\\/\"},{\"@type\":\"ListItem\",\"position\":2,\"name\":\"Nfz-Branche\",\"item\":\"https:\\\/\\\/www.krafthand.de\\\/truck\\\/kategorie\\\/branche\\\/\"},{\"@type\":\"ListItem\",\"position\":3,\"name\":\"Abgaskomponenten f\u00fcr EURO-VI\"}]},{\"@type\":\"WebSite\",\"@id\":\"https:\\\/\\\/www.krafthand.de\\\/truck\\\/#website\",\"url\":\"https:\\\/\\\/www.krafthand.de\\\/truck\\\/\",\"name\":\"Krafthand-Truck\",\"description\":\"\",\"potentialAction\":[{\"@type\":\"SearchAction\",\"target\":{\"@type\":\"EntryPoint\",\"urlTemplate\":\"https:\\\/\\\/www.krafthand.de\\\/truck\\\/?s={search_term_string}\"},\"query-input\":{\"@type\":\"PropertyValueSpecification\",\"valueRequired\":true,\"valueName\":\"search_term_string\"}}],\"inLanguage\":\"de\"},{\"@type\":\"Person\",\"@id\":\"https:\\\/\\\/www.krafthand.de\\\/truck\\\/#\\\/schema\\\/person\\\/23aebc1e5e3f0204da7158bce36950bb\",\"name\":\"julian.schmid@krafthand.de\",\"image\":{\"@type\":\"ImageObject\",\"inLanguage\":\"de\",\"@id\":\"https:\\\/\\\/secure.gravatar.com\\\/avatar\\\/ef76c2910cab8eb23fcc013e1c6dc1ba4af5e93fea6e6132d7c4e67d4e9631e9?s=96&d=mm&r=g\",\"url\":\"https:\\\/\\\/secure.gravatar.com\\\/avatar\\\/ef76c2910cab8eb23fcc013e1c6dc1ba4af5e93fea6e6132d7c4e67d4e9631e9?s=96&d=mm&r=g\",\"contentUrl\":\"https:\\\/\\\/secure.gravatar.com\\\/avatar\\\/ef76c2910cab8eb23fcc013e1c6dc1ba4af5e93fea6e6132d7c4e67d4e9631e9?s=96&d=mm&r=g\",\"caption\":\"julian.schmid@krafthand.de\"}}]}<\/script>\n<!-- \/ Yoast SEO plugin. -->","yoast_head_json":{"title":"Abgaskomponenten f\u00fcr EURO-VI - Krafthand-Truck","description":"Der Emissionstechnikspezialist Dinex hat es sich auf die Fahnen geschrieben, rechtzeitig Ersatzbedarf an EURO-VI Abgaskomponenten in OE-Qualit\u00e4t zu liefern.","robots":{"index":"index","follow":"follow","max-snippet":"max-snippet:-1","max-image-preview":"max-image-preview:large","max-video-preview":"max-video-preview:-1"},"canonical":"https:\/\/www.krafthand.de\/truck\/artikel\/abgaskomponenten-fuer-euro-vi-24673\/","og_locale":"de_DE","og_type":"article","og_title":"Abgaskomponenten f\u00fcr EURO-VI - Krafthand-Truck","og_description":"Der Emissionstechnikspezialist Dinex hat es sich auf die Fahnen geschrieben, rechtzeitig Ersatzbedarf an EURO-VI Abgaskomponenten in OE-Qualit\u00e4t zu liefern.","og_url":"https:\/\/www.krafthand-truck.de\/artikel\/abgaskomponenten-fuer-euro-vi-24673\/","og_site_name":"Krafthand-Truck","article_published_time":"2019-05-09T05:00:40+00:00","og_image":[{"width":1000,"height":836,"url":"https:\/\/www.krafthand.de\/truck\/wp-content\/uploads\/2019\/04\/TRUCK_01_19_044.jpg","type":"image\/jpeg"}],"author":"julian.schmid@krafthand.de","twitter_card":"summary_large_image","twitter_misc":{"Verfasst von":"julian.schmid@krafthand.de","Gesch\u00e4tzte Lesezeit":"1\u00a0Minute"},"schema":{"@context":"https:\/\/schema.org","@graph":[{"@type":"Article","@id":"https:\/\/www.krafthand.de\/truck\/artikel\/abgaskomponenten-fuer-euro-vi-24673\/#article","isPartOf":{"@id":"https:\/\/www.krafthand.de\/truck\/artikel\/abgaskomponenten-fuer-euro-vi-24673\/"},"author":{"name":"julian.schmid@krafthand.de","@id":"https:\/\/www.krafthand.de\/truck\/#\/schema\/person\/23aebc1e5e3f0204da7158bce36950bb"},"headline":"Abgaskomponenten f\u00fcr EURO-VI","datePublished":"2019-05-09T05:00:40+00:00","mainEntityOfPage":{"@id":"https:\/\/www.krafthand.de\/truck\/artikel\/abgaskomponenten-fuer-euro-vi-24673\/"},"wordCount":120,"image":{"@id":"https:\/\/www.krafthand.de\/truck\/artikel\/abgaskomponenten-fuer-euro-vi-24673\/#primaryimage"},"thumbnailUrl":"https:\/\/static.krafthand-truck.de\/uploads\/2019\/04\/TRUCK_01_19_044.jpg","keywords":["Abgasnachbehandlung","Abgasnachbehandlungssystem","Dinex","Euro VI"],"articleSection":["Nfz-Branche"],"inLanguage":"de"},{"@type":"WebPage","@id":"https:\/\/www.krafthand.de\/truck\/artikel\/abgaskomponenten-fuer-euro-vi-24673\/","url":"https:\/\/www.krafthand.de\/truck\/artikel\/abgaskomponenten-fuer-euro-vi-24673\/","name":"Abgaskomponenten f\u00fcr EURO-VI - Krafthand-Truck","isPartOf":{"@id":"https:\/\/www.krafthand.de\/truck\/#website"},"primaryImageOfPage":{"@id":"https:\/\/www.krafthand.de\/truck\/artikel\/abgaskomponenten-fuer-euro-vi-24673\/#primaryimage"},"image":{"@id":"https:\/\/www.krafthand.de\/truck\/artikel\/abgaskomponenten-fuer-euro-vi-24673\/#primaryimage"},"thumbnailUrl":"https:\/\/static.krafthand-truck.de\/uploads\/2019\/04\/TRUCK_01_19_044.jpg","datePublished":"2019-05-09T05:00:40+00:00","author":{"@id":"https:\/\/www.krafthand.de\/truck\/#\/schema\/person\/23aebc1e5e3f0204da7158bce36950bb"},"description":"Der Emissionstechnikspezialist Dinex hat es sich auf die Fahnen geschrieben, rechtzeitig Ersatzbedarf an EURO-VI Abgaskomponenten in OE-Qualit\u00e4t zu liefern.","breadcrumb":{"@id":"https:\/\/www.krafthand.de\/truck\/artikel\/abgaskomponenten-fuer-euro-vi-24673\/#breadcrumb"},"inLanguage":"de","potentialAction":[{"@type":"ReadAction","target":["https:\/\/www.krafthand.de\/truck\/artikel\/abgaskomponenten-fuer-euro-vi-24673\/"]}]},{"@type":"ImageObject","inLanguage":"de","@id":"https:\/\/www.krafthand.de\/truck\/artikel\/abgaskomponenten-fuer-euro-vi-24673\/#primaryimage","url":"https:\/\/static.krafthand-truck.de\/uploads\/2019\/04\/TRUCK_01_19_044.jpg","contentUrl":"https:\/\/static.krafthand-truck.de\/uploads\/2019\/04\/TRUCK_01_19_044.jpg","width":1000,"height":836,"caption":"EURO-VI Abgaskomponenten von Dinex"},{"@type":"BreadcrumbList","@id":"https:\/\/www.krafthand.de\/truck\/artikel\/abgaskomponenten-fuer-euro-vi-24673\/#breadcrumb","itemListElement":[{"@type":"ListItem","position":1,"name":"Krafthand-Truck","item":"https:\/\/www.krafthand.de\/truck\/"},{"@type":"ListItem","position":2,"name":"Nfz-Branche","item":"https:\/\/www.krafthand.de\/truck\/kategorie\/branche\/"},{"@type":"ListItem","position":3,"name":"Abgaskomponenten f\u00fcr EURO-VI"}]},{"@type":"WebSite","@id":"https:\/\/www.krafthand.de\/truck\/#website","url":"https:\/\/www.krafthand.de\/truck\/","name":"Krafthand-Truck","description":"","potentialAction":[{"@type":"SearchAction","target":{"@type":"EntryPoint","urlTemplate":"https:\/\/www.krafthand.de\/truck\/?s={search_term_string}"},"query-input":{"@type":"PropertyValueSpecification","valueRequired":true,"valueName":"search_term_string"}}],"inLanguage":"de"},{"@type":"Person","@id":"https:\/\/www.krafthand.de\/truck\/#\/schema\/person\/23aebc1e5e3f0204da7158bce36950bb","name":"julian.schmid@krafthand.de","image":{"@type":"ImageObject","inLanguage":"de","@id":"https:\/\/secure.gravatar.com\/avatar\/ef76c2910cab8eb23fcc013e1c6dc1ba4af5e93fea6e6132d7c4e67d4e9631e9?s=96&d=mm&r=g","url":"https:\/\/secure.gravatar.com\/avatar\/ef76c2910cab8eb23fcc013e1c6dc1ba4af5e93fea6e6132d7c4e67d4e9631e9?s=96&d=mm&r=g","contentUrl":"https:\/\/secure.gravatar.com\/avatar\/ef76c2910cab8eb23fcc013e1c6dc1ba4af5e93fea6e6132d7c4e67d4e9631e9?s=96&d=mm&r=g","caption":"julian.schmid@krafthand.de"}}]}},"_links":{"self":[{"href":"https:\/\/www.krafthand.de\/truck\/wp-json\/wp\/v2\/posts\/24673","targetHints":{"allow":["GET"]}}],"collection":[{"href":"https:\/\/www.krafthand.de\/truck\/wp-json\/wp\/v2\/posts"}],"about":[{"href":"https:\/\/www.krafthand.de\/truck\/wp-json\/wp\/v2\/types\/post"}],"author":[{"embeddable":true,"href":"https:\/\/www.krafthand.de\/truck\/wp-json\/wp\/v2\/users\/7"}],"replies":[{"embeddable":true,"href":"https:\/\/www.krafthand.de\/truck\/wp-json\/wp\/v2\/comments?post=24673"}],"version-history":[{"count":1,"href":"https:\/\/www.krafthand.de\/truck\/wp-json\/wp\/v2\/posts\/24673\/revisions"}],"predecessor-version":[{"id":24675,"href":"https:\/\/www.krafthand.de\/truck\/wp-json\/wp\/v2\/posts\/24673\/revisions\/24675"}],"wp:featuredmedia":[{"embeddable":true,"href":"https:\/\/www.krafthand.de\/truck\/wp-json\/wp\/v2\/media\/24674"}],"wp:attachment":[{"href":"https:\/\/www.krafthand.de\/truck\/wp-json\/wp\/v2\/media?parent=24673"}],"wp:term":[{"taxonomy":"category","embeddable":true,"href":"https:\/\/www.krafthand.de\/truck\/wp-json\/wp\/v2\/categories?post=24673"},{"taxonomy":"post_tag","embeddable":true,"href":"https:\/\/www.krafthand.de\/truck\/wp-json\/wp\/v2\/tags?post=24673"},{"taxonomy":"settings","embeddable":true,"href":"https:\/\/www.krafthand.de\/truck\/wp-json\/wp\/v2\/settings?post=24673"}],"curies":[{"name":"wp","href":"https:\/\/api.w.org\/{rel}","templated":true}]}}