{"id":24665,"date":"2019-05-05T07:00:00","date_gmt":"2019-05-05T05:00:00","guid":{"rendered":"https:\/\/www.krafthand.de\/truck\/?p=24665"},"modified":"2019-06-26T09:25:08","modified_gmt":"2019-06-26T07:25:08","slug":"klimageraet-klein-kompakt-leistungsstark","status":"publish","type":"post","link":"https:\/\/www.krafthand.de\/truck\/artikel\/klimageraet-klein-kompakt-leistungsstark-24665\/","title":{"rendered":"Klimager\u00e4t &#8211; klein, kompakt, leistungsstark"},"content":{"rendered":"<p>Speziell f\u00fcr mittlere und kleine Nutzfahrzeug-Werkst\u00e4tten und Speditionen mit eigenem Werkstattbetrieb hat Texa f\u00fcr die Klimasaison 2019 das \u201aKonfort 712R\u2018 ins Programm aufgenommen. Nach Unternehmensangaben bietet das kompakte Ger\u00e4t ein gutes Preis-Leistungs-Verh\u00e4ltnis und verf\u00fcgt dabei dennoch \u00fcber die gleichen technischen Merkmale wie die \u201agr\u00f6\u00dferen Geschwister\u2018 der \u201aKonfort\u2018-Familie, etwa die vollautomatische Steuerung der Serviceabl\u00e4ufe oder die elektronische Waage f\u00fcr das abgesaugte Kompressor\u00f6l.<\/p>\n<p>Der Zusatz \u201a2-Gas ready\u2018 in der Modellbezeichnung soll zudem darauf hinweisen, dass das kompakte Ger\u00e4t entweder in einer R134a- oder einer R1234yf-Version geordert und sp\u00e4ter, wenn auch bei Nutzfahrzeugen ein alternatives K\u00e4ltemittel kommen sollte, mithilfe eines speziellen Nachr\u00fcstkits auf das jeweils andere K\u00e4ltemittel umkonfiguriert werden kann. Zudem l\u00e4sst sich nachtr\u00e4glich ein K\u00e4ltemittelanalyseger\u00e4t installieren, was laut Texa in dieser Klasse nicht selbstverst\u00e4ndlich ist. Auch mit dem auf der Automechanika vorgestellten \u201aRec+\u2018, einem System zur sicheren R\u00fcckgewinnung kontaminierter K\u00e4ltemittel, soll das \u201aR712R\u2018 korrespondieren.<\/p>\n<p><i>Den Beitrag finden Sie auch in der Print-Ausgabe 1\/19 der <a href=\"https:\/\/www.krafthand.de\/truck\/magazin\/\" title=\"Zum Magazin\">Krafthand-Truck<\/a>.<\/i><\/p>","protected":false},"excerpt":{"rendered":"<p>Speziell f\u00fcr mittlere und kleine Nutzfahrzeug-Werkst\u00e4tten und Speditionen mit eigenem Werkstattbetrieb hat Texa f\u00fcr die Klimasaison 2019 das \u201aKonfort 712R\u2018 ins Programm aufgenommen. <span class=\"excerpt-more__dots\">&#8230;<\/span> <a class=\"excerpt-more__link\" href=\"https:\/\/www.krafthand.de\/truck\/artikel\/klimageraet-klein-kompakt-leistungsstark-24665\/\" >weiter<\/a><\/p>\n","protected":false},"author":7,"featured_media":24666,"comment_status":"closed","ping_status":"closed","sticky":false,"template":"","format":"standard","meta":{"footnotes":""},"categories":[5],"tags":[72,3829,3830,3031,1593],"settings":[],"class_list":["post-24665","post","type-post","status-publish","format-standard","has-post-thumbnail","hentry","category-branche","tag-kaeltemittel","tag-klimageraet","tag-r1234yf","tag-r134a","tag-texa"],"yoast_head":"<!-- This site is optimized with the Yoast SEO plugin v27.3 - https:\/\/yoast.com\/product\/yoast-seo-wordpress\/ -->\n<title>Klimager\u00e4t - klein, kompakt, leistungsstark - Krafthand-Truck<\/title>\n<meta name=\"description\" content=\"Speziell f\u00fcr mittlere und kleine Nutzfahrzeug-Werkst\u00e4tten mit eigenem Werkstattbetrieb hat Texa das \u201aKonfort 712R\u2018 ins Programm aufgenommen.\" \/>\n<meta name=\"robots\" content=\"index, follow, max-snippet:-1, max-image-preview:large, max-video-preview:-1\" \/>\n<link rel=\"canonical\" href=\"https:\/\/www.krafthand.de\/truck\/artikel\/klimageraet-klein-kompakt-leistungsstark-24665\/\" \/>\n<meta property=\"og:locale\" content=\"de_DE\" \/>\n<meta property=\"og:type\" content=\"article\" \/>\n<meta property=\"og:title\" content=\"Klimager\u00e4t - klein, kompakt, leistungsstark - Krafthand-Truck\" \/>\n<meta property=\"og:description\" content=\"Speziell f\u00fcr mittlere und kleine Nutzfahrzeug-Werkst\u00e4tten mit eigenem Werkstattbetrieb hat Texa das \u201aKonfort 712R\u2018 ins Programm aufgenommen.\" \/>\n<meta property=\"og:url\" content=\"https:\/\/www.krafthand-truck.de\/artikel\/klimageraet-klein-kompakt-leistungsstark-24665\/\" \/>\n<meta property=\"og:site_name\" content=\"Krafthand-Truck\" \/>\n<meta property=\"article:published_time\" content=\"2019-05-05T05:00:00+00:00\" \/>\n<meta property=\"article:modified_time\" content=\"2019-06-26T07:25:08+00:00\" \/>\n<meta property=\"og:image\" content=\"https:\/\/www.krafthand.de\/truck\/wp-content\/uploads\/2019\/04\/TRUCK_01_19_016.jpg\" \/>\n\t<meta property=\"og:image:width\" content=\"1000\" \/>\n\t<meta property=\"og:image:height\" content=\"1500\" \/>\n\t<meta property=\"og:image:type\" content=\"image\/jpeg\" \/>\n<meta name=\"author\" content=\"julian.schmid@krafthand.de\" \/>\n<meta name=\"twitter:card\" content=\"summary_large_image\" \/>\n<meta name=\"twitter:label1\" content=\"Verfasst von\" \/>\n\t<meta name=\"twitter:data1\" content=\"julian.schmid@krafthand.de\" \/>\n\t<meta name=\"twitter:label2\" content=\"Gesch\u00e4tzte Lesezeit\" \/>\n\t<meta name=\"twitter:data2\" content=\"1\u00a0Minute\" \/>\n<script type=\"application\/ld+json\" class=\"yoast-schema-graph\">{\"@context\":\"https:\\\/\\\/schema.org\",\"@graph\":[{\"@type\":\"Article\",\"@id\":\"https:\\\/\\\/www.krafthand.de\\\/truck\\\/artikel\\\/klimageraet-klein-kompakt-leistungsstark-24665\\\/#article\",\"isPartOf\":{\"@id\":\"https:\\\/\\\/www.krafthand.de\\\/truck\\\/artikel\\\/klimageraet-klein-kompakt-leistungsstark-24665\\\/\"},\"author\":{\"name\":\"julian.schmid@krafthand.de\",\"@id\":\"https:\\\/\\\/www.krafthand.de\\\/truck\\\/#\\\/schema\\\/person\\\/23aebc1e5e3f0204da7158bce36950bb\"},\"headline\":\"Klimager\u00e4t &#8211; klein, kompakt, leistungsstark\",\"datePublished\":\"2019-05-05T05:00:00+00:00\",\"dateModified\":\"2019-06-26T07:25:08+00:00\",\"mainEntityOfPage\":{\"@id\":\"https:\\\/\\\/www.krafthand.de\\\/truck\\\/artikel\\\/klimageraet-klein-kompakt-leistungsstark-24665\\\/\"},\"wordCount\":173,\"image\":{\"@id\":\"https:\\\/\\\/www.krafthand.de\\\/truck\\\/artikel\\\/klimageraet-klein-kompakt-leistungsstark-24665\\\/#primaryimage\"},\"thumbnailUrl\":\"https:\\\/\\\/static.krafthand-truck.de\\\/uploads\\\/2019\\\/04\\\/TRUCK_01_19_016.jpg\",\"keywords\":[\"K\u00e4ltemittel\",\"Klimager\u00e4t\",\"R1234yf\",\"R134a\",\"Texa\"],\"articleSection\":[\"Nfz-Branche\"],\"inLanguage\":\"de\"},{\"@type\":\"WebPage\",\"@id\":\"https:\\\/\\\/www.krafthand.de\\\/truck\\\/artikel\\\/klimageraet-klein-kompakt-leistungsstark-24665\\\/\",\"url\":\"https:\\\/\\\/www.krafthand.de\\\/truck\\\/artikel\\\/klimageraet-klein-kompakt-leistungsstark-24665\\\/\",\"name\":\"Klimager\u00e4t - klein, kompakt, leistungsstark - Krafthand-Truck\",\"isPartOf\":{\"@id\":\"https:\\\/\\\/www.krafthand.de\\\/truck\\\/#website\"},\"primaryImageOfPage\":{\"@id\":\"https:\\\/\\\/www.krafthand.de\\\/truck\\\/artikel\\\/klimageraet-klein-kompakt-leistungsstark-24665\\\/#primaryimage\"},\"image\":{\"@id\":\"https:\\\/\\\/www.krafthand.de\\\/truck\\\/artikel\\\/klimageraet-klein-kompakt-leistungsstark-24665\\\/#primaryimage\"},\"thumbnailUrl\":\"https:\\\/\\\/static.krafthand-truck.de\\\/uploads\\\/2019\\\/04\\\/TRUCK_01_19_016.jpg\",\"datePublished\":\"2019-05-05T05:00:00+00:00\",\"dateModified\":\"2019-06-26T07:25:08+00:00\",\"author\":{\"@id\":\"https:\\\/\\\/www.krafthand.de\\\/truck\\\/#\\\/schema\\\/person\\\/23aebc1e5e3f0204da7158bce36950bb\"},\"description\":\"Speziell f\u00fcr mittlere und kleine Nutzfahrzeug-Werkst\u00e4tten mit eigenem Werkstattbetrieb hat Texa das \u201aKonfort 712R\u2018 ins Programm aufgenommen.\",\"breadcrumb\":{\"@id\":\"https:\\\/\\\/www.krafthand.de\\\/truck\\\/artikel\\\/klimageraet-klein-kompakt-leistungsstark-24665\\\/#breadcrumb\"},\"inLanguage\":\"de\",\"potentialAction\":[{\"@type\":\"ReadAction\",\"target\":[\"https:\\\/\\\/www.krafthand.de\\\/truck\\\/artikel\\\/klimageraet-klein-kompakt-leistungsstark-24665\\\/\"]}]},{\"@type\":\"ImageObject\",\"inLanguage\":\"de\",\"@id\":\"https:\\\/\\\/www.krafthand.de\\\/truck\\\/artikel\\\/klimageraet-klein-kompakt-leistungsstark-24665\\\/#primaryimage\",\"url\":\"https:\\\/\\\/static.krafthand-truck.de\\\/uploads\\\/2019\\\/04\\\/TRUCK_01_19_016.jpg\",\"contentUrl\":\"https:\\\/\\\/static.krafthand-truck.de\\\/uploads\\\/2019\\\/04\\\/TRUCK_01_19_016.jpg\",\"width\":1000,\"height\":1500,\"caption\":\"Klimager\u00e4t von Texa\"},{\"@type\":\"BreadcrumbList\",\"@id\":\"https:\\\/\\\/www.krafthand.de\\\/truck\\\/artikel\\\/klimageraet-klein-kompakt-leistungsstark-24665\\\/#breadcrumb\",\"itemListElement\":[{\"@type\":\"ListItem\",\"position\":1,\"name\":\"Krafthand-Truck\",\"item\":\"https:\\\/\\\/www.krafthand.de\\\/truck\\\/\"},{\"@type\":\"ListItem\",\"position\":2,\"name\":\"Nfz-Branche\",\"item\":\"https:\\\/\\\/www.krafthand.de\\\/truck\\\/kategorie\\\/branche\\\/\"},{\"@type\":\"ListItem\",\"position\":3,\"name\":\"Klimager\u00e4t &#8211; klein, kompakt, leistungsstark\"}]},{\"@type\":\"WebSite\",\"@id\":\"https:\\\/\\\/www.krafthand.de\\\/truck\\\/#website\",\"url\":\"https:\\\/\\\/www.krafthand.de\\\/truck\\\/\",\"name\":\"Krafthand-Truck\",\"description\":\"\",\"potentialAction\":[{\"@type\":\"SearchAction\",\"target\":{\"@type\":\"EntryPoint\",\"urlTemplate\":\"https:\\\/\\\/www.krafthand.de\\\/truck\\\/?s={search_term_string}\"},\"query-input\":{\"@type\":\"PropertyValueSpecification\",\"valueRequired\":true,\"valueName\":\"search_term_string\"}}],\"inLanguage\":\"de\"},{\"@type\":\"Person\",\"@id\":\"https:\\\/\\\/www.krafthand.de\\\/truck\\\/#\\\/schema\\\/person\\\/23aebc1e5e3f0204da7158bce36950bb\",\"name\":\"julian.schmid@krafthand.de\",\"image\":{\"@type\":\"ImageObject\",\"inLanguage\":\"de\",\"@id\":\"https:\\\/\\\/secure.gravatar.com\\\/avatar\\\/ef76c2910cab8eb23fcc013e1c6dc1ba4af5e93fea6e6132d7c4e67d4e9631e9?s=96&d=mm&r=g\",\"url\":\"https:\\\/\\\/secure.gravatar.com\\\/avatar\\\/ef76c2910cab8eb23fcc013e1c6dc1ba4af5e93fea6e6132d7c4e67d4e9631e9?s=96&d=mm&r=g\",\"contentUrl\":\"https:\\\/\\\/secure.gravatar.com\\\/avatar\\\/ef76c2910cab8eb23fcc013e1c6dc1ba4af5e93fea6e6132d7c4e67d4e9631e9?s=96&d=mm&r=g\",\"caption\":\"julian.schmid@krafthand.de\"}}]}<\/script>\n<!-- \/ Yoast SEO plugin. -->","yoast_head_json":{"title":"Klimager\u00e4t - klein, kompakt, leistungsstark - Krafthand-Truck","description":"Speziell f\u00fcr mittlere und kleine Nutzfahrzeug-Werkst\u00e4tten mit eigenem Werkstattbetrieb hat Texa das \u201aKonfort 712R\u2018 ins Programm aufgenommen.","robots":{"index":"index","follow":"follow","max-snippet":"max-snippet:-1","max-image-preview":"max-image-preview:large","max-video-preview":"max-video-preview:-1"},"canonical":"https:\/\/www.krafthand.de\/truck\/artikel\/klimageraet-klein-kompakt-leistungsstark-24665\/","og_locale":"de_DE","og_type":"article","og_title":"Klimager\u00e4t - klein, kompakt, leistungsstark - Krafthand-Truck","og_description":"Speziell f\u00fcr mittlere und kleine Nutzfahrzeug-Werkst\u00e4tten mit eigenem Werkstattbetrieb hat Texa das \u201aKonfort 712R\u2018 ins Programm aufgenommen.","og_url":"https:\/\/www.krafthand-truck.de\/artikel\/klimageraet-klein-kompakt-leistungsstark-24665\/","og_site_name":"Krafthand-Truck","article_published_time":"2019-05-05T05:00:00+00:00","article_modified_time":"2019-06-26T07:25:08+00:00","og_image":[{"width":1000,"height":1500,"url":"https:\/\/www.krafthand.de\/truck\/wp-content\/uploads\/2019\/04\/TRUCK_01_19_016.jpg","type":"image\/jpeg"}],"author":"julian.schmid@krafthand.de","twitter_card":"summary_large_image","twitter_misc":{"Verfasst von":"julian.schmid@krafthand.de","Gesch\u00e4tzte Lesezeit":"1\u00a0Minute"},"schema":{"@context":"https:\/\/schema.org","@graph":[{"@type":"Article","@id":"https:\/\/www.krafthand.de\/truck\/artikel\/klimageraet-klein-kompakt-leistungsstark-24665\/#article","isPartOf":{"@id":"https:\/\/www.krafthand.de\/truck\/artikel\/klimageraet-klein-kompakt-leistungsstark-24665\/"},"author":{"name":"julian.schmid@krafthand.de","@id":"https:\/\/www.krafthand.de\/truck\/#\/schema\/person\/23aebc1e5e3f0204da7158bce36950bb"},"headline":"Klimager\u00e4t &#8211; klein, kompakt, leistungsstark","datePublished":"2019-05-05T05:00:00+00:00","dateModified":"2019-06-26T07:25:08+00:00","mainEntityOfPage":{"@id":"https:\/\/www.krafthand.de\/truck\/artikel\/klimageraet-klein-kompakt-leistungsstark-24665\/"},"wordCount":173,"image":{"@id":"https:\/\/www.krafthand.de\/truck\/artikel\/klimageraet-klein-kompakt-leistungsstark-24665\/#primaryimage"},"thumbnailUrl":"https:\/\/static.krafthand-truck.de\/uploads\/2019\/04\/TRUCK_01_19_016.jpg","keywords":["K\u00e4ltemittel","Klimager\u00e4t","R1234yf","R134a","Texa"],"articleSection":["Nfz-Branche"],"inLanguage":"de"},{"@type":"WebPage","@id":"https:\/\/www.krafthand.de\/truck\/artikel\/klimageraet-klein-kompakt-leistungsstark-24665\/","url":"https:\/\/www.krafthand.de\/truck\/artikel\/klimageraet-klein-kompakt-leistungsstark-24665\/","name":"Klimager\u00e4t - klein, kompakt, leistungsstark - Krafthand-Truck","isPartOf":{"@id":"https:\/\/www.krafthand.de\/truck\/#website"},"primaryImageOfPage":{"@id":"https:\/\/www.krafthand.de\/truck\/artikel\/klimageraet-klein-kompakt-leistungsstark-24665\/#primaryimage"},"image":{"@id":"https:\/\/www.krafthand.de\/truck\/artikel\/klimageraet-klein-kompakt-leistungsstark-24665\/#primaryimage"},"thumbnailUrl":"https:\/\/static.krafthand-truck.de\/uploads\/2019\/04\/TRUCK_01_19_016.jpg","datePublished":"2019-05-05T05:00:00+00:00","dateModified":"2019-06-26T07:25:08+00:00","author":{"@id":"https:\/\/www.krafthand.de\/truck\/#\/schema\/person\/23aebc1e5e3f0204da7158bce36950bb"},"description":"Speziell f\u00fcr mittlere und kleine Nutzfahrzeug-Werkst\u00e4tten mit eigenem Werkstattbetrieb hat Texa das \u201aKonfort 712R\u2018 ins Programm aufgenommen.","breadcrumb":{"@id":"https:\/\/www.krafthand.de\/truck\/artikel\/klimageraet-klein-kompakt-leistungsstark-24665\/#breadcrumb"},"inLanguage":"de","potentialAction":[{"@type":"ReadAction","target":["https:\/\/www.krafthand.de\/truck\/artikel\/klimageraet-klein-kompakt-leistungsstark-24665\/"]}]},{"@type":"ImageObject","inLanguage":"de","@id":"https:\/\/www.krafthand.de\/truck\/artikel\/klimageraet-klein-kompakt-leistungsstark-24665\/#primaryimage","url":"https:\/\/static.krafthand-truck.de\/uploads\/2019\/04\/TRUCK_01_19_016.jpg","contentUrl":"https:\/\/static.krafthand-truck.de\/uploads\/2019\/04\/TRUCK_01_19_016.jpg","width":1000,"height":1500,"caption":"Klimager\u00e4t von Texa"},{"@type":"BreadcrumbList","@id":"https:\/\/www.krafthand.de\/truck\/artikel\/klimageraet-klein-kompakt-leistungsstark-24665\/#breadcrumb","itemListElement":[{"@type":"ListItem","position":1,"name":"Krafthand-Truck","item":"https:\/\/www.krafthand.de\/truck\/"},{"@type":"ListItem","position":2,"name":"Nfz-Branche","item":"https:\/\/www.krafthand.de\/truck\/kategorie\/branche\/"},{"@type":"ListItem","position":3,"name":"Klimager\u00e4t &#8211; klein, kompakt, leistungsstark"}]},{"@type":"WebSite","@id":"https:\/\/www.krafthand.de\/truck\/#website","url":"https:\/\/www.krafthand.de\/truck\/","name":"Krafthand-Truck","description":"","potentialAction":[{"@type":"SearchAction","target":{"@type":"EntryPoint","urlTemplate":"https:\/\/www.krafthand.de\/truck\/?s={search_term_string}"},"query-input":{"@type":"PropertyValueSpecification","valueRequired":true,"valueName":"search_term_string"}}],"inLanguage":"de"},{"@type":"Person","@id":"https:\/\/www.krafthand.de\/truck\/#\/schema\/person\/23aebc1e5e3f0204da7158bce36950bb","name":"julian.schmid@krafthand.de","image":{"@type":"ImageObject","inLanguage":"de","@id":"https:\/\/secure.gravatar.com\/avatar\/ef76c2910cab8eb23fcc013e1c6dc1ba4af5e93fea6e6132d7c4e67d4e9631e9?s=96&d=mm&r=g","url":"https:\/\/secure.gravatar.com\/avatar\/ef76c2910cab8eb23fcc013e1c6dc1ba4af5e93fea6e6132d7c4e67d4e9631e9?s=96&d=mm&r=g","contentUrl":"https:\/\/secure.gravatar.com\/avatar\/ef76c2910cab8eb23fcc013e1c6dc1ba4af5e93fea6e6132d7c4e67d4e9631e9?s=96&d=mm&r=g","caption":"julian.schmid@krafthand.de"}}]}},"_links":{"self":[{"href":"https:\/\/www.krafthand.de\/truck\/wp-json\/wp\/v2\/posts\/24665","targetHints":{"allow":["GET"]}}],"collection":[{"href":"https:\/\/www.krafthand.de\/truck\/wp-json\/wp\/v2\/posts"}],"about":[{"href":"https:\/\/www.krafthand.de\/truck\/wp-json\/wp\/v2\/types\/post"}],"author":[{"embeddable":true,"href":"https:\/\/www.krafthand.de\/truck\/wp-json\/wp\/v2\/users\/7"}],"replies":[{"embeddable":true,"href":"https:\/\/www.krafthand.de\/truck\/wp-json\/wp\/v2\/comments?post=24665"}],"version-history":[{"count":1,"href":"https:\/\/www.krafthand.de\/truck\/wp-json\/wp\/v2\/posts\/24665\/revisions"}],"predecessor-version":[{"id":24667,"href":"https:\/\/www.krafthand.de\/truck\/wp-json\/wp\/v2\/posts\/24665\/revisions\/24667"}],"wp:featuredmedia":[{"embeddable":true,"href":"https:\/\/www.krafthand.de\/truck\/wp-json\/wp\/v2\/media\/24666"}],"wp:attachment":[{"href":"https:\/\/www.krafthand.de\/truck\/wp-json\/wp\/v2\/media?parent=24665"}],"wp:term":[{"taxonomy":"category","embeddable":true,"href":"https:\/\/www.krafthand.de\/truck\/wp-json\/wp\/v2\/categories?post=24665"},{"taxonomy":"post_tag","embeddable":true,"href":"https:\/\/www.krafthand.de\/truck\/wp-json\/wp\/v2\/tags?post=24665"},{"taxonomy":"settings","embeddable":true,"href":"https:\/\/www.krafthand.de\/truck\/wp-json\/wp\/v2\/settings?post=24665"}],"curies":[{"name":"wp","href":"https:\/\/api.w.org\/{rel}","templated":true}]}}