{"id":24655,"date":"2019-04-29T07:00:21","date_gmt":"2019-04-29T05:00:21","guid":{"rendered":"https:\/\/www.krafthand.de\/truck\/?p=24655"},"modified":"2022-02-15T09:07:40","modified_gmt":"2022-02-15T08:07:40","slug":"nachruestbare-standklimaanlage","status":"publish","type":"post","link":"https:\/\/www.krafthand.de\/truck\/artikel\/nachruestbare-standklimaanlage-24655\/","title":{"rendered":"Nachr\u00fcstbare Standklimaanlage"},"content":{"rendered":"<p>F\u00fcr Berufskraftfahrer ist es wichtig, auch bei hei\u00dfen Au\u00dfentemperaturen einen k\u00fchlen Kopf zu bewahren. Mithilfe einer Standklimaanlage ist das kein Problem, denn sie generiert w\u00e4hrend Ruhe- und Pausenzeiten ein angenehmes Kabinenklima \u2013 ganz ohne Kraftstoffverbrauch.<\/p>\n<p>F\u00fcr die Modelle TGX und TGA von MAN hat der schw\u00e4bische Thermomanagementspezialist Ebersp\u00e4cher eine neue Variante aus der \u201aCooltronic\u2018-Serie entwickelt: Die \u201aCooltronic 1000 Slim Hatch\/MAN\u2018. Den Produktinformationen zufolge k\u00fchlt sie das Fahrerhaus mit einer K\u00fchlleistung von rund 1.000 bis 1.400 Watt. Laut Ebersp\u00e4cher arbeitet die batteriebetriebene Kompaktanlage dank intelligenter Regelung energieeffizient und v\u00f6llig autark vom Motorbetrieb.<\/p>\n<p>Speziell f\u00fcr die MAN-Modelle TGX und TGA mit XLX-Fahrerhaus haben die Ingenieure ein besonders flaches Design entwickelt, sodass beim Einbau keine Modifikationen am Spoiler notwendig sind. Zudem soll der mitgelieferte, modellspezifische Einbausatz mit Dichtungen, Haltern und Kleinteilen sowie vorkonfektionierten Kabeln und der innenliegenden Abdeckblende die Installation der werkseitig vorbef\u00fcllten Anlage erleichtern: in rund drei Stunden soll die Einheit laut Ebersp\u00e4cher in der Dachluke befestigt sein.<\/p>\n<p>Die Marketingfachleute von Ebersp\u00e4cher weisen zudem darauf hin, dass sich bei der Nachr\u00fcstung schwerer Lkw durch die F\u00f6rdermittel des Bundesamts f\u00fcr G\u00fcterverkehr bares Geld sparen l\u00e4sst.<\/p>\n<p><i>Den Beitrag finden Sie auch in der Print-Ausgabe 1\/19 der <a href=\"https:\/\/www.krafthand.de\/truck\/magazin\/\" title=\"Zum Magazin\">Krafthand-Truck<\/a>.<\/i><\/p>","protected":false},"excerpt":{"rendered":"<p>F\u00fcr Berufskraftfahrer ist es wichtig, auch bei hei\u00dfen Au\u00dfentemperaturen einen k\u00fchlen Kopf zu bewahren. Mithilfe der Standklimaanlage Cooltronic von Ebersp\u00e4cher ist das kein Problem. <span class=\"excerpt-more__dots\">&#8230;<\/span> <a class=\"excerpt-more__link\" href=\"https:\/\/www.krafthand.de\/truck\/artikel\/nachruestbare-standklimaanlage-24655\/\" >weiter<\/a><\/p>\n","protected":false},"author":7,"featured_media":24656,"comment_status":"closed","ping_status":"closed","sticky":false,"template":"","format":"standard","meta":{"footnotes":""},"categories":[4912],"tags":[2937,434,1862,948],"settings":[],"class_list":["post-24655","post","type-post","status-publish","format-standard","has-post-thumbnail","hentry","category-ersatzteile-zubehoer","tag-cooltronic","tag-eberspaecher","tag-standklimaanlage","tag-standklimatisierung"],"yoast_head":"<!-- This site is optimized with the Yoast SEO plugin v27.3 - https:\/\/yoast.com\/product\/yoast-seo-wordpress\/ -->\n<title>Nachr\u00fcstbare Standklimaanlage - Krafthand-Truck<\/title>\n<meta name=\"description\" content=\"Hei\u00dfe Au\u00dfentemperaturen machen Berufskraftfahrer oft zu schaffen. Ebersp\u00e4cher hat hierf\u00fcr die nachr\u00fcstbare Standklimaanlage Cooltronic entwickelt.\" \/>\n<meta name=\"robots\" content=\"index, follow, max-snippet:-1, max-image-preview:large, max-video-preview:-1\" \/>\n<link rel=\"canonical\" href=\"https:\/\/www.krafthand.de\/truck\/artikel\/nachruestbare-standklimaanlage-24655\/\" \/>\n<meta property=\"og:locale\" content=\"de_DE\" \/>\n<meta property=\"og:type\" content=\"article\" \/>\n<meta property=\"og:title\" content=\"Nachr\u00fcstbare Standklimaanlage - Krafthand-Truck\" \/>\n<meta property=\"og:description\" content=\"Hei\u00dfe Au\u00dfentemperaturen machen Berufskraftfahrer oft zu schaffen. Ebersp\u00e4cher hat hierf\u00fcr die nachr\u00fcstbare Standklimaanlage Cooltronic entwickelt.\" \/>\n<meta property=\"og:url\" content=\"https:\/\/www.krafthand-truck.de\/artikel\/nachruestbare-standklimaanlage-24655\/\" \/>\n<meta property=\"og:site_name\" content=\"Krafthand-Truck\" \/>\n<meta property=\"article:published_time\" content=\"2019-04-29T05:00:21+00:00\" \/>\n<meta property=\"article:modified_time\" content=\"2022-02-15T08:07:40+00:00\" \/>\n<meta property=\"og:image\" content=\"https:\/\/static.krafthand-truck.de\/uploads\/2019\/04\/TRUCK_01_19_045.jpg\" \/>\n\t<meta property=\"og:image:width\" content=\"1000\" \/>\n\t<meta property=\"og:image:height\" content=\"515\" \/>\n\t<meta property=\"og:image:type\" content=\"image\/jpeg\" \/>\n<meta name=\"author\" content=\"julian.schmid@krafthand.de\" \/>\n<meta name=\"twitter:card\" content=\"summary_large_image\" \/>\n<meta name=\"twitter:label1\" content=\"Verfasst von\" \/>\n\t<meta name=\"twitter:data1\" content=\"julian.schmid@krafthand.de\" \/>\n\t<meta name=\"twitter:label2\" content=\"Gesch\u00e4tzte Lesezeit\" \/>\n\t<meta name=\"twitter:data2\" content=\"1\u00a0Minute\" \/>\n<script type=\"application\/ld+json\" class=\"yoast-schema-graph\">{\"@context\":\"https:\\\/\\\/schema.org\",\"@graph\":[{\"@type\":\"Article\",\"@id\":\"https:\\\/\\\/www.krafthand.de\\\/truck\\\/artikel\\\/nachruestbare-standklimaanlage-24655\\\/#article\",\"isPartOf\":{\"@id\":\"https:\\\/\\\/www.krafthand.de\\\/truck\\\/artikel\\\/nachruestbare-standklimaanlage-24655\\\/\"},\"author\":{\"name\":\"julian.schmid@krafthand.de\",\"@id\":\"https:\\\/\\\/www.krafthand.de\\\/truck\\\/#\\\/schema\\\/person\\\/23aebc1e5e3f0204da7158bce36950bb\"},\"headline\":\"Nachr\u00fcstbare Standklimaanlage\",\"datePublished\":\"2019-04-29T05:00:21+00:00\",\"dateModified\":\"2022-02-15T08:07:40+00:00\",\"mainEntityOfPage\":{\"@id\":\"https:\\\/\\\/www.krafthand.de\\\/truck\\\/artikel\\\/nachruestbare-standklimaanlage-24655\\\/\"},\"wordCount\":204,\"image\":{\"@id\":\"https:\\\/\\\/www.krafthand.de\\\/truck\\\/artikel\\\/nachruestbare-standklimaanlage-24655\\\/#primaryimage\"},\"thumbnailUrl\":\"https:\\\/\\\/static.krafthand-truck.de\\\/uploads\\\/2019\\\/04\\\/TRUCK_01_19_045.jpg\",\"keywords\":[\"Cooltronic\",\"Ebersp\u00e4cher\",\"Standklimaanlage\",\"Standklimatisierung\"],\"articleSection\":[\"Ersatzteile\\\/Zubeh\u00f6r\"],\"inLanguage\":\"de\"},{\"@type\":\"WebPage\",\"@id\":\"https:\\\/\\\/www.krafthand.de\\\/truck\\\/artikel\\\/nachruestbare-standklimaanlage-24655\\\/\",\"url\":\"https:\\\/\\\/www.krafthand.de\\\/truck\\\/artikel\\\/nachruestbare-standklimaanlage-24655\\\/\",\"name\":\"Nachr\u00fcstbare Standklimaanlage - Krafthand-Truck\",\"isPartOf\":{\"@id\":\"https:\\\/\\\/www.krafthand.de\\\/truck\\\/#website\"},\"primaryImageOfPage\":{\"@id\":\"https:\\\/\\\/www.krafthand.de\\\/truck\\\/artikel\\\/nachruestbare-standklimaanlage-24655\\\/#primaryimage\"},\"image\":{\"@id\":\"https:\\\/\\\/www.krafthand.de\\\/truck\\\/artikel\\\/nachruestbare-standklimaanlage-24655\\\/#primaryimage\"},\"thumbnailUrl\":\"https:\\\/\\\/static.krafthand-truck.de\\\/uploads\\\/2019\\\/04\\\/TRUCK_01_19_045.jpg\",\"datePublished\":\"2019-04-29T05:00:21+00:00\",\"dateModified\":\"2022-02-15T08:07:40+00:00\",\"author\":{\"@id\":\"https:\\\/\\\/www.krafthand.de\\\/truck\\\/#\\\/schema\\\/person\\\/23aebc1e5e3f0204da7158bce36950bb\"},\"description\":\"Hei\u00dfe Au\u00dfentemperaturen machen Berufskraftfahrer oft zu schaffen. Ebersp\u00e4cher hat hierf\u00fcr die nachr\u00fcstbare Standklimaanlage Cooltronic entwickelt.\",\"breadcrumb\":{\"@id\":\"https:\\\/\\\/www.krafthand.de\\\/truck\\\/artikel\\\/nachruestbare-standklimaanlage-24655\\\/#breadcrumb\"},\"inLanguage\":\"de\",\"potentialAction\":[{\"@type\":\"ReadAction\",\"target\":[\"https:\\\/\\\/www.krafthand.de\\\/truck\\\/artikel\\\/nachruestbare-standklimaanlage-24655\\\/\"]}]},{\"@type\":\"ImageObject\",\"inLanguage\":\"de\",\"@id\":\"https:\\\/\\\/www.krafthand.de\\\/truck\\\/artikel\\\/nachruestbare-standklimaanlage-24655\\\/#primaryimage\",\"url\":\"https:\\\/\\\/static.krafthand-truck.de\\\/uploads\\\/2019\\\/04\\\/TRUCK_01_19_045.jpg\",\"contentUrl\":\"https:\\\/\\\/static.krafthand-truck.de\\\/uploads\\\/2019\\\/04\\\/TRUCK_01_19_045.jpg\",\"width\":1000,\"height\":515,\"caption\":\"Standklimaanlage Cooltronic von Ebersp\u00e4cher\"},{\"@type\":\"BreadcrumbList\",\"@id\":\"https:\\\/\\\/www.krafthand.de\\\/truck\\\/artikel\\\/nachruestbare-standklimaanlage-24655\\\/#breadcrumb\",\"itemListElement\":[{\"@type\":\"ListItem\",\"position\":1,\"name\":\"Krafthand-Truck\",\"item\":\"https:\\\/\\\/www.krafthand.de\\\/truck\\\/\"},{\"@type\":\"ListItem\",\"position\":2,\"name\":\"Nfz-Service\",\"item\":\"https:\\\/\\\/www.krafthand.de\\\/truck\\\/kategorie\\\/nfz-service\\\/\"},{\"@type\":\"ListItem\",\"position\":3,\"name\":\"Ersatzteile\\\/Zubeh\u00f6r\",\"item\":\"https:\\\/\\\/www.krafthand.de\\\/truck\\\/kategorie\\\/nfz-service\\\/ersatzteile-zubehoer\\\/\"},{\"@type\":\"ListItem\",\"position\":4,\"name\":\"Nachr\u00fcstbare Standklimaanlage\"}]},{\"@type\":\"WebSite\",\"@id\":\"https:\\\/\\\/www.krafthand.de\\\/truck\\\/#website\",\"url\":\"https:\\\/\\\/www.krafthand.de\\\/truck\\\/\",\"name\":\"Krafthand-Truck\",\"description\":\"\",\"potentialAction\":[{\"@type\":\"SearchAction\",\"target\":{\"@type\":\"EntryPoint\",\"urlTemplate\":\"https:\\\/\\\/www.krafthand.de\\\/truck\\\/?s={search_term_string}\"},\"query-input\":{\"@type\":\"PropertyValueSpecification\",\"valueRequired\":true,\"valueName\":\"search_term_string\"}}],\"inLanguage\":\"de\"},{\"@type\":\"Person\",\"@id\":\"https:\\\/\\\/www.krafthand.de\\\/truck\\\/#\\\/schema\\\/person\\\/23aebc1e5e3f0204da7158bce36950bb\",\"name\":\"julian.schmid@krafthand.de\",\"image\":{\"@type\":\"ImageObject\",\"inLanguage\":\"de\",\"@id\":\"https:\\\/\\\/secure.gravatar.com\\\/avatar\\\/ef76c2910cab8eb23fcc013e1c6dc1ba4af5e93fea6e6132d7c4e67d4e9631e9?s=96&d=mm&r=g\",\"url\":\"https:\\\/\\\/secure.gravatar.com\\\/avatar\\\/ef76c2910cab8eb23fcc013e1c6dc1ba4af5e93fea6e6132d7c4e67d4e9631e9?s=96&d=mm&r=g\",\"contentUrl\":\"https:\\\/\\\/secure.gravatar.com\\\/avatar\\\/ef76c2910cab8eb23fcc013e1c6dc1ba4af5e93fea6e6132d7c4e67d4e9631e9?s=96&d=mm&r=g\",\"caption\":\"julian.schmid@krafthand.de\"}}]}<\/script>\n<!-- \/ Yoast SEO plugin. -->","yoast_head_json":{"title":"Nachr\u00fcstbare Standklimaanlage - Krafthand-Truck","description":"Hei\u00dfe Au\u00dfentemperaturen machen Berufskraftfahrer oft zu schaffen. Ebersp\u00e4cher hat hierf\u00fcr die nachr\u00fcstbare Standklimaanlage Cooltronic entwickelt.","robots":{"index":"index","follow":"follow","max-snippet":"max-snippet:-1","max-image-preview":"max-image-preview:large","max-video-preview":"max-video-preview:-1"},"canonical":"https:\/\/www.krafthand.de\/truck\/artikel\/nachruestbare-standklimaanlage-24655\/","og_locale":"de_DE","og_type":"article","og_title":"Nachr\u00fcstbare Standklimaanlage - Krafthand-Truck","og_description":"Hei\u00dfe Au\u00dfentemperaturen machen Berufskraftfahrer oft zu schaffen. Ebersp\u00e4cher hat hierf\u00fcr die nachr\u00fcstbare Standklimaanlage Cooltronic entwickelt.","og_url":"https:\/\/www.krafthand-truck.de\/artikel\/nachruestbare-standklimaanlage-24655\/","og_site_name":"Krafthand-Truck","article_published_time":"2019-04-29T05:00:21+00:00","article_modified_time":"2022-02-15T08:07:40+00:00","og_image":[{"width":1000,"height":515,"url":"https:\/\/static.krafthand-truck.de\/uploads\/2019\/04\/TRUCK_01_19_045.jpg","type":"image\/jpeg"}],"author":"julian.schmid@krafthand.de","twitter_card":"summary_large_image","twitter_misc":{"Verfasst von":"julian.schmid@krafthand.de","Gesch\u00e4tzte Lesezeit":"1\u00a0Minute"},"schema":{"@context":"https:\/\/schema.org","@graph":[{"@type":"Article","@id":"https:\/\/www.krafthand.de\/truck\/artikel\/nachruestbare-standklimaanlage-24655\/#article","isPartOf":{"@id":"https:\/\/www.krafthand.de\/truck\/artikel\/nachruestbare-standklimaanlage-24655\/"},"author":{"name":"julian.schmid@krafthand.de","@id":"https:\/\/www.krafthand.de\/truck\/#\/schema\/person\/23aebc1e5e3f0204da7158bce36950bb"},"headline":"Nachr\u00fcstbare Standklimaanlage","datePublished":"2019-04-29T05:00:21+00:00","dateModified":"2022-02-15T08:07:40+00:00","mainEntityOfPage":{"@id":"https:\/\/www.krafthand.de\/truck\/artikel\/nachruestbare-standklimaanlage-24655\/"},"wordCount":204,"image":{"@id":"https:\/\/www.krafthand.de\/truck\/artikel\/nachruestbare-standklimaanlage-24655\/#primaryimage"},"thumbnailUrl":"https:\/\/static.krafthand-truck.de\/uploads\/2019\/04\/TRUCK_01_19_045.jpg","keywords":["Cooltronic","Ebersp\u00e4cher","Standklimaanlage","Standklimatisierung"],"articleSection":["Ersatzteile\/Zubeh\u00f6r"],"inLanguage":"de"},{"@type":"WebPage","@id":"https:\/\/www.krafthand.de\/truck\/artikel\/nachruestbare-standklimaanlage-24655\/","url":"https:\/\/www.krafthand.de\/truck\/artikel\/nachruestbare-standklimaanlage-24655\/","name":"Nachr\u00fcstbare Standklimaanlage - Krafthand-Truck","isPartOf":{"@id":"https:\/\/www.krafthand.de\/truck\/#website"},"primaryImageOfPage":{"@id":"https:\/\/www.krafthand.de\/truck\/artikel\/nachruestbare-standklimaanlage-24655\/#primaryimage"},"image":{"@id":"https:\/\/www.krafthand.de\/truck\/artikel\/nachruestbare-standklimaanlage-24655\/#primaryimage"},"thumbnailUrl":"https:\/\/static.krafthand-truck.de\/uploads\/2019\/04\/TRUCK_01_19_045.jpg","datePublished":"2019-04-29T05:00:21+00:00","dateModified":"2022-02-15T08:07:40+00:00","author":{"@id":"https:\/\/www.krafthand.de\/truck\/#\/schema\/person\/23aebc1e5e3f0204da7158bce36950bb"},"description":"Hei\u00dfe Au\u00dfentemperaturen machen Berufskraftfahrer oft zu schaffen. Ebersp\u00e4cher hat hierf\u00fcr die nachr\u00fcstbare Standklimaanlage Cooltronic entwickelt.","breadcrumb":{"@id":"https:\/\/www.krafthand.de\/truck\/artikel\/nachruestbare-standklimaanlage-24655\/#breadcrumb"},"inLanguage":"de","potentialAction":[{"@type":"ReadAction","target":["https:\/\/www.krafthand.de\/truck\/artikel\/nachruestbare-standklimaanlage-24655\/"]}]},{"@type":"ImageObject","inLanguage":"de","@id":"https:\/\/www.krafthand.de\/truck\/artikel\/nachruestbare-standklimaanlage-24655\/#primaryimage","url":"https:\/\/static.krafthand-truck.de\/uploads\/2019\/04\/TRUCK_01_19_045.jpg","contentUrl":"https:\/\/static.krafthand-truck.de\/uploads\/2019\/04\/TRUCK_01_19_045.jpg","width":1000,"height":515,"caption":"Standklimaanlage Cooltronic von Ebersp\u00e4cher"},{"@type":"BreadcrumbList","@id":"https:\/\/www.krafthand.de\/truck\/artikel\/nachruestbare-standklimaanlage-24655\/#breadcrumb","itemListElement":[{"@type":"ListItem","position":1,"name":"Krafthand-Truck","item":"https:\/\/www.krafthand.de\/truck\/"},{"@type":"ListItem","position":2,"name":"Nfz-Service","item":"https:\/\/www.krafthand.de\/truck\/kategorie\/nfz-service\/"},{"@type":"ListItem","position":3,"name":"Ersatzteile\/Zubeh\u00f6r","item":"https:\/\/www.krafthand.de\/truck\/kategorie\/nfz-service\/ersatzteile-zubehoer\/"},{"@type":"ListItem","position":4,"name":"Nachr\u00fcstbare Standklimaanlage"}]},{"@type":"WebSite","@id":"https:\/\/www.krafthand.de\/truck\/#website","url":"https:\/\/www.krafthand.de\/truck\/","name":"Krafthand-Truck","description":"","potentialAction":[{"@type":"SearchAction","target":{"@type":"EntryPoint","urlTemplate":"https:\/\/www.krafthand.de\/truck\/?s={search_term_string}"},"query-input":{"@type":"PropertyValueSpecification","valueRequired":true,"valueName":"search_term_string"}}],"inLanguage":"de"},{"@type":"Person","@id":"https:\/\/www.krafthand.de\/truck\/#\/schema\/person\/23aebc1e5e3f0204da7158bce36950bb","name":"julian.schmid@krafthand.de","image":{"@type":"ImageObject","inLanguage":"de","@id":"https:\/\/secure.gravatar.com\/avatar\/ef76c2910cab8eb23fcc013e1c6dc1ba4af5e93fea6e6132d7c4e67d4e9631e9?s=96&d=mm&r=g","url":"https:\/\/secure.gravatar.com\/avatar\/ef76c2910cab8eb23fcc013e1c6dc1ba4af5e93fea6e6132d7c4e67d4e9631e9?s=96&d=mm&r=g","contentUrl":"https:\/\/secure.gravatar.com\/avatar\/ef76c2910cab8eb23fcc013e1c6dc1ba4af5e93fea6e6132d7c4e67d4e9631e9?s=96&d=mm&r=g","caption":"julian.schmid@krafthand.de"}}]}},"_links":{"self":[{"href":"https:\/\/www.krafthand.de\/truck\/wp-json\/wp\/v2\/posts\/24655","targetHints":{"allow":["GET"]}}],"collection":[{"href":"https:\/\/www.krafthand.de\/truck\/wp-json\/wp\/v2\/posts"}],"about":[{"href":"https:\/\/www.krafthand.de\/truck\/wp-json\/wp\/v2\/types\/post"}],"author":[{"embeddable":true,"href":"https:\/\/www.krafthand.de\/truck\/wp-json\/wp\/v2\/users\/7"}],"replies":[{"embeddable":true,"href":"https:\/\/www.krafthand.de\/truck\/wp-json\/wp\/v2\/comments?post=24655"}],"version-history":[{"count":1,"href":"https:\/\/www.krafthand.de\/truck\/wp-json\/wp\/v2\/posts\/24655\/revisions"}],"predecessor-version":[{"id":24657,"href":"https:\/\/www.krafthand.de\/truck\/wp-json\/wp\/v2\/posts\/24655\/revisions\/24657"}],"wp:featuredmedia":[{"embeddable":true,"href":"https:\/\/www.krafthand.de\/truck\/wp-json\/wp\/v2\/media\/24656"}],"wp:attachment":[{"href":"https:\/\/www.krafthand.de\/truck\/wp-json\/wp\/v2\/media?parent=24655"}],"wp:term":[{"taxonomy":"category","embeddable":true,"href":"https:\/\/www.krafthand.de\/truck\/wp-json\/wp\/v2\/categories?post=24655"},{"taxonomy":"post_tag","embeddable":true,"href":"https:\/\/www.krafthand.de\/truck\/wp-json\/wp\/v2\/tags?post=24655"},{"taxonomy":"settings","embeddable":true,"href":"https:\/\/www.krafthand.de\/truck\/wp-json\/wp\/v2\/settings?post=24655"}],"curies":[{"name":"wp","href":"https:\/\/api.w.org\/{rel}","templated":true}]}}