{"id":24625,"date":"2019-04-13T07:00:59","date_gmt":"2019-04-13T05:00:59","guid":{"rendered":"https:\/\/www.krafthand.de\/truck\/?p=24625"},"modified":"2019-04-03T10:53:34","modified_gmt":"2019-04-03T08:53:34","slug":"lkw-bremspruefstand-bald-in-deutschland-erhaeltlich","status":"publish","type":"post","link":"https:\/\/www.krafthand.de\/truck\/artikel\/lkw-bremspruefstand-bald-in-deutschland-erhaeltlich-24625\/","title":{"rendered":"Lkw-Bremspr\u00fcfstand bald in Deutschland erh\u00e4ltlich"},"content":{"rendered":"<p>Im Heimatland Frankeich hat Werkstattausr\u00fcster Capelec seine richtlinienkonformen Lkw-Bremspr\u00fcfst\u00e4nde nach eigenem Bekunden bereits erfolgreich im Markt platzieren k\u00f6nnen. In Deutschland hinkt der franz\u00f6sische Pr\u00fcftechnikspezialist damit noch etwas hinterher, was sich aber laut Deutschland-Gesch\u00e4ftsf\u00fchrer Stephan Mohr bald \u00e4ndern soll. Seit Mitte 2018 bearbeitet Mohr von einem im Unterallg\u00e4uer Wolfertschwenden neu er\u00f6ffneten Vertriebsb\u00fcro aus den deutschen Markt. Er rechnet mit einer Baumusterzulassung der nach seinem Bekunden \u201esehr robusten\u201c Lkw-Pr\u00fcfst\u00e4nde im Laufe dieses Jahres. Was laut Mohr kein Problem sein sollte, da die Pr\u00fcfst\u00e4nde bereits die strenge, franz\u00f6sische Abnahme bestanden h\u00e4tten. Ersten Produktinformationen zufolge sollen die \u201aCAP9110\u2018 genannten Lkw-BPS auf eine Achslast von 20 Tonnen ausgelegt sein. In den galvanisch verzinkten Boxen treiben 15 Kilowatt starke Unterflurmotoren die epoxybeschichteten Laufrollen per Duplexkette an. Die integrierte Wiegeeinheit reicht bis 17 Tonnen pro Rad. Laut Capelec lassen sich die kompakten Rollens\u00e4tze in bestehende Fundamente einbauen. Zudem gibt es den \u201aCAP9110\u2018 in ein- und zweiteiligen Ausf\u00fchrungen.<\/p>\n<p><i>Den Beitrag finden Sie auch in der Print-Ausgabe 1\/19 der <a href=\"https:\/\/www.krafthand.de\/truck\/magazin\/\" title=\"Zum Magazin\">Krafthand-Truck<\/a>.<\/i><\/p>","protected":false},"excerpt":{"rendered":"<p>Im Laufe des Jahres werden die Lkw-Bremspr\u00fcfstande \u201eCAP9110&#8243; von Capelec in Deutschland erh\u00e4ltlich sein. Sie sollen auf eine Achslast von 20 Tonnen ausgelegt sein. <span class=\"excerpt-more__dots\">&#8230;<\/span> <a class=\"excerpt-more__link\" href=\"https:\/\/www.krafthand.de\/truck\/artikel\/lkw-bremspruefstand-bald-in-deutschland-erhaeltlich-24625\/\" >weiter<\/a><\/p>\n","protected":false},"author":7,"featured_media":24627,"comment_status":"closed","ping_status":"closed","sticky":false,"template":"","format":"standard","meta":{"footnotes":""},"categories":[5],"tags":[3204,3809,3810],"settings":[],"class_list":["post-24625","post","type-post","status-publish","format-standard","has-post-thumbnail","hentry","category-branche","tag-bremspruefstand","tag-capelec","tag-lkw-bps"],"yoast_head":"<!-- This site is optimized with the Yoast SEO plugin v27.3 - https:\/\/yoast.com\/product\/yoast-seo-wordpress\/ -->\n<title>Lkw-Bremspr\u00fcfstand bald in Deutschland erh\u00e4ltlich - Krafthand-Truck<\/title>\n<meta name=\"description\" content=\"Im Laufe des Jahres werden die Lkw-Bremspr\u00fcfstande \u201eCAP9110&quot; von Capelec in Deutschland erh\u00e4ltlich sein. Sie sollen auf eine Achslast von 20 Tonnen ausgelegt sein.\" \/>\n<meta name=\"robots\" content=\"index, follow, max-snippet:-1, max-image-preview:large, max-video-preview:-1\" \/>\n<link rel=\"canonical\" href=\"https:\/\/www.krafthand.de\/truck\/artikel\/lkw-bremspruefstand-bald-in-deutschland-erhaeltlich-24625\/\" \/>\n<meta property=\"og:locale\" content=\"de_DE\" \/>\n<meta property=\"og:type\" content=\"article\" \/>\n<meta property=\"og:title\" content=\"Lkw-Bremspr\u00fcfstand bald in Deutschland erh\u00e4ltlich - Krafthand-Truck\" \/>\n<meta property=\"og:description\" content=\"Im Laufe des Jahres werden die Lkw-Bremspr\u00fcfstande \u201eCAP9110&quot; von Capelec in Deutschland erh\u00e4ltlich sein. Sie sollen auf eine Achslast von 20 Tonnen ausgelegt sein.\" \/>\n<meta property=\"og:url\" content=\"https:\/\/www.krafthand-truck.de\/artikel\/lkw-bremspruefstand-bald-in-deutschland-erhaeltlich-24625\/\" \/>\n<meta property=\"og:site_name\" content=\"Krafthand-Truck\" \/>\n<meta property=\"article:published_time\" content=\"2019-04-13T05:00:59+00:00\" \/>\n<meta property=\"og:image\" content=\"https:\/\/www.krafthand.de\/truck\/wp-content\/uploads\/2019\/04\/TRUCK_01_19_010.jpg\" \/>\n\t<meta property=\"og:image:width\" content=\"1000\" \/>\n\t<meta property=\"og:image:height\" content=\"746\" \/>\n\t<meta property=\"og:image:type\" content=\"image\/jpeg\" \/>\n<meta name=\"author\" content=\"julian.schmid@krafthand.de\" \/>\n<meta name=\"twitter:card\" content=\"summary_large_image\" \/>\n<meta name=\"twitter:label1\" content=\"Verfasst von\" \/>\n\t<meta name=\"twitter:data1\" content=\"julian.schmid@krafthand.de\" \/>\n\t<meta name=\"twitter:label2\" content=\"Gesch\u00e4tzte Lesezeit\" \/>\n\t<meta name=\"twitter:data2\" content=\"1\u00a0Minute\" \/>\n<script type=\"application\/ld+json\" class=\"yoast-schema-graph\">{\"@context\":\"https:\\\/\\\/schema.org\",\"@graph\":[{\"@type\":\"Article\",\"@id\":\"https:\\\/\\\/www.krafthand.de\\\/truck\\\/artikel\\\/lkw-bremspruefstand-bald-in-deutschland-erhaeltlich-24625\\\/#article\",\"isPartOf\":{\"@id\":\"https:\\\/\\\/www.krafthand.de\\\/truck\\\/artikel\\\/lkw-bremspruefstand-bald-in-deutschland-erhaeltlich-24625\\\/\"},\"author\":{\"name\":\"julian.schmid@krafthand.de\",\"@id\":\"https:\\\/\\\/www.krafthand.de\\\/truck\\\/#\\\/schema\\\/person\\\/23aebc1e5e3f0204da7158bce36950bb\"},\"headline\":\"Lkw-Bremspr\u00fcfstand bald in Deutschland erh\u00e4ltlich\",\"datePublished\":\"2019-04-13T05:00:59+00:00\",\"mainEntityOfPage\":{\"@id\":\"https:\\\/\\\/www.krafthand.de\\\/truck\\\/artikel\\\/lkw-bremspruefstand-bald-in-deutschland-erhaeltlich-24625\\\/\"},\"wordCount\":172,\"image\":{\"@id\":\"https:\\\/\\\/www.krafthand.de\\\/truck\\\/artikel\\\/lkw-bremspruefstand-bald-in-deutschland-erhaeltlich-24625\\\/#primaryimage\"},\"thumbnailUrl\":\"https:\\\/\\\/static.krafthand-truck.de\\\/uploads\\\/2019\\\/04\\\/TRUCK_01_19_010.jpg\",\"keywords\":[\"Bremspr\u00fcfstand\",\"Capelec\",\"LKW-BPS\"],\"articleSection\":[\"Nfz-Branche\"],\"inLanguage\":\"de\"},{\"@type\":\"WebPage\",\"@id\":\"https:\\\/\\\/www.krafthand.de\\\/truck\\\/artikel\\\/lkw-bremspruefstand-bald-in-deutschland-erhaeltlich-24625\\\/\",\"url\":\"https:\\\/\\\/www.krafthand.de\\\/truck\\\/artikel\\\/lkw-bremspruefstand-bald-in-deutschland-erhaeltlich-24625\\\/\",\"name\":\"Lkw-Bremspr\u00fcfstand bald in Deutschland erh\u00e4ltlich - Krafthand-Truck\",\"isPartOf\":{\"@id\":\"https:\\\/\\\/www.krafthand.de\\\/truck\\\/#website\"},\"primaryImageOfPage\":{\"@id\":\"https:\\\/\\\/www.krafthand.de\\\/truck\\\/artikel\\\/lkw-bremspruefstand-bald-in-deutschland-erhaeltlich-24625\\\/#primaryimage\"},\"image\":{\"@id\":\"https:\\\/\\\/www.krafthand.de\\\/truck\\\/artikel\\\/lkw-bremspruefstand-bald-in-deutschland-erhaeltlich-24625\\\/#primaryimage\"},\"thumbnailUrl\":\"https:\\\/\\\/static.krafthand-truck.de\\\/uploads\\\/2019\\\/04\\\/TRUCK_01_19_010.jpg\",\"datePublished\":\"2019-04-13T05:00:59+00:00\",\"author\":{\"@id\":\"https:\\\/\\\/www.krafthand.de\\\/truck\\\/#\\\/schema\\\/person\\\/23aebc1e5e3f0204da7158bce36950bb\"},\"description\":\"Im Laufe des Jahres werden die Lkw-Bremspr\u00fcfstande \u201eCAP9110\\\" von Capelec in Deutschland erh\u00e4ltlich sein. Sie sollen auf eine Achslast von 20 Tonnen ausgelegt sein.\",\"breadcrumb\":{\"@id\":\"https:\\\/\\\/www.krafthand.de\\\/truck\\\/artikel\\\/lkw-bremspruefstand-bald-in-deutschland-erhaeltlich-24625\\\/#breadcrumb\"},\"inLanguage\":\"de\",\"potentialAction\":[{\"@type\":\"ReadAction\",\"target\":[\"https:\\\/\\\/www.krafthand.de\\\/truck\\\/artikel\\\/lkw-bremspruefstand-bald-in-deutschland-erhaeltlich-24625\\\/\"]}]},{\"@type\":\"ImageObject\",\"inLanguage\":\"de\",\"@id\":\"https:\\\/\\\/www.krafthand.de\\\/truck\\\/artikel\\\/lkw-bremspruefstand-bald-in-deutschland-erhaeltlich-24625\\\/#primaryimage\",\"url\":\"https:\\\/\\\/static.krafthand-truck.de\\\/uploads\\\/2019\\\/04\\\/TRUCK_01_19_010.jpg\",\"contentUrl\":\"https:\\\/\\\/static.krafthand-truck.de\\\/uploads\\\/2019\\\/04\\\/TRUCK_01_19_010.jpg\",\"width\":1000,\"height\":746,\"caption\":\"Lkw-Bremspr\u00fcfstand von Capelec\"},{\"@type\":\"BreadcrumbList\",\"@id\":\"https:\\\/\\\/www.krafthand.de\\\/truck\\\/artikel\\\/lkw-bremspruefstand-bald-in-deutschland-erhaeltlich-24625\\\/#breadcrumb\",\"itemListElement\":[{\"@type\":\"ListItem\",\"position\":1,\"name\":\"Krafthand-Truck\",\"item\":\"https:\\\/\\\/www.krafthand.de\\\/truck\\\/\"},{\"@type\":\"ListItem\",\"position\":2,\"name\":\"Nfz-Branche\",\"item\":\"https:\\\/\\\/www.krafthand.de\\\/truck\\\/kategorie\\\/branche\\\/\"},{\"@type\":\"ListItem\",\"position\":3,\"name\":\"Lkw-Bremspr\u00fcfstand bald in Deutschland erh\u00e4ltlich\"}]},{\"@type\":\"WebSite\",\"@id\":\"https:\\\/\\\/www.krafthand.de\\\/truck\\\/#website\",\"url\":\"https:\\\/\\\/www.krafthand.de\\\/truck\\\/\",\"name\":\"Krafthand-Truck\",\"description\":\"\",\"potentialAction\":[{\"@type\":\"SearchAction\",\"target\":{\"@type\":\"EntryPoint\",\"urlTemplate\":\"https:\\\/\\\/www.krafthand.de\\\/truck\\\/?s={search_term_string}\"},\"query-input\":{\"@type\":\"PropertyValueSpecification\",\"valueRequired\":true,\"valueName\":\"search_term_string\"}}],\"inLanguage\":\"de\"},{\"@type\":\"Person\",\"@id\":\"https:\\\/\\\/www.krafthand.de\\\/truck\\\/#\\\/schema\\\/person\\\/23aebc1e5e3f0204da7158bce36950bb\",\"name\":\"julian.schmid@krafthand.de\",\"image\":{\"@type\":\"ImageObject\",\"inLanguage\":\"de\",\"@id\":\"https:\\\/\\\/secure.gravatar.com\\\/avatar\\\/ef76c2910cab8eb23fcc013e1c6dc1ba4af5e93fea6e6132d7c4e67d4e9631e9?s=96&d=mm&r=g\",\"url\":\"https:\\\/\\\/secure.gravatar.com\\\/avatar\\\/ef76c2910cab8eb23fcc013e1c6dc1ba4af5e93fea6e6132d7c4e67d4e9631e9?s=96&d=mm&r=g\",\"contentUrl\":\"https:\\\/\\\/secure.gravatar.com\\\/avatar\\\/ef76c2910cab8eb23fcc013e1c6dc1ba4af5e93fea6e6132d7c4e67d4e9631e9?s=96&d=mm&r=g\",\"caption\":\"julian.schmid@krafthand.de\"}}]}<\/script>\n<!-- \/ Yoast SEO plugin. -->","yoast_head_json":{"title":"Lkw-Bremspr\u00fcfstand bald in Deutschland erh\u00e4ltlich - Krafthand-Truck","description":"Im Laufe des Jahres werden die Lkw-Bremspr\u00fcfstande \u201eCAP9110\" von Capelec in Deutschland erh\u00e4ltlich sein. Sie sollen auf eine Achslast von 20 Tonnen ausgelegt sein.","robots":{"index":"index","follow":"follow","max-snippet":"max-snippet:-1","max-image-preview":"max-image-preview:large","max-video-preview":"max-video-preview:-1"},"canonical":"https:\/\/www.krafthand.de\/truck\/artikel\/lkw-bremspruefstand-bald-in-deutschland-erhaeltlich-24625\/","og_locale":"de_DE","og_type":"article","og_title":"Lkw-Bremspr\u00fcfstand bald in Deutschland erh\u00e4ltlich - Krafthand-Truck","og_description":"Im Laufe des Jahres werden die Lkw-Bremspr\u00fcfstande \u201eCAP9110\" von Capelec in Deutschland erh\u00e4ltlich sein. Sie sollen auf eine Achslast von 20 Tonnen ausgelegt sein.","og_url":"https:\/\/www.krafthand-truck.de\/artikel\/lkw-bremspruefstand-bald-in-deutschland-erhaeltlich-24625\/","og_site_name":"Krafthand-Truck","article_published_time":"2019-04-13T05:00:59+00:00","og_image":[{"width":1000,"height":746,"url":"https:\/\/www.krafthand.de\/truck\/wp-content\/uploads\/2019\/04\/TRUCK_01_19_010.jpg","type":"image\/jpeg"}],"author":"julian.schmid@krafthand.de","twitter_card":"summary_large_image","twitter_misc":{"Verfasst von":"julian.schmid@krafthand.de","Gesch\u00e4tzte Lesezeit":"1\u00a0Minute"},"schema":{"@context":"https:\/\/schema.org","@graph":[{"@type":"Article","@id":"https:\/\/www.krafthand.de\/truck\/artikel\/lkw-bremspruefstand-bald-in-deutschland-erhaeltlich-24625\/#article","isPartOf":{"@id":"https:\/\/www.krafthand.de\/truck\/artikel\/lkw-bremspruefstand-bald-in-deutschland-erhaeltlich-24625\/"},"author":{"name":"julian.schmid@krafthand.de","@id":"https:\/\/www.krafthand.de\/truck\/#\/schema\/person\/23aebc1e5e3f0204da7158bce36950bb"},"headline":"Lkw-Bremspr\u00fcfstand bald in Deutschland erh\u00e4ltlich","datePublished":"2019-04-13T05:00:59+00:00","mainEntityOfPage":{"@id":"https:\/\/www.krafthand.de\/truck\/artikel\/lkw-bremspruefstand-bald-in-deutschland-erhaeltlich-24625\/"},"wordCount":172,"image":{"@id":"https:\/\/www.krafthand.de\/truck\/artikel\/lkw-bremspruefstand-bald-in-deutschland-erhaeltlich-24625\/#primaryimage"},"thumbnailUrl":"https:\/\/static.krafthand-truck.de\/uploads\/2019\/04\/TRUCK_01_19_010.jpg","keywords":["Bremspr\u00fcfstand","Capelec","LKW-BPS"],"articleSection":["Nfz-Branche"],"inLanguage":"de"},{"@type":"WebPage","@id":"https:\/\/www.krafthand.de\/truck\/artikel\/lkw-bremspruefstand-bald-in-deutschland-erhaeltlich-24625\/","url":"https:\/\/www.krafthand.de\/truck\/artikel\/lkw-bremspruefstand-bald-in-deutschland-erhaeltlich-24625\/","name":"Lkw-Bremspr\u00fcfstand bald in Deutschland erh\u00e4ltlich - Krafthand-Truck","isPartOf":{"@id":"https:\/\/www.krafthand.de\/truck\/#website"},"primaryImageOfPage":{"@id":"https:\/\/www.krafthand.de\/truck\/artikel\/lkw-bremspruefstand-bald-in-deutschland-erhaeltlich-24625\/#primaryimage"},"image":{"@id":"https:\/\/www.krafthand.de\/truck\/artikel\/lkw-bremspruefstand-bald-in-deutschland-erhaeltlich-24625\/#primaryimage"},"thumbnailUrl":"https:\/\/static.krafthand-truck.de\/uploads\/2019\/04\/TRUCK_01_19_010.jpg","datePublished":"2019-04-13T05:00:59+00:00","author":{"@id":"https:\/\/www.krafthand.de\/truck\/#\/schema\/person\/23aebc1e5e3f0204da7158bce36950bb"},"description":"Im Laufe des Jahres werden die Lkw-Bremspr\u00fcfstande \u201eCAP9110\" von Capelec in Deutschland erh\u00e4ltlich sein. Sie sollen auf eine Achslast von 20 Tonnen ausgelegt sein.","breadcrumb":{"@id":"https:\/\/www.krafthand.de\/truck\/artikel\/lkw-bremspruefstand-bald-in-deutschland-erhaeltlich-24625\/#breadcrumb"},"inLanguage":"de","potentialAction":[{"@type":"ReadAction","target":["https:\/\/www.krafthand.de\/truck\/artikel\/lkw-bremspruefstand-bald-in-deutschland-erhaeltlich-24625\/"]}]},{"@type":"ImageObject","inLanguage":"de","@id":"https:\/\/www.krafthand.de\/truck\/artikel\/lkw-bremspruefstand-bald-in-deutschland-erhaeltlich-24625\/#primaryimage","url":"https:\/\/static.krafthand-truck.de\/uploads\/2019\/04\/TRUCK_01_19_010.jpg","contentUrl":"https:\/\/static.krafthand-truck.de\/uploads\/2019\/04\/TRUCK_01_19_010.jpg","width":1000,"height":746,"caption":"Lkw-Bremspr\u00fcfstand von Capelec"},{"@type":"BreadcrumbList","@id":"https:\/\/www.krafthand.de\/truck\/artikel\/lkw-bremspruefstand-bald-in-deutschland-erhaeltlich-24625\/#breadcrumb","itemListElement":[{"@type":"ListItem","position":1,"name":"Krafthand-Truck","item":"https:\/\/www.krafthand.de\/truck\/"},{"@type":"ListItem","position":2,"name":"Nfz-Branche","item":"https:\/\/www.krafthand.de\/truck\/kategorie\/branche\/"},{"@type":"ListItem","position":3,"name":"Lkw-Bremspr\u00fcfstand bald in Deutschland erh\u00e4ltlich"}]},{"@type":"WebSite","@id":"https:\/\/www.krafthand.de\/truck\/#website","url":"https:\/\/www.krafthand.de\/truck\/","name":"Krafthand-Truck","description":"","potentialAction":[{"@type":"SearchAction","target":{"@type":"EntryPoint","urlTemplate":"https:\/\/www.krafthand.de\/truck\/?s={search_term_string}"},"query-input":{"@type":"PropertyValueSpecification","valueRequired":true,"valueName":"search_term_string"}}],"inLanguage":"de"},{"@type":"Person","@id":"https:\/\/www.krafthand.de\/truck\/#\/schema\/person\/23aebc1e5e3f0204da7158bce36950bb","name":"julian.schmid@krafthand.de","image":{"@type":"ImageObject","inLanguage":"de","@id":"https:\/\/secure.gravatar.com\/avatar\/ef76c2910cab8eb23fcc013e1c6dc1ba4af5e93fea6e6132d7c4e67d4e9631e9?s=96&d=mm&r=g","url":"https:\/\/secure.gravatar.com\/avatar\/ef76c2910cab8eb23fcc013e1c6dc1ba4af5e93fea6e6132d7c4e67d4e9631e9?s=96&d=mm&r=g","contentUrl":"https:\/\/secure.gravatar.com\/avatar\/ef76c2910cab8eb23fcc013e1c6dc1ba4af5e93fea6e6132d7c4e67d4e9631e9?s=96&d=mm&r=g","caption":"julian.schmid@krafthand.de"}}]}},"_links":{"self":[{"href":"https:\/\/www.krafthand.de\/truck\/wp-json\/wp\/v2\/posts\/24625","targetHints":{"allow":["GET"]}}],"collection":[{"href":"https:\/\/www.krafthand.de\/truck\/wp-json\/wp\/v2\/posts"}],"about":[{"href":"https:\/\/www.krafthand.de\/truck\/wp-json\/wp\/v2\/types\/post"}],"author":[{"embeddable":true,"href":"https:\/\/www.krafthand.de\/truck\/wp-json\/wp\/v2\/users\/7"}],"replies":[{"embeddable":true,"href":"https:\/\/www.krafthand.de\/truck\/wp-json\/wp\/v2\/comments?post=24625"}],"version-history":[{"count":1,"href":"https:\/\/www.krafthand.de\/truck\/wp-json\/wp\/v2\/posts\/24625\/revisions"}],"predecessor-version":[{"id":24626,"href":"https:\/\/www.krafthand.de\/truck\/wp-json\/wp\/v2\/posts\/24625\/revisions\/24626"}],"wp:featuredmedia":[{"embeddable":true,"href":"https:\/\/www.krafthand.de\/truck\/wp-json\/wp\/v2\/media\/24627"}],"wp:attachment":[{"href":"https:\/\/www.krafthand.de\/truck\/wp-json\/wp\/v2\/media?parent=24625"}],"wp:term":[{"taxonomy":"category","embeddable":true,"href":"https:\/\/www.krafthand.de\/truck\/wp-json\/wp\/v2\/categories?post=24625"},{"taxonomy":"post_tag","embeddable":true,"href":"https:\/\/www.krafthand.de\/truck\/wp-json\/wp\/v2\/tags?post=24625"},{"taxonomy":"settings","embeddable":true,"href":"https:\/\/www.krafthand.de\/truck\/wp-json\/wp\/v2\/settings?post=24625"}],"curies":[{"name":"wp","href":"https:\/\/api.w.org\/{rel}","templated":true}]}}