{"id":24589,"date":"2019-03-27T00:00:00","date_gmt":"2019-03-26T23:00:00","guid":{"rendered":"https:\/\/www.krafthand.de\/truck\/?p=24589"},"modified":"2019-04-03T07:00:40","modified_gmt":"2019-04-03T05:00:40","slug":"lichttest-2018-maengelquote-alarmierend-hoch","status":"publish","type":"post","link":"https:\/\/www.krafthand.de\/truck\/artikel\/lichttest-2018-maengelquote-alarmierend-hoch-24589\/","title":{"rendered":"Lichttest 2018: M\u00e4ngelquote alarmierend hoch"},"content":{"rendered":"<p>Obwohl sich einer gemeinsamen Pressemitteilung des Zentralverbands Deutsches Kfz-Gewerbe (ZDK) und der Deutschen Verkehrswacht (DVW) zufolge die Bilanz des \u201aLicht-Test 2018\u2018 gegen\u00fcber 2017 geringf\u00fcgig verbesserte, sei die M\u00e4ngelquote bei Transportern, Lkw und Bussen immer noch \u201ealarmierend hoch\u201c: Bei den mehr als 4.700 gepr\u00fcften Nutzfahrzeugen waren 31 Prozent mit Lichtm\u00e4ngeln unterwegs (2017: 32,5 Prozent). Die Hauptscheinwerfer f\u00fchren demnach die M\u00e4ngelliste mit 22,8 Prozent an, wobei der Anteil der Blender auf 8,4 Prozent gesunken ist, die Quote zu niedrig eingestellter Frontlichter indes blieb mit 7,9 Prozent nahezu gleich. Bei 5,5 Prozent der Fahrzeuge stellten die Pr\u00fcfer sogar einen vollst\u00e4ndig ausgefallenen Scheinwerfer fest, einen Totalausfall bei 0,7 Prozent. \u00c4hnlich schlechte Resultate erzielte die Heckbeleuchtung: 11,2 Prozent der Fahrzeuge wiesen Defekte auf, wobei das Bremslicht mit 4,1 Prozent punktete.<\/p>\n<p><i>Den Beitrag finden Sie auch in der Print-Ausgabe 1\/19 der <a href=\"https:\/\/www.krafthand.de\/truck\/magazin\/\" title=\"Zum Magazin\">Krafthand-Truck<\/a>.<\/i><\/p>","protected":false},"excerpt":{"rendered":"<p>Obwohl sich die Bilanz des \u201aLicht-Test 2018\u2018 gegen\u00fcber 2017 geringf\u00fcgig verbessert hat, ist die M\u00e4ngelquote bei Transportern, Lkw und Bussen immer noch \u201ealarmierend hoch\u201c. <span class=\"excerpt-more__dots\">&#8230;<\/span> <a class=\"excerpt-more__link\" href=\"https:\/\/www.krafthand.de\/truck\/artikel\/lichttest-2018-maengelquote-alarmierend-hoch-24589\/\" >weiter<\/a><\/p>\n","protected":false},"author":7,"featured_media":24591,"comment_status":"closed","ping_status":"closed","sticky":false,"template":"","format":"standard","meta":{"footnotes":""},"categories":[5],"tags":[3795,3797,764,3796,747,3794],"settings":[],"class_list":["post-24589","post","type-post","status-publish","format-standard","has-post-thumbnail","hentry","category-branche","tag-deutsche-verkehrswacht","tag-heckbeleuchtung","tag-licht-test","tag-scheinwerfer","tag-zdk","tag-zentralverband-deutsches-kfz-gewerbe"],"yoast_head":"<!-- This site is optimized with the Yoast SEO plugin v27.3 - https:\/\/yoast.com\/product\/yoast-seo-wordpress\/ -->\n<title>Lichttest 2018: M\u00e4ngelquote alarmierend hoch - Krafthand-Truck<\/title>\n<meta name=\"description\" content=\"Obwohl sich die Bilanz des Licht-Test 2018 gegen\u00fcber 2017 verbessert hat, ist die M\u00e4ngelquote bei Transportern und LKW immer noch \u201ealarmierend hoch\u201c.\" \/>\n<meta name=\"robots\" content=\"index, follow, max-snippet:-1, max-image-preview:large, max-video-preview:-1\" \/>\n<link rel=\"canonical\" href=\"https:\/\/www.krafthand.de\/truck\/artikel\/lichttest-2018-maengelquote-alarmierend-hoch-24589\/\" \/>\n<meta property=\"og:locale\" content=\"de_DE\" \/>\n<meta property=\"og:type\" content=\"article\" \/>\n<meta property=\"og:title\" content=\"Lichttest 2018: M\u00e4ngelquote alarmierend hoch - Krafthand-Truck\" \/>\n<meta property=\"og:description\" content=\"Obwohl sich die Bilanz des Licht-Test 2018 gegen\u00fcber 2017 verbessert hat, ist die M\u00e4ngelquote bei Transportern und LKW immer noch \u201ealarmierend hoch\u201c.\" \/>\n<meta property=\"og:url\" content=\"https:\/\/www.krafthand-truck.de\/artikel\/lichttest-2018-maengelquote-alarmierend-hoch-24589\/\" \/>\n<meta property=\"og:site_name\" content=\"Krafthand-Truck\" \/>\n<meta property=\"article:published_time\" content=\"2019-03-26T23:00:00+00:00\" \/>\n<meta property=\"article:modified_time\" content=\"2019-04-03T05:00:40+00:00\" \/>\n<meta property=\"og:image\" content=\"https:\/\/www.krafthand.de\/truck\/wp-content\/uploads\/2020\/03\/TRUCK_01_19_055_quer.jpg\" \/>\n\t<meta property=\"og:image:width\" content=\"1000\" \/>\n\t<meta property=\"og:image:height\" content=\"750\" \/>\n\t<meta property=\"og:image:type\" content=\"image\/jpeg\" \/>\n<meta name=\"author\" content=\"julian.schmid@krafthand.de\" \/>\n<meta name=\"twitter:card\" content=\"summary_large_image\" \/>\n<meta name=\"twitter:label1\" content=\"Verfasst von\" \/>\n\t<meta name=\"twitter:data1\" content=\"julian.schmid@krafthand.de\" \/>\n\t<meta name=\"twitter:label2\" content=\"Gesch\u00e4tzte Lesezeit\" \/>\n\t<meta name=\"twitter:data2\" content=\"1\u00a0Minute\" \/>\n<script type=\"application\/ld+json\" class=\"yoast-schema-graph\">{\"@context\":\"https:\\\/\\\/schema.org\",\"@graph\":[{\"@type\":\"Article\",\"@id\":\"https:\\\/\\\/www.krafthand.de\\\/truck\\\/artikel\\\/lichttest-2018-maengelquote-alarmierend-hoch-24589\\\/#article\",\"isPartOf\":{\"@id\":\"https:\\\/\\\/www.krafthand.de\\\/truck\\\/artikel\\\/lichttest-2018-maengelquote-alarmierend-hoch-24589\\\/\"},\"author\":{\"name\":\"julian.schmid@krafthand.de\",\"@id\":\"https:\\\/\\\/www.krafthand.de\\\/truck\\\/#\\\/schema\\\/person\\\/23aebc1e5e3f0204da7158bce36950bb\"},\"headline\":\"Lichttest 2018: M\u00e4ngelquote alarmierend hoch\",\"datePublished\":\"2019-03-26T23:00:00+00:00\",\"dateModified\":\"2019-04-03T05:00:40+00:00\",\"mainEntityOfPage\":{\"@id\":\"https:\\\/\\\/www.krafthand.de\\\/truck\\\/artikel\\\/lichttest-2018-maengelquote-alarmierend-hoch-24589\\\/\"},\"wordCount\":126,\"image\":{\"@id\":\"https:\\\/\\\/www.krafthand.de\\\/truck\\\/artikel\\\/lichttest-2018-maengelquote-alarmierend-hoch-24589\\\/#primaryimage\"},\"thumbnailUrl\":\"https:\\\/\\\/static.krafthand-truck.de\\\/uploads\\\/2020\\\/03\\\/TRUCK_01_19_055_quer.jpg\",\"keywords\":[\"Deutsche Verkehrswacht\",\"Heckbeleuchtung\",\"Licht-Test\",\"Scheinwerfer\",\"ZDK\",\"Zentralverband Deutsches Kfz-Gewerbe\"],\"articleSection\":[\"Nfz-Branche\"],\"inLanguage\":\"de\"},{\"@type\":\"WebPage\",\"@id\":\"https:\\\/\\\/www.krafthand.de\\\/truck\\\/artikel\\\/lichttest-2018-maengelquote-alarmierend-hoch-24589\\\/\",\"url\":\"https:\\\/\\\/www.krafthand.de\\\/truck\\\/artikel\\\/lichttest-2018-maengelquote-alarmierend-hoch-24589\\\/\",\"name\":\"Lichttest 2018: M\u00e4ngelquote alarmierend hoch - Krafthand-Truck\",\"isPartOf\":{\"@id\":\"https:\\\/\\\/www.krafthand.de\\\/truck\\\/#website\"},\"primaryImageOfPage\":{\"@id\":\"https:\\\/\\\/www.krafthand.de\\\/truck\\\/artikel\\\/lichttest-2018-maengelquote-alarmierend-hoch-24589\\\/#primaryimage\"},\"image\":{\"@id\":\"https:\\\/\\\/www.krafthand.de\\\/truck\\\/artikel\\\/lichttest-2018-maengelquote-alarmierend-hoch-24589\\\/#primaryimage\"},\"thumbnailUrl\":\"https:\\\/\\\/static.krafthand-truck.de\\\/uploads\\\/2020\\\/03\\\/TRUCK_01_19_055_quer.jpg\",\"datePublished\":\"2019-03-26T23:00:00+00:00\",\"dateModified\":\"2019-04-03T05:00:40+00:00\",\"author\":{\"@id\":\"https:\\\/\\\/www.krafthand.de\\\/truck\\\/#\\\/schema\\\/person\\\/23aebc1e5e3f0204da7158bce36950bb\"},\"description\":\"Obwohl sich die Bilanz des Licht-Test 2018 gegen\u00fcber 2017 verbessert hat, ist die M\u00e4ngelquote bei Transportern und LKW immer noch \u201ealarmierend hoch\u201c.\",\"breadcrumb\":{\"@id\":\"https:\\\/\\\/www.krafthand.de\\\/truck\\\/artikel\\\/lichttest-2018-maengelquote-alarmierend-hoch-24589\\\/#breadcrumb\"},\"inLanguage\":\"de\",\"potentialAction\":[{\"@type\":\"ReadAction\",\"target\":[\"https:\\\/\\\/www.krafthand.de\\\/truck\\\/artikel\\\/lichttest-2018-maengelquote-alarmierend-hoch-24589\\\/\"]}]},{\"@type\":\"ImageObject\",\"inLanguage\":\"de\",\"@id\":\"https:\\\/\\\/www.krafthand.de\\\/truck\\\/artikel\\\/lichttest-2018-maengelquote-alarmierend-hoch-24589\\\/#primaryimage\",\"url\":\"https:\\\/\\\/static.krafthand-truck.de\\\/uploads\\\/2020\\\/03\\\/TRUCK_01_19_055_quer.jpg\",\"contentUrl\":\"https:\\\/\\\/static.krafthand-truck.de\\\/uploads\\\/2020\\\/03\\\/TRUCK_01_19_055_quer.jpg\",\"width\":1000,\"height\":750,\"caption\":\"ZDK Licht-Test 2018\"},{\"@type\":\"BreadcrumbList\",\"@id\":\"https:\\\/\\\/www.krafthand.de\\\/truck\\\/artikel\\\/lichttest-2018-maengelquote-alarmierend-hoch-24589\\\/#breadcrumb\",\"itemListElement\":[{\"@type\":\"ListItem\",\"position\":1,\"name\":\"Krafthand-Truck\",\"item\":\"https:\\\/\\\/www.krafthand.de\\\/truck\\\/\"},{\"@type\":\"ListItem\",\"position\":2,\"name\":\"Nfz-Branche\",\"item\":\"https:\\\/\\\/www.krafthand.de\\\/truck\\\/kategorie\\\/branche\\\/\"},{\"@type\":\"ListItem\",\"position\":3,\"name\":\"Lichttest 2018: M\u00e4ngelquote alarmierend hoch\"}]},{\"@type\":\"WebSite\",\"@id\":\"https:\\\/\\\/www.krafthand.de\\\/truck\\\/#website\",\"url\":\"https:\\\/\\\/www.krafthand.de\\\/truck\\\/\",\"name\":\"Krafthand-Truck\",\"description\":\"\",\"potentialAction\":[{\"@type\":\"SearchAction\",\"target\":{\"@type\":\"EntryPoint\",\"urlTemplate\":\"https:\\\/\\\/www.krafthand.de\\\/truck\\\/?s={search_term_string}\"},\"query-input\":{\"@type\":\"PropertyValueSpecification\",\"valueRequired\":true,\"valueName\":\"search_term_string\"}}],\"inLanguage\":\"de\"},{\"@type\":\"Person\",\"@id\":\"https:\\\/\\\/www.krafthand.de\\\/truck\\\/#\\\/schema\\\/person\\\/23aebc1e5e3f0204da7158bce36950bb\",\"name\":\"julian.schmid@krafthand.de\",\"image\":{\"@type\":\"ImageObject\",\"inLanguage\":\"de\",\"@id\":\"https:\\\/\\\/secure.gravatar.com\\\/avatar\\\/ef76c2910cab8eb23fcc013e1c6dc1ba4af5e93fea6e6132d7c4e67d4e9631e9?s=96&d=mm&r=g\",\"url\":\"https:\\\/\\\/secure.gravatar.com\\\/avatar\\\/ef76c2910cab8eb23fcc013e1c6dc1ba4af5e93fea6e6132d7c4e67d4e9631e9?s=96&d=mm&r=g\",\"contentUrl\":\"https:\\\/\\\/secure.gravatar.com\\\/avatar\\\/ef76c2910cab8eb23fcc013e1c6dc1ba4af5e93fea6e6132d7c4e67d4e9631e9?s=96&d=mm&r=g\",\"caption\":\"julian.schmid@krafthand.de\"}}]}<\/script>\n<!-- \/ Yoast SEO plugin. -->","yoast_head_json":{"title":"Lichttest 2018: M\u00e4ngelquote alarmierend hoch - Krafthand-Truck","description":"Obwohl sich die Bilanz des Licht-Test 2018 gegen\u00fcber 2017 verbessert hat, ist die M\u00e4ngelquote bei Transportern und LKW immer noch \u201ealarmierend hoch\u201c.","robots":{"index":"index","follow":"follow","max-snippet":"max-snippet:-1","max-image-preview":"max-image-preview:large","max-video-preview":"max-video-preview:-1"},"canonical":"https:\/\/www.krafthand.de\/truck\/artikel\/lichttest-2018-maengelquote-alarmierend-hoch-24589\/","og_locale":"de_DE","og_type":"article","og_title":"Lichttest 2018: M\u00e4ngelquote alarmierend hoch - Krafthand-Truck","og_description":"Obwohl sich die Bilanz des Licht-Test 2018 gegen\u00fcber 2017 verbessert hat, ist die M\u00e4ngelquote bei Transportern und LKW immer noch \u201ealarmierend hoch\u201c.","og_url":"https:\/\/www.krafthand-truck.de\/artikel\/lichttest-2018-maengelquote-alarmierend-hoch-24589\/","og_site_name":"Krafthand-Truck","article_published_time":"2019-03-26T23:00:00+00:00","article_modified_time":"2019-04-03T05:00:40+00:00","og_image":[{"width":1000,"height":750,"url":"https:\/\/www.krafthand.de\/truck\/wp-content\/uploads\/2020\/03\/TRUCK_01_19_055_quer.jpg","type":"image\/jpeg"}],"author":"julian.schmid@krafthand.de","twitter_card":"summary_large_image","twitter_misc":{"Verfasst von":"julian.schmid@krafthand.de","Gesch\u00e4tzte Lesezeit":"1\u00a0Minute"},"schema":{"@context":"https:\/\/schema.org","@graph":[{"@type":"Article","@id":"https:\/\/www.krafthand.de\/truck\/artikel\/lichttest-2018-maengelquote-alarmierend-hoch-24589\/#article","isPartOf":{"@id":"https:\/\/www.krafthand.de\/truck\/artikel\/lichttest-2018-maengelquote-alarmierend-hoch-24589\/"},"author":{"name":"julian.schmid@krafthand.de","@id":"https:\/\/www.krafthand.de\/truck\/#\/schema\/person\/23aebc1e5e3f0204da7158bce36950bb"},"headline":"Lichttest 2018: M\u00e4ngelquote alarmierend hoch","datePublished":"2019-03-26T23:00:00+00:00","dateModified":"2019-04-03T05:00:40+00:00","mainEntityOfPage":{"@id":"https:\/\/www.krafthand.de\/truck\/artikel\/lichttest-2018-maengelquote-alarmierend-hoch-24589\/"},"wordCount":126,"image":{"@id":"https:\/\/www.krafthand.de\/truck\/artikel\/lichttest-2018-maengelquote-alarmierend-hoch-24589\/#primaryimage"},"thumbnailUrl":"https:\/\/static.krafthand-truck.de\/uploads\/2020\/03\/TRUCK_01_19_055_quer.jpg","keywords":["Deutsche Verkehrswacht","Heckbeleuchtung","Licht-Test","Scheinwerfer","ZDK","Zentralverband Deutsches Kfz-Gewerbe"],"articleSection":["Nfz-Branche"],"inLanguage":"de"},{"@type":"WebPage","@id":"https:\/\/www.krafthand.de\/truck\/artikel\/lichttest-2018-maengelquote-alarmierend-hoch-24589\/","url":"https:\/\/www.krafthand.de\/truck\/artikel\/lichttest-2018-maengelquote-alarmierend-hoch-24589\/","name":"Lichttest 2018: M\u00e4ngelquote alarmierend hoch - Krafthand-Truck","isPartOf":{"@id":"https:\/\/www.krafthand.de\/truck\/#website"},"primaryImageOfPage":{"@id":"https:\/\/www.krafthand.de\/truck\/artikel\/lichttest-2018-maengelquote-alarmierend-hoch-24589\/#primaryimage"},"image":{"@id":"https:\/\/www.krafthand.de\/truck\/artikel\/lichttest-2018-maengelquote-alarmierend-hoch-24589\/#primaryimage"},"thumbnailUrl":"https:\/\/static.krafthand-truck.de\/uploads\/2020\/03\/TRUCK_01_19_055_quer.jpg","datePublished":"2019-03-26T23:00:00+00:00","dateModified":"2019-04-03T05:00:40+00:00","author":{"@id":"https:\/\/www.krafthand.de\/truck\/#\/schema\/person\/23aebc1e5e3f0204da7158bce36950bb"},"description":"Obwohl sich die Bilanz des Licht-Test 2018 gegen\u00fcber 2017 verbessert hat, ist die M\u00e4ngelquote bei Transportern und LKW immer noch \u201ealarmierend hoch\u201c.","breadcrumb":{"@id":"https:\/\/www.krafthand.de\/truck\/artikel\/lichttest-2018-maengelquote-alarmierend-hoch-24589\/#breadcrumb"},"inLanguage":"de","potentialAction":[{"@type":"ReadAction","target":["https:\/\/www.krafthand.de\/truck\/artikel\/lichttest-2018-maengelquote-alarmierend-hoch-24589\/"]}]},{"@type":"ImageObject","inLanguage":"de","@id":"https:\/\/www.krafthand.de\/truck\/artikel\/lichttest-2018-maengelquote-alarmierend-hoch-24589\/#primaryimage","url":"https:\/\/static.krafthand-truck.de\/uploads\/2020\/03\/TRUCK_01_19_055_quer.jpg","contentUrl":"https:\/\/static.krafthand-truck.de\/uploads\/2020\/03\/TRUCK_01_19_055_quer.jpg","width":1000,"height":750,"caption":"ZDK Licht-Test 2018"},{"@type":"BreadcrumbList","@id":"https:\/\/www.krafthand.de\/truck\/artikel\/lichttest-2018-maengelquote-alarmierend-hoch-24589\/#breadcrumb","itemListElement":[{"@type":"ListItem","position":1,"name":"Krafthand-Truck","item":"https:\/\/www.krafthand.de\/truck\/"},{"@type":"ListItem","position":2,"name":"Nfz-Branche","item":"https:\/\/www.krafthand.de\/truck\/kategorie\/branche\/"},{"@type":"ListItem","position":3,"name":"Lichttest 2018: M\u00e4ngelquote alarmierend hoch"}]},{"@type":"WebSite","@id":"https:\/\/www.krafthand.de\/truck\/#website","url":"https:\/\/www.krafthand.de\/truck\/","name":"Krafthand-Truck","description":"","potentialAction":[{"@type":"SearchAction","target":{"@type":"EntryPoint","urlTemplate":"https:\/\/www.krafthand.de\/truck\/?s={search_term_string}"},"query-input":{"@type":"PropertyValueSpecification","valueRequired":true,"valueName":"search_term_string"}}],"inLanguage":"de"},{"@type":"Person","@id":"https:\/\/www.krafthand.de\/truck\/#\/schema\/person\/23aebc1e5e3f0204da7158bce36950bb","name":"julian.schmid@krafthand.de","image":{"@type":"ImageObject","inLanguage":"de","@id":"https:\/\/secure.gravatar.com\/avatar\/ef76c2910cab8eb23fcc013e1c6dc1ba4af5e93fea6e6132d7c4e67d4e9631e9?s=96&d=mm&r=g","url":"https:\/\/secure.gravatar.com\/avatar\/ef76c2910cab8eb23fcc013e1c6dc1ba4af5e93fea6e6132d7c4e67d4e9631e9?s=96&d=mm&r=g","contentUrl":"https:\/\/secure.gravatar.com\/avatar\/ef76c2910cab8eb23fcc013e1c6dc1ba4af5e93fea6e6132d7c4e67d4e9631e9?s=96&d=mm&r=g","caption":"julian.schmid@krafthand.de"}}]}},"_links":{"self":[{"href":"https:\/\/www.krafthand.de\/truck\/wp-json\/wp\/v2\/posts\/24589","targetHints":{"allow":["GET"]}}],"collection":[{"href":"https:\/\/www.krafthand.de\/truck\/wp-json\/wp\/v2\/posts"}],"about":[{"href":"https:\/\/www.krafthand.de\/truck\/wp-json\/wp\/v2\/types\/post"}],"author":[{"embeddable":true,"href":"https:\/\/www.krafthand.de\/truck\/wp-json\/wp\/v2\/users\/7"}],"replies":[{"embeddable":true,"href":"https:\/\/www.krafthand.de\/truck\/wp-json\/wp\/v2\/comments?post=24589"}],"version-history":[{"count":4,"href":"https:\/\/www.krafthand.de\/truck\/wp-json\/wp\/v2\/posts\/24589\/revisions"}],"predecessor-version":[{"id":24594,"href":"https:\/\/www.krafthand.de\/truck\/wp-json\/wp\/v2\/posts\/24589\/revisions\/24594"}],"wp:featuredmedia":[{"embeddable":true,"href":"https:\/\/www.krafthand.de\/truck\/wp-json\/wp\/v2\/media\/24591"}],"wp:attachment":[{"href":"https:\/\/www.krafthand.de\/truck\/wp-json\/wp\/v2\/media?parent=24589"}],"wp:term":[{"taxonomy":"category","embeddable":true,"href":"https:\/\/www.krafthand.de\/truck\/wp-json\/wp\/v2\/categories?post=24589"},{"taxonomy":"post_tag","embeddable":true,"href":"https:\/\/www.krafthand.de\/truck\/wp-json\/wp\/v2\/tags?post=24589"},{"taxonomy":"settings","embeddable":true,"href":"https:\/\/www.krafthand.de\/truck\/wp-json\/wp\/v2\/settings?post=24589"}],"curies":[{"name":"wp","href":"https:\/\/api.w.org\/{rel}","templated":true}]}}