{"id":24585,"date":"2019-04-01T14:03:30","date_gmt":"2019-04-01T12:03:30","guid":{"rendered":"https:\/\/www.krafthand.de\/truck\/?p=24585"},"modified":"2019-04-01T14:03:54","modified_gmt":"2019-04-01T12:03:54","slug":"carat-truckdrive-symposium-2018","status":"publish","type":"post","link":"https:\/\/www.krafthand.de\/truck\/artikel\/carat-truckdrive-symposium-2018-24585\/","title":{"rendered":"Carat Truckdrive Symposium: Branchenplattform mit zunehmender Beliebtheit"},"content":{"rendered":"<p class=\"text-colored text-bold\"> Das \u201aTruckdrive Symposium\u2018 der Carat zum Jahresende erfreut sich bei den \u201atrucklastigen\u2018 Gesch\u00e4ftspartnern und Gesellschaftern einer zunehmenden Beliebtheit. Im Dezember 2018 trafen sich mehr als 140 Branchenexperten zu der traditionellen Jahresabschlussveranstaltung der Mannheimer Einkaufskooperation in Dortmund. Und wie schon die Jahre vorher, hatte das Veranstaltungsteam auch diesmal wieder eine besondere Lokalit\u00e4t gew\u00e4hlt. <\/p>\n<p>Das \u201aCarat Truckdrive Symposium\u2018 hat mittlerweile bei vielen Lieferanten, Industriepartnern und Gesellschaftern der Einkaufskooperation einen festen Platz im Terminkalender. Thomas Vollmar, Gesch\u00e4ftsf\u00fchrer der Carat, und Stephan Bens, Leiter der NKW-Systeme, die die Veranstaltung moderierten, konnten sich diesmal \u00fcber eine neue Rekordbeteiligung freuen: \u00fcber 140 Branchenvertreter waren am11. Dezember 2018 zu der Traditionsveranstaltung nach Dortmund gekommen, bei der es \u2013 nach dem obligatorischen \u201agesch\u00e4ftlichen Teil\u2018 \u2013 vor allem ums \u201aNetzwerken\u2018 geht.<\/p>\n<p>Bens erl\u00e4utert das Konzept der Veranstaltung: \u201eMit dem \u201aTruckdrive Symposium\u2018 ist es uns gelungen, eine Plattform mit aktuellen Branchenthemen und interessanten Vortr\u00e4gen zu schaffen, zu der unsere Gesch\u00e4ftspartner und Gro\u00dfh\u00e4ndler gerne kommen. Durch den intensiven, brancheninternen Erfahrungsaustausch gewinnen die Teilnehmer nicht nur neue Sichtweisen auf aktuelle Themen, sondern bekommen gleichzeitig auch Einblicke in die Arbeitsweise anderer Kooperationspartner.\u201c Bens nutzte zudem die Gelegenheit, sich nach mehr als f\u00fcnfeinhalb Jahren aus der Carat zu verabschieden.<\/p>\n<p>F\u00fcr Aufmerksamkeit sorgte der Branchen- R\u00fcck- und -Vorausblick von Carat-Chef Vollmar. Er stellte unter anderem den aktuellen Status der Mobilita\u0308tsplattform \u201aDrivemotive\u2018 vor, die aus dem Branchenprojekt \u201aMecanto25\u2018 entstanden war und auf der Carat-Messe 2017 Premiere feierte. Vollmar erl\u00e4uterte, wie durch die Kooperation zwischen Carat und unabh\u00e4ngigen Partnern aus Handel, Industrie und Technologie zus\u00e4tzliche Potenziale erschlossen werden k\u00f6nnen, um die Gesch\u00e4fte des Independent Aftermarket zu st\u00e4rken und langfristig abzusichern. Der n\u00e4chste H\u00f6hepunkt war die Verleihung der \u201aCarat Marketing Awards\u2018. Bei der Werkstattausru\u0308stung ging er diesmal an Texa Deutschland, in der Chemiesparte hatte es Sonax aufs Podest geschafft und bei den Nutzfahrzeug-Teilen freute sich Valeo Service Deutschland \u00fcber den ersten Platz.<\/p>\n<p>Anschlie\u00dfend geh\u00f6rte dem ehemaligen Bundesliga-Schiedsrichter und FIFA-Referee Knut Kircher die Aufmerksamkeit des Publikums. In seinem vielbeachteten Impulsvortrag \u201aDie Entscheidung steht!\u2018 zeigte er kurzweilig auf, wie sich die Spielregeln des Fu\u00dfballs auf die Unternehmenswelt \u00fcbertragen lassen. Kircher spannte den Bogen zwischen seiner Bundesliga- T\u00e4tigkeit und den Anforderungen, denen er sich als Teamleiter Entwicklung bei einem Stuttgarter Automobilhersteller zu stellen hat. \u201eHier wie dort geht es um Teamorientierung, Entscheidungsfreude, Deeskalationsstrategien und Kompetenz. Das sind nicht nur auf dem Fu\u00dfballplatz zentrale und zielfu\u0308hrende Fa\u0308higkeiten\u201c, res\u00fcmierte Kircher. Ausgestattet mit vielen neuen Impulsen und wertvollen Tipps tauchten die Carat-G\u00e4ste zum Abschluss des Tages in Dortmunds \u201aDeutschen Fu\u00dfballmuseum\u2018 in 140 Jahre Fu\u00dfballgeschichte ein.<\/p>\n<p><i>Den Beitrag finden Sie auch in der Print-Ausgabe 1\/19 der <a href=\"https:\/\/www.krafthand.de\/truck\/magazin\/\" title=\"Zum Magazin\">Krafthand-Truck<\/a>.<\/i><\/p>","protected":false},"excerpt":{"rendered":"<p>Das \u201aTruckdrive Symposium\u2018 der Carat zum Jahresende erfreut sich bei den \u201atrucklastigen\u2018 Gesch\u00e4ftspartnern und Gesellschaftern einer zunehmenden Beliebtheit. <span class=\"excerpt-more__dots\">&#8230;<\/span> <a class=\"excerpt-more__link\" href=\"https:\/\/www.krafthand.de\/truck\/artikel\/carat-truckdrive-symposium-2018-24585\/\" >weiter<\/a><\/p>\n","protected":false},"author":7,"featured_media":24586,"comment_status":"closed","ping_status":"closed","sticky":false,"template":"","format":"standard","meta":{"footnotes":""},"categories":[5],"tags":[506,3792,3793,3791],"settings":[],"class_list":["post-24585","post","type-post","status-publish","format-standard","has-post-thumbnail","hentry","category-branche","tag-carat","tag-jahresabschluss","tag-thomas-vollmar","tag-truckdrive-symposium"],"yoast_head":"<!-- This site is optimized with the Yoast SEO plugin v27.3 - https:\/\/yoast.com\/product\/yoast-seo-wordpress\/ -->\n<title>Carat Truckdrive Symposium: Branchenplattform mit zunehmender Beliebtheit - Krafthand-Truck<\/title>\n<meta name=\"description\" content=\"Das \u201aTruckdrive Symposium\u2018 der Carat erfreut sich bei den \u201atrucklastigen\u2018 Gesch\u00e4ftspartnern und Gesellschaftern einer zunehmenden Beliebtheit.\" \/>\n<meta name=\"robots\" content=\"index, follow, max-snippet:-1, max-image-preview:large, max-video-preview:-1\" \/>\n<link rel=\"canonical\" href=\"https:\/\/www.krafthand.de\/truck\/artikel\/carat-truckdrive-symposium-2018-24585\/\" \/>\n<meta property=\"og:locale\" content=\"de_DE\" \/>\n<meta property=\"og:type\" content=\"article\" \/>\n<meta property=\"og:title\" content=\"Carat Truckdrive Symposium: Branchenplattform mit zunehmender Beliebtheit - Krafthand-Truck\" \/>\n<meta property=\"og:description\" content=\"Das \u201aTruckdrive Symposium\u2018 der Carat erfreut sich bei den \u201atrucklastigen\u2018 Gesch\u00e4ftspartnern und Gesellschaftern einer zunehmenden Beliebtheit.\" \/>\n<meta property=\"og:url\" content=\"https:\/\/www.krafthand-truck.de\/artikel\/carat-truckdrive-symposium-2018-24585\/\" \/>\n<meta property=\"og:site_name\" content=\"Krafthand-Truck\" \/>\n<meta property=\"article:published_time\" content=\"2019-04-01T12:03:30+00:00\" \/>\n<meta property=\"article:modified_time\" content=\"2019-04-01T12:03:54+00:00\" \/>\n<meta property=\"og:image\" content=\"https:\/\/www.krafthand.de\/truck\/wp-content\/uploads\/2019\/03\/TRUCK_01_19_052_01.jpg\" \/>\n\t<meta property=\"og:image:width\" content=\"1000\" \/>\n\t<meta property=\"og:image:height\" content=\"670\" \/>\n\t<meta property=\"og:image:type\" content=\"image\/jpeg\" \/>\n<meta name=\"author\" content=\"julian.schmid@krafthand.de\" \/>\n<meta name=\"twitter:card\" content=\"summary_large_image\" \/>\n<meta name=\"twitter:label1\" content=\"Verfasst von\" \/>\n\t<meta name=\"twitter:data1\" content=\"julian.schmid@krafthand.de\" \/>\n\t<meta name=\"twitter:label2\" content=\"Gesch\u00e4tzte Lesezeit\" \/>\n\t<meta name=\"twitter:data2\" content=\"2\u00a0Minuten\" \/>\n<script type=\"application\/ld+json\" class=\"yoast-schema-graph\">{\"@context\":\"https:\\\/\\\/schema.org\",\"@graph\":[{\"@type\":\"Article\",\"@id\":\"https:\\\/\\\/www.krafthand.de\\\/truck\\\/artikel\\\/carat-truckdrive-symposium-2018-24585\\\/#article\",\"isPartOf\":{\"@id\":\"https:\\\/\\\/www.krafthand.de\\\/truck\\\/artikel\\\/carat-truckdrive-symposium-2018-24585\\\/\"},\"author\":{\"name\":\"julian.schmid@krafthand.de\",\"@id\":\"https:\\\/\\\/www.krafthand.de\\\/truck\\\/#\\\/schema\\\/person\\\/23aebc1e5e3f0204da7158bce36950bb\"},\"headline\":\"Carat Truckdrive Symposium: Branchenplattform mit zunehmender Beliebtheit\",\"datePublished\":\"2019-04-01T12:03:30+00:00\",\"dateModified\":\"2019-04-01T12:03:54+00:00\",\"mainEntityOfPage\":{\"@id\":\"https:\\\/\\\/www.krafthand.de\\\/truck\\\/artikel\\\/carat-truckdrive-symposium-2018-24585\\\/\"},\"wordCount\":449,\"image\":{\"@id\":\"https:\\\/\\\/www.krafthand.de\\\/truck\\\/artikel\\\/carat-truckdrive-symposium-2018-24585\\\/#primaryimage\"},\"thumbnailUrl\":\"https:\\\/\\\/static.krafthand-truck.de\\\/uploads\\\/2019\\\/03\\\/TRUCK_01_19_052_01.jpg\",\"keywords\":[\"Carat\",\"Jahresabschluss\",\"Thomas Vollmar\",\"Truckdrive Symposium\"],\"articleSection\":[\"Nfz-Branche\"],\"inLanguage\":\"de\"},{\"@type\":\"WebPage\",\"@id\":\"https:\\\/\\\/www.krafthand.de\\\/truck\\\/artikel\\\/carat-truckdrive-symposium-2018-24585\\\/\",\"url\":\"https:\\\/\\\/www.krafthand.de\\\/truck\\\/artikel\\\/carat-truckdrive-symposium-2018-24585\\\/\",\"name\":\"Carat Truckdrive Symposium: Branchenplattform mit zunehmender Beliebtheit - Krafthand-Truck\",\"isPartOf\":{\"@id\":\"https:\\\/\\\/www.krafthand.de\\\/truck\\\/#website\"},\"primaryImageOfPage\":{\"@id\":\"https:\\\/\\\/www.krafthand.de\\\/truck\\\/artikel\\\/carat-truckdrive-symposium-2018-24585\\\/#primaryimage\"},\"image\":{\"@id\":\"https:\\\/\\\/www.krafthand.de\\\/truck\\\/artikel\\\/carat-truckdrive-symposium-2018-24585\\\/#primaryimage\"},\"thumbnailUrl\":\"https:\\\/\\\/static.krafthand-truck.de\\\/uploads\\\/2019\\\/03\\\/TRUCK_01_19_052_01.jpg\",\"datePublished\":\"2019-04-01T12:03:30+00:00\",\"dateModified\":\"2019-04-01T12:03:54+00:00\",\"author\":{\"@id\":\"https:\\\/\\\/www.krafthand.de\\\/truck\\\/#\\\/schema\\\/person\\\/23aebc1e5e3f0204da7158bce36950bb\"},\"description\":\"Das \u201aTruckdrive Symposium\u2018 der Carat erfreut sich bei den \u201atrucklastigen\u2018 Gesch\u00e4ftspartnern und Gesellschaftern einer zunehmenden Beliebtheit.\",\"breadcrumb\":{\"@id\":\"https:\\\/\\\/www.krafthand.de\\\/truck\\\/artikel\\\/carat-truckdrive-symposium-2018-24585\\\/#breadcrumb\"},\"inLanguage\":\"de\",\"potentialAction\":[{\"@type\":\"ReadAction\",\"target\":[\"https:\\\/\\\/www.krafthand.de\\\/truck\\\/artikel\\\/carat-truckdrive-symposium-2018-24585\\\/\"]}]},{\"@type\":\"ImageObject\",\"inLanguage\":\"de\",\"@id\":\"https:\\\/\\\/www.krafthand.de\\\/truck\\\/artikel\\\/carat-truckdrive-symposium-2018-24585\\\/#primaryimage\",\"url\":\"https:\\\/\\\/static.krafthand-truck.de\\\/uploads\\\/2019\\\/03\\\/TRUCK_01_19_052_01.jpg\",\"contentUrl\":\"https:\\\/\\\/static.krafthand-truck.de\\\/uploads\\\/2019\\\/03\\\/TRUCK_01_19_052_01.jpg\",\"width\":1000,\"height\":670,\"caption\":\"Thomas Vollmar beim Carat Truckdrive Symposium\"},{\"@type\":\"BreadcrumbList\",\"@id\":\"https:\\\/\\\/www.krafthand.de\\\/truck\\\/artikel\\\/carat-truckdrive-symposium-2018-24585\\\/#breadcrumb\",\"itemListElement\":[{\"@type\":\"ListItem\",\"position\":1,\"name\":\"Krafthand-Truck\",\"item\":\"https:\\\/\\\/www.krafthand.de\\\/truck\\\/\"},{\"@type\":\"ListItem\",\"position\":2,\"name\":\"Nfz-Branche\",\"item\":\"https:\\\/\\\/www.krafthand.de\\\/truck\\\/kategorie\\\/branche\\\/\"},{\"@type\":\"ListItem\",\"position\":3,\"name\":\"Carat Truckdrive Symposium: Branchenplattform mit zunehmender Beliebtheit\"}]},{\"@type\":\"WebSite\",\"@id\":\"https:\\\/\\\/www.krafthand.de\\\/truck\\\/#website\",\"url\":\"https:\\\/\\\/www.krafthand.de\\\/truck\\\/\",\"name\":\"Krafthand-Truck\",\"description\":\"\",\"potentialAction\":[{\"@type\":\"SearchAction\",\"target\":{\"@type\":\"EntryPoint\",\"urlTemplate\":\"https:\\\/\\\/www.krafthand.de\\\/truck\\\/?s={search_term_string}\"},\"query-input\":{\"@type\":\"PropertyValueSpecification\",\"valueRequired\":true,\"valueName\":\"search_term_string\"}}],\"inLanguage\":\"de\"},{\"@type\":\"Person\",\"@id\":\"https:\\\/\\\/www.krafthand.de\\\/truck\\\/#\\\/schema\\\/person\\\/23aebc1e5e3f0204da7158bce36950bb\",\"name\":\"julian.schmid@krafthand.de\",\"image\":{\"@type\":\"ImageObject\",\"inLanguage\":\"de\",\"@id\":\"https:\\\/\\\/secure.gravatar.com\\\/avatar\\\/ef76c2910cab8eb23fcc013e1c6dc1ba4af5e93fea6e6132d7c4e67d4e9631e9?s=96&d=mm&r=g\",\"url\":\"https:\\\/\\\/secure.gravatar.com\\\/avatar\\\/ef76c2910cab8eb23fcc013e1c6dc1ba4af5e93fea6e6132d7c4e67d4e9631e9?s=96&d=mm&r=g\",\"contentUrl\":\"https:\\\/\\\/secure.gravatar.com\\\/avatar\\\/ef76c2910cab8eb23fcc013e1c6dc1ba4af5e93fea6e6132d7c4e67d4e9631e9?s=96&d=mm&r=g\",\"caption\":\"julian.schmid@krafthand.de\"}}]}<\/script>\n<!-- \/ Yoast SEO plugin. -->","yoast_head_json":{"title":"Carat Truckdrive Symposium: Branchenplattform mit zunehmender Beliebtheit - Krafthand-Truck","description":"Das \u201aTruckdrive Symposium\u2018 der Carat erfreut sich bei den \u201atrucklastigen\u2018 Gesch\u00e4ftspartnern und Gesellschaftern einer zunehmenden Beliebtheit.","robots":{"index":"index","follow":"follow","max-snippet":"max-snippet:-1","max-image-preview":"max-image-preview:large","max-video-preview":"max-video-preview:-1"},"canonical":"https:\/\/www.krafthand.de\/truck\/artikel\/carat-truckdrive-symposium-2018-24585\/","og_locale":"de_DE","og_type":"article","og_title":"Carat Truckdrive Symposium: Branchenplattform mit zunehmender Beliebtheit - Krafthand-Truck","og_description":"Das \u201aTruckdrive Symposium\u2018 der Carat erfreut sich bei den \u201atrucklastigen\u2018 Gesch\u00e4ftspartnern und Gesellschaftern einer zunehmenden Beliebtheit.","og_url":"https:\/\/www.krafthand-truck.de\/artikel\/carat-truckdrive-symposium-2018-24585\/","og_site_name":"Krafthand-Truck","article_published_time":"2019-04-01T12:03:30+00:00","article_modified_time":"2019-04-01T12:03:54+00:00","og_image":[{"width":1000,"height":670,"url":"https:\/\/www.krafthand.de\/truck\/wp-content\/uploads\/2019\/03\/TRUCK_01_19_052_01.jpg","type":"image\/jpeg"}],"author":"julian.schmid@krafthand.de","twitter_card":"summary_large_image","twitter_misc":{"Verfasst von":"julian.schmid@krafthand.de","Gesch\u00e4tzte Lesezeit":"2\u00a0Minuten"},"schema":{"@context":"https:\/\/schema.org","@graph":[{"@type":"Article","@id":"https:\/\/www.krafthand.de\/truck\/artikel\/carat-truckdrive-symposium-2018-24585\/#article","isPartOf":{"@id":"https:\/\/www.krafthand.de\/truck\/artikel\/carat-truckdrive-symposium-2018-24585\/"},"author":{"name":"julian.schmid@krafthand.de","@id":"https:\/\/www.krafthand.de\/truck\/#\/schema\/person\/23aebc1e5e3f0204da7158bce36950bb"},"headline":"Carat Truckdrive Symposium: Branchenplattform mit zunehmender Beliebtheit","datePublished":"2019-04-01T12:03:30+00:00","dateModified":"2019-04-01T12:03:54+00:00","mainEntityOfPage":{"@id":"https:\/\/www.krafthand.de\/truck\/artikel\/carat-truckdrive-symposium-2018-24585\/"},"wordCount":449,"image":{"@id":"https:\/\/www.krafthand.de\/truck\/artikel\/carat-truckdrive-symposium-2018-24585\/#primaryimage"},"thumbnailUrl":"https:\/\/static.krafthand-truck.de\/uploads\/2019\/03\/TRUCK_01_19_052_01.jpg","keywords":["Carat","Jahresabschluss","Thomas Vollmar","Truckdrive Symposium"],"articleSection":["Nfz-Branche"],"inLanguage":"de"},{"@type":"WebPage","@id":"https:\/\/www.krafthand.de\/truck\/artikel\/carat-truckdrive-symposium-2018-24585\/","url":"https:\/\/www.krafthand.de\/truck\/artikel\/carat-truckdrive-symposium-2018-24585\/","name":"Carat Truckdrive Symposium: Branchenplattform mit zunehmender Beliebtheit - Krafthand-Truck","isPartOf":{"@id":"https:\/\/www.krafthand.de\/truck\/#website"},"primaryImageOfPage":{"@id":"https:\/\/www.krafthand.de\/truck\/artikel\/carat-truckdrive-symposium-2018-24585\/#primaryimage"},"image":{"@id":"https:\/\/www.krafthand.de\/truck\/artikel\/carat-truckdrive-symposium-2018-24585\/#primaryimage"},"thumbnailUrl":"https:\/\/static.krafthand-truck.de\/uploads\/2019\/03\/TRUCK_01_19_052_01.jpg","datePublished":"2019-04-01T12:03:30+00:00","dateModified":"2019-04-01T12:03:54+00:00","author":{"@id":"https:\/\/www.krafthand.de\/truck\/#\/schema\/person\/23aebc1e5e3f0204da7158bce36950bb"},"description":"Das \u201aTruckdrive Symposium\u2018 der Carat erfreut sich bei den \u201atrucklastigen\u2018 Gesch\u00e4ftspartnern und Gesellschaftern einer zunehmenden Beliebtheit.","breadcrumb":{"@id":"https:\/\/www.krafthand.de\/truck\/artikel\/carat-truckdrive-symposium-2018-24585\/#breadcrumb"},"inLanguage":"de","potentialAction":[{"@type":"ReadAction","target":["https:\/\/www.krafthand.de\/truck\/artikel\/carat-truckdrive-symposium-2018-24585\/"]}]},{"@type":"ImageObject","inLanguage":"de","@id":"https:\/\/www.krafthand.de\/truck\/artikel\/carat-truckdrive-symposium-2018-24585\/#primaryimage","url":"https:\/\/static.krafthand-truck.de\/uploads\/2019\/03\/TRUCK_01_19_052_01.jpg","contentUrl":"https:\/\/static.krafthand-truck.de\/uploads\/2019\/03\/TRUCK_01_19_052_01.jpg","width":1000,"height":670,"caption":"Thomas Vollmar beim Carat Truckdrive Symposium"},{"@type":"BreadcrumbList","@id":"https:\/\/www.krafthand.de\/truck\/artikel\/carat-truckdrive-symposium-2018-24585\/#breadcrumb","itemListElement":[{"@type":"ListItem","position":1,"name":"Krafthand-Truck","item":"https:\/\/www.krafthand.de\/truck\/"},{"@type":"ListItem","position":2,"name":"Nfz-Branche","item":"https:\/\/www.krafthand.de\/truck\/kategorie\/branche\/"},{"@type":"ListItem","position":3,"name":"Carat Truckdrive Symposium: Branchenplattform mit zunehmender Beliebtheit"}]},{"@type":"WebSite","@id":"https:\/\/www.krafthand.de\/truck\/#website","url":"https:\/\/www.krafthand.de\/truck\/","name":"Krafthand-Truck","description":"","potentialAction":[{"@type":"SearchAction","target":{"@type":"EntryPoint","urlTemplate":"https:\/\/www.krafthand.de\/truck\/?s={search_term_string}"},"query-input":{"@type":"PropertyValueSpecification","valueRequired":true,"valueName":"search_term_string"}}],"inLanguage":"de"},{"@type":"Person","@id":"https:\/\/www.krafthand.de\/truck\/#\/schema\/person\/23aebc1e5e3f0204da7158bce36950bb","name":"julian.schmid@krafthand.de","image":{"@type":"ImageObject","inLanguage":"de","@id":"https:\/\/secure.gravatar.com\/avatar\/ef76c2910cab8eb23fcc013e1c6dc1ba4af5e93fea6e6132d7c4e67d4e9631e9?s=96&d=mm&r=g","url":"https:\/\/secure.gravatar.com\/avatar\/ef76c2910cab8eb23fcc013e1c6dc1ba4af5e93fea6e6132d7c4e67d4e9631e9?s=96&d=mm&r=g","contentUrl":"https:\/\/secure.gravatar.com\/avatar\/ef76c2910cab8eb23fcc013e1c6dc1ba4af5e93fea6e6132d7c4e67d4e9631e9?s=96&d=mm&r=g","caption":"julian.schmid@krafthand.de"}}]}},"_links":{"self":[{"href":"https:\/\/www.krafthand.de\/truck\/wp-json\/wp\/v2\/posts\/24585","targetHints":{"allow":["GET"]}}],"collection":[{"href":"https:\/\/www.krafthand.de\/truck\/wp-json\/wp\/v2\/posts"}],"about":[{"href":"https:\/\/www.krafthand.de\/truck\/wp-json\/wp\/v2\/types\/post"}],"author":[{"embeddable":true,"href":"https:\/\/www.krafthand.de\/truck\/wp-json\/wp\/v2\/users\/7"}],"replies":[{"embeddable":true,"href":"https:\/\/www.krafthand.de\/truck\/wp-json\/wp\/v2\/comments?post=24585"}],"version-history":[{"count":6,"href":"https:\/\/www.krafthand.de\/truck\/wp-json\/wp\/v2\/posts\/24585\/revisions"}],"predecessor-version":[{"id":24611,"href":"https:\/\/www.krafthand.de\/truck\/wp-json\/wp\/v2\/posts\/24585\/revisions\/24611"}],"wp:featuredmedia":[{"embeddable":true,"href":"https:\/\/www.krafthand.de\/truck\/wp-json\/wp\/v2\/media\/24586"}],"wp:attachment":[{"href":"https:\/\/www.krafthand.de\/truck\/wp-json\/wp\/v2\/media?parent=24585"}],"wp:term":[{"taxonomy":"category","embeddable":true,"href":"https:\/\/www.krafthand.de\/truck\/wp-json\/wp\/v2\/categories?post=24585"},{"taxonomy":"post_tag","embeddable":true,"href":"https:\/\/www.krafthand.de\/truck\/wp-json\/wp\/v2\/tags?post=24585"},{"taxonomy":"settings","embeddable":true,"href":"https:\/\/www.krafthand.de\/truck\/wp-json\/wp\/v2\/settings?post=24585"}],"curies":[{"name":"wp","href":"https:\/\/api.w.org\/{rel}","templated":true}]}}