{"id":24530,"date":"2018-12-04T07:30:49","date_gmt":"2018-12-04T06:30:49","guid":{"rendered":"https:\/\/www.krafthand.de\/truck\/?p=24530"},"modified":"2021-03-10T12:06:41","modified_gmt":"2021-03-10T11:06:41","slug":"ideal-fuer-transporter-und-leichte-nutzfahrzeuge","status":"publish","type":"post","link":"https:\/\/www.krafthand.de\/truck\/artikel\/ideal-fuer-transporter-und-leichte-nutzfahrzeuge-24530\/","title":{"rendered":"Ideal f\u00fcr Transporter und leichte Nutzfahrzeuge"},"content":{"rendered":"<p>Um Transporter und leichte Nutzfahrzeuge zu heben, empfiehlt der Stuttgarter\u00a0 Werkstattausstatter Longus robuste Vier-S\u00e4ulen-Hebeb\u00fchnen. Nach\u00a0 Unternehmensangaben eignet sich die \u201aLHB\u2018-Baureihe mit einer Tragkraft von f\u00fcnf\u00a0 Tonnen nicht nur f\u00fcr klassische Servicearbeiten, sondern \u2013 und abh\u00e4ngig von der Ausf\u00fchrung \u2013 auch als Scheinwerfereinstellplatz und\/oder zum Fahrwerksvermessen. Allen Modellen gemeinsam sind 4.786 Millimeter lange, im Abstand variabel\u00a0 verschiebbare Fahrschienen. Beim Basismodell \u201aLHB-4.50-G\u2018 sind diese glatt und\u00a0 exakt nivellierbar, um die Anforderungen an einen Lichteinstellplatz zu erf\u00fcllen. Optional l\u00e4sst sich diese B\u00fchne mit einem lufthydraulischen 2,5 Tonnen hebenden\u00a0 Achsfreiheber ausstatten. Der auch zum Vermessen geeignete Typ \u201aLHB-4,5-S\u2018\u00a0 dagegen verf\u00fcgt serienm\u00e4\u00dfig \u00fcber einen integrierten, fahrbahnebenen und einseitig\u00a0 ausziehbaren Radfreiheber mit einer Tragf\u00e4higkeit von 3,5 Tonnen, einen lufthydraulischen Achsfreiheber mit einer Hubkraft von 2,5 Tonnen sowie\u00a0 pneumatisch arretierbare Schiebeplatten und verstellbare Drehtelleraussparungen\u00a0 inklusive dazu passenden F\u00fcllst\u00fccken. Als \u201aLW\u2018-Serie sind laut Longus bei den\u00a0 Vier-S\u00e4ulenb\u00fchnen auch Schienenl\u00e4ngen von sechs Metern aufsteigend und\u00a0 Hubkapazit\u00e4ten von sechs, acht oder zw\u00f6lf Tonnen lieferbar. Optionale\u00a0 Achsfreiheber, Ausf\u00fchrungen mit Ein-Phasen- Motor und Beleuchtungssets runden das Hebetechnik-Sortiment der Stuttgarter ab.<\/p>\n<p><i>Den Beitrag finden Sie auch in der Print-Ausgabe 4\/18 der <a href=\"https:\/\/www.krafthand.de\/truck\/magazin\/\" title=\"Zum Magazin\">Krafthand-Truck<\/a>.<\/i><\/p>","protected":false},"excerpt":{"rendered":"<p>Um Transporter und leichte Nutzfahrzeuge zu heben, empfiehlt der Stuttgarter\u00a0 Werkstattausstatter Longus robuste Vier-S\u00e4ulen-Hebeb\u00fchnen. Nach\u00a0 Unternehmensangaben eignet sich die \u201aLHB\u2018-Baureihe mit einer Tragkraft von f\u00fcnf\u00a0 Tonnen nicht nur f\u00fcr klassische Servicearbeiten, sondern \u2013 und abh\u00e4ngig von der Ausf\u00fchrung \u2013 auch als Scheinwerfereinstellplatz und\/oder zum Fahrwerksvermessen. Allen Modellen gemeinsam sind 4.786 Millimeter lange, im Abstand variabel\u00a0 <span class=\"excerpt-more__dots\">&#8230;<\/span> <a class=\"excerpt-more__link\" href=\"https:\/\/www.krafthand.de\/truck\/artikel\/ideal-fuer-transporter-und-leichte-nutzfahrzeuge-24530\/\" >weiter<\/a><\/p>\n","protected":false},"author":6,"featured_media":24531,"comment_status":"closed","ping_status":"closed","sticky":false,"template":"","format":"standard","meta":{"footnotes":""},"categories":[4220],"tags":[3790,1358,3789,3788,376,3787],"settings":[],"class_list":["post-24530","post","type-post","status-publish","format-standard","has-post-thumbnail","hentry","category-werkstattausruestung","tag-5-s","tag-hebetechnik","tag-lhb-4","tag-lhb-4-50-g","tag-longus","tag-vier-saeulen-hebebuehne"],"yoast_head":"<!-- This site is optimized with the Yoast SEO plugin v27.3 - https:\/\/yoast.com\/product\/yoast-seo-wordpress\/ -->\n<title>Ideal f\u00fcr Transporter und leichte Nutzfahrzeuge - Krafthand-Truck<\/title>\n<meta name=\"robots\" content=\"index, follow, max-snippet:-1, max-image-preview:large, max-video-preview:-1\" \/>\n<link rel=\"canonical\" href=\"https:\/\/www.krafthand.de\/truck\/artikel\/ideal-fuer-transporter-und-leichte-nutzfahrzeuge-24530\/\" \/>\n<meta property=\"og:locale\" content=\"de_DE\" \/>\n<meta property=\"og:type\" content=\"article\" \/>\n<meta property=\"og:title\" content=\"Ideal f\u00fcr Transporter und leichte Nutzfahrzeuge - Krafthand-Truck\" \/>\n<meta property=\"og:description\" content=\"Um Transporter und leichte Nutzfahrzeuge zu heben, empfiehlt der Stuttgarter\u00a0 Werkstattausstatter Longus robuste Vier-S\u00e4ulen-Hebeb\u00fchnen. Nach\u00a0 Unternehmensangaben eignet sich die \u201aLHB\u2018-Baureihe mit einer Tragkraft von f\u00fcnf\u00a0 Tonnen nicht nur f\u00fcr klassische Servicearbeiten, sondern \u2013 und abh\u00e4ngig von der Ausf\u00fchrung \u2013 auch als Scheinwerfereinstellplatz und\/oder zum Fahrwerksvermessen. Allen Modellen gemeinsam sind 4.786 Millimeter lange, im Abstand variabel\u00a0 ... weiter\" \/>\n<meta property=\"og:url\" content=\"https:\/\/www.krafthand-truck.de\/artikel\/ideal-fuer-transporter-und-leichte-nutzfahrzeuge-24530\/\" \/>\n<meta property=\"og:site_name\" content=\"Krafthand-Truck\" \/>\n<meta property=\"article:published_time\" content=\"2018-12-04T06:30:49+00:00\" \/>\n<meta property=\"article:modified_time\" content=\"2021-03-10T11:06:41+00:00\" \/>\n<meta property=\"og:image\" content=\"https:\/\/www.krafthand.de\/truck\/wp-content\/uploads\/2018\/11\/Truck_0418_014.jpg\" \/>\n\t<meta property=\"og:image:width\" content=\"1000\" \/>\n\t<meta property=\"og:image:height\" content=\"910\" \/>\n\t<meta property=\"og:image:type\" content=\"image\/jpeg\" \/>\n<meta name=\"author\" content=\"elisabeth.mair@krafthand.de\" \/>\n<meta name=\"twitter:card\" content=\"summary_large_image\" \/>\n<meta name=\"twitter:label1\" content=\"Verfasst von\" \/>\n\t<meta name=\"twitter:data1\" content=\"elisabeth.mair@krafthand.de\" \/>\n\t<meta name=\"twitter:label2\" content=\"Gesch\u00e4tzte Lesezeit\" \/>\n\t<meta name=\"twitter:data2\" content=\"1\u00a0Minute\" \/>\n<script type=\"application\/ld+json\" class=\"yoast-schema-graph\">{\"@context\":\"https:\\\/\\\/schema.org\",\"@graph\":[{\"@type\":\"Article\",\"@id\":\"https:\\\/\\\/www.krafthand.de\\\/truck\\\/artikel\\\/ideal-fuer-transporter-und-leichte-nutzfahrzeuge-24530\\\/#article\",\"isPartOf\":{\"@id\":\"https:\\\/\\\/www.krafthand.de\\\/truck\\\/artikel\\\/ideal-fuer-transporter-und-leichte-nutzfahrzeuge-24530\\\/\"},\"author\":{\"name\":\"elisabeth.mair@krafthand.de\",\"@id\":\"https:\\\/\\\/www.krafthand.de\\\/truck\\\/#\\\/schema\\\/person\\\/25290391c443ebfc18583f19f72a0c26\"},\"headline\":\"Ideal f\u00fcr Transporter und leichte Nutzfahrzeuge\",\"datePublished\":\"2018-12-04T06:30:49+00:00\",\"dateModified\":\"2021-03-10T11:06:41+00:00\",\"mainEntityOfPage\":{\"@id\":\"https:\\\/\\\/www.krafthand.de\\\/truck\\\/artikel\\\/ideal-fuer-transporter-und-leichte-nutzfahrzeuge-24530\\\/\"},\"wordCount\":194,\"image\":{\"@id\":\"https:\\\/\\\/www.krafthand.de\\\/truck\\\/artikel\\\/ideal-fuer-transporter-und-leichte-nutzfahrzeuge-24530\\\/#primaryimage\"},\"thumbnailUrl\":\"https:\\\/\\\/static.krafthand-truck.de\\\/uploads\\\/2018\\\/11\\\/Truck_0418_014.jpg\",\"keywords\":[\"5-S\",\"Hebetechnik\",\"LHB-4\",\"LHB-4.50-G\",\"Longus\",\"Vier-S\u00e4ulen-Hebeb\u00fchne\"],\"articleSection\":[\"Werkstattausr\u00fcstung\"],\"inLanguage\":\"de\"},{\"@type\":\"WebPage\",\"@id\":\"https:\\\/\\\/www.krafthand.de\\\/truck\\\/artikel\\\/ideal-fuer-transporter-und-leichte-nutzfahrzeuge-24530\\\/\",\"url\":\"https:\\\/\\\/www.krafthand.de\\\/truck\\\/artikel\\\/ideal-fuer-transporter-und-leichte-nutzfahrzeuge-24530\\\/\",\"name\":\"Ideal f\u00fcr Transporter und leichte Nutzfahrzeuge - Krafthand-Truck\",\"isPartOf\":{\"@id\":\"https:\\\/\\\/www.krafthand.de\\\/truck\\\/#website\"},\"primaryImageOfPage\":{\"@id\":\"https:\\\/\\\/www.krafthand.de\\\/truck\\\/artikel\\\/ideal-fuer-transporter-und-leichte-nutzfahrzeuge-24530\\\/#primaryimage\"},\"image\":{\"@id\":\"https:\\\/\\\/www.krafthand.de\\\/truck\\\/artikel\\\/ideal-fuer-transporter-und-leichte-nutzfahrzeuge-24530\\\/#primaryimage\"},\"thumbnailUrl\":\"https:\\\/\\\/static.krafthand-truck.de\\\/uploads\\\/2018\\\/11\\\/Truck_0418_014.jpg\",\"datePublished\":\"2018-12-04T06:30:49+00:00\",\"dateModified\":\"2021-03-10T11:06:41+00:00\",\"author\":{\"@id\":\"https:\\\/\\\/www.krafthand.de\\\/truck\\\/#\\\/schema\\\/person\\\/25290391c443ebfc18583f19f72a0c26\"},\"breadcrumb\":{\"@id\":\"https:\\\/\\\/www.krafthand.de\\\/truck\\\/artikel\\\/ideal-fuer-transporter-und-leichte-nutzfahrzeuge-24530\\\/#breadcrumb\"},\"inLanguage\":\"de\",\"potentialAction\":[{\"@type\":\"ReadAction\",\"target\":[\"https:\\\/\\\/www.krafthand.de\\\/truck\\\/artikel\\\/ideal-fuer-transporter-und-leichte-nutzfahrzeuge-24530\\\/\"]}]},{\"@type\":\"ImageObject\",\"inLanguage\":\"de\",\"@id\":\"https:\\\/\\\/www.krafthand.de\\\/truck\\\/artikel\\\/ideal-fuer-transporter-und-leichte-nutzfahrzeuge-24530\\\/#primaryimage\",\"url\":\"https:\\\/\\\/static.krafthand-truck.de\\\/uploads\\\/2018\\\/11\\\/Truck_0418_014.jpg\",\"contentUrl\":\"https:\\\/\\\/static.krafthand-truck.de\\\/uploads\\\/2018\\\/11\\\/Truck_0418_014.jpg\",\"width\":1000,\"height\":910,\"caption\":\"Longus Vier-S\u00e4ulen-Hebeb\u00fchne\"},{\"@type\":\"BreadcrumbList\",\"@id\":\"https:\\\/\\\/www.krafthand.de\\\/truck\\\/artikel\\\/ideal-fuer-transporter-und-leichte-nutzfahrzeuge-24530\\\/#breadcrumb\",\"itemListElement\":[{\"@type\":\"ListItem\",\"position\":1,\"name\":\"Krafthand-Truck\",\"item\":\"https:\\\/\\\/www.krafthand.de\\\/truck\\\/\"},{\"@type\":\"ListItem\",\"position\":2,\"name\":\"Nfz-Service\",\"item\":\"https:\\\/\\\/www.krafthand.de\\\/truck\\\/kategorie\\\/nfz-service\\\/\"},{\"@type\":\"ListItem\",\"position\":3,\"name\":\"Werkstattausr\u00fcstung\",\"item\":\"https:\\\/\\\/www.krafthand.de\\\/truck\\\/kategorie\\\/nfz-service\\\/werkstattausruestung\\\/\"},{\"@type\":\"ListItem\",\"position\":4,\"name\":\"Ideal f\u00fcr Transporter und leichte Nutzfahrzeuge\"}]},{\"@type\":\"WebSite\",\"@id\":\"https:\\\/\\\/www.krafthand.de\\\/truck\\\/#website\",\"url\":\"https:\\\/\\\/www.krafthand.de\\\/truck\\\/\",\"name\":\"Krafthand-Truck\",\"description\":\"\",\"potentialAction\":[{\"@type\":\"SearchAction\",\"target\":{\"@type\":\"EntryPoint\",\"urlTemplate\":\"https:\\\/\\\/www.krafthand.de\\\/truck\\\/?s={search_term_string}\"},\"query-input\":{\"@type\":\"PropertyValueSpecification\",\"valueRequired\":true,\"valueName\":\"search_term_string\"}}],\"inLanguage\":\"de\"},{\"@type\":\"Person\",\"@id\":\"https:\\\/\\\/www.krafthand.de\\\/truck\\\/#\\\/schema\\\/person\\\/25290391c443ebfc18583f19f72a0c26\",\"name\":\"elisabeth.mair@krafthand.de\",\"image\":{\"@type\":\"ImageObject\",\"inLanguage\":\"de\",\"@id\":\"https:\\\/\\\/secure.gravatar.com\\\/avatar\\\/5f0e25e42e13f6e7631bd6597cd91b90228ead6b823ba81a6c8ee32fe135d72e?s=96&d=mm&r=g\",\"url\":\"https:\\\/\\\/secure.gravatar.com\\\/avatar\\\/5f0e25e42e13f6e7631bd6597cd91b90228ead6b823ba81a6c8ee32fe135d72e?s=96&d=mm&r=g\",\"contentUrl\":\"https:\\\/\\\/secure.gravatar.com\\\/avatar\\\/5f0e25e42e13f6e7631bd6597cd91b90228ead6b823ba81a6c8ee32fe135d72e?s=96&d=mm&r=g\",\"caption\":\"elisabeth.mair@krafthand.de\"}}]}<\/script>\n<!-- \/ Yoast SEO plugin. -->","yoast_head_json":{"title":"Ideal f\u00fcr Transporter und leichte Nutzfahrzeuge - Krafthand-Truck","robots":{"index":"index","follow":"follow","max-snippet":"max-snippet:-1","max-image-preview":"max-image-preview:large","max-video-preview":"max-video-preview:-1"},"canonical":"https:\/\/www.krafthand.de\/truck\/artikel\/ideal-fuer-transporter-und-leichte-nutzfahrzeuge-24530\/","og_locale":"de_DE","og_type":"article","og_title":"Ideal f\u00fcr Transporter und leichte Nutzfahrzeuge - Krafthand-Truck","og_description":"Um Transporter und leichte Nutzfahrzeuge zu heben, empfiehlt der Stuttgarter\u00a0 Werkstattausstatter Longus robuste Vier-S\u00e4ulen-Hebeb\u00fchnen. Nach\u00a0 Unternehmensangaben eignet sich die \u201aLHB\u2018-Baureihe mit einer Tragkraft von f\u00fcnf\u00a0 Tonnen nicht nur f\u00fcr klassische Servicearbeiten, sondern \u2013 und abh\u00e4ngig von der Ausf\u00fchrung \u2013 auch als Scheinwerfereinstellplatz und\/oder zum Fahrwerksvermessen. Allen Modellen gemeinsam sind 4.786 Millimeter lange, im Abstand variabel\u00a0 ... weiter","og_url":"https:\/\/www.krafthand-truck.de\/artikel\/ideal-fuer-transporter-und-leichte-nutzfahrzeuge-24530\/","og_site_name":"Krafthand-Truck","article_published_time":"2018-12-04T06:30:49+00:00","article_modified_time":"2021-03-10T11:06:41+00:00","og_image":[{"width":1000,"height":910,"url":"https:\/\/www.krafthand.de\/truck\/wp-content\/uploads\/2018\/11\/Truck_0418_014.jpg","type":"image\/jpeg"}],"author":"elisabeth.mair@krafthand.de","twitter_card":"summary_large_image","twitter_misc":{"Verfasst von":"elisabeth.mair@krafthand.de","Gesch\u00e4tzte Lesezeit":"1\u00a0Minute"},"schema":{"@context":"https:\/\/schema.org","@graph":[{"@type":"Article","@id":"https:\/\/www.krafthand.de\/truck\/artikel\/ideal-fuer-transporter-und-leichte-nutzfahrzeuge-24530\/#article","isPartOf":{"@id":"https:\/\/www.krafthand.de\/truck\/artikel\/ideal-fuer-transporter-und-leichte-nutzfahrzeuge-24530\/"},"author":{"name":"elisabeth.mair@krafthand.de","@id":"https:\/\/www.krafthand.de\/truck\/#\/schema\/person\/25290391c443ebfc18583f19f72a0c26"},"headline":"Ideal f\u00fcr Transporter und leichte Nutzfahrzeuge","datePublished":"2018-12-04T06:30:49+00:00","dateModified":"2021-03-10T11:06:41+00:00","mainEntityOfPage":{"@id":"https:\/\/www.krafthand.de\/truck\/artikel\/ideal-fuer-transporter-und-leichte-nutzfahrzeuge-24530\/"},"wordCount":194,"image":{"@id":"https:\/\/www.krafthand.de\/truck\/artikel\/ideal-fuer-transporter-und-leichte-nutzfahrzeuge-24530\/#primaryimage"},"thumbnailUrl":"https:\/\/static.krafthand-truck.de\/uploads\/2018\/11\/Truck_0418_014.jpg","keywords":["5-S","Hebetechnik","LHB-4","LHB-4.50-G","Longus","Vier-S\u00e4ulen-Hebeb\u00fchne"],"articleSection":["Werkstattausr\u00fcstung"],"inLanguage":"de"},{"@type":"WebPage","@id":"https:\/\/www.krafthand.de\/truck\/artikel\/ideal-fuer-transporter-und-leichte-nutzfahrzeuge-24530\/","url":"https:\/\/www.krafthand.de\/truck\/artikel\/ideal-fuer-transporter-und-leichte-nutzfahrzeuge-24530\/","name":"Ideal f\u00fcr Transporter und leichte Nutzfahrzeuge - Krafthand-Truck","isPartOf":{"@id":"https:\/\/www.krafthand.de\/truck\/#website"},"primaryImageOfPage":{"@id":"https:\/\/www.krafthand.de\/truck\/artikel\/ideal-fuer-transporter-und-leichte-nutzfahrzeuge-24530\/#primaryimage"},"image":{"@id":"https:\/\/www.krafthand.de\/truck\/artikel\/ideal-fuer-transporter-und-leichte-nutzfahrzeuge-24530\/#primaryimage"},"thumbnailUrl":"https:\/\/static.krafthand-truck.de\/uploads\/2018\/11\/Truck_0418_014.jpg","datePublished":"2018-12-04T06:30:49+00:00","dateModified":"2021-03-10T11:06:41+00:00","author":{"@id":"https:\/\/www.krafthand.de\/truck\/#\/schema\/person\/25290391c443ebfc18583f19f72a0c26"},"breadcrumb":{"@id":"https:\/\/www.krafthand.de\/truck\/artikel\/ideal-fuer-transporter-und-leichte-nutzfahrzeuge-24530\/#breadcrumb"},"inLanguage":"de","potentialAction":[{"@type":"ReadAction","target":["https:\/\/www.krafthand.de\/truck\/artikel\/ideal-fuer-transporter-und-leichte-nutzfahrzeuge-24530\/"]}]},{"@type":"ImageObject","inLanguage":"de","@id":"https:\/\/www.krafthand.de\/truck\/artikel\/ideal-fuer-transporter-und-leichte-nutzfahrzeuge-24530\/#primaryimage","url":"https:\/\/static.krafthand-truck.de\/uploads\/2018\/11\/Truck_0418_014.jpg","contentUrl":"https:\/\/static.krafthand-truck.de\/uploads\/2018\/11\/Truck_0418_014.jpg","width":1000,"height":910,"caption":"Longus Vier-S\u00e4ulen-Hebeb\u00fchne"},{"@type":"BreadcrumbList","@id":"https:\/\/www.krafthand.de\/truck\/artikel\/ideal-fuer-transporter-und-leichte-nutzfahrzeuge-24530\/#breadcrumb","itemListElement":[{"@type":"ListItem","position":1,"name":"Krafthand-Truck","item":"https:\/\/www.krafthand.de\/truck\/"},{"@type":"ListItem","position":2,"name":"Nfz-Service","item":"https:\/\/www.krafthand.de\/truck\/kategorie\/nfz-service\/"},{"@type":"ListItem","position":3,"name":"Werkstattausr\u00fcstung","item":"https:\/\/www.krafthand.de\/truck\/kategorie\/nfz-service\/werkstattausruestung\/"},{"@type":"ListItem","position":4,"name":"Ideal f\u00fcr Transporter und leichte Nutzfahrzeuge"}]},{"@type":"WebSite","@id":"https:\/\/www.krafthand.de\/truck\/#website","url":"https:\/\/www.krafthand.de\/truck\/","name":"Krafthand-Truck","description":"","potentialAction":[{"@type":"SearchAction","target":{"@type":"EntryPoint","urlTemplate":"https:\/\/www.krafthand.de\/truck\/?s={search_term_string}"},"query-input":{"@type":"PropertyValueSpecification","valueRequired":true,"valueName":"search_term_string"}}],"inLanguage":"de"},{"@type":"Person","@id":"https:\/\/www.krafthand.de\/truck\/#\/schema\/person\/25290391c443ebfc18583f19f72a0c26","name":"elisabeth.mair@krafthand.de","image":{"@type":"ImageObject","inLanguage":"de","@id":"https:\/\/secure.gravatar.com\/avatar\/5f0e25e42e13f6e7631bd6597cd91b90228ead6b823ba81a6c8ee32fe135d72e?s=96&d=mm&r=g","url":"https:\/\/secure.gravatar.com\/avatar\/5f0e25e42e13f6e7631bd6597cd91b90228ead6b823ba81a6c8ee32fe135d72e?s=96&d=mm&r=g","contentUrl":"https:\/\/secure.gravatar.com\/avatar\/5f0e25e42e13f6e7631bd6597cd91b90228ead6b823ba81a6c8ee32fe135d72e?s=96&d=mm&r=g","caption":"elisabeth.mair@krafthand.de"}}]}},"_links":{"self":[{"href":"https:\/\/www.krafthand.de\/truck\/wp-json\/wp\/v2\/posts\/24530","targetHints":{"allow":["GET"]}}],"collection":[{"href":"https:\/\/www.krafthand.de\/truck\/wp-json\/wp\/v2\/posts"}],"about":[{"href":"https:\/\/www.krafthand.de\/truck\/wp-json\/wp\/v2\/types\/post"}],"author":[{"embeddable":true,"href":"https:\/\/www.krafthand.de\/truck\/wp-json\/wp\/v2\/users\/6"}],"replies":[{"embeddable":true,"href":"https:\/\/www.krafthand.de\/truck\/wp-json\/wp\/v2\/comments?post=24530"}],"version-history":[{"count":3,"href":"https:\/\/www.krafthand.de\/truck\/wp-json\/wp\/v2\/posts\/24530\/revisions"}],"predecessor-version":[{"id":24534,"href":"https:\/\/www.krafthand.de\/truck\/wp-json\/wp\/v2\/posts\/24530\/revisions\/24534"}],"wp:featuredmedia":[{"embeddable":true,"href":"https:\/\/www.krafthand.de\/truck\/wp-json\/wp\/v2\/media\/24531"}],"wp:attachment":[{"href":"https:\/\/www.krafthand.de\/truck\/wp-json\/wp\/v2\/media?parent=24530"}],"wp:term":[{"taxonomy":"category","embeddable":true,"href":"https:\/\/www.krafthand.de\/truck\/wp-json\/wp\/v2\/categories?post=24530"},{"taxonomy":"post_tag","embeddable":true,"href":"https:\/\/www.krafthand.de\/truck\/wp-json\/wp\/v2\/tags?post=24530"},{"taxonomy":"settings","embeddable":true,"href":"https:\/\/www.krafthand.de\/truck\/wp-json\/wp\/v2\/settings?post=24530"}],"curies":[{"name":"wp","href":"https:\/\/api.w.org\/{rel}","templated":true}]}}