{"id":24466,"date":"2018-11-22T07:30:57","date_gmt":"2018-11-22T06:30:57","guid":{"rendered":"https:\/\/www.krafthand.de\/truck\/?p=24466"},"modified":"2018-11-16T10:36:45","modified_gmt":"2018-11-16T09:36:45","slug":"haldex","status":"publish","type":"post","link":"https:\/\/www.krafthand.de\/truck\/artikel\/haldex-24466\/","title":{"rendered":"Haldex"},"content":{"rendered":"<p>Unter dem Leitmotiv \u201eA world of safer vehicles\u201d zeigte der schwedische\u00a0\u00a0 Bremssystemspezialist Haldex seine neuen Doppelmembran-Federspeicherbremszylinder \u201aLifeSeal+\u2018 (Bildmitte). Nach eigenem Bekunden wurden\u00a0 diese f\u00fcr die zuk\u00fcnftigen Anforderungen von Trailern entwickelt. Zu den\u00a0 charakteristischen Merkmalen geh\u00f6ren unter anderem ein vollst\u00e4ndig gekapseltes\u00a0 Geh\u00e4use sowie eine ber\u00fchrungsfreie Druckfeder. Au\u00dferdem sollen sie die Einbauzeit in der Produktion verk\u00fcrzen, da sie sich einfach und schnell und ohne lose Teile\u00a0 montieren lassen sollen. Zus\u00e4tzlich pr\u00e4sentierte Haldex weitere Brems- und\u00a0 Federspeicherbremszylinder, darunter die neue 16\/24-Version der bew\u00e4hrten\u00a0 \u201aBlueSeal\u2018-Bremszylinderserie sowie Varianten der Zweitmarke \u201aGrau\u2018.<\/p>\n<p><i>Den Beitrag finden Sie auch in der Print-Ausgabe 4\/18 der <a href=\"https:\/\/www.krafthand.de\/truck\/magazin\/\" title=\"Zum Magazin\">Krafthand-Truck<\/a>.<\/i><\/p>","protected":false},"excerpt":{"rendered":"<p>Unter dem Leitmotiv \u201eA world of safer vehicles\u201d zeigte der schwedische\u00a0\u00a0 Bremssystemspezialist Haldex seine neuen Doppelmembran-Federspeicherbremszylinder \u201aLifeSeal+\u2018 (Bildmitte). Nach eigenem Bekunden wurden\u00a0 diese f\u00fcr die zuk\u00fcnftigen Anforderungen von Trailern entwickelt. Zu den\u00a0 charakteristischen Merkmalen geh\u00f6ren unter anderem ein vollst\u00e4ndig gekapseltes\u00a0 Geh\u00e4use sowie eine ber\u00fchrungsfreie Druckfeder. Au\u00dferdem sollen sie die Einbauzeit in der Produktion verk\u00fcrzen, da <span class=\"excerpt-more__dots\">&#8230;<\/span> <a class=\"excerpt-more__link\" href=\"https:\/\/www.krafthand.de\/truck\/artikel\/haldex-24466\/\" >weiter<\/a><\/p>\n","protected":false},"author":6,"featured_media":24422,"comment_status":"closed","ping_status":"closed","sticky":false,"template":"","format":"standard","meta":{"footnotes":""},"categories":[5],"tags":[3753,1915],"settings":[],"class_list":["post-24466","post","type-post","status-publish","format-standard","has-post-thumbnail","hentry","category-branche","tag-federspeicherbremszylinder","tag-haldex"],"yoast_head":"<!-- This site is optimized with the Yoast SEO plugin v27.3 - https:\/\/yoast.com\/product\/yoast-seo-wordpress\/ -->\n<title>Haldex - Krafthand-Truck<\/title>\n<meta name=\"robots\" content=\"index, follow, max-snippet:-1, max-image-preview:large, max-video-preview:-1\" \/>\n<link rel=\"canonical\" href=\"https:\/\/www.krafthand.de\/truck\/artikel\/haldex-24466\/\" \/>\n<meta property=\"og:locale\" content=\"de_DE\" \/>\n<meta property=\"og:type\" content=\"article\" \/>\n<meta property=\"og:title\" content=\"Haldex - Krafthand-Truck\" \/>\n<meta property=\"og:description\" content=\"Unter dem Leitmotiv \u201eA world of safer vehicles\u201d zeigte der schwedische\u00a0\u00a0 Bremssystemspezialist Haldex seine neuen Doppelmembran-Federspeicherbremszylinder \u201aLifeSeal+\u2018 (Bildmitte). Nach eigenem Bekunden wurden\u00a0 diese f\u00fcr die zuk\u00fcnftigen Anforderungen von Trailern entwickelt. Zu den\u00a0 charakteristischen Merkmalen geh\u00f6ren unter anderem ein vollst\u00e4ndig gekapseltes\u00a0 Geh\u00e4use sowie eine ber\u00fchrungsfreie Druckfeder. Au\u00dferdem sollen sie die Einbauzeit in der Produktion verk\u00fcrzen, da ... weiter\" \/>\n<meta property=\"og:url\" content=\"https:\/\/www.krafthand-truck.de\/artikel\/haldex-24466\/\" \/>\n<meta property=\"og:site_name\" content=\"Krafthand-Truck\" \/>\n<meta property=\"article:published_time\" content=\"2018-11-22T06:30:57+00:00\" \/>\n<meta property=\"og:image\" content=\"https:\/\/www.krafthand.de\/truck\/wp-content\/uploads\/2018\/11\/Truck_0418_021_Haldex.jpg\" \/>\n\t<meta property=\"og:image:width\" content=\"1000\" \/>\n\t<meta property=\"og:image:height\" content=\"624\" \/>\n\t<meta property=\"og:image:type\" content=\"image\/jpeg\" \/>\n<meta name=\"author\" content=\"elisabeth.mair@krafthand.de\" \/>\n<meta name=\"twitter:card\" content=\"summary_large_image\" \/>\n<meta name=\"twitter:label1\" content=\"Verfasst von\" \/>\n\t<meta name=\"twitter:data1\" content=\"elisabeth.mair@krafthand.de\" \/>\n<script type=\"application\/ld+json\" class=\"yoast-schema-graph\">{\"@context\":\"https:\\\/\\\/schema.org\",\"@graph\":[{\"@type\":\"Article\",\"@id\":\"https:\\\/\\\/www.krafthand.de\\\/truck\\\/artikel\\\/haldex-24466\\\/#article\",\"isPartOf\":{\"@id\":\"https:\\\/\\\/www.krafthand.de\\\/truck\\\/artikel\\\/haldex-24466\\\/\"},\"author\":{\"name\":\"elisabeth.mair@krafthand.de\",\"@id\":\"https:\\\/\\\/www.krafthand.de\\\/truck\\\/#\\\/schema\\\/person\\\/25290391c443ebfc18583f19f72a0c26\"},\"headline\":\"Haldex\",\"datePublished\":\"2018-11-22T06:30:57+00:00\",\"mainEntityOfPage\":{\"@id\":\"https:\\\/\\\/www.krafthand.de\\\/truck\\\/artikel\\\/haldex-24466\\\/\"},\"wordCount\":99,\"image\":{\"@id\":\"https:\\\/\\\/www.krafthand.de\\\/truck\\\/artikel\\\/haldex-24466\\\/#primaryimage\"},\"thumbnailUrl\":\"https:\\\/\\\/static.krafthand-truck.de\\\/uploads\\\/2018\\\/11\\\/Truck_0418_021_Haldex.jpg\",\"keywords\":[\"Federspeicherbremszylinder\",\"Haldex\"],\"articleSection\":[\"Nfz-Branche\"],\"inLanguage\":\"de\"},{\"@type\":\"WebPage\",\"@id\":\"https:\\\/\\\/www.krafthand.de\\\/truck\\\/artikel\\\/haldex-24466\\\/\",\"url\":\"https:\\\/\\\/www.krafthand.de\\\/truck\\\/artikel\\\/haldex-24466\\\/\",\"name\":\"Haldex - Krafthand-Truck\",\"isPartOf\":{\"@id\":\"https:\\\/\\\/www.krafthand.de\\\/truck\\\/#website\"},\"primaryImageOfPage\":{\"@id\":\"https:\\\/\\\/www.krafthand.de\\\/truck\\\/artikel\\\/haldex-24466\\\/#primaryimage\"},\"image\":{\"@id\":\"https:\\\/\\\/www.krafthand.de\\\/truck\\\/artikel\\\/haldex-24466\\\/#primaryimage\"},\"thumbnailUrl\":\"https:\\\/\\\/static.krafthand-truck.de\\\/uploads\\\/2018\\\/11\\\/Truck_0418_021_Haldex.jpg\",\"datePublished\":\"2018-11-22T06:30:57+00:00\",\"author\":{\"@id\":\"https:\\\/\\\/www.krafthand.de\\\/truck\\\/#\\\/schema\\\/person\\\/25290391c443ebfc18583f19f72a0c26\"},\"breadcrumb\":{\"@id\":\"https:\\\/\\\/www.krafthand.de\\\/truck\\\/artikel\\\/haldex-24466\\\/#breadcrumb\"},\"inLanguage\":\"de\",\"potentialAction\":[{\"@type\":\"ReadAction\",\"target\":[\"https:\\\/\\\/www.krafthand.de\\\/truck\\\/artikel\\\/haldex-24466\\\/\"]}]},{\"@type\":\"ImageObject\",\"inLanguage\":\"de\",\"@id\":\"https:\\\/\\\/www.krafthand.de\\\/truck\\\/artikel\\\/haldex-24466\\\/#primaryimage\",\"url\":\"https:\\\/\\\/static.krafthand-truck.de\\\/uploads\\\/2018\\\/11\\\/Truck_0418_021_Haldex.jpg\",\"contentUrl\":\"https:\\\/\\\/static.krafthand-truck.de\\\/uploads\\\/2018\\\/11\\\/Truck_0418_021_Haldex.jpg\",\"width\":1000,\"height\":624,\"caption\":\"Haldex Federspeicherbremszylinder\"},{\"@type\":\"BreadcrumbList\",\"@id\":\"https:\\\/\\\/www.krafthand.de\\\/truck\\\/artikel\\\/haldex-24466\\\/#breadcrumb\",\"itemListElement\":[{\"@type\":\"ListItem\",\"position\":1,\"name\":\"Krafthand-Truck\",\"item\":\"https:\\\/\\\/www.krafthand.de\\\/truck\\\/\"},{\"@type\":\"ListItem\",\"position\":2,\"name\":\"Nfz-Branche\",\"item\":\"https:\\\/\\\/www.krafthand.de\\\/truck\\\/kategorie\\\/branche\\\/\"},{\"@type\":\"ListItem\",\"position\":3,\"name\":\"Haldex\"}]},{\"@type\":\"WebSite\",\"@id\":\"https:\\\/\\\/www.krafthand.de\\\/truck\\\/#website\",\"url\":\"https:\\\/\\\/www.krafthand.de\\\/truck\\\/\",\"name\":\"Krafthand-Truck\",\"description\":\"\",\"potentialAction\":[{\"@type\":\"SearchAction\",\"target\":{\"@type\":\"EntryPoint\",\"urlTemplate\":\"https:\\\/\\\/www.krafthand.de\\\/truck\\\/?s={search_term_string}\"},\"query-input\":{\"@type\":\"PropertyValueSpecification\",\"valueRequired\":true,\"valueName\":\"search_term_string\"}}],\"inLanguage\":\"de\"},{\"@type\":\"Person\",\"@id\":\"https:\\\/\\\/www.krafthand.de\\\/truck\\\/#\\\/schema\\\/person\\\/25290391c443ebfc18583f19f72a0c26\",\"name\":\"elisabeth.mair@krafthand.de\",\"image\":{\"@type\":\"ImageObject\",\"inLanguage\":\"de\",\"@id\":\"https:\\\/\\\/secure.gravatar.com\\\/avatar\\\/5f0e25e42e13f6e7631bd6597cd91b90228ead6b823ba81a6c8ee32fe135d72e?s=96&d=mm&r=g\",\"url\":\"https:\\\/\\\/secure.gravatar.com\\\/avatar\\\/5f0e25e42e13f6e7631bd6597cd91b90228ead6b823ba81a6c8ee32fe135d72e?s=96&d=mm&r=g\",\"contentUrl\":\"https:\\\/\\\/secure.gravatar.com\\\/avatar\\\/5f0e25e42e13f6e7631bd6597cd91b90228ead6b823ba81a6c8ee32fe135d72e?s=96&d=mm&r=g\",\"caption\":\"elisabeth.mair@krafthand.de\"}}]}<\/script>\n<!-- \/ Yoast SEO plugin. -->","yoast_head_json":{"title":"Haldex - Krafthand-Truck","robots":{"index":"index","follow":"follow","max-snippet":"max-snippet:-1","max-image-preview":"max-image-preview:large","max-video-preview":"max-video-preview:-1"},"canonical":"https:\/\/www.krafthand.de\/truck\/artikel\/haldex-24466\/","og_locale":"de_DE","og_type":"article","og_title":"Haldex - Krafthand-Truck","og_description":"Unter dem Leitmotiv \u201eA world of safer vehicles\u201d zeigte der schwedische\u00a0\u00a0 Bremssystemspezialist Haldex seine neuen Doppelmembran-Federspeicherbremszylinder \u201aLifeSeal+\u2018 (Bildmitte). Nach eigenem Bekunden wurden\u00a0 diese f\u00fcr die zuk\u00fcnftigen Anforderungen von Trailern entwickelt. Zu den\u00a0 charakteristischen Merkmalen geh\u00f6ren unter anderem ein vollst\u00e4ndig gekapseltes\u00a0 Geh\u00e4use sowie eine ber\u00fchrungsfreie Druckfeder. Au\u00dferdem sollen sie die Einbauzeit in der Produktion verk\u00fcrzen, da ... weiter","og_url":"https:\/\/www.krafthand-truck.de\/artikel\/haldex-24466\/","og_site_name":"Krafthand-Truck","article_published_time":"2018-11-22T06:30:57+00:00","og_image":[{"width":1000,"height":624,"url":"https:\/\/www.krafthand.de\/truck\/wp-content\/uploads\/2018\/11\/Truck_0418_021_Haldex.jpg","type":"image\/jpeg"}],"author":"elisabeth.mair@krafthand.de","twitter_card":"summary_large_image","twitter_misc":{"Verfasst von":"elisabeth.mair@krafthand.de"},"schema":{"@context":"https:\/\/schema.org","@graph":[{"@type":"Article","@id":"https:\/\/www.krafthand.de\/truck\/artikel\/haldex-24466\/#article","isPartOf":{"@id":"https:\/\/www.krafthand.de\/truck\/artikel\/haldex-24466\/"},"author":{"name":"elisabeth.mair@krafthand.de","@id":"https:\/\/www.krafthand.de\/truck\/#\/schema\/person\/25290391c443ebfc18583f19f72a0c26"},"headline":"Haldex","datePublished":"2018-11-22T06:30:57+00:00","mainEntityOfPage":{"@id":"https:\/\/www.krafthand.de\/truck\/artikel\/haldex-24466\/"},"wordCount":99,"image":{"@id":"https:\/\/www.krafthand.de\/truck\/artikel\/haldex-24466\/#primaryimage"},"thumbnailUrl":"https:\/\/static.krafthand-truck.de\/uploads\/2018\/11\/Truck_0418_021_Haldex.jpg","keywords":["Federspeicherbremszylinder","Haldex"],"articleSection":["Nfz-Branche"],"inLanguage":"de"},{"@type":"WebPage","@id":"https:\/\/www.krafthand.de\/truck\/artikel\/haldex-24466\/","url":"https:\/\/www.krafthand.de\/truck\/artikel\/haldex-24466\/","name":"Haldex - Krafthand-Truck","isPartOf":{"@id":"https:\/\/www.krafthand.de\/truck\/#website"},"primaryImageOfPage":{"@id":"https:\/\/www.krafthand.de\/truck\/artikel\/haldex-24466\/#primaryimage"},"image":{"@id":"https:\/\/www.krafthand.de\/truck\/artikel\/haldex-24466\/#primaryimage"},"thumbnailUrl":"https:\/\/static.krafthand-truck.de\/uploads\/2018\/11\/Truck_0418_021_Haldex.jpg","datePublished":"2018-11-22T06:30:57+00:00","author":{"@id":"https:\/\/www.krafthand.de\/truck\/#\/schema\/person\/25290391c443ebfc18583f19f72a0c26"},"breadcrumb":{"@id":"https:\/\/www.krafthand.de\/truck\/artikel\/haldex-24466\/#breadcrumb"},"inLanguage":"de","potentialAction":[{"@type":"ReadAction","target":["https:\/\/www.krafthand.de\/truck\/artikel\/haldex-24466\/"]}]},{"@type":"ImageObject","inLanguage":"de","@id":"https:\/\/www.krafthand.de\/truck\/artikel\/haldex-24466\/#primaryimage","url":"https:\/\/static.krafthand-truck.de\/uploads\/2018\/11\/Truck_0418_021_Haldex.jpg","contentUrl":"https:\/\/static.krafthand-truck.de\/uploads\/2018\/11\/Truck_0418_021_Haldex.jpg","width":1000,"height":624,"caption":"Haldex Federspeicherbremszylinder"},{"@type":"BreadcrumbList","@id":"https:\/\/www.krafthand.de\/truck\/artikel\/haldex-24466\/#breadcrumb","itemListElement":[{"@type":"ListItem","position":1,"name":"Krafthand-Truck","item":"https:\/\/www.krafthand.de\/truck\/"},{"@type":"ListItem","position":2,"name":"Nfz-Branche","item":"https:\/\/www.krafthand.de\/truck\/kategorie\/branche\/"},{"@type":"ListItem","position":3,"name":"Haldex"}]},{"@type":"WebSite","@id":"https:\/\/www.krafthand.de\/truck\/#website","url":"https:\/\/www.krafthand.de\/truck\/","name":"Krafthand-Truck","description":"","potentialAction":[{"@type":"SearchAction","target":{"@type":"EntryPoint","urlTemplate":"https:\/\/www.krafthand.de\/truck\/?s={search_term_string}"},"query-input":{"@type":"PropertyValueSpecification","valueRequired":true,"valueName":"search_term_string"}}],"inLanguage":"de"},{"@type":"Person","@id":"https:\/\/www.krafthand.de\/truck\/#\/schema\/person\/25290391c443ebfc18583f19f72a0c26","name":"elisabeth.mair@krafthand.de","image":{"@type":"ImageObject","inLanguage":"de","@id":"https:\/\/secure.gravatar.com\/avatar\/5f0e25e42e13f6e7631bd6597cd91b90228ead6b823ba81a6c8ee32fe135d72e?s=96&d=mm&r=g","url":"https:\/\/secure.gravatar.com\/avatar\/5f0e25e42e13f6e7631bd6597cd91b90228ead6b823ba81a6c8ee32fe135d72e?s=96&d=mm&r=g","contentUrl":"https:\/\/secure.gravatar.com\/avatar\/5f0e25e42e13f6e7631bd6597cd91b90228ead6b823ba81a6c8ee32fe135d72e?s=96&d=mm&r=g","caption":"elisabeth.mair@krafthand.de"}}]}},"_links":{"self":[{"href":"https:\/\/www.krafthand.de\/truck\/wp-json\/wp\/v2\/posts\/24466","targetHints":{"allow":["GET"]}}],"collection":[{"href":"https:\/\/www.krafthand.de\/truck\/wp-json\/wp\/v2\/posts"}],"about":[{"href":"https:\/\/www.krafthand.de\/truck\/wp-json\/wp\/v2\/types\/post"}],"author":[{"embeddable":true,"href":"https:\/\/www.krafthand.de\/truck\/wp-json\/wp\/v2\/users\/6"}],"replies":[{"embeddable":true,"href":"https:\/\/www.krafthand.de\/truck\/wp-json\/wp\/v2\/comments?post=24466"}],"version-history":[{"count":1,"href":"https:\/\/www.krafthand.de\/truck\/wp-json\/wp\/v2\/posts\/24466\/revisions"}],"predecessor-version":[{"id":24467,"href":"https:\/\/www.krafthand.de\/truck\/wp-json\/wp\/v2\/posts\/24466\/revisions\/24467"}],"wp:featuredmedia":[{"embeddable":true,"href":"https:\/\/www.krafthand.de\/truck\/wp-json\/wp\/v2\/media\/24422"}],"wp:attachment":[{"href":"https:\/\/www.krafthand.de\/truck\/wp-json\/wp\/v2\/media?parent=24466"}],"wp:term":[{"taxonomy":"category","embeddable":true,"href":"https:\/\/www.krafthand.de\/truck\/wp-json\/wp\/v2\/categories?post=24466"},{"taxonomy":"post_tag","embeddable":true,"href":"https:\/\/www.krafthand.de\/truck\/wp-json\/wp\/v2\/tags?post=24466"},{"taxonomy":"settings","embeddable":true,"href":"https:\/\/www.krafthand.de\/truck\/wp-json\/wp\/v2\/settings?post=24466"}],"curies":[{"name":"wp","href":"https:\/\/api.w.org\/{rel}","templated":true}]}}