{"id":24406,"date":"2018-11-22T07:30:50","date_gmt":"2018-11-22T06:30:50","guid":{"rendered":"https:\/\/www.krafthand.de\/truck\/?p=24406"},"modified":"2018-11-22T09:06:01","modified_gmt":"2018-11-22T08:06:01","slug":"messe-manie","status":"publish","type":"post","link":"https:\/\/www.krafthand.de\/truck\/artikel\/messe-manie-24406\/","title":{"rendered":"Messe-Manie"},"content":{"rendered":"<p class=\"text-colored\"> Mit der Automechanika und der IAA Nutzfahrzeuge buhlten im September\u00a0 gleich zwei internationale Branchenleitmessen um die Gunst von Nutzfahrzeugfachleuten aus aller Welt. Nat\u00fcrlich war auch KRAFTHAND-Truck in den\u00a0 Messehallen unterwegs. F\u00fcr alle, die nicht pers\u00f6nlich dabei sein konnten, zeigen wir\u00a0 eine kompakte Auswahl interessanter Produkte und L\u00f6sungen in unserem Messer\u00fcckblick. <\/p>\n<p>Am 15. September 2018 um 18:00 Uhr stand fest: Die Jubil\u00e4ums-Automechanika \u2013 die\u00a0 f\u00fcnfundzwanzigste in ihrer 47-j\u00e4hrigen Geschichte \u2013 kann nach f\u00fcnf Messetagen (von 11. bis 15. September 2018) mit Superlativen von sich reden machen. Etwa mit einem neuen Besucherrekord: Insgesamt kamen nach Veranstalterangaben mehr als 136.000 Fachbesucher nach Frankfurt \u2013 diesmal sogar aus 181 L\u00e4ndern (2016 waren es 132.000 aus 169 L\u00e4ndern), wobei rund 10.000 davon zum ersten Mal die Messehallen der Mainmetropole besucht haben. Oder mit einer Aussteller- Rekordbeteiligung: Messe-Chef Detlef Braun z\u00e4hlte mehr als 5.000 Unternehmen, die ihre Produkte und L\u00f6sungen f\u00fcr Kfz-Profis zeigten (2016 waren es \u201anur\u2018 4.843). Demnach zufolge betrug die Gesamtausstellungsfl\u00e4che diesmal beachtliche 315.000\u00a0 Quadratmeter. \u201eIn den 23 Hallenebenen und auf dem Freigela\u0308nde hat es also richtig\u00a0 gebrummt\u201c, freut sich Braun. Die n\u00e4chste Automechanika soll vom 8. bis 12.\u00a0 September 2020 stattfinden.<\/p>\n<p>Nur f\u00fcnf Tage sp\u00e4ter lockte die 67. IAA Nutzfahrzeuge in\u00a0 Hannover unter dem Motto \u201aDriving tomorrow\u2018 die Fachbesucher an. Und auch diese Messe kann dem Schlussbericht des Veranstalters nach mit Superlativen\u00a0 aufwarten: Laut VDA wurde mit 2.174 Ausstellern aus 48 L\u00e4ndern und mit 435\u00a0 Weltpremieren (was einem Plus 31 Prozent entspricht) das ohnehin schon hohe\u00a0 Niveau von 2016 nochmals getoppt. Und mit 282.000 Quadratmetern Ausstellungsfl\u00e4che habe man auch hier eine neue Bestmarke gesetzt. Auch die \u00fcber\u00a0 250.000 gez\u00e4hlten Besucher wertet der Veranstalter als \u201esehr erfreulich\u201c. VDA-Pr\u00e4sident Bernhard Mattes zufolge lautet die zentrale Botschaft dieser IAA: \u201eDie\u00a0 Elektromobilit\u00e4t kommt jetzt auf die Stra\u00dfe, die Modelle gehen in Serie! Vor allem gilt das f\u00fcr den E-Transporter und zunehmend auch f\u00fcr Stadtbusse \u2013 und\u00a0 auch der mittelschwere Verteiler- Lkw wird elektrifiziert.\u201c Die 68. IAA Nutzfahrzeuge ist\u00a0 von 24. September bis 1. Oktober 2020 geplant.<\/p>\n<figure id=\"attachment_24437\" aria-describedby=\"caption-attachment-24437\" style=\"width: 1000px\" class=\"wp-caption alignnone\"><img fetchpriority=\"high\" decoding=\"async\" class=\"size-full wp-image-24437\" src=\"https:\/\/www.krafthand.de\/truck\/wp-content\/uploads\/2018\/11\/Seite_46_Aufmacher.jpg\" alt=\"IAA Nutzfahrzeuge\" width=\"1000\" height=\"740\" srcset=\"https:\/\/static.krafthand-truck.de\/uploads\/2018\/11\/Seite_46_Aufmacher.jpg 1000w, https:\/\/static.krafthand-truck.de\/uploads\/2018\/11\/Seite_46_Aufmacher-300x222.jpg 300w, https:\/\/static.krafthand-truck.de\/uploads\/2018\/11\/Seite_46_Aufmacher-768x568.jpg 768w\" sizes=\"(max-width: 1000px) 100vw, 1000px\" \/><figcaption id=\"caption-attachment-24437\" class=\"wp-caption-text\">\u00dcber 250.000 Besucher liefen \u00fcber die 67. IAA Nutzfahrzeuge, um sich die 435 Weltpremieren der 2.174 Ausstellern aus 48 L\u00e4ndern anzusehen. Laut Veranstalter ein neuer Besucherrekord.<\/figcaption><\/figure>\n<p><i>Den Beitrag finden Sie auch in der Print-Ausgabe 4\/18 der <a href=\"https:\/\/www.krafthand.de\/truck\/magazin\/\" title=\"Zum Magazin\">Krafthand-Truck<\/a>.<\/i><\/p>","protected":false},"excerpt":{"rendered":"<p>Impressionen von Automechanika und IAA Nutzfahrzeuge <span class=\"excerpt-more__dots\">&#8230;<\/span> <a class=\"excerpt-more__link\" href=\"https:\/\/www.krafthand.de\/truck\/artikel\/messe-manie-24406\/\" >weiter<\/a><\/p>\n","protected":false},"author":6,"featured_media":24438,"comment_status":"closed","ping_status":"closed","sticky":false,"template":"","format":"standard","meta":{"footnotes":""},"categories":[5],"tags":[1346,1104],"settings":[3523],"class_list":["post-24406","post","type-post","status-publish","format-standard","has-post-thumbnail","hentry","category-branche","tag-automechanika","tag-truck-competence"],"yoast_head":"<!-- This site is optimized with the Yoast SEO plugin v27.3 - https:\/\/yoast.com\/product\/yoast-seo-wordpress\/ -->\n<title>Messe-Manie - Krafthand-Truck<\/title>\n<meta name=\"robots\" content=\"index, follow, max-snippet:-1, max-image-preview:large, max-video-preview:-1\" \/>\n<link rel=\"canonical\" href=\"https:\/\/www.krafthand.de\/truck\/artikel\/messe-manie-24406\/\" \/>\n<meta property=\"og:locale\" content=\"de_DE\" \/>\n<meta property=\"og:type\" content=\"article\" \/>\n<meta property=\"og:title\" content=\"Messe-Manie - Krafthand-Truck\" \/>\n<meta property=\"og:description\" content=\"Impressionen von Automechanika und IAA Nutzfahrzeuge ... weiter\" \/>\n<meta property=\"og:url\" content=\"https:\/\/www.krafthand-truck.de\/artikel\/messe-manie-24406\/\" \/>\n<meta property=\"og:site_name\" content=\"Krafthand-Truck\" \/>\n<meta property=\"article:published_time\" content=\"2018-11-22T06:30:50+00:00\" \/>\n<meta property=\"article:modified_time\" content=\"2018-11-22T08:06:01+00:00\" \/>\n<meta property=\"og:image\" content=\"https:\/\/www.krafthand.de\/truck\/wp-content\/uploads\/2018\/11\/Seite_40_Aufmacher.jpg\" \/>\n\t<meta property=\"og:image:width\" content=\"1000\" \/>\n\t<meta property=\"og:image:height\" content=\"882\" \/>\n\t<meta property=\"og:image:type\" content=\"image\/jpeg\" \/>\n<meta name=\"author\" content=\"elisabeth.mair@krafthand.de\" \/>\n<meta name=\"twitter:card\" content=\"summary_large_image\" \/>\n<meta name=\"twitter:label1\" content=\"Verfasst von\" \/>\n\t<meta name=\"twitter:data1\" content=\"elisabeth.mair@krafthand.de\" \/>\n\t<meta name=\"twitter:label2\" content=\"Gesch\u00e4tzte Lesezeit\" \/>\n\t<meta name=\"twitter:data2\" content=\"2\u00a0Minuten\" \/>\n<script type=\"application\/ld+json\" class=\"yoast-schema-graph\">{\"@context\":\"https:\\\/\\\/schema.org\",\"@graph\":[{\"@type\":\"Article\",\"@id\":\"https:\\\/\\\/www.krafthand.de\\\/truck\\\/artikel\\\/messe-manie-24406\\\/#article\",\"isPartOf\":{\"@id\":\"https:\\\/\\\/www.krafthand.de\\\/truck\\\/artikel\\\/messe-manie-24406\\\/\"},\"author\":{\"name\":\"elisabeth.mair@krafthand.de\",\"@id\":\"https:\\\/\\\/www.krafthand.de\\\/truck\\\/#\\\/schema\\\/person\\\/25290391c443ebfc18583f19f72a0c26\"},\"headline\":\"Messe-Manie\",\"datePublished\":\"2018-11-22T06:30:50+00:00\",\"dateModified\":\"2018-11-22T08:06:01+00:00\",\"mainEntityOfPage\":{\"@id\":\"https:\\\/\\\/www.krafthand.de\\\/truck\\\/artikel\\\/messe-manie-24406\\\/\"},\"wordCount\":352,\"image\":{\"@id\":\"https:\\\/\\\/www.krafthand.de\\\/truck\\\/artikel\\\/messe-manie-24406\\\/#primaryimage\"},\"thumbnailUrl\":\"https:\\\/\\\/static.krafthand-truck.de\\\/uploads\\\/2018\\\/11\\\/Seite_40_Aufmacher.jpg\",\"keywords\":[\"Automechanika\",\"Truck Competence\"],\"articleSection\":[\"Nfz-Branche\"],\"inLanguage\":\"de\"},{\"@type\":\"WebPage\",\"@id\":\"https:\\\/\\\/www.krafthand.de\\\/truck\\\/artikel\\\/messe-manie-24406\\\/\",\"url\":\"https:\\\/\\\/www.krafthand.de\\\/truck\\\/artikel\\\/messe-manie-24406\\\/\",\"name\":\"Messe-Manie - Krafthand-Truck\",\"isPartOf\":{\"@id\":\"https:\\\/\\\/www.krafthand.de\\\/truck\\\/#website\"},\"primaryImageOfPage\":{\"@id\":\"https:\\\/\\\/www.krafthand.de\\\/truck\\\/artikel\\\/messe-manie-24406\\\/#primaryimage\"},\"image\":{\"@id\":\"https:\\\/\\\/www.krafthand.de\\\/truck\\\/artikel\\\/messe-manie-24406\\\/#primaryimage\"},\"thumbnailUrl\":\"https:\\\/\\\/static.krafthand-truck.de\\\/uploads\\\/2018\\\/11\\\/Seite_40_Aufmacher.jpg\",\"datePublished\":\"2018-11-22T06:30:50+00:00\",\"dateModified\":\"2018-11-22T08:06:01+00:00\",\"author\":{\"@id\":\"https:\\\/\\\/www.krafthand.de\\\/truck\\\/#\\\/schema\\\/person\\\/25290391c443ebfc18583f19f72a0c26\"},\"breadcrumb\":{\"@id\":\"https:\\\/\\\/www.krafthand.de\\\/truck\\\/artikel\\\/messe-manie-24406\\\/#breadcrumb\"},\"inLanguage\":\"de\",\"potentialAction\":[{\"@type\":\"ReadAction\",\"target\":[\"https:\\\/\\\/www.krafthand.de\\\/truck\\\/artikel\\\/messe-manie-24406\\\/\"]}]},{\"@type\":\"ImageObject\",\"inLanguage\":\"de\",\"@id\":\"https:\\\/\\\/www.krafthand.de\\\/truck\\\/artikel\\\/messe-manie-24406\\\/#primaryimage\",\"url\":\"https:\\\/\\\/static.krafthand-truck.de\\\/uploads\\\/2018\\\/11\\\/Seite_40_Aufmacher.jpg\",\"contentUrl\":\"https:\\\/\\\/static.krafthand-truck.de\\\/uploads\\\/2018\\\/11\\\/Seite_40_Aufmacher.jpg\",\"width\":1000,\"height\":882,\"caption\":\"25. Automechanika Frankfurt\"},{\"@type\":\"BreadcrumbList\",\"@id\":\"https:\\\/\\\/www.krafthand.de\\\/truck\\\/artikel\\\/messe-manie-24406\\\/#breadcrumb\",\"itemListElement\":[{\"@type\":\"ListItem\",\"position\":1,\"name\":\"Krafthand-Truck\",\"item\":\"https:\\\/\\\/www.krafthand.de\\\/truck\\\/\"},{\"@type\":\"ListItem\",\"position\":2,\"name\":\"Nfz-Branche\",\"item\":\"https:\\\/\\\/www.krafthand.de\\\/truck\\\/kategorie\\\/branche\\\/\"},{\"@type\":\"ListItem\",\"position\":3,\"name\":\"Messe-Manie\"}]},{\"@type\":\"WebSite\",\"@id\":\"https:\\\/\\\/www.krafthand.de\\\/truck\\\/#website\",\"url\":\"https:\\\/\\\/www.krafthand.de\\\/truck\\\/\",\"name\":\"Krafthand-Truck\",\"description\":\"\",\"potentialAction\":[{\"@type\":\"SearchAction\",\"target\":{\"@type\":\"EntryPoint\",\"urlTemplate\":\"https:\\\/\\\/www.krafthand.de\\\/truck\\\/?s={search_term_string}\"},\"query-input\":{\"@type\":\"PropertyValueSpecification\",\"valueRequired\":true,\"valueName\":\"search_term_string\"}}],\"inLanguage\":\"de\"},{\"@type\":\"Person\",\"@id\":\"https:\\\/\\\/www.krafthand.de\\\/truck\\\/#\\\/schema\\\/person\\\/25290391c443ebfc18583f19f72a0c26\",\"name\":\"elisabeth.mair@krafthand.de\",\"image\":{\"@type\":\"ImageObject\",\"inLanguage\":\"de\",\"@id\":\"https:\\\/\\\/secure.gravatar.com\\\/avatar\\\/5f0e25e42e13f6e7631bd6597cd91b90228ead6b823ba81a6c8ee32fe135d72e?s=96&d=mm&r=g\",\"url\":\"https:\\\/\\\/secure.gravatar.com\\\/avatar\\\/5f0e25e42e13f6e7631bd6597cd91b90228ead6b823ba81a6c8ee32fe135d72e?s=96&d=mm&r=g\",\"contentUrl\":\"https:\\\/\\\/secure.gravatar.com\\\/avatar\\\/5f0e25e42e13f6e7631bd6597cd91b90228ead6b823ba81a6c8ee32fe135d72e?s=96&d=mm&r=g\",\"caption\":\"elisabeth.mair@krafthand.de\"}}]}<\/script>\n<!-- \/ Yoast SEO plugin. -->","yoast_head_json":{"title":"Messe-Manie - Krafthand-Truck","robots":{"index":"index","follow":"follow","max-snippet":"max-snippet:-1","max-image-preview":"max-image-preview:large","max-video-preview":"max-video-preview:-1"},"canonical":"https:\/\/www.krafthand.de\/truck\/artikel\/messe-manie-24406\/","og_locale":"de_DE","og_type":"article","og_title":"Messe-Manie - Krafthand-Truck","og_description":"Impressionen von Automechanika und IAA Nutzfahrzeuge ... weiter","og_url":"https:\/\/www.krafthand-truck.de\/artikel\/messe-manie-24406\/","og_site_name":"Krafthand-Truck","article_published_time":"2018-11-22T06:30:50+00:00","article_modified_time":"2018-11-22T08:06:01+00:00","og_image":[{"width":1000,"height":882,"url":"https:\/\/www.krafthand.de\/truck\/wp-content\/uploads\/2018\/11\/Seite_40_Aufmacher.jpg","type":"image\/jpeg"}],"author":"elisabeth.mair@krafthand.de","twitter_card":"summary_large_image","twitter_misc":{"Verfasst von":"elisabeth.mair@krafthand.de","Gesch\u00e4tzte Lesezeit":"2\u00a0Minuten"},"schema":{"@context":"https:\/\/schema.org","@graph":[{"@type":"Article","@id":"https:\/\/www.krafthand.de\/truck\/artikel\/messe-manie-24406\/#article","isPartOf":{"@id":"https:\/\/www.krafthand.de\/truck\/artikel\/messe-manie-24406\/"},"author":{"name":"elisabeth.mair@krafthand.de","@id":"https:\/\/www.krafthand.de\/truck\/#\/schema\/person\/25290391c443ebfc18583f19f72a0c26"},"headline":"Messe-Manie","datePublished":"2018-11-22T06:30:50+00:00","dateModified":"2018-11-22T08:06:01+00:00","mainEntityOfPage":{"@id":"https:\/\/www.krafthand.de\/truck\/artikel\/messe-manie-24406\/"},"wordCount":352,"image":{"@id":"https:\/\/www.krafthand.de\/truck\/artikel\/messe-manie-24406\/#primaryimage"},"thumbnailUrl":"https:\/\/static.krafthand-truck.de\/uploads\/2018\/11\/Seite_40_Aufmacher.jpg","keywords":["Automechanika","Truck Competence"],"articleSection":["Nfz-Branche"],"inLanguage":"de"},{"@type":"WebPage","@id":"https:\/\/www.krafthand.de\/truck\/artikel\/messe-manie-24406\/","url":"https:\/\/www.krafthand.de\/truck\/artikel\/messe-manie-24406\/","name":"Messe-Manie - Krafthand-Truck","isPartOf":{"@id":"https:\/\/www.krafthand.de\/truck\/#website"},"primaryImageOfPage":{"@id":"https:\/\/www.krafthand.de\/truck\/artikel\/messe-manie-24406\/#primaryimage"},"image":{"@id":"https:\/\/www.krafthand.de\/truck\/artikel\/messe-manie-24406\/#primaryimage"},"thumbnailUrl":"https:\/\/static.krafthand-truck.de\/uploads\/2018\/11\/Seite_40_Aufmacher.jpg","datePublished":"2018-11-22T06:30:50+00:00","dateModified":"2018-11-22T08:06:01+00:00","author":{"@id":"https:\/\/www.krafthand.de\/truck\/#\/schema\/person\/25290391c443ebfc18583f19f72a0c26"},"breadcrumb":{"@id":"https:\/\/www.krafthand.de\/truck\/artikel\/messe-manie-24406\/#breadcrumb"},"inLanguage":"de","potentialAction":[{"@type":"ReadAction","target":["https:\/\/www.krafthand.de\/truck\/artikel\/messe-manie-24406\/"]}]},{"@type":"ImageObject","inLanguage":"de","@id":"https:\/\/www.krafthand.de\/truck\/artikel\/messe-manie-24406\/#primaryimage","url":"https:\/\/static.krafthand-truck.de\/uploads\/2018\/11\/Seite_40_Aufmacher.jpg","contentUrl":"https:\/\/static.krafthand-truck.de\/uploads\/2018\/11\/Seite_40_Aufmacher.jpg","width":1000,"height":882,"caption":"25. Automechanika Frankfurt"},{"@type":"BreadcrumbList","@id":"https:\/\/www.krafthand.de\/truck\/artikel\/messe-manie-24406\/#breadcrumb","itemListElement":[{"@type":"ListItem","position":1,"name":"Krafthand-Truck","item":"https:\/\/www.krafthand.de\/truck\/"},{"@type":"ListItem","position":2,"name":"Nfz-Branche","item":"https:\/\/www.krafthand.de\/truck\/kategorie\/branche\/"},{"@type":"ListItem","position":3,"name":"Messe-Manie"}]},{"@type":"WebSite","@id":"https:\/\/www.krafthand.de\/truck\/#website","url":"https:\/\/www.krafthand.de\/truck\/","name":"Krafthand-Truck","description":"","potentialAction":[{"@type":"SearchAction","target":{"@type":"EntryPoint","urlTemplate":"https:\/\/www.krafthand.de\/truck\/?s={search_term_string}"},"query-input":{"@type":"PropertyValueSpecification","valueRequired":true,"valueName":"search_term_string"}}],"inLanguage":"de"},{"@type":"Person","@id":"https:\/\/www.krafthand.de\/truck\/#\/schema\/person\/25290391c443ebfc18583f19f72a0c26","name":"elisabeth.mair@krafthand.de","image":{"@type":"ImageObject","inLanguage":"de","@id":"https:\/\/secure.gravatar.com\/avatar\/5f0e25e42e13f6e7631bd6597cd91b90228ead6b823ba81a6c8ee32fe135d72e?s=96&d=mm&r=g","url":"https:\/\/secure.gravatar.com\/avatar\/5f0e25e42e13f6e7631bd6597cd91b90228ead6b823ba81a6c8ee32fe135d72e?s=96&d=mm&r=g","contentUrl":"https:\/\/secure.gravatar.com\/avatar\/5f0e25e42e13f6e7631bd6597cd91b90228ead6b823ba81a6c8ee32fe135d72e?s=96&d=mm&r=g","caption":"elisabeth.mair@krafthand.de"}}]}},"_links":{"self":[{"href":"https:\/\/www.krafthand.de\/truck\/wp-json\/wp\/v2\/posts\/24406","targetHints":{"allow":["GET"]}}],"collection":[{"href":"https:\/\/www.krafthand.de\/truck\/wp-json\/wp\/v2\/posts"}],"about":[{"href":"https:\/\/www.krafthand.de\/truck\/wp-json\/wp\/v2\/types\/post"}],"author":[{"embeddable":true,"href":"https:\/\/www.krafthand.de\/truck\/wp-json\/wp\/v2\/users\/6"}],"replies":[{"embeddable":true,"href":"https:\/\/www.krafthand.de\/truck\/wp-json\/wp\/v2\/comments?post=24406"}],"version-history":[{"count":4,"href":"https:\/\/www.krafthand.de\/truck\/wp-json\/wp\/v2\/posts\/24406\/revisions"}],"predecessor-version":[{"id":24439,"href":"https:\/\/www.krafthand.de\/truck\/wp-json\/wp\/v2\/posts\/24406\/revisions\/24439"}],"wp:featuredmedia":[{"embeddable":true,"href":"https:\/\/www.krafthand.de\/truck\/wp-json\/wp\/v2\/media\/24438"}],"wp:attachment":[{"href":"https:\/\/www.krafthand.de\/truck\/wp-json\/wp\/v2\/media?parent=24406"}],"wp:term":[{"taxonomy":"category","embeddable":true,"href":"https:\/\/www.krafthand.de\/truck\/wp-json\/wp\/v2\/categories?post=24406"},{"taxonomy":"post_tag","embeddable":true,"href":"https:\/\/www.krafthand.de\/truck\/wp-json\/wp\/v2\/tags?post=24406"},{"taxonomy":"settings","embeddable":true,"href":"https:\/\/www.krafthand.de\/truck\/wp-json\/wp\/v2\/settings?post=24406"}],"curies":[{"name":"wp","href":"https:\/\/api.w.org\/{rel}","templated":true}]}}