{"id":24396,"date":"2018-11-26T07:30:57","date_gmt":"2018-11-26T06:30:57","guid":{"rendered":"https:\/\/www.krafthand.de\/truck\/?p=24396"},"modified":"2021-09-15T16:09:29","modified_gmt":"2021-09-15T14:09:29","slug":"von-praktikern-fuer-praktiker","status":"publish","type":"post","link":"https:\/\/www.krafthand.de\/truck\/artikel\/von-praktikern-fuer-praktiker-24396\/","title":{"rendered":"Von Praktikern f\u00fcr Praktiker"},"content":{"rendered":"<p class=\"text-colored\"> Aktuelle Praxisthemen f\u00fcr Nutzfahrzeug-Profis geh\u00f6ren zu den Kernkompetenzen der KRAFTHAND- Truck. Deshalb gab es in diesem Jahr auf der\u00a0 Automechanika im Rahmen der \u201aTruck Competence\u201c erstmals einen von\u00a0 KRAFTHAND-Truck unterst\u00fctzten Weiterbildungs-Workshop\u00a0 speziell f\u00fcr\u00a0 Nutzfahrzeug-Werkst\u00e4tten. Das Thema des vielbeachteten Workshops: \u201aRadar- und\u00a0 kamerabasierte Fahrerassistenzsysteme in der Werkstattpraxis\u2018. <\/p>\n<p>Bei modernen Lkw und Bussen erh\u00f6hen zahlreiche elektronische Fahrerassistenzsysteme (FAS) die Sicherheit im Stra\u00dfenverkehr. Intelligente Systeme\u00a0 mit Radarsensoren und\/oder Multifunktionskameras, beispielsweise ACC\u00a0 (Abstandsregeltempomat \u201aAdaptive Cruise Control\u2019), LDW (Spurhalteassistent \u201aLane\u00a0 Departure Warning\u2019) und der Notbremsassistent EBA (Emergency Brake Assist)\u00a0 k\u00fcmmern sich darum, dass die Fahrer mit ihren tonnenschweren Fahrzeugen sicher\u00a0 unterwegs sind. \u00dcberdies entlasten diese FAS den Fahrer in brenzligen Situationen\u00a0 und helfen ihm dabei, Unf\u00e4lle zu vermeiden. Viele dieser intelligenten Sicherheitssysteme sind schon l\u00e4nger am Markt, einige davon sind mittlerweile sogar EU-weit gesetzlich vorgeschrieben.<\/p>\n<p>&nbsp;<\/p>\n<h3>Bewusstsein sch\u00e4rfen<\/h3>\n<p>Aufgrund der steigenden Ausstattungsquote an FAS kommt der Nutzfahrzeug- Fachmann in seinem Werkstattalltag zwangsl\u00e4ufig immer \u00f6fter mit diesen komplexen Systemen in Kontakt \u2013 selbst dann, wenn er gerade nicht direkt daran arbeiten muss. Doch vielen, selbst langj\u00e4hrigen Werkstattfachleuten ist diese Reichweite (noch) nicht bewusst. Das haben auch die Gespr\u00e4che der KRAFTHAND-Truck-Redaktion mit den Teilnehmern am Rande der Workshops offenbart. So m\u00fcssen beispielsweise nach<br \/>\neiner Unfallinstandsetzung, nach gr\u00f6\u00dferen Fahrwerksreparaturen oder \u00c4nderungen<br \/>\ndes Fahrzeug-Niveaus, aber auch nach dem Austausch der Windschutzscheibe sowie zahlreichen anderen Reparaturen die Systeme gepr\u00fcft und gegebenenfalls deren Radarsensoren und Frontkameras neu justiert und kalibriert werden. Hierzu ist sowohl spezielles Know-how als auch spezielles Equipment erforderlich. Was man grunds\u00e4tzlich \u00fcber solche Assistenzsysteme, deren Aufbau und Funktion sowie\u00a0 St\u00f6rm\u00f6glichkeiten wissen sollte und wie man \u201aim Fall der F\u00e4lle\u2018 mit den Kalibriertools\u00a0 umgeht, das z\u00e4hle zu den Kerninhalten der Workshops, die der versierte Nutzfahrzeug- Trainer Hendrik Harenbrock vom HBZ M\u00fcnster den wissbegierigen\u00a0 Teilnehmern des rund zweist\u00fcndigen, kostenlosen Workshops\u00a0 hersteller\u00fcbergreifend vermittelte. Und Harenbrock verga\u00df dabei auch nicht,\u00a0 eindringlich darauf hinzuweisen, in welcher gro\u00dfen Verantwortung die Werkstatt bei\u00a0 diesem Thema steht und mit welchen Konsequenzen im Extremfall eventuell zu\u00a0 rechnen ist.<\/p>\n<h3>Fortsetzung geplant<\/h3>\n<p>Flankierend zum Automechanika-Jubil\u00e4um \u2013 die internationale Leitmesse der Kfz-Branche \u00f6ffnete von 11. bis 15. September 2018 mittlerweile zum 25. Mal ihre\u00a0 Pforten \u2013 fanden die KRAFTHAND- Truck-Workshops t\u00e4glich von 10:00 bis 12:00 Uhr\u00a0 in einem eigens aufgebauten \u201aWerkstatt-Zelt\u2018 auf dem Freigel\u00e4nde F11 hinter den\u00a0 Werkstattausr\u00fcster-Hallen 8 und 9 statt. Alleine schon die vom Truckvermieter BFS\u00a0\u00a0 stammende, metallicblaue Sattelzugmaschine vom Typ \u201aMAN TGX 18.640\u2018 lockte\u00a0 immer wieder neugierige Messebesucher ins Zelt. Und auch das freundlicherweise\u00a0 zur Verf\u00fcgung gestellte Equipment, ein \u201aAxone Nemo\u2018-Testger\u00e4t mit aktueller IDC-5 Truck-Software von Texa Deutschland und das optische Einstellsystem \u201aSAD500\u2018 von Haweka, erwies sich als Besuchermagnet.<\/p>\n<p>&nbsp;<\/p>\n<p>Fachbesucher, die sich erst im Zelt daf\u00fcr entschieden, mehr erfahren zu wollen, konnten sich bei den freundlichen Hostessen am Counter im Werkstatt-Zelt auch kurzfristig noch zum Workshop anmelden. Ansonsten lief die Anmeldung zu der\u00a0 kostenlosen \u201aTruck Competence\u2018-Veranstaltung analog den seit 2012 angebotenen Pkw-Workshops im Vorfeld der Messe online \u00fcber Automechanika-Homepage. Apropos Anmeldung: Aufgrund des beachtenswerten Interesses der Automechanika- Fachbesucher an dem \u201aTruck Competence\u2018-Premieren-Workshop und den durchweg\u00a0 positiven R\u00fcckmeldungen der Teilnehmer ist eine Fortf\u00fchrung der KRAFTHAND- Truck-Weiterbildungsworkshops auf der 26. Automechanika (von 8. bis 12.\u00a0 September 2020) so gut wie sicher. Wir empfehlen, sich fr\u00fchzeitig anzumelden.<\/p>\n<p><i>Den Beitrag finden Sie auch in der Print-Ausgabe 4\/18 der <a href=\"https:\/\/www.krafthand.de\/truck\/magazin\/\" title=\"Zum Magazin\">Krafthand-Truck<\/a>.<\/i><\/p>","protected":false},"excerpt":{"rendered":"<p>Vielbeachtete KRAFTHAND-Truck-Praxisworkshops auf der Jubil\u00e4ums- Automechanika.  <span class=\"excerpt-more__dots\">&#8230;<\/span> <a class=\"excerpt-more__link\" href=\"https:\/\/www.krafthand.de\/truck\/artikel\/von-praktikern-fuer-praktiker-24396\/\" >weiter<\/a><\/p>\n","protected":false},"author":6,"featured_media":24397,"comment_status":"closed","ping_status":"closed","sticky":false,"template":"","format":"standard","meta":{"footnotes":""},"categories":[4225,4216,4218],"tags":[4769,1346,3739,316,3741,3740,3738,1593,1104],"settings":[3523],"class_list":["post-24396","post","type-post","status-publish","format-standard","has-post-thumbnail","hentry","category-ssistenzsysteme","category-nfz-service","category-werkstattpraxis","tag-adas","tag-automechanika","tag-farerassistenzsysteme","tag-haweka","tag-hbz","tag-kamerabasierte-fahrerassistenzsysteme","tag-radar-fahrerasisstenzsyteme","tag-texa","tag-truck-competence"],"yoast_head":"<!-- This site is optimized with the Yoast SEO plugin v27.3 - https:\/\/yoast.com\/product\/yoast-seo-wordpress\/ -->\n<title>Von Praktikern f\u00fcr Praktiker - Krafthand-Truck<\/title>\n<meta name=\"robots\" content=\"index, follow, max-snippet:-1, max-image-preview:large, max-video-preview:-1\" \/>\n<link rel=\"canonical\" href=\"https:\/\/www.krafthand.de\/truck\/artikel\/von-praktikern-fuer-praktiker-24396\/\" \/>\n<meta property=\"og:locale\" content=\"de_DE\" \/>\n<meta property=\"og:type\" content=\"article\" \/>\n<meta property=\"og:title\" content=\"Von Praktikern f\u00fcr Praktiker - Krafthand-Truck\" \/>\n<meta property=\"og:description\" content=\"Vielbeachtete KRAFTHAND-Truck-Praxisworkshops auf der Jubil\u00e4ums- Automechanika. ... weiter\" \/>\n<meta property=\"og:url\" content=\"https:\/\/www.krafthand-truck.de\/artikel\/von-praktikern-fuer-praktiker-24396\/\" \/>\n<meta property=\"og:site_name\" content=\"Krafthand-Truck\" \/>\n<meta property=\"article:published_time\" content=\"2018-11-26T06:30:57+00:00\" \/>\n<meta property=\"article:modified_time\" content=\"2021-09-15T14:09:29+00:00\" \/>\n<meta property=\"og:image\" content=\"https:\/\/www.krafthand.de\/truck\/wp-content\/uploads\/2018\/11\/Truck_0418_004_01.jpg\" \/>\n\t<meta property=\"og:image:width\" content=\"1000\" \/>\n\t<meta property=\"og:image:height\" content=\"669\" \/>\n\t<meta property=\"og:image:type\" content=\"image\/jpeg\" \/>\n<meta name=\"author\" content=\"elisabeth.mair@krafthand.de\" \/>\n<meta name=\"twitter:card\" content=\"summary_large_image\" \/>\n<meta name=\"twitter:label1\" content=\"Verfasst von\" \/>\n\t<meta name=\"twitter:data1\" content=\"elisabeth.mair@krafthand.de\" \/>\n\t<meta name=\"twitter:label2\" content=\"Gesch\u00e4tzte Lesezeit\" \/>\n\t<meta name=\"twitter:data2\" content=\"3\u00a0Minuten\" \/>\n<script type=\"application\/ld+json\" class=\"yoast-schema-graph\">{\"@context\":\"https:\\\/\\\/schema.org\",\"@graph\":[{\"@type\":\"Article\",\"@id\":\"https:\\\/\\\/www.krafthand.de\\\/truck\\\/artikel\\\/von-praktikern-fuer-praktiker-24396\\\/#article\",\"isPartOf\":{\"@id\":\"https:\\\/\\\/www.krafthand.de\\\/truck\\\/artikel\\\/von-praktikern-fuer-praktiker-24396\\\/\"},\"author\":{\"name\":\"elisabeth.mair@krafthand.de\",\"@id\":\"https:\\\/\\\/www.krafthand.de\\\/truck\\\/#\\\/schema\\\/person\\\/25290391c443ebfc18583f19f72a0c26\"},\"headline\":\"Von Praktikern f\u00fcr Praktiker\",\"datePublished\":\"2018-11-26T06:30:57+00:00\",\"dateModified\":\"2021-09-15T14:09:29+00:00\",\"mainEntityOfPage\":{\"@id\":\"https:\\\/\\\/www.krafthand.de\\\/truck\\\/artikel\\\/von-praktikern-fuer-praktiker-24396\\\/\"},\"wordCount\":548,\"image\":{\"@id\":\"https:\\\/\\\/www.krafthand.de\\\/truck\\\/artikel\\\/von-praktikern-fuer-praktiker-24396\\\/#primaryimage\"},\"thumbnailUrl\":\"https:\\\/\\\/static.krafthand-truck.de\\\/uploads\\\/2018\\\/11\\\/Truck_0418_004_01.jpg\",\"keywords\":[\"ADAS\",\"Automechanika\",\"Farerassistenzsysteme\",\"Haweka\",\"HBZ\",\"kamerabasierte Fahrerassistenzsysteme\",\"Radar-Fahrerasisstenzsyteme\",\"Texa\",\"Truck Competence\"],\"articleSection\":[\"Assistenzsysteme\",\"Nfz-Service\",\"Werkstattpraxis\"],\"inLanguage\":\"de\"},{\"@type\":\"WebPage\",\"@id\":\"https:\\\/\\\/www.krafthand.de\\\/truck\\\/artikel\\\/von-praktikern-fuer-praktiker-24396\\\/\",\"url\":\"https:\\\/\\\/www.krafthand.de\\\/truck\\\/artikel\\\/von-praktikern-fuer-praktiker-24396\\\/\",\"name\":\"Von Praktikern f\u00fcr Praktiker - Krafthand-Truck\",\"isPartOf\":{\"@id\":\"https:\\\/\\\/www.krafthand.de\\\/truck\\\/#website\"},\"primaryImageOfPage\":{\"@id\":\"https:\\\/\\\/www.krafthand.de\\\/truck\\\/artikel\\\/von-praktikern-fuer-praktiker-24396\\\/#primaryimage\"},\"image\":{\"@id\":\"https:\\\/\\\/www.krafthand.de\\\/truck\\\/artikel\\\/von-praktikern-fuer-praktiker-24396\\\/#primaryimage\"},\"thumbnailUrl\":\"https:\\\/\\\/static.krafthand-truck.de\\\/uploads\\\/2018\\\/11\\\/Truck_0418_004_01.jpg\",\"datePublished\":\"2018-11-26T06:30:57+00:00\",\"dateModified\":\"2021-09-15T14:09:29+00:00\",\"author\":{\"@id\":\"https:\\\/\\\/www.krafthand.de\\\/truck\\\/#\\\/schema\\\/person\\\/25290391c443ebfc18583f19f72a0c26\"},\"breadcrumb\":{\"@id\":\"https:\\\/\\\/www.krafthand.de\\\/truck\\\/artikel\\\/von-praktikern-fuer-praktiker-24396\\\/#breadcrumb\"},\"inLanguage\":\"de\",\"potentialAction\":[{\"@type\":\"ReadAction\",\"target\":[\"https:\\\/\\\/www.krafthand.de\\\/truck\\\/artikel\\\/von-praktikern-fuer-praktiker-24396\\\/\"]}]},{\"@type\":\"ImageObject\",\"inLanguage\":\"de\",\"@id\":\"https:\\\/\\\/www.krafthand.de\\\/truck\\\/artikel\\\/von-praktikern-fuer-praktiker-24396\\\/#primaryimage\",\"url\":\"https:\\\/\\\/static.krafthand-truck.de\\\/uploads\\\/2018\\\/11\\\/Truck_0418_004_01.jpg\",\"contentUrl\":\"https:\\\/\\\/static.krafthand-truck.de\\\/uploads\\\/2018\\\/11\\\/Truck_0418_004_01.jpg\",\"width\":1000,\"height\":669,\"caption\":\"RepaNutzfahrzeug- Profis sehen sich zunehmend mit kamera- und radarbasierten Fahrerassistenzsystemen konfrontiert \u2013 auch wenn sie nicht direkt daran arbeiten. F\u00fcr die meisten der Workshop-Teilnehmer war das Justieren und Kalibrieren noch Neuland. Bild: Kuss\"},{\"@type\":\"BreadcrumbList\",\"@id\":\"https:\\\/\\\/www.krafthand.de\\\/truck\\\/artikel\\\/von-praktikern-fuer-praktiker-24396\\\/#breadcrumb\",\"itemListElement\":[{\"@type\":\"ListItem\",\"position\":1,\"name\":\"Krafthand-Truck\",\"item\":\"https:\\\/\\\/www.krafthand.de\\\/truck\\\/\"},{\"@type\":\"ListItem\",\"position\":2,\"name\":\"Nfz-Service\",\"item\":\"https:\\\/\\\/www.krafthand.de\\\/truck\\\/kategorie\\\/nfz-service\\\/\"},{\"@type\":\"ListItem\",\"position\":3,\"name\":\"Von Praktikern f\u00fcr Praktiker\"}]},{\"@type\":\"WebSite\",\"@id\":\"https:\\\/\\\/www.krafthand.de\\\/truck\\\/#website\",\"url\":\"https:\\\/\\\/www.krafthand.de\\\/truck\\\/\",\"name\":\"Krafthand-Truck\",\"description\":\"\",\"potentialAction\":[{\"@type\":\"SearchAction\",\"target\":{\"@type\":\"EntryPoint\",\"urlTemplate\":\"https:\\\/\\\/www.krafthand.de\\\/truck\\\/?s={search_term_string}\"},\"query-input\":{\"@type\":\"PropertyValueSpecification\",\"valueRequired\":true,\"valueName\":\"search_term_string\"}}],\"inLanguage\":\"de\"},{\"@type\":\"Person\",\"@id\":\"https:\\\/\\\/www.krafthand.de\\\/truck\\\/#\\\/schema\\\/person\\\/25290391c443ebfc18583f19f72a0c26\",\"name\":\"elisabeth.mair@krafthand.de\",\"image\":{\"@type\":\"ImageObject\",\"inLanguage\":\"de\",\"@id\":\"https:\\\/\\\/secure.gravatar.com\\\/avatar\\\/5f0e25e42e13f6e7631bd6597cd91b90228ead6b823ba81a6c8ee32fe135d72e?s=96&d=mm&r=g\",\"url\":\"https:\\\/\\\/secure.gravatar.com\\\/avatar\\\/5f0e25e42e13f6e7631bd6597cd91b90228ead6b823ba81a6c8ee32fe135d72e?s=96&d=mm&r=g\",\"contentUrl\":\"https:\\\/\\\/secure.gravatar.com\\\/avatar\\\/5f0e25e42e13f6e7631bd6597cd91b90228ead6b823ba81a6c8ee32fe135d72e?s=96&d=mm&r=g\",\"caption\":\"elisabeth.mair@krafthand.de\"}}]}<\/script>\n<!-- \/ Yoast SEO plugin. -->","yoast_head_json":{"title":"Von Praktikern f\u00fcr Praktiker - Krafthand-Truck","robots":{"index":"index","follow":"follow","max-snippet":"max-snippet:-1","max-image-preview":"max-image-preview:large","max-video-preview":"max-video-preview:-1"},"canonical":"https:\/\/www.krafthand.de\/truck\/artikel\/von-praktikern-fuer-praktiker-24396\/","og_locale":"de_DE","og_type":"article","og_title":"Von Praktikern f\u00fcr Praktiker - Krafthand-Truck","og_description":"Vielbeachtete KRAFTHAND-Truck-Praxisworkshops auf der Jubil\u00e4ums- Automechanika. ... weiter","og_url":"https:\/\/www.krafthand-truck.de\/artikel\/von-praktikern-fuer-praktiker-24396\/","og_site_name":"Krafthand-Truck","article_published_time":"2018-11-26T06:30:57+00:00","article_modified_time":"2021-09-15T14:09:29+00:00","og_image":[{"width":1000,"height":669,"url":"https:\/\/www.krafthand.de\/truck\/wp-content\/uploads\/2018\/11\/Truck_0418_004_01.jpg","type":"image\/jpeg"}],"author":"elisabeth.mair@krafthand.de","twitter_card":"summary_large_image","twitter_misc":{"Verfasst von":"elisabeth.mair@krafthand.de","Gesch\u00e4tzte Lesezeit":"3\u00a0Minuten"},"schema":{"@context":"https:\/\/schema.org","@graph":[{"@type":"Article","@id":"https:\/\/www.krafthand.de\/truck\/artikel\/von-praktikern-fuer-praktiker-24396\/#article","isPartOf":{"@id":"https:\/\/www.krafthand.de\/truck\/artikel\/von-praktikern-fuer-praktiker-24396\/"},"author":{"name":"elisabeth.mair@krafthand.de","@id":"https:\/\/www.krafthand.de\/truck\/#\/schema\/person\/25290391c443ebfc18583f19f72a0c26"},"headline":"Von Praktikern f\u00fcr Praktiker","datePublished":"2018-11-26T06:30:57+00:00","dateModified":"2021-09-15T14:09:29+00:00","mainEntityOfPage":{"@id":"https:\/\/www.krafthand.de\/truck\/artikel\/von-praktikern-fuer-praktiker-24396\/"},"wordCount":548,"image":{"@id":"https:\/\/www.krafthand.de\/truck\/artikel\/von-praktikern-fuer-praktiker-24396\/#primaryimage"},"thumbnailUrl":"https:\/\/static.krafthand-truck.de\/uploads\/2018\/11\/Truck_0418_004_01.jpg","keywords":["ADAS","Automechanika","Farerassistenzsysteme","Haweka","HBZ","kamerabasierte Fahrerassistenzsysteme","Radar-Fahrerasisstenzsyteme","Texa","Truck Competence"],"articleSection":["Assistenzsysteme","Nfz-Service","Werkstattpraxis"],"inLanguage":"de"},{"@type":"WebPage","@id":"https:\/\/www.krafthand.de\/truck\/artikel\/von-praktikern-fuer-praktiker-24396\/","url":"https:\/\/www.krafthand.de\/truck\/artikel\/von-praktikern-fuer-praktiker-24396\/","name":"Von Praktikern f\u00fcr Praktiker - Krafthand-Truck","isPartOf":{"@id":"https:\/\/www.krafthand.de\/truck\/#website"},"primaryImageOfPage":{"@id":"https:\/\/www.krafthand.de\/truck\/artikel\/von-praktikern-fuer-praktiker-24396\/#primaryimage"},"image":{"@id":"https:\/\/www.krafthand.de\/truck\/artikel\/von-praktikern-fuer-praktiker-24396\/#primaryimage"},"thumbnailUrl":"https:\/\/static.krafthand-truck.de\/uploads\/2018\/11\/Truck_0418_004_01.jpg","datePublished":"2018-11-26T06:30:57+00:00","dateModified":"2021-09-15T14:09:29+00:00","author":{"@id":"https:\/\/www.krafthand.de\/truck\/#\/schema\/person\/25290391c443ebfc18583f19f72a0c26"},"breadcrumb":{"@id":"https:\/\/www.krafthand.de\/truck\/artikel\/von-praktikern-fuer-praktiker-24396\/#breadcrumb"},"inLanguage":"de","potentialAction":[{"@type":"ReadAction","target":["https:\/\/www.krafthand.de\/truck\/artikel\/von-praktikern-fuer-praktiker-24396\/"]}]},{"@type":"ImageObject","inLanguage":"de","@id":"https:\/\/www.krafthand.de\/truck\/artikel\/von-praktikern-fuer-praktiker-24396\/#primaryimage","url":"https:\/\/static.krafthand-truck.de\/uploads\/2018\/11\/Truck_0418_004_01.jpg","contentUrl":"https:\/\/static.krafthand-truck.de\/uploads\/2018\/11\/Truck_0418_004_01.jpg","width":1000,"height":669,"caption":"RepaNutzfahrzeug- Profis sehen sich zunehmend mit kamera- und radarbasierten Fahrerassistenzsystemen konfrontiert \u2013 auch wenn sie nicht direkt daran arbeiten. F\u00fcr die meisten der Workshop-Teilnehmer war das Justieren und Kalibrieren noch Neuland. Bild: Kuss"},{"@type":"BreadcrumbList","@id":"https:\/\/www.krafthand.de\/truck\/artikel\/von-praktikern-fuer-praktiker-24396\/#breadcrumb","itemListElement":[{"@type":"ListItem","position":1,"name":"Krafthand-Truck","item":"https:\/\/www.krafthand.de\/truck\/"},{"@type":"ListItem","position":2,"name":"Nfz-Service","item":"https:\/\/www.krafthand.de\/truck\/kategorie\/nfz-service\/"},{"@type":"ListItem","position":3,"name":"Von Praktikern f\u00fcr Praktiker"}]},{"@type":"WebSite","@id":"https:\/\/www.krafthand.de\/truck\/#website","url":"https:\/\/www.krafthand.de\/truck\/","name":"Krafthand-Truck","description":"","potentialAction":[{"@type":"SearchAction","target":{"@type":"EntryPoint","urlTemplate":"https:\/\/www.krafthand.de\/truck\/?s={search_term_string}"},"query-input":{"@type":"PropertyValueSpecification","valueRequired":true,"valueName":"search_term_string"}}],"inLanguage":"de"},{"@type":"Person","@id":"https:\/\/www.krafthand.de\/truck\/#\/schema\/person\/25290391c443ebfc18583f19f72a0c26","name":"elisabeth.mair@krafthand.de","image":{"@type":"ImageObject","inLanguage":"de","@id":"https:\/\/secure.gravatar.com\/avatar\/5f0e25e42e13f6e7631bd6597cd91b90228ead6b823ba81a6c8ee32fe135d72e?s=96&d=mm&r=g","url":"https:\/\/secure.gravatar.com\/avatar\/5f0e25e42e13f6e7631bd6597cd91b90228ead6b823ba81a6c8ee32fe135d72e?s=96&d=mm&r=g","contentUrl":"https:\/\/secure.gravatar.com\/avatar\/5f0e25e42e13f6e7631bd6597cd91b90228ead6b823ba81a6c8ee32fe135d72e?s=96&d=mm&r=g","caption":"elisabeth.mair@krafthand.de"}}]}},"_links":{"self":[{"href":"https:\/\/www.krafthand.de\/truck\/wp-json\/wp\/v2\/posts\/24396","targetHints":{"allow":["GET"]}}],"collection":[{"href":"https:\/\/www.krafthand.de\/truck\/wp-json\/wp\/v2\/posts"}],"about":[{"href":"https:\/\/www.krafthand.de\/truck\/wp-json\/wp\/v2\/types\/post"}],"author":[{"embeddable":true,"href":"https:\/\/www.krafthand.de\/truck\/wp-json\/wp\/v2\/users\/6"}],"replies":[{"embeddable":true,"href":"https:\/\/www.krafthand.de\/truck\/wp-json\/wp\/v2\/comments?post=24396"}],"version-history":[{"count":2,"href":"https:\/\/www.krafthand.de\/truck\/wp-json\/wp\/v2\/posts\/24396\/revisions"}],"predecessor-version":[{"id":24405,"href":"https:\/\/www.krafthand.de\/truck\/wp-json\/wp\/v2\/posts\/24396\/revisions\/24405"}],"wp:featuredmedia":[{"embeddable":true,"href":"https:\/\/www.krafthand.de\/truck\/wp-json\/wp\/v2\/media\/24397"}],"wp:attachment":[{"href":"https:\/\/www.krafthand.de\/truck\/wp-json\/wp\/v2\/media?parent=24396"}],"wp:term":[{"taxonomy":"category","embeddable":true,"href":"https:\/\/www.krafthand.de\/truck\/wp-json\/wp\/v2\/categories?post=24396"},{"taxonomy":"post_tag","embeddable":true,"href":"https:\/\/www.krafthand.de\/truck\/wp-json\/wp\/v2\/tags?post=24396"},{"taxonomy":"settings","embeddable":true,"href":"https:\/\/www.krafthand.de\/truck\/wp-json\/wp\/v2\/settings?post=24396"}],"curies":[{"name":"wp","href":"https:\/\/api.w.org\/{rel}","templated":true}]}}