{"id":24370,"date":"2018-11-19T07:30:40","date_gmt":"2018-11-19T06:30:40","guid":{"rendered":"https:\/\/www.krafthand.de\/truck\/?p=24370"},"modified":"2018-11-07T11:00:02","modified_gmt":"2018-11-07T10:00:02","slug":"riemen-und-spanner-immer-gemeinsam-ersetzen","status":"publish","type":"post","link":"https:\/\/www.krafthand.de\/truck\/artikel\/riemen-und-spanner-immer-gemeinsam-ersetzen-24370\/","title":{"rendered":"Riemen und Spanner immer gemeinsam ersetzen"},"content":{"rendered":"<p>Der Nebenaggregatetrieb, von Werkstattprofis\u00a0 oft auch nur als \u201aNebentrieb\u2018\u00a0\u00a0\u00a0\u00a0 bezeichnet, hat sich \u00fcber die Jahre zu einem hochkomplexen System entwickelt.\u00a0 Nicht nur der Riemen selbst, sondern auch alle \u00fcbrigen Komponenten \u2013 Spann- und\u00a0\u00a0 Umlenkrollen, Spannelemente, etc. \u2013 m\u00fcssen hohen Beanspruchungen standhalten.<br \/>\nF\u00e4llt nur eines der Bauteile aus, ist meist ein Liegenbleiben unvermeidbar. Um dauerhaft eine sichere Funktion zu gew\u00e4hrleisten, empfehlen die Riementrieb- Spezialisten von Dayco, regelm\u00e4\u00dfig den gesamten Nebentrieb mit all seinen Komponenten und angetriebenen Aggregaten zu inspizieren. \u201eMuss der Riemen ersetzt werden, sollten gleichzeitig auch das Spannelement und die Spann- und Umlenkrollen erneuert werden\u201c, empfehlen die Experten.<\/p>\n<p>Das besondere Augenmerk sollte dabei dem Riemenspanner gelten. Obwohl es von\u00a0 diesem verschiedene Bauarten gibt und jede davon speziell auf die jeweilige OE-Anforderung ausgelegt ist, besitzen sie \u00e4hnliche Basiselemente, berichten die\u00a0 Erstausr\u00fcstungsexperten von Dayco. Demnach bestehen die gebr\u00e4uchlichsten Spanner aus f\u00fcnf Hauptelementen: Federgeh\u00e4use mit Federpaket, Gelenkbuchse, Federbuchse, Spannarm und Laufrollenlager.<\/p>\n<p>Zu den Schl\u00fcsselkomponenten geh\u00f6ren das Federpaket und das Schwenklager, da\u00a0 beide im Laufe der Betriebszeit verschlei\u00dfen k\u00f6nnen. Beide sind wesentlich f\u00fcr die\u00a0 Funktion und Lebensdauer eines Riemenspanners verantwortlich. Je nach\u00a0 OE-Anforderung setzt Dayco nach eigenen Angaben sowohl Flach- als auch Runddrahtfedern im Produktionsprozess ein. Die Schwenklagerbuchse indes ist gemeinsam mit der Federbuchse daf\u00fcr verantwortlich, dass sich der Spanner sanft\u00a0 bewegt, w\u00e4hrend dieser ged\u00e4mpft wird. \u201eDas gew\u00e4hrleistet, dass der Riemen stets\u00a0 mit der vorgesehenen Spannung arbeitet, gleichg\u00fcltig, ob der Motor unter Volllast\u00a0 oder im Leerlauf l\u00e4uft\u201c, so die Entwickler. Laut Dayco erf\u00fcllen auch bei den Riemenspannern f\u00fcr den OE-Ersatz und den Aftermarkt s\u00e4mtliche Komponenten die\u00a0 jeweiligen OE-Kriterien.<\/p>\n<p><i>Den Beitrag finden Sie auch in der Print-Ausgabe 3\/18 der <a href=\"https:\/\/www.krafthand.de\/truck\/magazin\/\" title=\"Zum Magazin\">Krafthand-Truck<\/a>.<\/i><\/p>","protected":false},"excerpt":{"rendered":"<p>Der Nebenaggregatetrieb, von Werkstattprofis\u00a0 oft auch nur als \u201aNebentrieb\u2018\u00a0\u00a0\u00a0\u00a0 bezeichnet, hat sich \u00fcber die Jahre zu einem hochkomplexen System entwickelt.\u00a0 Nicht nur der Riemen selbst, sondern auch alle \u00fcbrigen Komponenten \u2013 Spann- und\u00a0\u00a0 Umlenkrollen, Spannelemente, etc. \u2013 m\u00fcssen hohen Beanspruchungen standhalten. F\u00e4llt nur eines der Bauteile aus, ist meist ein Liegenbleiben unvermeidbar. Um dauerhaft eine <span class=\"excerpt-more__dots\">&#8230;<\/span> <a class=\"excerpt-more__link\" href=\"https:\/\/www.krafthand.de\/truck\/artikel\/riemen-und-spanner-immer-gemeinsam-ersetzen-24370\/\" >weiter<\/a><\/p>\n","protected":false},"author":6,"featured_media":24371,"comment_status":"closed","ping_status":"closed","sticky":false,"template":"","format":"standard","meta":{"footnotes":""},"categories":[5],"tags":[3725,3732,3729,3730,3731,3734,3726,3728,3733,3727],"settings":[],"class_list":["post-24370","post","type-post","status-publish","format-standard","has-post-thumbnail","hentry","category-branche","tag-dayco","tag-federbuchse","tag-federgehaeuse","tag-federpaket","tag-gelenkbuchse","tag-laufrollenlager","tag-riemen","tag-riemenspanner","tag-spannarm","tag-spanner"],"yoast_head":"<!-- This site is optimized with the Yoast SEO plugin v27.3 - https:\/\/yoast.com\/product\/yoast-seo-wordpress\/ -->\n<title>Riemen und Spanner immer gemeinsam ersetzen - Krafthand-Truck<\/title>\n<meta name=\"robots\" content=\"index, follow, max-snippet:-1, max-image-preview:large, max-video-preview:-1\" \/>\n<link rel=\"canonical\" href=\"https:\/\/www.krafthand.de\/truck\/artikel\/riemen-und-spanner-immer-gemeinsam-ersetzen-24370\/\" \/>\n<meta property=\"og:locale\" content=\"de_DE\" \/>\n<meta property=\"og:type\" content=\"article\" \/>\n<meta property=\"og:title\" content=\"Riemen und Spanner immer gemeinsam ersetzen - Krafthand-Truck\" \/>\n<meta property=\"og:description\" content=\"Der Nebenaggregatetrieb, von Werkstattprofis\u00a0 oft auch nur als \u201aNebentrieb\u2018\u00a0\u00a0\u00a0\u00a0 bezeichnet, hat sich \u00fcber die Jahre zu einem hochkomplexen System entwickelt.\u00a0 Nicht nur der Riemen selbst, sondern auch alle \u00fcbrigen Komponenten \u2013 Spann- und\u00a0\u00a0 Umlenkrollen, Spannelemente, etc. \u2013 m\u00fcssen hohen Beanspruchungen standhalten. F\u00e4llt nur eines der Bauteile aus, ist meist ein Liegenbleiben unvermeidbar. Um dauerhaft eine ... weiter\" \/>\n<meta property=\"og:url\" content=\"https:\/\/www.krafthand-truck.de\/artikel\/riemen-und-spanner-immer-gemeinsam-ersetzen-24370\/\" \/>\n<meta property=\"og:site_name\" content=\"Krafthand-Truck\" \/>\n<meta property=\"article:published_time\" content=\"2018-11-19T06:30:40+00:00\" \/>\n<meta property=\"og:image\" content=\"https:\/\/www.krafthand.de\/truck\/wp-content\/uploads\/2018\/11\/Truck_0318_038.jpg\" \/>\n\t<meta property=\"og:image:width\" content=\"1000\" \/>\n\t<meta property=\"og:image:height\" content=\"485\" \/>\n\t<meta property=\"og:image:type\" content=\"image\/jpeg\" \/>\n<meta name=\"author\" content=\"elisabeth.mair@krafthand.de\" \/>\n<meta name=\"twitter:card\" content=\"summary_large_image\" \/>\n<meta name=\"twitter:label1\" content=\"Verfasst von\" \/>\n\t<meta name=\"twitter:data1\" content=\"elisabeth.mair@krafthand.de\" \/>\n\t<meta name=\"twitter:label2\" content=\"Gesch\u00e4tzte Lesezeit\" \/>\n\t<meta name=\"twitter:data2\" content=\"1\u00a0Minute\" \/>\n<script type=\"application\/ld+json\" class=\"yoast-schema-graph\">{\"@context\":\"https:\\\/\\\/schema.org\",\"@graph\":[{\"@type\":\"Article\",\"@id\":\"https:\\\/\\\/www.krafthand.de\\\/truck\\\/artikel\\\/riemen-und-spanner-immer-gemeinsam-ersetzen-24370\\\/#article\",\"isPartOf\":{\"@id\":\"https:\\\/\\\/www.krafthand.de\\\/truck\\\/artikel\\\/riemen-und-spanner-immer-gemeinsam-ersetzen-24370\\\/\"},\"author\":{\"name\":\"elisabeth.mair@krafthand.de\",\"@id\":\"https:\\\/\\\/www.krafthand.de\\\/truck\\\/#\\\/schema\\\/person\\\/25290391c443ebfc18583f19f72a0c26\"},\"headline\":\"Riemen und Spanner immer gemeinsam ersetzen\",\"datePublished\":\"2018-11-19T06:30:40+00:00\",\"mainEntityOfPage\":{\"@id\":\"https:\\\/\\\/www.krafthand.de\\\/truck\\\/artikel\\\/riemen-und-spanner-immer-gemeinsam-ersetzen-24370\\\/\"},\"wordCount\":280,\"image\":{\"@id\":\"https:\\\/\\\/www.krafthand.de\\\/truck\\\/artikel\\\/riemen-und-spanner-immer-gemeinsam-ersetzen-24370\\\/#primaryimage\"},\"thumbnailUrl\":\"https:\\\/\\\/static.krafthand-truck.de\\\/uploads\\\/2018\\\/11\\\/Truck_0318_038.jpg\",\"keywords\":[\"Dayco\",\"Federbuchse\",\"Federgeh\u00e4use\",\"Federpaket\",\"Gelenkbuchse\",\"Laufrollenlager\",\"Riemen\",\"Riemenspanner\",\"Spannarm\",\"Spanner\"],\"articleSection\":[\"Nfz-Branche\"],\"inLanguage\":\"de\"},{\"@type\":\"WebPage\",\"@id\":\"https:\\\/\\\/www.krafthand.de\\\/truck\\\/artikel\\\/riemen-und-spanner-immer-gemeinsam-ersetzen-24370\\\/\",\"url\":\"https:\\\/\\\/www.krafthand.de\\\/truck\\\/artikel\\\/riemen-und-spanner-immer-gemeinsam-ersetzen-24370\\\/\",\"name\":\"Riemen und Spanner immer gemeinsam ersetzen - Krafthand-Truck\",\"isPartOf\":{\"@id\":\"https:\\\/\\\/www.krafthand.de\\\/truck\\\/#website\"},\"primaryImageOfPage\":{\"@id\":\"https:\\\/\\\/www.krafthand.de\\\/truck\\\/artikel\\\/riemen-und-spanner-immer-gemeinsam-ersetzen-24370\\\/#primaryimage\"},\"image\":{\"@id\":\"https:\\\/\\\/www.krafthand.de\\\/truck\\\/artikel\\\/riemen-und-spanner-immer-gemeinsam-ersetzen-24370\\\/#primaryimage\"},\"thumbnailUrl\":\"https:\\\/\\\/static.krafthand-truck.de\\\/uploads\\\/2018\\\/11\\\/Truck_0318_038.jpg\",\"datePublished\":\"2018-11-19T06:30:40+00:00\",\"author\":{\"@id\":\"https:\\\/\\\/www.krafthand.de\\\/truck\\\/#\\\/schema\\\/person\\\/25290391c443ebfc18583f19f72a0c26\"},\"breadcrumb\":{\"@id\":\"https:\\\/\\\/www.krafthand.de\\\/truck\\\/artikel\\\/riemen-und-spanner-immer-gemeinsam-ersetzen-24370\\\/#breadcrumb\"},\"inLanguage\":\"de\",\"potentialAction\":[{\"@type\":\"ReadAction\",\"target\":[\"https:\\\/\\\/www.krafthand.de\\\/truck\\\/artikel\\\/riemen-und-spanner-immer-gemeinsam-ersetzen-24370\\\/\"]}]},{\"@type\":\"ImageObject\",\"inLanguage\":\"de\",\"@id\":\"https:\\\/\\\/www.krafthand.de\\\/truck\\\/artikel\\\/riemen-und-spanner-immer-gemeinsam-ersetzen-24370\\\/#primaryimage\",\"url\":\"https:\\\/\\\/static.krafthand-truck.de\\\/uploads\\\/2018\\\/11\\\/Truck_0318_038.jpg\",\"contentUrl\":\"https:\\\/\\\/static.krafthand-truck.de\\\/uploads\\\/2018\\\/11\\\/Truck_0318_038.jpg\",\"width\":1000,\"height\":485,\"caption\":\"Dayco\"},{\"@type\":\"BreadcrumbList\",\"@id\":\"https:\\\/\\\/www.krafthand.de\\\/truck\\\/artikel\\\/riemen-und-spanner-immer-gemeinsam-ersetzen-24370\\\/#breadcrumb\",\"itemListElement\":[{\"@type\":\"ListItem\",\"position\":1,\"name\":\"Krafthand-Truck\",\"item\":\"https:\\\/\\\/www.krafthand.de\\\/truck\\\/\"},{\"@type\":\"ListItem\",\"position\":2,\"name\":\"Nfz-Branche\",\"item\":\"https:\\\/\\\/www.krafthand.de\\\/truck\\\/kategorie\\\/branche\\\/\"},{\"@type\":\"ListItem\",\"position\":3,\"name\":\"Riemen und Spanner immer gemeinsam ersetzen\"}]},{\"@type\":\"WebSite\",\"@id\":\"https:\\\/\\\/www.krafthand.de\\\/truck\\\/#website\",\"url\":\"https:\\\/\\\/www.krafthand.de\\\/truck\\\/\",\"name\":\"Krafthand-Truck\",\"description\":\"\",\"potentialAction\":[{\"@type\":\"SearchAction\",\"target\":{\"@type\":\"EntryPoint\",\"urlTemplate\":\"https:\\\/\\\/www.krafthand.de\\\/truck\\\/?s={search_term_string}\"},\"query-input\":{\"@type\":\"PropertyValueSpecification\",\"valueRequired\":true,\"valueName\":\"search_term_string\"}}],\"inLanguage\":\"de\"},{\"@type\":\"Person\",\"@id\":\"https:\\\/\\\/www.krafthand.de\\\/truck\\\/#\\\/schema\\\/person\\\/25290391c443ebfc18583f19f72a0c26\",\"name\":\"elisabeth.mair@krafthand.de\",\"image\":{\"@type\":\"ImageObject\",\"inLanguage\":\"de\",\"@id\":\"https:\\\/\\\/secure.gravatar.com\\\/avatar\\\/5f0e25e42e13f6e7631bd6597cd91b90228ead6b823ba81a6c8ee32fe135d72e?s=96&d=mm&r=g\",\"url\":\"https:\\\/\\\/secure.gravatar.com\\\/avatar\\\/5f0e25e42e13f6e7631bd6597cd91b90228ead6b823ba81a6c8ee32fe135d72e?s=96&d=mm&r=g\",\"contentUrl\":\"https:\\\/\\\/secure.gravatar.com\\\/avatar\\\/5f0e25e42e13f6e7631bd6597cd91b90228ead6b823ba81a6c8ee32fe135d72e?s=96&d=mm&r=g\",\"caption\":\"elisabeth.mair@krafthand.de\"}}]}<\/script>\n<!-- \/ Yoast SEO plugin. -->","yoast_head_json":{"title":"Riemen und Spanner immer gemeinsam ersetzen - Krafthand-Truck","robots":{"index":"index","follow":"follow","max-snippet":"max-snippet:-1","max-image-preview":"max-image-preview:large","max-video-preview":"max-video-preview:-1"},"canonical":"https:\/\/www.krafthand.de\/truck\/artikel\/riemen-und-spanner-immer-gemeinsam-ersetzen-24370\/","og_locale":"de_DE","og_type":"article","og_title":"Riemen und Spanner immer gemeinsam ersetzen - Krafthand-Truck","og_description":"Der Nebenaggregatetrieb, von Werkstattprofis\u00a0 oft auch nur als \u201aNebentrieb\u2018\u00a0\u00a0\u00a0\u00a0 bezeichnet, hat sich \u00fcber die Jahre zu einem hochkomplexen System entwickelt.\u00a0 Nicht nur der Riemen selbst, sondern auch alle \u00fcbrigen Komponenten \u2013 Spann- und\u00a0\u00a0 Umlenkrollen, Spannelemente, etc. \u2013 m\u00fcssen hohen Beanspruchungen standhalten. F\u00e4llt nur eines der Bauteile aus, ist meist ein Liegenbleiben unvermeidbar. Um dauerhaft eine ... weiter","og_url":"https:\/\/www.krafthand-truck.de\/artikel\/riemen-und-spanner-immer-gemeinsam-ersetzen-24370\/","og_site_name":"Krafthand-Truck","article_published_time":"2018-11-19T06:30:40+00:00","og_image":[{"width":1000,"height":485,"url":"https:\/\/www.krafthand.de\/truck\/wp-content\/uploads\/2018\/11\/Truck_0318_038.jpg","type":"image\/jpeg"}],"author":"elisabeth.mair@krafthand.de","twitter_card":"summary_large_image","twitter_misc":{"Verfasst von":"elisabeth.mair@krafthand.de","Gesch\u00e4tzte Lesezeit":"1\u00a0Minute"},"schema":{"@context":"https:\/\/schema.org","@graph":[{"@type":"Article","@id":"https:\/\/www.krafthand.de\/truck\/artikel\/riemen-und-spanner-immer-gemeinsam-ersetzen-24370\/#article","isPartOf":{"@id":"https:\/\/www.krafthand.de\/truck\/artikel\/riemen-und-spanner-immer-gemeinsam-ersetzen-24370\/"},"author":{"name":"elisabeth.mair@krafthand.de","@id":"https:\/\/www.krafthand.de\/truck\/#\/schema\/person\/25290391c443ebfc18583f19f72a0c26"},"headline":"Riemen und Spanner immer gemeinsam ersetzen","datePublished":"2018-11-19T06:30:40+00:00","mainEntityOfPage":{"@id":"https:\/\/www.krafthand.de\/truck\/artikel\/riemen-und-spanner-immer-gemeinsam-ersetzen-24370\/"},"wordCount":280,"image":{"@id":"https:\/\/www.krafthand.de\/truck\/artikel\/riemen-und-spanner-immer-gemeinsam-ersetzen-24370\/#primaryimage"},"thumbnailUrl":"https:\/\/static.krafthand-truck.de\/uploads\/2018\/11\/Truck_0318_038.jpg","keywords":["Dayco","Federbuchse","Federgeh\u00e4use","Federpaket","Gelenkbuchse","Laufrollenlager","Riemen","Riemenspanner","Spannarm","Spanner"],"articleSection":["Nfz-Branche"],"inLanguage":"de"},{"@type":"WebPage","@id":"https:\/\/www.krafthand.de\/truck\/artikel\/riemen-und-spanner-immer-gemeinsam-ersetzen-24370\/","url":"https:\/\/www.krafthand.de\/truck\/artikel\/riemen-und-spanner-immer-gemeinsam-ersetzen-24370\/","name":"Riemen und Spanner immer gemeinsam ersetzen - Krafthand-Truck","isPartOf":{"@id":"https:\/\/www.krafthand.de\/truck\/#website"},"primaryImageOfPage":{"@id":"https:\/\/www.krafthand.de\/truck\/artikel\/riemen-und-spanner-immer-gemeinsam-ersetzen-24370\/#primaryimage"},"image":{"@id":"https:\/\/www.krafthand.de\/truck\/artikel\/riemen-und-spanner-immer-gemeinsam-ersetzen-24370\/#primaryimage"},"thumbnailUrl":"https:\/\/static.krafthand-truck.de\/uploads\/2018\/11\/Truck_0318_038.jpg","datePublished":"2018-11-19T06:30:40+00:00","author":{"@id":"https:\/\/www.krafthand.de\/truck\/#\/schema\/person\/25290391c443ebfc18583f19f72a0c26"},"breadcrumb":{"@id":"https:\/\/www.krafthand.de\/truck\/artikel\/riemen-und-spanner-immer-gemeinsam-ersetzen-24370\/#breadcrumb"},"inLanguage":"de","potentialAction":[{"@type":"ReadAction","target":["https:\/\/www.krafthand.de\/truck\/artikel\/riemen-und-spanner-immer-gemeinsam-ersetzen-24370\/"]}]},{"@type":"ImageObject","inLanguage":"de","@id":"https:\/\/www.krafthand.de\/truck\/artikel\/riemen-und-spanner-immer-gemeinsam-ersetzen-24370\/#primaryimage","url":"https:\/\/static.krafthand-truck.de\/uploads\/2018\/11\/Truck_0318_038.jpg","contentUrl":"https:\/\/static.krafthand-truck.de\/uploads\/2018\/11\/Truck_0318_038.jpg","width":1000,"height":485,"caption":"Dayco"},{"@type":"BreadcrumbList","@id":"https:\/\/www.krafthand.de\/truck\/artikel\/riemen-und-spanner-immer-gemeinsam-ersetzen-24370\/#breadcrumb","itemListElement":[{"@type":"ListItem","position":1,"name":"Krafthand-Truck","item":"https:\/\/www.krafthand.de\/truck\/"},{"@type":"ListItem","position":2,"name":"Nfz-Branche","item":"https:\/\/www.krafthand.de\/truck\/kategorie\/branche\/"},{"@type":"ListItem","position":3,"name":"Riemen und Spanner immer gemeinsam ersetzen"}]},{"@type":"WebSite","@id":"https:\/\/www.krafthand.de\/truck\/#website","url":"https:\/\/www.krafthand.de\/truck\/","name":"Krafthand-Truck","description":"","potentialAction":[{"@type":"SearchAction","target":{"@type":"EntryPoint","urlTemplate":"https:\/\/www.krafthand.de\/truck\/?s={search_term_string}"},"query-input":{"@type":"PropertyValueSpecification","valueRequired":true,"valueName":"search_term_string"}}],"inLanguage":"de"},{"@type":"Person","@id":"https:\/\/www.krafthand.de\/truck\/#\/schema\/person\/25290391c443ebfc18583f19f72a0c26","name":"elisabeth.mair@krafthand.de","image":{"@type":"ImageObject","inLanguage":"de","@id":"https:\/\/secure.gravatar.com\/avatar\/5f0e25e42e13f6e7631bd6597cd91b90228ead6b823ba81a6c8ee32fe135d72e?s=96&d=mm&r=g","url":"https:\/\/secure.gravatar.com\/avatar\/5f0e25e42e13f6e7631bd6597cd91b90228ead6b823ba81a6c8ee32fe135d72e?s=96&d=mm&r=g","contentUrl":"https:\/\/secure.gravatar.com\/avatar\/5f0e25e42e13f6e7631bd6597cd91b90228ead6b823ba81a6c8ee32fe135d72e?s=96&d=mm&r=g","caption":"elisabeth.mair@krafthand.de"}}]}},"_links":{"self":[{"href":"https:\/\/www.krafthand.de\/truck\/wp-json\/wp\/v2\/posts\/24370","targetHints":{"allow":["GET"]}}],"collection":[{"href":"https:\/\/www.krafthand.de\/truck\/wp-json\/wp\/v2\/posts"}],"about":[{"href":"https:\/\/www.krafthand.de\/truck\/wp-json\/wp\/v2\/types\/post"}],"author":[{"embeddable":true,"href":"https:\/\/www.krafthand.de\/truck\/wp-json\/wp\/v2\/users\/6"}],"replies":[{"embeddable":true,"href":"https:\/\/www.krafthand.de\/truck\/wp-json\/wp\/v2\/comments?post=24370"}],"version-history":[{"count":1,"href":"https:\/\/www.krafthand.de\/truck\/wp-json\/wp\/v2\/posts\/24370\/revisions"}],"predecessor-version":[{"id":24372,"href":"https:\/\/www.krafthand.de\/truck\/wp-json\/wp\/v2\/posts\/24370\/revisions\/24372"}],"wp:featuredmedia":[{"embeddable":true,"href":"https:\/\/www.krafthand.de\/truck\/wp-json\/wp\/v2\/media\/24371"}],"wp:attachment":[{"href":"https:\/\/www.krafthand.de\/truck\/wp-json\/wp\/v2\/media?parent=24370"}],"wp:term":[{"taxonomy":"category","embeddable":true,"href":"https:\/\/www.krafthand.de\/truck\/wp-json\/wp\/v2\/categories?post=24370"},{"taxonomy":"post_tag","embeddable":true,"href":"https:\/\/www.krafthand.de\/truck\/wp-json\/wp\/v2\/tags?post=24370"},{"taxonomy":"settings","embeddable":true,"href":"https:\/\/www.krafthand.de\/truck\/wp-json\/wp\/v2\/settings?post=24370"}],"curies":[{"name":"wp","href":"https:\/\/api.w.org\/{rel}","templated":true}]}}