{"id":24366,"date":"2018-11-15T07:30:32","date_gmt":"2018-11-15T06:30:32","guid":{"rendered":"https:\/\/www.krafthand.de\/truck\/?p=24366"},"modified":"2018-11-07T10:46:20","modified_gmt":"2018-11-07T09:46:20","slug":"auf-die-mischung-kommt-es-an","status":"publish","type":"post","link":"https:\/\/www.krafthand.de\/truck\/artikel\/auf-die-mischung-kommt-es-an-24366\/","title":{"rendered":"Auf die Mischung kommt es an"},"content":{"rendered":"<p>Ladeluftschl\u00e4uche altern, zudem sind sie im Motorraum den unterschiedlichsten chemischen Medien sowie hohen Umgebungstemperaturen ausgesetzt, was zu Rissen f\u00fchren kann. Deshalb sind die \u201arichtige\u2018 Materialzusammensetzung sowie der\u00a0 innere Aufbau mit speziellen Textileinlagen und Metall- beziehungsweise Kunststoffst\u00fctzringen ausschlaggebend f\u00fcr die Lebensdauer dieser\u00a0 hochbeanspruchten Schl\u00e4uche. Das gilt den Turbolader- Fachleuten von DT Diesel\u00a0 Technic zufolge f\u00fcr Original- und Ersatzschl\u00e4uche gleicherma\u00dfen.<\/p>\n<p>Mit der Marke \u201aDT Spare Parts\u2018 bietet das Unternehmen unter den\u00a0 Artikelbezeichnungen \u201a1.11618\u2018und \u201a1.11619\u2018 Ladeluftschl\u00e4uche an, die aufgrund\u00a0 ihres speziellen Kautschukmaterials (MVQ\/ FMVQ beziehungsweise ECO\/MVQ)\u00a0 besonders temperaturbest\u00e4ndig und unempfindlich gegen \u00d6lnebel sein sollen. Definierte Falten sowie mehrschichtige Textileinlagen sollen die Ersatzschl\u00e4uche\u00a0 lange elastisch halten. F\u00fcr die Stabilit\u00e4t der Ladeluftschla\u0308uche sind den\u00a0 Produktinformationen zufolge Edelstahlstu\u0308tzringe verantwortlich. Versta\u0308rkungsringe\u00a0 an den Schlauchenden sollen zudem eine einwandfreie Montage und einen festen Sitz gew\u00e4hrleisten. Die Turbofachleute von DT weisen zudem darauf hin, dass man\u00a0 Ladeluftschla\u0308uche aufgrund unterschiedlicher Materialzusammensetzungen nicht\u00a0 untereinander vertauschen darf, da es andernfalls zu einem vorzeitigen Ausfall kommen kann.<\/p>\n<p><i>Den Beitrag finden Sie auch in der Print-Ausgabe 3\/18 der <a href=\"https:\/\/www.krafthand.de\/truck\/magazin\/\" title=\"Zum Magazin\">Krafthand-Truck<\/a>.<\/i><\/p>","protected":false},"excerpt":{"rendered":"<p>Ladeluftschl\u00e4uche altern, zudem sind sie im Motorraum den unterschiedlichsten chemischen Medien sowie hohen Umgebungstemperaturen ausgesetzt, was zu Rissen f\u00fchren kann. Deshalb sind die \u201arichtige\u2018 Materialzusammensetzung sowie der\u00a0 innere Aufbau mit speziellen Textileinlagen und Metall- beziehungsweise Kunststoffst\u00fctzringen ausschlaggebend f\u00fcr die Lebensdauer dieser\u00a0 hochbeanspruchten Schl\u00e4uche. Das gilt den Turbolader- Fachleuten von DT Diesel\u00a0 Technic zufolge f\u00fcr Original- <span class=\"excerpt-more__dots\">&#8230;<\/span> <a class=\"excerpt-more__link\" href=\"https:\/\/www.krafthand.de\/truck\/artikel\/auf-die-mischung-kommt-es-an-24366\/\" >weiter<\/a><\/p>\n","protected":false},"author":6,"featured_media":24367,"comment_status":"closed","ping_status":"closed","sticky":false,"template":"","format":"standard","meta":{"footnotes":""},"categories":[5],"tags":[3723,1833,3724,367],"settings":[],"class_list":["post-24366","post","type-post","status-publish","format-standard","has-post-thumbnail","hentry","category-branche","tag-dt-diesel-technic","tag-ladeluftschlauch","tag-spareparts","tag-turbolader"],"yoast_head":"<!-- This site is optimized with the Yoast SEO plugin v27.3 - https:\/\/yoast.com\/product\/yoast-seo-wordpress\/ -->\n<title>Auf die Mischung kommt es an - Krafthand-Truck<\/title>\n<meta name=\"robots\" content=\"index, follow, max-snippet:-1, max-image-preview:large, max-video-preview:-1\" \/>\n<link rel=\"canonical\" href=\"https:\/\/www.krafthand.de\/truck\/artikel\/auf-die-mischung-kommt-es-an-24366\/\" \/>\n<meta property=\"og:locale\" content=\"de_DE\" \/>\n<meta property=\"og:type\" content=\"article\" \/>\n<meta property=\"og:title\" content=\"Auf die Mischung kommt es an - Krafthand-Truck\" \/>\n<meta property=\"og:description\" content=\"Ladeluftschl\u00e4uche altern, zudem sind sie im Motorraum den unterschiedlichsten chemischen Medien sowie hohen Umgebungstemperaturen ausgesetzt, was zu Rissen f\u00fchren kann. Deshalb sind die \u201arichtige\u2018 Materialzusammensetzung sowie der\u00a0 innere Aufbau mit speziellen Textileinlagen und Metall- beziehungsweise Kunststoffst\u00fctzringen ausschlaggebend f\u00fcr die Lebensdauer dieser\u00a0 hochbeanspruchten Schl\u00e4uche. Das gilt den Turbolader- Fachleuten von DT Diesel\u00a0 Technic zufolge f\u00fcr Original- ... weiter\" \/>\n<meta property=\"og:url\" content=\"https:\/\/www.krafthand-truck.de\/artikel\/auf-die-mischung-kommt-es-an-24366\/\" \/>\n<meta property=\"og:site_name\" content=\"Krafthand-Truck\" \/>\n<meta property=\"article:published_time\" content=\"2018-11-15T06:30:32+00:00\" \/>\n<meta property=\"og:image\" content=\"https:\/\/www.krafthand.de\/truck\/wp-content\/uploads\/2018\/11\/Truck_0318_031.jpg\" \/>\n\t<meta property=\"og:image:width\" content=\"1000\" \/>\n\t<meta property=\"og:image:height\" content=\"815\" \/>\n\t<meta property=\"og:image:type\" content=\"image\/jpeg\" \/>\n<meta name=\"author\" content=\"elisabeth.mair@krafthand.de\" \/>\n<meta name=\"twitter:card\" content=\"summary_large_image\" \/>\n<meta name=\"twitter:label1\" content=\"Verfasst von\" \/>\n\t<meta name=\"twitter:data1\" content=\"elisabeth.mair@krafthand.de\" \/>\n\t<meta name=\"twitter:label2\" content=\"Gesch\u00e4tzte Lesezeit\" \/>\n\t<meta name=\"twitter:data2\" content=\"1\u00a0Minute\" \/>\n<script type=\"application\/ld+json\" class=\"yoast-schema-graph\">{\"@context\":\"https:\\\/\\\/schema.org\",\"@graph\":[{\"@type\":\"Article\",\"@id\":\"https:\\\/\\\/www.krafthand.de\\\/truck\\\/artikel\\\/auf-die-mischung-kommt-es-an-24366\\\/#article\",\"isPartOf\":{\"@id\":\"https:\\\/\\\/www.krafthand.de\\\/truck\\\/artikel\\\/auf-die-mischung-kommt-es-an-24366\\\/\"},\"author\":{\"name\":\"elisabeth.mair@krafthand.de\",\"@id\":\"https:\\\/\\\/www.krafthand.de\\\/truck\\\/#\\\/schema\\\/person\\\/25290391c443ebfc18583f19f72a0c26\"},\"headline\":\"Auf die Mischung kommt es an\",\"datePublished\":\"2018-11-15T06:30:32+00:00\",\"mainEntityOfPage\":{\"@id\":\"https:\\\/\\\/www.krafthand.de\\\/truck\\\/artikel\\\/auf-die-mischung-kommt-es-an-24366\\\/\"},\"wordCount\":178,\"image\":{\"@id\":\"https:\\\/\\\/www.krafthand.de\\\/truck\\\/artikel\\\/auf-die-mischung-kommt-es-an-24366\\\/#primaryimage\"},\"thumbnailUrl\":\"https:\\\/\\\/static.krafthand-truck.de\\\/uploads\\\/2018\\\/11\\\/Truck_0318_031.jpg\",\"keywords\":[\"DT Diesel Technic\",\"Ladeluftschlauch\",\"Spareparts\",\"Turbolader\"],\"articleSection\":[\"Nfz-Branche\"],\"inLanguage\":\"de\"},{\"@type\":\"WebPage\",\"@id\":\"https:\\\/\\\/www.krafthand.de\\\/truck\\\/artikel\\\/auf-die-mischung-kommt-es-an-24366\\\/\",\"url\":\"https:\\\/\\\/www.krafthand.de\\\/truck\\\/artikel\\\/auf-die-mischung-kommt-es-an-24366\\\/\",\"name\":\"Auf die Mischung kommt es an - Krafthand-Truck\",\"isPartOf\":{\"@id\":\"https:\\\/\\\/www.krafthand.de\\\/truck\\\/#website\"},\"primaryImageOfPage\":{\"@id\":\"https:\\\/\\\/www.krafthand.de\\\/truck\\\/artikel\\\/auf-die-mischung-kommt-es-an-24366\\\/#primaryimage\"},\"image\":{\"@id\":\"https:\\\/\\\/www.krafthand.de\\\/truck\\\/artikel\\\/auf-die-mischung-kommt-es-an-24366\\\/#primaryimage\"},\"thumbnailUrl\":\"https:\\\/\\\/static.krafthand-truck.de\\\/uploads\\\/2018\\\/11\\\/Truck_0318_031.jpg\",\"datePublished\":\"2018-11-15T06:30:32+00:00\",\"author\":{\"@id\":\"https:\\\/\\\/www.krafthand.de\\\/truck\\\/#\\\/schema\\\/person\\\/25290391c443ebfc18583f19f72a0c26\"},\"breadcrumb\":{\"@id\":\"https:\\\/\\\/www.krafthand.de\\\/truck\\\/artikel\\\/auf-die-mischung-kommt-es-an-24366\\\/#breadcrumb\"},\"inLanguage\":\"de\",\"potentialAction\":[{\"@type\":\"ReadAction\",\"target\":[\"https:\\\/\\\/www.krafthand.de\\\/truck\\\/artikel\\\/auf-die-mischung-kommt-es-an-24366\\\/\"]}]},{\"@type\":\"ImageObject\",\"inLanguage\":\"de\",\"@id\":\"https:\\\/\\\/www.krafthand.de\\\/truck\\\/artikel\\\/auf-die-mischung-kommt-es-an-24366\\\/#primaryimage\",\"url\":\"https:\\\/\\\/static.krafthand-truck.de\\\/uploads\\\/2018\\\/11\\\/Truck_0318_031.jpg\",\"contentUrl\":\"https:\\\/\\\/static.krafthand-truck.de\\\/uploads\\\/2018\\\/11\\\/Truck_0318_031.jpg\",\"width\":1000,\"height\":815,\"caption\":\"DT Diesel Technic Ladeluftschl\u00e4uche\"},{\"@type\":\"BreadcrumbList\",\"@id\":\"https:\\\/\\\/www.krafthand.de\\\/truck\\\/artikel\\\/auf-die-mischung-kommt-es-an-24366\\\/#breadcrumb\",\"itemListElement\":[{\"@type\":\"ListItem\",\"position\":1,\"name\":\"Krafthand-Truck\",\"item\":\"https:\\\/\\\/www.krafthand.de\\\/truck\\\/\"},{\"@type\":\"ListItem\",\"position\":2,\"name\":\"Nfz-Branche\",\"item\":\"https:\\\/\\\/www.krafthand.de\\\/truck\\\/kategorie\\\/branche\\\/\"},{\"@type\":\"ListItem\",\"position\":3,\"name\":\"Auf die Mischung kommt es an\"}]},{\"@type\":\"WebSite\",\"@id\":\"https:\\\/\\\/www.krafthand.de\\\/truck\\\/#website\",\"url\":\"https:\\\/\\\/www.krafthand.de\\\/truck\\\/\",\"name\":\"Krafthand-Truck\",\"description\":\"\",\"potentialAction\":[{\"@type\":\"SearchAction\",\"target\":{\"@type\":\"EntryPoint\",\"urlTemplate\":\"https:\\\/\\\/www.krafthand.de\\\/truck\\\/?s={search_term_string}\"},\"query-input\":{\"@type\":\"PropertyValueSpecification\",\"valueRequired\":true,\"valueName\":\"search_term_string\"}}],\"inLanguage\":\"de\"},{\"@type\":\"Person\",\"@id\":\"https:\\\/\\\/www.krafthand.de\\\/truck\\\/#\\\/schema\\\/person\\\/25290391c443ebfc18583f19f72a0c26\",\"name\":\"elisabeth.mair@krafthand.de\",\"image\":{\"@type\":\"ImageObject\",\"inLanguage\":\"de\",\"@id\":\"https:\\\/\\\/secure.gravatar.com\\\/avatar\\\/5f0e25e42e13f6e7631bd6597cd91b90228ead6b823ba81a6c8ee32fe135d72e?s=96&d=mm&r=g\",\"url\":\"https:\\\/\\\/secure.gravatar.com\\\/avatar\\\/5f0e25e42e13f6e7631bd6597cd91b90228ead6b823ba81a6c8ee32fe135d72e?s=96&d=mm&r=g\",\"contentUrl\":\"https:\\\/\\\/secure.gravatar.com\\\/avatar\\\/5f0e25e42e13f6e7631bd6597cd91b90228ead6b823ba81a6c8ee32fe135d72e?s=96&d=mm&r=g\",\"caption\":\"elisabeth.mair@krafthand.de\"}}]}<\/script>\n<!-- \/ Yoast SEO plugin. -->","yoast_head_json":{"title":"Auf die Mischung kommt es an - Krafthand-Truck","robots":{"index":"index","follow":"follow","max-snippet":"max-snippet:-1","max-image-preview":"max-image-preview:large","max-video-preview":"max-video-preview:-1"},"canonical":"https:\/\/www.krafthand.de\/truck\/artikel\/auf-die-mischung-kommt-es-an-24366\/","og_locale":"de_DE","og_type":"article","og_title":"Auf die Mischung kommt es an - Krafthand-Truck","og_description":"Ladeluftschl\u00e4uche altern, zudem sind sie im Motorraum den unterschiedlichsten chemischen Medien sowie hohen Umgebungstemperaturen ausgesetzt, was zu Rissen f\u00fchren kann. Deshalb sind die \u201arichtige\u2018 Materialzusammensetzung sowie der\u00a0 innere Aufbau mit speziellen Textileinlagen und Metall- beziehungsweise Kunststoffst\u00fctzringen ausschlaggebend f\u00fcr die Lebensdauer dieser\u00a0 hochbeanspruchten Schl\u00e4uche. Das gilt den Turbolader- Fachleuten von DT Diesel\u00a0 Technic zufolge f\u00fcr Original- ... weiter","og_url":"https:\/\/www.krafthand-truck.de\/artikel\/auf-die-mischung-kommt-es-an-24366\/","og_site_name":"Krafthand-Truck","article_published_time":"2018-11-15T06:30:32+00:00","og_image":[{"width":1000,"height":815,"url":"https:\/\/www.krafthand.de\/truck\/wp-content\/uploads\/2018\/11\/Truck_0318_031.jpg","type":"image\/jpeg"}],"author":"elisabeth.mair@krafthand.de","twitter_card":"summary_large_image","twitter_misc":{"Verfasst von":"elisabeth.mair@krafthand.de","Gesch\u00e4tzte Lesezeit":"1\u00a0Minute"},"schema":{"@context":"https:\/\/schema.org","@graph":[{"@type":"Article","@id":"https:\/\/www.krafthand.de\/truck\/artikel\/auf-die-mischung-kommt-es-an-24366\/#article","isPartOf":{"@id":"https:\/\/www.krafthand.de\/truck\/artikel\/auf-die-mischung-kommt-es-an-24366\/"},"author":{"name":"elisabeth.mair@krafthand.de","@id":"https:\/\/www.krafthand.de\/truck\/#\/schema\/person\/25290391c443ebfc18583f19f72a0c26"},"headline":"Auf die Mischung kommt es an","datePublished":"2018-11-15T06:30:32+00:00","mainEntityOfPage":{"@id":"https:\/\/www.krafthand.de\/truck\/artikel\/auf-die-mischung-kommt-es-an-24366\/"},"wordCount":178,"image":{"@id":"https:\/\/www.krafthand.de\/truck\/artikel\/auf-die-mischung-kommt-es-an-24366\/#primaryimage"},"thumbnailUrl":"https:\/\/static.krafthand-truck.de\/uploads\/2018\/11\/Truck_0318_031.jpg","keywords":["DT Diesel Technic","Ladeluftschlauch","Spareparts","Turbolader"],"articleSection":["Nfz-Branche"],"inLanguage":"de"},{"@type":"WebPage","@id":"https:\/\/www.krafthand.de\/truck\/artikel\/auf-die-mischung-kommt-es-an-24366\/","url":"https:\/\/www.krafthand.de\/truck\/artikel\/auf-die-mischung-kommt-es-an-24366\/","name":"Auf die Mischung kommt es an - Krafthand-Truck","isPartOf":{"@id":"https:\/\/www.krafthand.de\/truck\/#website"},"primaryImageOfPage":{"@id":"https:\/\/www.krafthand.de\/truck\/artikel\/auf-die-mischung-kommt-es-an-24366\/#primaryimage"},"image":{"@id":"https:\/\/www.krafthand.de\/truck\/artikel\/auf-die-mischung-kommt-es-an-24366\/#primaryimage"},"thumbnailUrl":"https:\/\/static.krafthand-truck.de\/uploads\/2018\/11\/Truck_0318_031.jpg","datePublished":"2018-11-15T06:30:32+00:00","author":{"@id":"https:\/\/www.krafthand.de\/truck\/#\/schema\/person\/25290391c443ebfc18583f19f72a0c26"},"breadcrumb":{"@id":"https:\/\/www.krafthand.de\/truck\/artikel\/auf-die-mischung-kommt-es-an-24366\/#breadcrumb"},"inLanguage":"de","potentialAction":[{"@type":"ReadAction","target":["https:\/\/www.krafthand.de\/truck\/artikel\/auf-die-mischung-kommt-es-an-24366\/"]}]},{"@type":"ImageObject","inLanguage":"de","@id":"https:\/\/www.krafthand.de\/truck\/artikel\/auf-die-mischung-kommt-es-an-24366\/#primaryimage","url":"https:\/\/static.krafthand-truck.de\/uploads\/2018\/11\/Truck_0318_031.jpg","contentUrl":"https:\/\/static.krafthand-truck.de\/uploads\/2018\/11\/Truck_0318_031.jpg","width":1000,"height":815,"caption":"DT Diesel Technic Ladeluftschl\u00e4uche"},{"@type":"BreadcrumbList","@id":"https:\/\/www.krafthand.de\/truck\/artikel\/auf-die-mischung-kommt-es-an-24366\/#breadcrumb","itemListElement":[{"@type":"ListItem","position":1,"name":"Krafthand-Truck","item":"https:\/\/www.krafthand.de\/truck\/"},{"@type":"ListItem","position":2,"name":"Nfz-Branche","item":"https:\/\/www.krafthand.de\/truck\/kategorie\/branche\/"},{"@type":"ListItem","position":3,"name":"Auf die Mischung kommt es an"}]},{"@type":"WebSite","@id":"https:\/\/www.krafthand.de\/truck\/#website","url":"https:\/\/www.krafthand.de\/truck\/","name":"Krafthand-Truck","description":"","potentialAction":[{"@type":"SearchAction","target":{"@type":"EntryPoint","urlTemplate":"https:\/\/www.krafthand.de\/truck\/?s={search_term_string}"},"query-input":{"@type":"PropertyValueSpecification","valueRequired":true,"valueName":"search_term_string"}}],"inLanguage":"de"},{"@type":"Person","@id":"https:\/\/www.krafthand.de\/truck\/#\/schema\/person\/25290391c443ebfc18583f19f72a0c26","name":"elisabeth.mair@krafthand.de","image":{"@type":"ImageObject","inLanguage":"de","@id":"https:\/\/secure.gravatar.com\/avatar\/5f0e25e42e13f6e7631bd6597cd91b90228ead6b823ba81a6c8ee32fe135d72e?s=96&d=mm&r=g","url":"https:\/\/secure.gravatar.com\/avatar\/5f0e25e42e13f6e7631bd6597cd91b90228ead6b823ba81a6c8ee32fe135d72e?s=96&d=mm&r=g","contentUrl":"https:\/\/secure.gravatar.com\/avatar\/5f0e25e42e13f6e7631bd6597cd91b90228ead6b823ba81a6c8ee32fe135d72e?s=96&d=mm&r=g","caption":"elisabeth.mair@krafthand.de"}}]}},"_links":{"self":[{"href":"https:\/\/www.krafthand.de\/truck\/wp-json\/wp\/v2\/posts\/24366","targetHints":{"allow":["GET"]}}],"collection":[{"href":"https:\/\/www.krafthand.de\/truck\/wp-json\/wp\/v2\/posts"}],"about":[{"href":"https:\/\/www.krafthand.de\/truck\/wp-json\/wp\/v2\/types\/post"}],"author":[{"embeddable":true,"href":"https:\/\/www.krafthand.de\/truck\/wp-json\/wp\/v2\/users\/6"}],"replies":[{"embeddable":true,"href":"https:\/\/www.krafthand.de\/truck\/wp-json\/wp\/v2\/comments?post=24366"}],"version-history":[{"count":2,"href":"https:\/\/www.krafthand.de\/truck\/wp-json\/wp\/v2\/posts\/24366\/revisions"}],"predecessor-version":[{"id":24369,"href":"https:\/\/www.krafthand.de\/truck\/wp-json\/wp\/v2\/posts\/24366\/revisions\/24369"}],"wp:featuredmedia":[{"embeddable":true,"href":"https:\/\/www.krafthand.de\/truck\/wp-json\/wp\/v2\/media\/24367"}],"wp:attachment":[{"href":"https:\/\/www.krafthand.de\/truck\/wp-json\/wp\/v2\/media?parent=24366"}],"wp:term":[{"taxonomy":"category","embeddable":true,"href":"https:\/\/www.krafthand.de\/truck\/wp-json\/wp\/v2\/categories?post=24366"},{"taxonomy":"post_tag","embeddable":true,"href":"https:\/\/www.krafthand.de\/truck\/wp-json\/wp\/v2\/tags?post=24366"},{"taxonomy":"settings","embeddable":true,"href":"https:\/\/www.krafthand.de\/truck\/wp-json\/wp\/v2\/settings?post=24366"}],"curies":[{"name":"wp","href":"https:\/\/api.w.org\/{rel}","templated":true}]}}