{"id":24356,"date":"2018-11-13T07:30:45","date_gmt":"2018-11-13T06:30:45","guid":{"rendered":"https:\/\/www.krafthand.de\/truck\/?p=24356"},"modified":"2018-11-06T14:33:33","modified_gmt":"2018-11-06T13:33:33","slug":"wenn-dem-turbolader-die-puste-ausgeht","status":"publish","type":"post","link":"https:\/\/www.krafthand.de\/truck\/artikel\/wenn-dem-turbolader-die-puste-ausgeht-24356\/","title":{"rendered":"Wenn dem Turbolader die Puste ausgeht&#8230;"},"content":{"rendered":"<p>Platzt ein maroder Ladeluftschlauch oder rutscht er von seinem Flansch ab, weil die Befestigungsschelle defekt ist, verliert der Motor schlagartig an Leistung. H\u00e4ufig kommt es auch zum Schwarzrauchen und die Motorkontrollleuchte im\u00a0 Armaturenbrett signalisiert, dass etwas mit dem Motormanagement nicht stimmt. Im\u00a0 Extremfall kann es sogar zum \u00dcberdrehen des Turboladers kommen, weil wegen der offenen Ladeluftstrecke nun der Gegendruck fehlt. \u201eBesonders dramatisch wirkt\u00a0 sich ein schadhafter Ladeluftschlauch bei einem schwer beladenen Lkw aus, da\u00a0 dieser aufgrund des Leistungsverlusts meist nicht mehr weiterfahren kann\u201c, wei\u00df\u00a0 Sascha Keller, technischer Marketing-Manager bei der \u201aTruck Division\u2018 von Febi\u00a0 Bilstein in Ennepetal.<\/p>\n<p>Beim Ersatz eines Ladeluftschlauches gibt es dem Fachmann zufolge jedoch einiges zu beachten. \u201eLadeluftschl\u00e4uche bestehen aus einem mehrlagigen Verbund aus\u00a0 Elastomer-Werkstoff, also Weichgummi, und Festigkeitstr\u00e4gern. Diese bestehen aus\u00a0 synthetischen Fasermaterialien und werden als Garne oder Gewebe aus\u00a0 Endlosfilamenten oder Stapelfasergarnen eingebaut. Je nach Anwendungsfall verst\u00e4rken Polyamid-, Polyester- sowie Aramidfasern den Ladeluftschlauch und\u00a0 abh\u00e4ngig von den Anforderungen sind die Schl\u00e4uche zwei- bis f\u00fcnflagig aufgebaut\u201c,\u00a0 berichtet der Ersatzteilexperte. Entsprechend der geforderten Flexibilit\u00e4t verwende\u00a0 man innen glatte Schl\u00e4uche mit unterschiedlichen Faltengeometrien au\u00dfen.\u00a0 \u201eStahlringe auf der Au\u00dfenseite verhindern, dass sich die Falten unter dem Ladedruck\u00a0 ie ein Ballon aufbl\u00e4hen oder bei Unterdruck kollabieren\u201c, erkl\u00e4rt Keller.<\/p>\n<figure id=\"attachment_24358\" aria-describedby=\"caption-attachment-24358\" style=\"width: 1000px\" class=\"wp-caption alignnone\"><img fetchpriority=\"high\" decoding=\"async\" class=\"size-full wp-image-24358\" src=\"https:\/\/www.krafthand.de\/truck\/wp-content\/uploads\/2018\/11\/Truck_0318_029_2.jpg\" alt=\"Aufgeschnittener Ladeluftschlauch\" width=\"1000\" height=\"206\" srcset=\"https:\/\/static.krafthand-truck.de\/uploads\/2018\/11\/Truck_0318_029_2.jpg 1000w, https:\/\/static.krafthand-truck.de\/uploads\/2018\/11\/Truck_0318_029_2-300x62.jpg 300w, https:\/\/static.krafthand-truck.de\/uploads\/2018\/11\/Truck_0318_029_2-768x158.jpg 768w\" sizes=\"(max-width: 1000px) 100vw, 1000px\" \/><figcaption id=\"caption-attachment-24358\" class=\"wp-caption-text\">An diesem aufgeschnittenen Ladeluftschlauch ist der ins Elastomer eingearbeitete Festigkeitstr\u00e4ger gut zu erkennen. Je nach Beanspruchung kann dieser aus Polyamid-, Polyester- sowie Aramidfasern bestehen.<\/figcaption><\/figure>\n<p>Die Innenschicht m\u00fcsse \u00f6lresistent sein und auch aggressiven Verbren- nungsgasen\u00a0 widerstehen. Die Au\u00dfenschicht dagegen sollte \u00d6len, Kraftstoffen und anderen im\u00a0 Motorraum \u00fcblichen Betriebsfl\u00fcssigkeiten trotzen k\u00f6nnen, die nicht nur im\u00a0 Fahrbetrieb, sondern auch bei Wartungs- und Instandhaltungsarbeiten mit den\u00a0 Schl\u00e4uchen in Kontakt kommen k\u00f6nnten. Ein Knackpunkt ist laut Febi zudem die\u00a0 dynamische Best\u00e4ndigkeit des Verbunds Werkstoff und Festigkeitstr\u00e4ger.<\/p>\n<p>Sein Augenmerk sollte der Werkstattfachmann aber auch auf die\u00a0 Befestigungsschellen legen, empfiehlt Produktspezialist Keller. Demnach k\u00f6nnten sich herk\u00f6mmliche Schraub- oder Klemmschellen durch mechanische und thermische Einfl\u00fcsse l\u00f6sen und abfallen. Bei speziellen \u201aTurbo-Schellen\u2018 dagegen gleiche deren spezielle Konstruktion die W\u00e4rmeausdehnung im Fahrbetrieb aus und\u00a0 halte den Schlauch sicher auf seinem Flansch. Um auf Nummer sicher zu gehen, r\u00e4t\u00a0 Sascha Keller deshalb zum \u201aPro-Kit\u2018, das es auch f\u00fcr Ladeluftschl\u00e4uche gibt. Wie alle\u00a0 \u201aProKits\u2018 des Ennepetaler Nutzfahrzeugteile-Spezialisten, so enth\u00e4lt auch das\u00a0 \u201aSchlauch-ProKit\u2018 neben dem eigentlichen Ersatzteil zus\u00e4tzlich noch das notwendige\u00a0 Anbaumaterial. \u201eDamit kann ein defekter Ladeluftschlauch \u201anonstop\u2018 ausgetauscht\u00a0 werden, ohne dass der Mechaniker zus\u00e4tzliche \u2013 und unn\u00f6tige \u2013 Besorgungsfahrten\u00a0 auf sich nehmen muss\u201c, res\u00fcmiert der Nutzfahrzeugfachmann.<\/p>\n<figure id=\"attachment_24359\" aria-describedby=\"caption-attachment-24359\" style=\"width: 1000px\" class=\"wp-caption alignnone\"><img decoding=\"async\" class=\"size-full wp-image-24359\" src=\"https:\/\/www.krafthand.de\/truck\/wp-content\/uploads\/2018\/11\/Truck_0318_029_3.jpg\" alt=\"Reparatursatz ProKit\" width=\"1000\" height=\"700\" srcset=\"https:\/\/static.krafthand-truck.de\/uploads\/2018\/11\/Truck_0318_029_3.jpg 1000w, https:\/\/static.krafthand-truck.de\/uploads\/2018\/11\/Truck_0318_029_3-300x210.jpg 300w, https:\/\/static.krafthand-truck.de\/uploads\/2018\/11\/Truck_0318_029_3-768x538.jpg 768w\" sizes=\"(max-width: 1000px) 100vw, 1000px\" \/><figcaption id=\"caption-attachment-24359\" class=\"wp-caption-text\">Ein kompletter Reparatursatz wie das \u201aProKit\u2018 von Febi, der nicht nur das Ersatzteil, sondern auch\u00a0 alle notwendigen Befestigungsmaterialien beinhaltet, vermeidet unn\u00f6tigen\u00a0 \u201aBeschaffungstourismus\u2018.<\/figcaption><\/figure>\n<p><i>Den Beitrag finden Sie auch in der Print-Ausgabe 3\/18 der <a href=\"https:\/\/www.krafthand.de\/truck\/magazin\/\" title=\"Zum Magazin\">Krafthand-Truck<\/a>.<\/i><\/p>","protected":false},"excerpt":{"rendered":"<p>Platzt ein maroder Ladeluftschlauch oder rutscht er von seinem Flansch ab, weil die Befestigungsschelle defekt ist, verliert der Motor schlagartig an Leistung. H\u00e4ufig kommt es auch zum Schwarzrauchen und die Motorkontrollleuchte im\u00a0 Armaturenbrett signalisiert, dass etwas mit dem Motormanagement nicht stimmt. Im\u00a0 Extremfall kann es sogar zum \u00dcberdrehen des Turboladers kommen, weil wegen der offenen <span class=\"excerpt-more__dots\">&#8230;<\/span> <a class=\"excerpt-more__link\" href=\"https:\/\/www.krafthand.de\/truck\/artikel\/wenn-dem-turbolader-die-puste-ausgeht-24356\/\" >weiter<\/a><\/p>\n","protected":false},"author":6,"featured_media":24357,"comment_status":"closed","ping_status":"closed","sticky":false,"template":"","format":"standard","meta":{"footnotes":""},"categories":[5],"tags":[1481,3720,906,367],"settings":[],"class_list":["post-24356","post","type-post","status-publish","format-standard","has-post-thumbnail","hentry","category-branche","tag-febi","tag-prokit","tag-reparatursatz","tag-turbolader"],"yoast_head":"<!-- This site is optimized with the Yoast SEO plugin v27.3 - https:\/\/yoast.com\/product\/yoast-seo-wordpress\/ -->\n<title>Wenn dem Turbolader die Puste ausgeht... - Krafthand-Truck<\/title>\n<meta name=\"robots\" content=\"index, follow, max-snippet:-1, max-image-preview:large, max-video-preview:-1\" \/>\n<link rel=\"canonical\" href=\"https:\/\/www.krafthand.de\/truck\/artikel\/wenn-dem-turbolader-die-puste-ausgeht-24356\/\" \/>\n<meta property=\"og:locale\" content=\"de_DE\" \/>\n<meta property=\"og:type\" content=\"article\" \/>\n<meta property=\"og:title\" content=\"Wenn dem Turbolader die Puste ausgeht... - Krafthand-Truck\" \/>\n<meta property=\"og:description\" content=\"Platzt ein maroder Ladeluftschlauch oder rutscht er von seinem Flansch ab, weil die Befestigungsschelle defekt ist, verliert der Motor schlagartig an Leistung. H\u00e4ufig kommt es auch zum Schwarzrauchen und die Motorkontrollleuchte im\u00a0 Armaturenbrett signalisiert, dass etwas mit dem Motormanagement nicht stimmt. Im\u00a0 Extremfall kann es sogar zum \u00dcberdrehen des Turboladers kommen, weil wegen der offenen ... weiter\" \/>\n<meta property=\"og:url\" content=\"https:\/\/www.krafthand-truck.de\/artikel\/wenn-dem-turbolader-die-puste-ausgeht-24356\/\" \/>\n<meta property=\"og:site_name\" content=\"Krafthand-Truck\" \/>\n<meta property=\"article:published_time\" content=\"2018-11-13T06:30:45+00:00\" \/>\n<meta property=\"og:image\" content=\"https:\/\/www.krafthand.de\/truck\/wp-content\/uploads\/2018\/11\/Truck_0318_029_1.jpg\" \/>\n\t<meta property=\"og:image:width\" content=\"729\" \/>\n\t<meta property=\"og:image:height\" content=\"1000\" \/>\n\t<meta property=\"og:image:type\" content=\"image\/jpeg\" \/>\n<meta name=\"author\" content=\"elisabeth.mair@krafthand.de\" \/>\n<meta name=\"twitter:card\" content=\"summary_large_image\" \/>\n<meta name=\"twitter:label1\" content=\"Verfasst von\" \/>\n\t<meta name=\"twitter:data1\" content=\"elisabeth.mair@krafthand.de\" \/>\n\t<meta name=\"twitter:label2\" content=\"Gesch\u00e4tzte Lesezeit\" \/>\n\t<meta name=\"twitter:data2\" content=\"2\u00a0Minuten\" \/>\n<script type=\"application\/ld+json\" class=\"yoast-schema-graph\">{\"@context\":\"https:\\\/\\\/schema.org\",\"@graph\":[{\"@type\":\"Article\",\"@id\":\"https:\\\/\\\/www.krafthand.de\\\/truck\\\/artikel\\\/wenn-dem-turbolader-die-puste-ausgeht-24356\\\/#article\",\"isPartOf\":{\"@id\":\"https:\\\/\\\/www.krafthand.de\\\/truck\\\/artikel\\\/wenn-dem-turbolader-die-puste-ausgeht-24356\\\/\"},\"author\":{\"name\":\"elisabeth.mair@krafthand.de\",\"@id\":\"https:\\\/\\\/www.krafthand.de\\\/truck\\\/#\\\/schema\\\/person\\\/25290391c443ebfc18583f19f72a0c26\"},\"headline\":\"Wenn dem Turbolader die Puste ausgeht&#8230;\",\"datePublished\":\"2018-11-13T06:30:45+00:00\",\"mainEntityOfPage\":{\"@id\":\"https:\\\/\\\/www.krafthand.de\\\/truck\\\/artikel\\\/wenn-dem-turbolader-die-puste-ausgeht-24356\\\/\"},\"wordCount\":468,\"image\":{\"@id\":\"https:\\\/\\\/www.krafthand.de\\\/truck\\\/artikel\\\/wenn-dem-turbolader-die-puste-ausgeht-24356\\\/#primaryimage\"},\"thumbnailUrl\":\"https:\\\/\\\/static.krafthand-truck.de\\\/uploads\\\/2018\\\/11\\\/Truck_0318_029_1.jpg\",\"keywords\":[\"Febi\",\"ProKit\",\"Reparatursatz\",\"Turbolader\"],\"articleSection\":[\"Nfz-Branche\"],\"inLanguage\":\"de\"},{\"@type\":\"WebPage\",\"@id\":\"https:\\\/\\\/www.krafthand.de\\\/truck\\\/artikel\\\/wenn-dem-turbolader-die-puste-ausgeht-24356\\\/\",\"url\":\"https:\\\/\\\/www.krafthand.de\\\/truck\\\/artikel\\\/wenn-dem-turbolader-die-puste-ausgeht-24356\\\/\",\"name\":\"Wenn dem Turbolader die Puste ausgeht... - Krafthand-Truck\",\"isPartOf\":{\"@id\":\"https:\\\/\\\/www.krafthand.de\\\/truck\\\/#website\"},\"primaryImageOfPage\":{\"@id\":\"https:\\\/\\\/www.krafthand.de\\\/truck\\\/artikel\\\/wenn-dem-turbolader-die-puste-ausgeht-24356\\\/#primaryimage\"},\"image\":{\"@id\":\"https:\\\/\\\/www.krafthand.de\\\/truck\\\/artikel\\\/wenn-dem-turbolader-die-puste-ausgeht-24356\\\/#primaryimage\"},\"thumbnailUrl\":\"https:\\\/\\\/static.krafthand-truck.de\\\/uploads\\\/2018\\\/11\\\/Truck_0318_029_1.jpg\",\"datePublished\":\"2018-11-13T06:30:45+00:00\",\"author\":{\"@id\":\"https:\\\/\\\/www.krafthand.de\\\/truck\\\/#\\\/schema\\\/person\\\/25290391c443ebfc18583f19f72a0c26\"},\"breadcrumb\":{\"@id\":\"https:\\\/\\\/www.krafthand.de\\\/truck\\\/artikel\\\/wenn-dem-turbolader-die-puste-ausgeht-24356\\\/#breadcrumb\"},\"inLanguage\":\"de\",\"potentialAction\":[{\"@type\":\"ReadAction\",\"target\":[\"https:\\\/\\\/www.krafthand.de\\\/truck\\\/artikel\\\/wenn-dem-turbolader-die-puste-ausgeht-24356\\\/\"]}]},{\"@type\":\"ImageObject\",\"inLanguage\":\"de\",\"@id\":\"https:\\\/\\\/www.krafthand.de\\\/truck\\\/artikel\\\/wenn-dem-turbolader-die-puste-ausgeht-24356\\\/#primaryimage\",\"url\":\"https:\\\/\\\/static.krafthand-truck.de\\\/uploads\\\/2018\\\/11\\\/Truck_0318_029_1.jpg\",\"contentUrl\":\"https:\\\/\\\/static.krafthand-truck.de\\\/uploads\\\/2018\\\/11\\\/Truck_0318_029_1.jpg\",\"width\":729,\"height\":1000,\"caption\":\"Ladeluftschlauch\"},{\"@type\":\"BreadcrumbList\",\"@id\":\"https:\\\/\\\/www.krafthand.de\\\/truck\\\/artikel\\\/wenn-dem-turbolader-die-puste-ausgeht-24356\\\/#breadcrumb\",\"itemListElement\":[{\"@type\":\"ListItem\",\"position\":1,\"name\":\"Krafthand-Truck\",\"item\":\"https:\\\/\\\/www.krafthand.de\\\/truck\\\/\"},{\"@type\":\"ListItem\",\"position\":2,\"name\":\"Nfz-Branche\",\"item\":\"https:\\\/\\\/www.krafthand.de\\\/truck\\\/kategorie\\\/branche\\\/\"},{\"@type\":\"ListItem\",\"position\":3,\"name\":\"Wenn dem Turbolader die Puste ausgeht&#8230;\"}]},{\"@type\":\"WebSite\",\"@id\":\"https:\\\/\\\/www.krafthand.de\\\/truck\\\/#website\",\"url\":\"https:\\\/\\\/www.krafthand.de\\\/truck\\\/\",\"name\":\"Krafthand-Truck\",\"description\":\"\",\"potentialAction\":[{\"@type\":\"SearchAction\",\"target\":{\"@type\":\"EntryPoint\",\"urlTemplate\":\"https:\\\/\\\/www.krafthand.de\\\/truck\\\/?s={search_term_string}\"},\"query-input\":{\"@type\":\"PropertyValueSpecification\",\"valueRequired\":true,\"valueName\":\"search_term_string\"}}],\"inLanguage\":\"de\"},{\"@type\":\"Person\",\"@id\":\"https:\\\/\\\/www.krafthand.de\\\/truck\\\/#\\\/schema\\\/person\\\/25290391c443ebfc18583f19f72a0c26\",\"name\":\"elisabeth.mair@krafthand.de\",\"image\":{\"@type\":\"ImageObject\",\"inLanguage\":\"de\",\"@id\":\"https:\\\/\\\/secure.gravatar.com\\\/avatar\\\/5f0e25e42e13f6e7631bd6597cd91b90228ead6b823ba81a6c8ee32fe135d72e?s=96&d=mm&r=g\",\"url\":\"https:\\\/\\\/secure.gravatar.com\\\/avatar\\\/5f0e25e42e13f6e7631bd6597cd91b90228ead6b823ba81a6c8ee32fe135d72e?s=96&d=mm&r=g\",\"contentUrl\":\"https:\\\/\\\/secure.gravatar.com\\\/avatar\\\/5f0e25e42e13f6e7631bd6597cd91b90228ead6b823ba81a6c8ee32fe135d72e?s=96&d=mm&r=g\",\"caption\":\"elisabeth.mair@krafthand.de\"}}]}<\/script>\n<!-- \/ Yoast SEO plugin. -->","yoast_head_json":{"title":"Wenn dem Turbolader die Puste ausgeht... - Krafthand-Truck","robots":{"index":"index","follow":"follow","max-snippet":"max-snippet:-1","max-image-preview":"max-image-preview:large","max-video-preview":"max-video-preview:-1"},"canonical":"https:\/\/www.krafthand.de\/truck\/artikel\/wenn-dem-turbolader-die-puste-ausgeht-24356\/","og_locale":"de_DE","og_type":"article","og_title":"Wenn dem Turbolader die Puste ausgeht... - Krafthand-Truck","og_description":"Platzt ein maroder Ladeluftschlauch oder rutscht er von seinem Flansch ab, weil die Befestigungsschelle defekt ist, verliert der Motor schlagartig an Leistung. H\u00e4ufig kommt es auch zum Schwarzrauchen und die Motorkontrollleuchte im\u00a0 Armaturenbrett signalisiert, dass etwas mit dem Motormanagement nicht stimmt. Im\u00a0 Extremfall kann es sogar zum \u00dcberdrehen des Turboladers kommen, weil wegen der offenen ... weiter","og_url":"https:\/\/www.krafthand-truck.de\/artikel\/wenn-dem-turbolader-die-puste-ausgeht-24356\/","og_site_name":"Krafthand-Truck","article_published_time":"2018-11-13T06:30:45+00:00","og_image":[{"width":729,"height":1000,"url":"https:\/\/www.krafthand.de\/truck\/wp-content\/uploads\/2018\/11\/Truck_0318_029_1.jpg","type":"image\/jpeg"}],"author":"elisabeth.mair@krafthand.de","twitter_card":"summary_large_image","twitter_misc":{"Verfasst von":"elisabeth.mair@krafthand.de","Gesch\u00e4tzte Lesezeit":"2\u00a0Minuten"},"schema":{"@context":"https:\/\/schema.org","@graph":[{"@type":"Article","@id":"https:\/\/www.krafthand.de\/truck\/artikel\/wenn-dem-turbolader-die-puste-ausgeht-24356\/#article","isPartOf":{"@id":"https:\/\/www.krafthand.de\/truck\/artikel\/wenn-dem-turbolader-die-puste-ausgeht-24356\/"},"author":{"name":"elisabeth.mair@krafthand.de","@id":"https:\/\/www.krafthand.de\/truck\/#\/schema\/person\/25290391c443ebfc18583f19f72a0c26"},"headline":"Wenn dem Turbolader die Puste ausgeht&#8230;","datePublished":"2018-11-13T06:30:45+00:00","mainEntityOfPage":{"@id":"https:\/\/www.krafthand.de\/truck\/artikel\/wenn-dem-turbolader-die-puste-ausgeht-24356\/"},"wordCount":468,"image":{"@id":"https:\/\/www.krafthand.de\/truck\/artikel\/wenn-dem-turbolader-die-puste-ausgeht-24356\/#primaryimage"},"thumbnailUrl":"https:\/\/static.krafthand-truck.de\/uploads\/2018\/11\/Truck_0318_029_1.jpg","keywords":["Febi","ProKit","Reparatursatz","Turbolader"],"articleSection":["Nfz-Branche"],"inLanguage":"de"},{"@type":"WebPage","@id":"https:\/\/www.krafthand.de\/truck\/artikel\/wenn-dem-turbolader-die-puste-ausgeht-24356\/","url":"https:\/\/www.krafthand.de\/truck\/artikel\/wenn-dem-turbolader-die-puste-ausgeht-24356\/","name":"Wenn dem Turbolader die Puste ausgeht... - Krafthand-Truck","isPartOf":{"@id":"https:\/\/www.krafthand.de\/truck\/#website"},"primaryImageOfPage":{"@id":"https:\/\/www.krafthand.de\/truck\/artikel\/wenn-dem-turbolader-die-puste-ausgeht-24356\/#primaryimage"},"image":{"@id":"https:\/\/www.krafthand.de\/truck\/artikel\/wenn-dem-turbolader-die-puste-ausgeht-24356\/#primaryimage"},"thumbnailUrl":"https:\/\/static.krafthand-truck.de\/uploads\/2018\/11\/Truck_0318_029_1.jpg","datePublished":"2018-11-13T06:30:45+00:00","author":{"@id":"https:\/\/www.krafthand.de\/truck\/#\/schema\/person\/25290391c443ebfc18583f19f72a0c26"},"breadcrumb":{"@id":"https:\/\/www.krafthand.de\/truck\/artikel\/wenn-dem-turbolader-die-puste-ausgeht-24356\/#breadcrumb"},"inLanguage":"de","potentialAction":[{"@type":"ReadAction","target":["https:\/\/www.krafthand.de\/truck\/artikel\/wenn-dem-turbolader-die-puste-ausgeht-24356\/"]}]},{"@type":"ImageObject","inLanguage":"de","@id":"https:\/\/www.krafthand.de\/truck\/artikel\/wenn-dem-turbolader-die-puste-ausgeht-24356\/#primaryimage","url":"https:\/\/static.krafthand-truck.de\/uploads\/2018\/11\/Truck_0318_029_1.jpg","contentUrl":"https:\/\/static.krafthand-truck.de\/uploads\/2018\/11\/Truck_0318_029_1.jpg","width":729,"height":1000,"caption":"Ladeluftschlauch"},{"@type":"BreadcrumbList","@id":"https:\/\/www.krafthand.de\/truck\/artikel\/wenn-dem-turbolader-die-puste-ausgeht-24356\/#breadcrumb","itemListElement":[{"@type":"ListItem","position":1,"name":"Krafthand-Truck","item":"https:\/\/www.krafthand.de\/truck\/"},{"@type":"ListItem","position":2,"name":"Nfz-Branche","item":"https:\/\/www.krafthand.de\/truck\/kategorie\/branche\/"},{"@type":"ListItem","position":3,"name":"Wenn dem Turbolader die Puste ausgeht&#8230;"}]},{"@type":"WebSite","@id":"https:\/\/www.krafthand.de\/truck\/#website","url":"https:\/\/www.krafthand.de\/truck\/","name":"Krafthand-Truck","description":"","potentialAction":[{"@type":"SearchAction","target":{"@type":"EntryPoint","urlTemplate":"https:\/\/www.krafthand.de\/truck\/?s={search_term_string}"},"query-input":{"@type":"PropertyValueSpecification","valueRequired":true,"valueName":"search_term_string"}}],"inLanguage":"de"},{"@type":"Person","@id":"https:\/\/www.krafthand.de\/truck\/#\/schema\/person\/25290391c443ebfc18583f19f72a0c26","name":"elisabeth.mair@krafthand.de","image":{"@type":"ImageObject","inLanguage":"de","@id":"https:\/\/secure.gravatar.com\/avatar\/5f0e25e42e13f6e7631bd6597cd91b90228ead6b823ba81a6c8ee32fe135d72e?s=96&d=mm&r=g","url":"https:\/\/secure.gravatar.com\/avatar\/5f0e25e42e13f6e7631bd6597cd91b90228ead6b823ba81a6c8ee32fe135d72e?s=96&d=mm&r=g","contentUrl":"https:\/\/secure.gravatar.com\/avatar\/5f0e25e42e13f6e7631bd6597cd91b90228ead6b823ba81a6c8ee32fe135d72e?s=96&d=mm&r=g","caption":"elisabeth.mair@krafthand.de"}}]}},"_links":{"self":[{"href":"https:\/\/www.krafthand.de\/truck\/wp-json\/wp\/v2\/posts\/24356","targetHints":{"allow":["GET"]}}],"collection":[{"href":"https:\/\/www.krafthand.de\/truck\/wp-json\/wp\/v2\/posts"}],"about":[{"href":"https:\/\/www.krafthand.de\/truck\/wp-json\/wp\/v2\/types\/post"}],"author":[{"embeddable":true,"href":"https:\/\/www.krafthand.de\/truck\/wp-json\/wp\/v2\/users\/6"}],"replies":[{"embeddable":true,"href":"https:\/\/www.krafthand.de\/truck\/wp-json\/wp\/v2\/comments?post=24356"}],"version-history":[{"count":1,"href":"https:\/\/www.krafthand.de\/truck\/wp-json\/wp\/v2\/posts\/24356\/revisions"}],"predecessor-version":[{"id":24360,"href":"https:\/\/www.krafthand.de\/truck\/wp-json\/wp\/v2\/posts\/24356\/revisions\/24360"}],"wp:featuredmedia":[{"embeddable":true,"href":"https:\/\/www.krafthand.de\/truck\/wp-json\/wp\/v2\/media\/24357"}],"wp:attachment":[{"href":"https:\/\/www.krafthand.de\/truck\/wp-json\/wp\/v2\/media?parent=24356"}],"wp:term":[{"taxonomy":"category","embeddable":true,"href":"https:\/\/www.krafthand.de\/truck\/wp-json\/wp\/v2\/categories?post=24356"},{"taxonomy":"post_tag","embeddable":true,"href":"https:\/\/www.krafthand.de\/truck\/wp-json\/wp\/v2\/tags?post=24356"},{"taxonomy":"settings","embeddable":true,"href":"https:\/\/www.krafthand.de\/truck\/wp-json\/wp\/v2\/settings?post=24356"}],"curies":[{"name":"wp","href":"https:\/\/api.w.org\/{rel}","templated":true}]}}