{"id":24350,"date":"2018-11-12T07:30:31","date_gmt":"2018-11-12T06:30:31","guid":{"rendered":"https:\/\/www.krafthand.de\/truck\/?p=24350"},"modified":"2018-11-06T14:11:26","modified_gmt":"2018-11-06T13:11:26","slug":"nutzfahrzeugteile-spezialist-feiert-70-jaehriges","status":"publish","type":"post","link":"https:\/\/www.krafthand.de\/truck\/artikel\/nutzfahrzeugteile-spezialist-feiert-70-jaehriges-24350\/","title":{"rendered":"Nutzfahrzeugteile-Spezialist feiert 70-J\u00e4hriges"},"content":{"rendered":"<p>In diesem Jahr feiert der Hagener Nutzfahrzeugteile-Gro\u00dfh\u00e4ndler Europart sein 70-j\u00e4hriges Bestehen. Als kleines regionales Handelsunternehmen mit sechs Mitarbeitern unter dem Namen Westdeutsche Federnzentrale Wachenfeld &amp; Co. KG (WFZ) gegr\u00fcndet, dessen Angebot haupts\u00e4chlich Federn, Lagern und Zubeh\u00f6r f\u00fcr\u00a0 Automobile und Nutzfahrzeuge enthielt, darf sich das Unternehmen mit mehr als\u00a0 1.800 Mitarbeitern in 300 Verkaufsh\u00e4usern in 28 L\u00e4ndern zu den Gro\u00dfen unter den\u00a0 europ\u00e4ischen Nutzfahrzeug-Ersatzteilh\u00e4ndlern z\u00e4hlen. Auch das Sortiment ist \u00fcber\u00a0 die Jahre stark gewachsen: mehr als 400.000 Teile z\u00e4hlt es derzeit nach eigenen Angaben, wobei die Produkte der 1995 ins Leben gerufenen Eigenmarke \u201aEuropart\u00a0 Premium Parts\u2018 mit deutlich mehr als 7.000 verf\u00fcgbaren Positionen eine wichtige\u00a0 Rolle spielen.\u00a0 Der Erfolg der Eigenmarke und die zunehmende Internationalisierung\u00a0 zeigten nach eigenem Bekunden eine nachhaltige Wirkung: Im Millennium-Jahr 2000\u00a0 erfolgte eine Umfirmierung \u2013 aus Westdeutsche Federnzentrale Wachenfeld &amp; Co. KG\u00a0 WFZ) wurde Europart. \u201eBei allem Wachstum und aller Internationalisierung haben wir aber nie vergessen, wo wir herkommen\u201c, res\u00fcmiert Europart- Chef Olaf\u00a0 Giesen. Bodenst\u00e4ndigkeit, Kundenn\u00e4he und Nutzfahrzeugkompetenz seien bis heute\u00a0 on besonderer Bedeutung f\u00fcr das Unternehmen. Flankierend zu den\u00a0 Jubil\u00e4umsveranstaltungen hat der Nutzfahrzeugteile-Spezialist eigens einen\u00a0 Jubil\u00e4ums-Katalog mit ausgesuchten Produkten und aktuellen Angeboten aufgelegt.\u00a0 Zudem gibt es das ganze Jahr \u00fcber in jedem Monat ein neues Jubil\u00e4umsmagazin, in\u00a0 dem elf treue Kunden mit ihren unterschiedlichen Leidenschaften portraitiert\u00a0 werden und diese ihre Leidenschaft zu Nutzfahrzeugen und ihre Verbundenheit mit\u00a0 Europart beschreiben. Alle Magazine, Ver\u00f6ffentlichungen, Videos und sonstigen Hinweise zum Jubil\u00e4um sind auf der Europart- Webseite unter <a href=\"http:\/\/www.europart.net\/de\/70jahre\">https:\/\/www.europart.net\/de\/70jahre<\/a> zu finden.<\/p>\n<p><img fetchpriority=\"high\" decoding=\"async\" class=\"alignnone size-full wp-image-24354\" src=\"https:\/\/www.krafthand.de\/truck\/wp-content\/uploads\/2018\/11\/Truck_0318_018_2.jpg\" alt=\"Europart Premium Parts-Sortiment\" width=\"1000\" height=\"669\" srcset=\"https:\/\/static.krafthand-truck.de\/uploads\/2018\/11\/Truck_0318_018_2.jpg 1000w, https:\/\/static.krafthand-truck.de\/uploads\/2018\/11\/Truck_0318_018_2-300x201.jpg 300w, https:\/\/static.krafthand-truck.de\/uploads\/2018\/11\/Truck_0318_018_2-768x514.jpg 768w\" sizes=\"(max-width: 1000px) 100vw, 1000px\" \/><\/p>\n<p><i>Den Beitrag finden Sie auch in der Print-Ausgabe 3\/18 der <a href=\"https:\/\/www.krafthand.de\/truck\/magazin\/\" title=\"Zum Magazin\">Krafthand-Truck<\/a>.<\/i><\/p>","protected":false},"excerpt":{"rendered":"<p>In diesem Jahr feiert der Hagener Nutzfahrzeugteile-Gro\u00dfh\u00e4ndler Europart sein 70-j\u00e4hriges Bestehen. Als kleines regionales Handelsunternehmen mit sechs Mitarbeitern unter dem Namen Westdeutsche Federnzentrale Wachenfeld &amp; Co. KG (WFZ) gegr\u00fcndet, dessen Angebot haupts\u00e4chlich Federn, Lagern und Zubeh\u00f6r f\u00fcr\u00a0 Automobile und Nutzfahrzeuge enthielt, darf sich das Unternehmen mit mehr als\u00a0 1.800 Mitarbeitern in 300 Verkaufsh\u00e4usern in 28 <span class=\"excerpt-more__dots\">&#8230;<\/span> <a class=\"excerpt-more__link\" href=\"https:\/\/www.krafthand.de\/truck\/artikel\/nutzfahrzeugteile-spezialist-feiert-70-jaehriges-24350\/\" >weiter<\/a><\/p>\n","protected":false},"author":6,"featured_media":24352,"comment_status":"closed","ping_status":"closed","sticky":false,"template":"","format":"standard","meta":{"footnotes":""},"categories":[5],"tags":[121,26,3068],"settings":[],"class_list":["post-24350","post","type-post","status-publish","format-standard","has-post-thumbnail","hentry","category-branche","tag-europart","tag-nutzfahrzeug","tag-teile"],"yoast_head":"<!-- This site is optimized with the Yoast SEO plugin v27.3 - https:\/\/yoast.com\/product\/yoast-seo-wordpress\/ -->\n<title>Nutzfahrzeugteile-Spezialist feiert 70-J\u00e4hriges - Krafthand-Truck<\/title>\n<meta name=\"robots\" content=\"index, follow, max-snippet:-1, max-image-preview:large, max-video-preview:-1\" \/>\n<link rel=\"canonical\" href=\"https:\/\/www.krafthand.de\/truck\/artikel\/nutzfahrzeugteile-spezialist-feiert-70-jaehriges-24350\/\" \/>\n<meta property=\"og:locale\" content=\"de_DE\" \/>\n<meta property=\"og:type\" content=\"article\" \/>\n<meta property=\"og:title\" content=\"Nutzfahrzeugteile-Spezialist feiert 70-J\u00e4hriges - Krafthand-Truck\" \/>\n<meta property=\"og:description\" content=\"In diesem Jahr feiert der Hagener Nutzfahrzeugteile-Gro\u00dfh\u00e4ndler Europart sein 70-j\u00e4hriges Bestehen. Als kleines regionales Handelsunternehmen mit sechs Mitarbeitern unter dem Namen Westdeutsche Federnzentrale Wachenfeld &amp; Co. KG (WFZ) gegr\u00fcndet, dessen Angebot haupts\u00e4chlich Federn, Lagern und Zubeh\u00f6r f\u00fcr\u00a0 Automobile und Nutzfahrzeuge enthielt, darf sich das Unternehmen mit mehr als\u00a0 1.800 Mitarbeitern in 300 Verkaufsh\u00e4usern in 28 ... weiter\" \/>\n<meta property=\"og:url\" content=\"https:\/\/www.krafthand-truck.de\/artikel\/nutzfahrzeugteile-spezialist-feiert-70-jaehriges-24350\/\" \/>\n<meta property=\"og:site_name\" content=\"Krafthand-Truck\" \/>\n<meta property=\"article:published_time\" content=\"2018-11-12T06:30:31+00:00\" \/>\n<meta property=\"og:image\" content=\"https:\/\/www.krafthand.de\/truck\/wp-content\/uploads\/2018\/11\/Truck_0318_018_1.jpg\" \/>\n\t<meta property=\"og:image:width\" content=\"1000\" \/>\n\t<meta property=\"og:image:height\" content=\"1000\" \/>\n\t<meta property=\"og:image:type\" content=\"image\/jpeg\" \/>\n<meta name=\"author\" content=\"elisabeth.mair@krafthand.de\" \/>\n<meta name=\"twitter:card\" content=\"summary_large_image\" \/>\n<meta name=\"twitter:label1\" content=\"Verfasst von\" \/>\n\t<meta name=\"twitter:data1\" content=\"elisabeth.mair@krafthand.de\" \/>\n\t<meta name=\"twitter:label2\" content=\"Gesch\u00e4tzte Lesezeit\" \/>\n\t<meta name=\"twitter:data2\" content=\"1\u00a0Minute\" \/>\n<script type=\"application\/ld+json\" class=\"yoast-schema-graph\">{\"@context\":\"https:\\\/\\\/schema.org\",\"@graph\":[{\"@type\":\"Article\",\"@id\":\"https:\\\/\\\/www.krafthand.de\\\/truck\\\/artikel\\\/nutzfahrzeugteile-spezialist-feiert-70-jaehriges-24350\\\/#article\",\"isPartOf\":{\"@id\":\"https:\\\/\\\/www.krafthand.de\\\/truck\\\/artikel\\\/nutzfahrzeugteile-spezialist-feiert-70-jaehriges-24350\\\/\"},\"author\":{\"name\":\"elisabeth.mair@krafthand.de\",\"@id\":\"https:\\\/\\\/www.krafthand.de\\\/truck\\\/#\\\/schema\\\/person\\\/25290391c443ebfc18583f19f72a0c26\"},\"headline\":\"Nutzfahrzeugteile-Spezialist feiert 70-J\u00e4hriges\",\"datePublished\":\"2018-11-12T06:30:31+00:00\",\"mainEntityOfPage\":{\"@id\":\"https:\\\/\\\/www.krafthand.de\\\/truck\\\/artikel\\\/nutzfahrzeugteile-spezialist-feiert-70-jaehriges-24350\\\/\"},\"wordCount\":266,\"image\":{\"@id\":\"https:\\\/\\\/www.krafthand.de\\\/truck\\\/artikel\\\/nutzfahrzeugteile-spezialist-feiert-70-jaehriges-24350\\\/#primaryimage\"},\"thumbnailUrl\":\"https:\\\/\\\/static.krafthand-truck.de\\\/uploads\\\/2018\\\/11\\\/Truck_0318_018_1.jpg\",\"keywords\":[\"Europart\",\"Nutzfahrzeug\",\"Teile\"],\"articleSection\":[\"Nfz-Branche\"],\"inLanguage\":\"de\"},{\"@type\":\"WebPage\",\"@id\":\"https:\\\/\\\/www.krafthand.de\\\/truck\\\/artikel\\\/nutzfahrzeugteile-spezialist-feiert-70-jaehriges-24350\\\/\",\"url\":\"https:\\\/\\\/www.krafthand.de\\\/truck\\\/artikel\\\/nutzfahrzeugteile-spezialist-feiert-70-jaehriges-24350\\\/\",\"name\":\"Nutzfahrzeugteile-Spezialist feiert 70-J\u00e4hriges - Krafthand-Truck\",\"isPartOf\":{\"@id\":\"https:\\\/\\\/www.krafthand.de\\\/truck\\\/#website\"},\"primaryImageOfPage\":{\"@id\":\"https:\\\/\\\/www.krafthand.de\\\/truck\\\/artikel\\\/nutzfahrzeugteile-spezialist-feiert-70-jaehriges-24350\\\/#primaryimage\"},\"image\":{\"@id\":\"https:\\\/\\\/www.krafthand.de\\\/truck\\\/artikel\\\/nutzfahrzeugteile-spezialist-feiert-70-jaehriges-24350\\\/#primaryimage\"},\"thumbnailUrl\":\"https:\\\/\\\/static.krafthand-truck.de\\\/uploads\\\/2018\\\/11\\\/Truck_0318_018_1.jpg\",\"datePublished\":\"2018-11-12T06:30:31+00:00\",\"author\":{\"@id\":\"https:\\\/\\\/www.krafthand.de\\\/truck\\\/#\\\/schema\\\/person\\\/25290391c443ebfc18583f19f72a0c26\"},\"breadcrumb\":{\"@id\":\"https:\\\/\\\/www.krafthand.de\\\/truck\\\/artikel\\\/nutzfahrzeugteile-spezialist-feiert-70-jaehriges-24350\\\/#breadcrumb\"},\"inLanguage\":\"de\",\"potentialAction\":[{\"@type\":\"ReadAction\",\"target\":[\"https:\\\/\\\/www.krafthand.de\\\/truck\\\/artikel\\\/nutzfahrzeugteile-spezialist-feiert-70-jaehriges-24350\\\/\"]}]},{\"@type\":\"ImageObject\",\"inLanguage\":\"de\",\"@id\":\"https:\\\/\\\/www.krafthand.de\\\/truck\\\/artikel\\\/nutzfahrzeugteile-spezialist-feiert-70-jaehriges-24350\\\/#primaryimage\",\"url\":\"https:\\\/\\\/static.krafthand-truck.de\\\/uploads\\\/2018\\\/11\\\/Truck_0318_018_1.jpg\",\"contentUrl\":\"https:\\\/\\\/static.krafthand-truck.de\\\/uploads\\\/2018\\\/11\\\/Truck_0318_018_1.jpg\",\"width\":1000,\"height\":1000,\"caption\":\"Europart ist seit 70 Jahren Nutzfahrzeugteile-Spezialist\"},{\"@type\":\"BreadcrumbList\",\"@id\":\"https:\\\/\\\/www.krafthand.de\\\/truck\\\/artikel\\\/nutzfahrzeugteile-spezialist-feiert-70-jaehriges-24350\\\/#breadcrumb\",\"itemListElement\":[{\"@type\":\"ListItem\",\"position\":1,\"name\":\"Krafthand-Truck\",\"item\":\"https:\\\/\\\/www.krafthand.de\\\/truck\\\/\"},{\"@type\":\"ListItem\",\"position\":2,\"name\":\"Nfz-Branche\",\"item\":\"https:\\\/\\\/www.krafthand.de\\\/truck\\\/kategorie\\\/branche\\\/\"},{\"@type\":\"ListItem\",\"position\":3,\"name\":\"Nutzfahrzeugteile-Spezialist feiert 70-J\u00e4hriges\"}]},{\"@type\":\"WebSite\",\"@id\":\"https:\\\/\\\/www.krafthand.de\\\/truck\\\/#website\",\"url\":\"https:\\\/\\\/www.krafthand.de\\\/truck\\\/\",\"name\":\"Krafthand-Truck\",\"description\":\"\",\"potentialAction\":[{\"@type\":\"SearchAction\",\"target\":{\"@type\":\"EntryPoint\",\"urlTemplate\":\"https:\\\/\\\/www.krafthand.de\\\/truck\\\/?s={search_term_string}\"},\"query-input\":{\"@type\":\"PropertyValueSpecification\",\"valueRequired\":true,\"valueName\":\"search_term_string\"}}],\"inLanguage\":\"de\"},{\"@type\":\"Person\",\"@id\":\"https:\\\/\\\/www.krafthand.de\\\/truck\\\/#\\\/schema\\\/person\\\/25290391c443ebfc18583f19f72a0c26\",\"name\":\"elisabeth.mair@krafthand.de\",\"image\":{\"@type\":\"ImageObject\",\"inLanguage\":\"de\",\"@id\":\"https:\\\/\\\/secure.gravatar.com\\\/avatar\\\/5f0e25e42e13f6e7631bd6597cd91b90228ead6b823ba81a6c8ee32fe135d72e?s=96&d=mm&r=g\",\"url\":\"https:\\\/\\\/secure.gravatar.com\\\/avatar\\\/5f0e25e42e13f6e7631bd6597cd91b90228ead6b823ba81a6c8ee32fe135d72e?s=96&d=mm&r=g\",\"contentUrl\":\"https:\\\/\\\/secure.gravatar.com\\\/avatar\\\/5f0e25e42e13f6e7631bd6597cd91b90228ead6b823ba81a6c8ee32fe135d72e?s=96&d=mm&r=g\",\"caption\":\"elisabeth.mair@krafthand.de\"}}]}<\/script>\n<!-- \/ Yoast SEO plugin. -->","yoast_head_json":{"title":"Nutzfahrzeugteile-Spezialist feiert 70-J\u00e4hriges - Krafthand-Truck","robots":{"index":"index","follow":"follow","max-snippet":"max-snippet:-1","max-image-preview":"max-image-preview:large","max-video-preview":"max-video-preview:-1"},"canonical":"https:\/\/www.krafthand.de\/truck\/artikel\/nutzfahrzeugteile-spezialist-feiert-70-jaehriges-24350\/","og_locale":"de_DE","og_type":"article","og_title":"Nutzfahrzeugteile-Spezialist feiert 70-J\u00e4hriges - Krafthand-Truck","og_description":"In diesem Jahr feiert der Hagener Nutzfahrzeugteile-Gro\u00dfh\u00e4ndler Europart sein 70-j\u00e4hriges Bestehen. Als kleines regionales Handelsunternehmen mit sechs Mitarbeitern unter dem Namen Westdeutsche Federnzentrale Wachenfeld &amp; Co. KG (WFZ) gegr\u00fcndet, dessen Angebot haupts\u00e4chlich Federn, Lagern und Zubeh\u00f6r f\u00fcr\u00a0 Automobile und Nutzfahrzeuge enthielt, darf sich das Unternehmen mit mehr als\u00a0 1.800 Mitarbeitern in 300 Verkaufsh\u00e4usern in 28 ... weiter","og_url":"https:\/\/www.krafthand-truck.de\/artikel\/nutzfahrzeugteile-spezialist-feiert-70-jaehriges-24350\/","og_site_name":"Krafthand-Truck","article_published_time":"2018-11-12T06:30:31+00:00","og_image":[{"width":1000,"height":1000,"url":"https:\/\/www.krafthand.de\/truck\/wp-content\/uploads\/2018\/11\/Truck_0318_018_1.jpg","type":"image\/jpeg"}],"author":"elisabeth.mair@krafthand.de","twitter_card":"summary_large_image","twitter_misc":{"Verfasst von":"elisabeth.mair@krafthand.de","Gesch\u00e4tzte Lesezeit":"1\u00a0Minute"},"schema":{"@context":"https:\/\/schema.org","@graph":[{"@type":"Article","@id":"https:\/\/www.krafthand.de\/truck\/artikel\/nutzfahrzeugteile-spezialist-feiert-70-jaehriges-24350\/#article","isPartOf":{"@id":"https:\/\/www.krafthand.de\/truck\/artikel\/nutzfahrzeugteile-spezialist-feiert-70-jaehriges-24350\/"},"author":{"name":"elisabeth.mair@krafthand.de","@id":"https:\/\/www.krafthand.de\/truck\/#\/schema\/person\/25290391c443ebfc18583f19f72a0c26"},"headline":"Nutzfahrzeugteile-Spezialist feiert 70-J\u00e4hriges","datePublished":"2018-11-12T06:30:31+00:00","mainEntityOfPage":{"@id":"https:\/\/www.krafthand.de\/truck\/artikel\/nutzfahrzeugteile-spezialist-feiert-70-jaehriges-24350\/"},"wordCount":266,"image":{"@id":"https:\/\/www.krafthand.de\/truck\/artikel\/nutzfahrzeugteile-spezialist-feiert-70-jaehriges-24350\/#primaryimage"},"thumbnailUrl":"https:\/\/static.krafthand-truck.de\/uploads\/2018\/11\/Truck_0318_018_1.jpg","keywords":["Europart","Nutzfahrzeug","Teile"],"articleSection":["Nfz-Branche"],"inLanguage":"de"},{"@type":"WebPage","@id":"https:\/\/www.krafthand.de\/truck\/artikel\/nutzfahrzeugteile-spezialist-feiert-70-jaehriges-24350\/","url":"https:\/\/www.krafthand.de\/truck\/artikel\/nutzfahrzeugteile-spezialist-feiert-70-jaehriges-24350\/","name":"Nutzfahrzeugteile-Spezialist feiert 70-J\u00e4hriges - Krafthand-Truck","isPartOf":{"@id":"https:\/\/www.krafthand.de\/truck\/#website"},"primaryImageOfPage":{"@id":"https:\/\/www.krafthand.de\/truck\/artikel\/nutzfahrzeugteile-spezialist-feiert-70-jaehriges-24350\/#primaryimage"},"image":{"@id":"https:\/\/www.krafthand.de\/truck\/artikel\/nutzfahrzeugteile-spezialist-feiert-70-jaehriges-24350\/#primaryimage"},"thumbnailUrl":"https:\/\/static.krafthand-truck.de\/uploads\/2018\/11\/Truck_0318_018_1.jpg","datePublished":"2018-11-12T06:30:31+00:00","author":{"@id":"https:\/\/www.krafthand.de\/truck\/#\/schema\/person\/25290391c443ebfc18583f19f72a0c26"},"breadcrumb":{"@id":"https:\/\/www.krafthand.de\/truck\/artikel\/nutzfahrzeugteile-spezialist-feiert-70-jaehriges-24350\/#breadcrumb"},"inLanguage":"de","potentialAction":[{"@type":"ReadAction","target":["https:\/\/www.krafthand.de\/truck\/artikel\/nutzfahrzeugteile-spezialist-feiert-70-jaehriges-24350\/"]}]},{"@type":"ImageObject","inLanguage":"de","@id":"https:\/\/www.krafthand.de\/truck\/artikel\/nutzfahrzeugteile-spezialist-feiert-70-jaehriges-24350\/#primaryimage","url":"https:\/\/static.krafthand-truck.de\/uploads\/2018\/11\/Truck_0318_018_1.jpg","contentUrl":"https:\/\/static.krafthand-truck.de\/uploads\/2018\/11\/Truck_0318_018_1.jpg","width":1000,"height":1000,"caption":"Europart ist seit 70 Jahren Nutzfahrzeugteile-Spezialist"},{"@type":"BreadcrumbList","@id":"https:\/\/www.krafthand.de\/truck\/artikel\/nutzfahrzeugteile-spezialist-feiert-70-jaehriges-24350\/#breadcrumb","itemListElement":[{"@type":"ListItem","position":1,"name":"Krafthand-Truck","item":"https:\/\/www.krafthand.de\/truck\/"},{"@type":"ListItem","position":2,"name":"Nfz-Branche","item":"https:\/\/www.krafthand.de\/truck\/kategorie\/branche\/"},{"@type":"ListItem","position":3,"name":"Nutzfahrzeugteile-Spezialist feiert 70-J\u00e4hriges"}]},{"@type":"WebSite","@id":"https:\/\/www.krafthand.de\/truck\/#website","url":"https:\/\/www.krafthand.de\/truck\/","name":"Krafthand-Truck","description":"","potentialAction":[{"@type":"SearchAction","target":{"@type":"EntryPoint","urlTemplate":"https:\/\/www.krafthand.de\/truck\/?s={search_term_string}"},"query-input":{"@type":"PropertyValueSpecification","valueRequired":true,"valueName":"search_term_string"}}],"inLanguage":"de"},{"@type":"Person","@id":"https:\/\/www.krafthand.de\/truck\/#\/schema\/person\/25290391c443ebfc18583f19f72a0c26","name":"elisabeth.mair@krafthand.de","image":{"@type":"ImageObject","inLanguage":"de","@id":"https:\/\/secure.gravatar.com\/avatar\/5f0e25e42e13f6e7631bd6597cd91b90228ead6b823ba81a6c8ee32fe135d72e?s=96&d=mm&r=g","url":"https:\/\/secure.gravatar.com\/avatar\/5f0e25e42e13f6e7631bd6597cd91b90228ead6b823ba81a6c8ee32fe135d72e?s=96&d=mm&r=g","contentUrl":"https:\/\/secure.gravatar.com\/avatar\/5f0e25e42e13f6e7631bd6597cd91b90228ead6b823ba81a6c8ee32fe135d72e?s=96&d=mm&r=g","caption":"elisabeth.mair@krafthand.de"}}]}},"_links":{"self":[{"href":"https:\/\/www.krafthand.de\/truck\/wp-json\/wp\/v2\/posts\/24350","targetHints":{"allow":["GET"]}}],"collection":[{"href":"https:\/\/www.krafthand.de\/truck\/wp-json\/wp\/v2\/posts"}],"about":[{"href":"https:\/\/www.krafthand.de\/truck\/wp-json\/wp\/v2\/types\/post"}],"author":[{"embeddable":true,"href":"https:\/\/www.krafthand.de\/truck\/wp-json\/wp\/v2\/users\/6"}],"replies":[{"embeddable":true,"href":"https:\/\/www.krafthand.de\/truck\/wp-json\/wp\/v2\/comments?post=24350"}],"version-history":[{"count":3,"href":"https:\/\/www.krafthand.de\/truck\/wp-json\/wp\/v2\/posts\/24350\/revisions"}],"predecessor-version":[{"id":24353,"href":"https:\/\/www.krafthand.de\/truck\/wp-json\/wp\/v2\/posts\/24350\/revisions\/24353"}],"wp:featuredmedia":[{"embeddable":true,"href":"https:\/\/www.krafthand.de\/truck\/wp-json\/wp\/v2\/media\/24352"}],"wp:attachment":[{"href":"https:\/\/www.krafthand.de\/truck\/wp-json\/wp\/v2\/media?parent=24350"}],"wp:term":[{"taxonomy":"category","embeddable":true,"href":"https:\/\/www.krafthand.de\/truck\/wp-json\/wp\/v2\/categories?post=24350"},{"taxonomy":"post_tag","embeddable":true,"href":"https:\/\/www.krafthand.de\/truck\/wp-json\/wp\/v2\/tags?post=24350"},{"taxonomy":"settings","embeddable":true,"href":"https:\/\/www.krafthand.de\/truck\/wp-json\/wp\/v2\/settings?post=24350"}],"curies":[{"name":"wp","href":"https:\/\/api.w.org\/{rel}","templated":true}]}}