{"id":24340,"date":"2018-11-08T07:30:34","date_gmt":"2018-11-08T06:30:34","guid":{"rendered":"https:\/\/www.krafthand.de\/truck\/?p=24340"},"modified":"2018-11-09T08:18:01","modified_gmt":"2018-11-09T07:18:01","slug":"vernetzte-werkstattwelt","status":"publish","type":"post","link":"https:\/\/www.krafthand.de\/truck\/artikel\/vernetzte-werkstattwelt-24340\/","title":{"rendered":"Vernetzte Werkstattwelt"},"content":{"rendered":"<p class=\"text-colored\">Digitalisierung und pr\u00e4ventive Wartung sind auch f\u00fcr den freien Reparaturmarkt wichtige Themen. Carat und Texa arbeiten deshalb gemeinsam an einer praktikablen L\u00f6sung. Der Startschuss f\u00fcr die Pilotphase ist im Juli 2018 gefallen: Ad Truckdrive-Partnerwerkst\u00e4tten testen seither \u201aeTruck\u2018 von Texa auf Herz und Nieren.<\/p>\n<p>Moderne Nutzfahrzeuge werden angesichts der zunehmenden Elektronifizierung\u00a0 immer komplexer \u2013 und auch wartungs\u00e4rmer. Dennoch kann auch das\u00a0 gewissenhaftest entwickelte und penibelst erprobte elektronische System Probleme\u00a0 machen. Um diese m\u00f6glichst fr\u00fchzeitig zu erkennen \u2013 und um unn\u00f6tige\u00a0 Liegenbleiber und langwierige Werkstattaufenthalte bereits im Vorfeld zu vermeiden\u00a0 \u2013 haben die Fahrzeughersteller clevere Telematiksysteme entwickelt. Diese als\u00a0 \u201aKundenbindungsinstrument\u2018 bezeichneten Systeme greifen auf den Bordcomputer\u00a0 und die Eigendiagnose der Fahrzeugelektronik zu und melden per Ferndiagnose\u00a0 \u201aaufziehende\u2018 Probleme selbstt\u00e4tig in die Servicezentralen der Hersteller, noch bevor der Fahrer etwas davon bemerkt. Im Falle eines solchen \u201aAlarms\u2018 machen sich erfahrene Spezialisten sofort daran, entsprechende Gegenma\u00dfnahmen zu\u00a0 entwickeln. Viele Probleme sollen sich so \u201aon the air\u2018, also quasi per Ferndiagnose,\u00a0 erkennen und beheben lassen.<\/p>\n<p>Um Kundenbindung geht es auch bei einem gemeinsam von der Carat-Gruppe und\u00a0 Texa initiierten Projekt. Die Teilehandelskooperation und der Diagnosespezialist wollen nach eigenem Bekunden \u201edie Beziehung zwischen Werkstatt und Flotte auf\u00a0 eine neue Ebene bringen\u201c. Zu den Kernelementen des Projekts geh\u00f6ren unter anderem die vorausschauende Planung von Service- und Wartungsereignissen, um\u00a0 wartungsbedingte Pannen bereits im Vorfeld zu vermeiden und eine gr\u00f6\u00dftm\u00f6gliche\u00a0 Fahrzeugverf\u00fcgbarkeit zu erreichen.<\/p>\n<figure id=\"attachment_24343\" aria-describedby=\"caption-attachment-24343\" style=\"width: 1000px\" class=\"wp-caption alignnone\"><img fetchpriority=\"high\" decoding=\"async\" class=\"size-full wp-image-24343\" src=\"https:\/\/www.krafthand.de\/truck\/wp-content\/uploads\/2018\/11\/Truck_0318_015_2.jpg\" alt=\"Ferndiagnose-Tool 'e-Truck'\" width=\"1000\" height=\"410\" srcset=\"https:\/\/static.krafthand-truck.de\/uploads\/2018\/11\/Truck_0318_015_2.jpg 1000w, https:\/\/static.krafthand-truck.de\/uploads\/2018\/11\/Truck_0318_015_2-300x123.jpg 300w, https:\/\/static.krafthand-truck.de\/uploads\/2018\/11\/Truck_0318_015_2-768x315.jpg 768w\" sizes=\"(max-width: 1000px) 100vw, 1000px\" \/><figcaption id=\"caption-attachment-24343\" class=\"wp-caption-text\">Der Fokus beim \u201aeTruck\u2018 liegt auf der Ferndiagnose. Sie soll eine vorausschauende Planung von Services erm\u00f6glichen, um Ausf\u00e4lle pra\u0308ventiv zu verhindern. Probleme, die zum Liegenbleiben f\u00fchren k\u00f6nnen, sollen sich sogar \u201edurch Eingriffe aus der Ferne\u201c lo\u0308sen lassen. F\u00fcnf ad Truckdrive-Werkst\u00e4tten testen \u201aeTruck\u2018 derzeit auf Herz und Nieren.<\/figcaption><\/figure>\n<p>Herzst\u00fcck des Projekts ist der \u201aeTruck\u2018 von Texa,\u00a0 ein spezieller Diagnosedongle, der die Ferndiagnose erm\u00f6glicht. Dabei handelt es\u00a0 sich quasi um einen speziellen Dongle, der in die OBD-Dose des Nutzfahrzeugs gesteckt wird und der \u00fcber das Smartphone des Fahrers permanent Daten aus dem Fahrzeug an das zu \u201aeTruck\u2018\u00a0 geh\u00f6rende Software-Portal der ad Truckdrive-Werkstatt und des Flottenmanagers sowie an Fahrer-APP schickt.\u00a0 Durch individuelle Dashboards k\u00f6nnen sowohl die Werkstatt, aber auch\u00a0 Flottenmanager und Fahrer, aktuelle Daten und Informationen \u00fcber die momentane\u00a0 \u201aFahrzeug-Befindlichkeit\u2018 in einfacher und verst\u00e4ndlicher Form abrufen.<\/p>\n<p>F\u00fcr Flottenmanager d\u00fcrfte zudem die M\u00f6glichkeit interessant sein, in\u00a0 Zusammenarbeit mit der Werkstatt nicht planbare Zwischenf\u00e4lle und drohende Liegenbleiber durch Eingriffe aus der Ferne zu l\u00f6sen. Beispielsweise, wenn sich der\u00a0 Motor des Trucks im Notlauf befindet, weil sich aufgrund eines ung\u00fcnstigen Fahrprofils der Dieselpartikelfilter zugesetzt hat und das Motorsteuerger\u00e4t die notwendige Filterregeneration nicht mehr ansto\u00dfen kann. In einem solchen<br \/>\nFall kann die ad-Truckdrive-Werkstatt dem Fahrer einen einmaligen Freischaltcode auf dessen Smartphone schicken, so dass dieser damit die f\u00e4llige Regeneration manuell ausl\u00f6sen kann.<\/p>\n<p>Das Projekt, das laut Carat-Gesch\u00e4ftsf\u00fchrer Thomas Vollmar ein wichtiger Teil der\u00a0 Digitalisierungsoffensive der Mannheimer Teilehandelskooperation ist, soll nun in\u00a0 einer zweimonatigen Pilotphase unter anderem beweisen, dass sich der freie\u00a0 Reparaturmarkt nicht hinter den Serviceangeboten der Fahrzeughersteller verstecken muss. In der Pilotphase steht \u201aeTruck\u2018 bei fu\u0308nf ausgewa\u0308hlten ad Truckdrive-Partnerwerksta\u0308tten auf dem Pru\u0308fstand. Im Mittelpunkt stehen neben den\u00a0 Funktionen und der Funktionsweise des \u201aeTruck\u2018-Dongles vor allem auch das Handling und die Umsetzbarkeit bei allen drei angesprochenen Parteien: Werkstatt, Flottenmanager und Fahrer.<\/p>\n<p>Im Vorfeld des Feldtests haben die ad-Truckdrive-Partner von Texa eine Einf\u00fchrung zu \u201aeTruck\u2018 bekommen. Seither haben die Pilot-Werksta\u0308tten laut Carat nun freie Hand bei der Kundenakquise, der Auswertung sowie Bewertung ihrer Ergebnisse.<\/p>\n<p><i>Den Beitrag finden Sie auch in der Print-Ausgabe 3\/18 der <a href=\"https:\/\/www.krafthand.de\/truck\/magazin\/\" title=\"Zum Magazin\">Krafthand-Truck<\/a>.<\/i><\/p>","protected":false},"excerpt":{"rendered":"<p>Digitalisierung und pr\u00e4ventive Wartung sind auch f\u00fcr den freien Reparaturmarkt wichtige Themen. <span class=\"excerpt-more__dots\">&#8230;<\/span> <a class=\"excerpt-more__link\" href=\"https:\/\/www.krafthand.de\/truck\/artikel\/vernetzte-werkstattwelt-24340\/\" >weiter<\/a><\/p>\n","protected":false},"author":6,"featured_media":24342,"comment_status":"closed","ping_status":"closed","sticky":false,"template":"","format":"standard","meta":{"footnotes":""},"categories":[5],"tags":[506,3700,3717,3068,1163,1593],"settings":[3523],"class_list":["post-24340","post","type-post","status-publish","format-standard","has-post-thumbnail","hentry","category-branche","tag-carat","tag-digitalisierung","tag-etruck","tag-teile","tag-teilemarkt","tag-texa"],"yoast_head":"<!-- This site is optimized with the Yoast SEO plugin v27.3 - https:\/\/yoast.com\/product\/yoast-seo-wordpress\/ -->\n<title>Vernetzte Werkstattwelt - Krafthand-Truck<\/title>\n<meta name=\"robots\" content=\"index, follow, max-snippet:-1, max-image-preview:large, max-video-preview:-1\" \/>\n<link rel=\"canonical\" href=\"https:\/\/www.krafthand.de\/truck\/artikel\/vernetzte-werkstattwelt-24340\/\" \/>\n<meta property=\"og:locale\" content=\"de_DE\" \/>\n<meta property=\"og:type\" content=\"article\" \/>\n<meta property=\"og:title\" content=\"Vernetzte Werkstattwelt - Krafthand-Truck\" \/>\n<meta property=\"og:description\" content=\"Digitalisierung und pr\u00e4ventive Wartung sind auch f\u00fcr den freien Reparaturmarkt wichtige Themen. ... weiter\" \/>\n<meta property=\"og:url\" content=\"https:\/\/www.krafthand-truck.de\/artikel\/vernetzte-werkstattwelt-24340\/\" \/>\n<meta property=\"og:site_name\" content=\"Krafthand-Truck\" \/>\n<meta property=\"article:published_time\" content=\"2018-11-08T06:30:34+00:00\" \/>\n<meta property=\"article:modified_time\" content=\"2018-11-09T07:18:01+00:00\" \/>\n<meta property=\"og:image\" content=\"https:\/\/www.krafthand.de\/truck\/wp-content\/uploads\/2018\/11\/Truck_0318_015_1.jpg\" \/>\n\t<meta property=\"og:image:width\" content=\"1000\" \/>\n\t<meta property=\"og:image:height\" content=\"419\" \/>\n\t<meta property=\"og:image:type\" content=\"image\/jpeg\" \/>\n<meta name=\"author\" content=\"elisabeth.mair@krafthand.de\" \/>\n<meta name=\"twitter:card\" content=\"summary_large_image\" \/>\n<meta name=\"twitter:label1\" content=\"Verfasst von\" \/>\n\t<meta name=\"twitter:data1\" content=\"elisabeth.mair@krafthand.de\" \/>\n\t<meta name=\"twitter:label2\" content=\"Gesch\u00e4tzte Lesezeit\" \/>\n\t<meta name=\"twitter:data2\" content=\"3\u00a0Minuten\" \/>\n<script type=\"application\/ld+json\" class=\"yoast-schema-graph\">{\"@context\":\"https:\\\/\\\/schema.org\",\"@graph\":[{\"@type\":\"Article\",\"@id\":\"https:\\\/\\\/www.krafthand.de\\\/truck\\\/artikel\\\/vernetzte-werkstattwelt-24340\\\/#article\",\"isPartOf\":{\"@id\":\"https:\\\/\\\/www.krafthand.de\\\/truck\\\/artikel\\\/vernetzte-werkstattwelt-24340\\\/\"},\"author\":{\"name\":\"elisabeth.mair@krafthand.de\",\"@id\":\"https:\\\/\\\/www.krafthand.de\\\/truck\\\/#\\\/schema\\\/person\\\/25290391c443ebfc18583f19f72a0c26\"},\"headline\":\"Vernetzte Werkstattwelt\",\"datePublished\":\"2018-11-08T06:30:34+00:00\",\"dateModified\":\"2018-11-09T07:18:01+00:00\",\"mainEntityOfPage\":{\"@id\":\"https:\\\/\\\/www.krafthand.de\\\/truck\\\/artikel\\\/vernetzte-werkstattwelt-24340\\\/\"},\"wordCount\":604,\"image\":{\"@id\":\"https:\\\/\\\/www.krafthand.de\\\/truck\\\/artikel\\\/vernetzte-werkstattwelt-24340\\\/#primaryimage\"},\"thumbnailUrl\":\"https:\\\/\\\/static.krafthand-truck.de\\\/uploads\\\/2018\\\/11\\\/Truck_0318_015_1.jpg\",\"keywords\":[\"Carat\",\"Digitalisierung\",\"eTruck\",\"Teile\",\"Teilemarkt\",\"Texa\"],\"articleSection\":[\"Nfz-Branche\"],\"inLanguage\":\"de\"},{\"@type\":\"WebPage\",\"@id\":\"https:\\\/\\\/www.krafthand.de\\\/truck\\\/artikel\\\/vernetzte-werkstattwelt-24340\\\/\",\"url\":\"https:\\\/\\\/www.krafthand.de\\\/truck\\\/artikel\\\/vernetzte-werkstattwelt-24340\\\/\",\"name\":\"Vernetzte Werkstattwelt - Krafthand-Truck\",\"isPartOf\":{\"@id\":\"https:\\\/\\\/www.krafthand.de\\\/truck\\\/#website\"},\"primaryImageOfPage\":{\"@id\":\"https:\\\/\\\/www.krafthand.de\\\/truck\\\/artikel\\\/vernetzte-werkstattwelt-24340\\\/#primaryimage\"},\"image\":{\"@id\":\"https:\\\/\\\/www.krafthand.de\\\/truck\\\/artikel\\\/vernetzte-werkstattwelt-24340\\\/#primaryimage\"},\"thumbnailUrl\":\"https:\\\/\\\/static.krafthand-truck.de\\\/uploads\\\/2018\\\/11\\\/Truck_0318_015_1.jpg\",\"datePublished\":\"2018-11-08T06:30:34+00:00\",\"dateModified\":\"2018-11-09T07:18:01+00:00\",\"author\":{\"@id\":\"https:\\\/\\\/www.krafthand.de\\\/truck\\\/#\\\/schema\\\/person\\\/25290391c443ebfc18583f19f72a0c26\"},\"breadcrumb\":{\"@id\":\"https:\\\/\\\/www.krafthand.de\\\/truck\\\/artikel\\\/vernetzte-werkstattwelt-24340\\\/#breadcrumb\"},\"inLanguage\":\"de\",\"potentialAction\":[{\"@type\":\"ReadAction\",\"target\":[\"https:\\\/\\\/www.krafthand.de\\\/truck\\\/artikel\\\/vernetzte-werkstattwelt-24340\\\/\"]}]},{\"@type\":\"ImageObject\",\"inLanguage\":\"de\",\"@id\":\"https:\\\/\\\/www.krafthand.de\\\/truck\\\/artikel\\\/vernetzte-werkstattwelt-24340\\\/#primaryimage\",\"url\":\"https:\\\/\\\/static.krafthand-truck.de\\\/uploads\\\/2018\\\/11\\\/Truck_0318_015_1.jpg\",\"contentUrl\":\"https:\\\/\\\/static.krafthand-truck.de\\\/uploads\\\/2018\\\/11\\\/Truck_0318_015_1.jpg\",\"width\":1000,\"height\":419,\"caption\":\"Ferndiagnose-Tool 'e-Truck'\"},{\"@type\":\"BreadcrumbList\",\"@id\":\"https:\\\/\\\/www.krafthand.de\\\/truck\\\/artikel\\\/vernetzte-werkstattwelt-24340\\\/#breadcrumb\",\"itemListElement\":[{\"@type\":\"ListItem\",\"position\":1,\"name\":\"Krafthand-Truck\",\"item\":\"https:\\\/\\\/www.krafthand.de\\\/truck\\\/\"},{\"@type\":\"ListItem\",\"position\":2,\"name\":\"Nfz-Branche\",\"item\":\"https:\\\/\\\/www.krafthand.de\\\/truck\\\/kategorie\\\/branche\\\/\"},{\"@type\":\"ListItem\",\"position\":3,\"name\":\"Vernetzte Werkstattwelt\"}]},{\"@type\":\"WebSite\",\"@id\":\"https:\\\/\\\/www.krafthand.de\\\/truck\\\/#website\",\"url\":\"https:\\\/\\\/www.krafthand.de\\\/truck\\\/\",\"name\":\"Krafthand-Truck\",\"description\":\"\",\"potentialAction\":[{\"@type\":\"SearchAction\",\"target\":{\"@type\":\"EntryPoint\",\"urlTemplate\":\"https:\\\/\\\/www.krafthand.de\\\/truck\\\/?s={search_term_string}\"},\"query-input\":{\"@type\":\"PropertyValueSpecification\",\"valueRequired\":true,\"valueName\":\"search_term_string\"}}],\"inLanguage\":\"de\"},{\"@type\":\"Person\",\"@id\":\"https:\\\/\\\/www.krafthand.de\\\/truck\\\/#\\\/schema\\\/person\\\/25290391c443ebfc18583f19f72a0c26\",\"name\":\"elisabeth.mair@krafthand.de\",\"image\":{\"@type\":\"ImageObject\",\"inLanguage\":\"de\",\"@id\":\"https:\\\/\\\/secure.gravatar.com\\\/avatar\\\/5f0e25e42e13f6e7631bd6597cd91b90228ead6b823ba81a6c8ee32fe135d72e?s=96&d=mm&r=g\",\"url\":\"https:\\\/\\\/secure.gravatar.com\\\/avatar\\\/5f0e25e42e13f6e7631bd6597cd91b90228ead6b823ba81a6c8ee32fe135d72e?s=96&d=mm&r=g\",\"contentUrl\":\"https:\\\/\\\/secure.gravatar.com\\\/avatar\\\/5f0e25e42e13f6e7631bd6597cd91b90228ead6b823ba81a6c8ee32fe135d72e?s=96&d=mm&r=g\",\"caption\":\"elisabeth.mair@krafthand.de\"}}]}<\/script>\n<!-- \/ Yoast SEO plugin. -->","yoast_head_json":{"title":"Vernetzte Werkstattwelt - Krafthand-Truck","robots":{"index":"index","follow":"follow","max-snippet":"max-snippet:-1","max-image-preview":"max-image-preview:large","max-video-preview":"max-video-preview:-1"},"canonical":"https:\/\/www.krafthand.de\/truck\/artikel\/vernetzte-werkstattwelt-24340\/","og_locale":"de_DE","og_type":"article","og_title":"Vernetzte Werkstattwelt - Krafthand-Truck","og_description":"Digitalisierung und pr\u00e4ventive Wartung sind auch f\u00fcr den freien Reparaturmarkt wichtige Themen. ... weiter","og_url":"https:\/\/www.krafthand-truck.de\/artikel\/vernetzte-werkstattwelt-24340\/","og_site_name":"Krafthand-Truck","article_published_time":"2018-11-08T06:30:34+00:00","article_modified_time":"2018-11-09T07:18:01+00:00","og_image":[{"width":1000,"height":419,"url":"https:\/\/www.krafthand.de\/truck\/wp-content\/uploads\/2018\/11\/Truck_0318_015_1.jpg","type":"image\/jpeg"}],"author":"elisabeth.mair@krafthand.de","twitter_card":"summary_large_image","twitter_misc":{"Verfasst von":"elisabeth.mair@krafthand.de","Gesch\u00e4tzte Lesezeit":"3\u00a0Minuten"},"schema":{"@context":"https:\/\/schema.org","@graph":[{"@type":"Article","@id":"https:\/\/www.krafthand.de\/truck\/artikel\/vernetzte-werkstattwelt-24340\/#article","isPartOf":{"@id":"https:\/\/www.krafthand.de\/truck\/artikel\/vernetzte-werkstattwelt-24340\/"},"author":{"name":"elisabeth.mair@krafthand.de","@id":"https:\/\/www.krafthand.de\/truck\/#\/schema\/person\/25290391c443ebfc18583f19f72a0c26"},"headline":"Vernetzte Werkstattwelt","datePublished":"2018-11-08T06:30:34+00:00","dateModified":"2018-11-09T07:18:01+00:00","mainEntityOfPage":{"@id":"https:\/\/www.krafthand.de\/truck\/artikel\/vernetzte-werkstattwelt-24340\/"},"wordCount":604,"image":{"@id":"https:\/\/www.krafthand.de\/truck\/artikel\/vernetzte-werkstattwelt-24340\/#primaryimage"},"thumbnailUrl":"https:\/\/static.krafthand-truck.de\/uploads\/2018\/11\/Truck_0318_015_1.jpg","keywords":["Carat","Digitalisierung","eTruck","Teile","Teilemarkt","Texa"],"articleSection":["Nfz-Branche"],"inLanguage":"de"},{"@type":"WebPage","@id":"https:\/\/www.krafthand.de\/truck\/artikel\/vernetzte-werkstattwelt-24340\/","url":"https:\/\/www.krafthand.de\/truck\/artikel\/vernetzte-werkstattwelt-24340\/","name":"Vernetzte Werkstattwelt - Krafthand-Truck","isPartOf":{"@id":"https:\/\/www.krafthand.de\/truck\/#website"},"primaryImageOfPage":{"@id":"https:\/\/www.krafthand.de\/truck\/artikel\/vernetzte-werkstattwelt-24340\/#primaryimage"},"image":{"@id":"https:\/\/www.krafthand.de\/truck\/artikel\/vernetzte-werkstattwelt-24340\/#primaryimage"},"thumbnailUrl":"https:\/\/static.krafthand-truck.de\/uploads\/2018\/11\/Truck_0318_015_1.jpg","datePublished":"2018-11-08T06:30:34+00:00","dateModified":"2018-11-09T07:18:01+00:00","author":{"@id":"https:\/\/www.krafthand.de\/truck\/#\/schema\/person\/25290391c443ebfc18583f19f72a0c26"},"breadcrumb":{"@id":"https:\/\/www.krafthand.de\/truck\/artikel\/vernetzte-werkstattwelt-24340\/#breadcrumb"},"inLanguage":"de","potentialAction":[{"@type":"ReadAction","target":["https:\/\/www.krafthand.de\/truck\/artikel\/vernetzte-werkstattwelt-24340\/"]}]},{"@type":"ImageObject","inLanguage":"de","@id":"https:\/\/www.krafthand.de\/truck\/artikel\/vernetzte-werkstattwelt-24340\/#primaryimage","url":"https:\/\/static.krafthand-truck.de\/uploads\/2018\/11\/Truck_0318_015_1.jpg","contentUrl":"https:\/\/static.krafthand-truck.de\/uploads\/2018\/11\/Truck_0318_015_1.jpg","width":1000,"height":419,"caption":"Ferndiagnose-Tool 'e-Truck'"},{"@type":"BreadcrumbList","@id":"https:\/\/www.krafthand.de\/truck\/artikel\/vernetzte-werkstattwelt-24340\/#breadcrumb","itemListElement":[{"@type":"ListItem","position":1,"name":"Krafthand-Truck","item":"https:\/\/www.krafthand.de\/truck\/"},{"@type":"ListItem","position":2,"name":"Nfz-Branche","item":"https:\/\/www.krafthand.de\/truck\/kategorie\/branche\/"},{"@type":"ListItem","position":3,"name":"Vernetzte Werkstattwelt"}]},{"@type":"WebSite","@id":"https:\/\/www.krafthand.de\/truck\/#website","url":"https:\/\/www.krafthand.de\/truck\/","name":"Krafthand-Truck","description":"","potentialAction":[{"@type":"SearchAction","target":{"@type":"EntryPoint","urlTemplate":"https:\/\/www.krafthand.de\/truck\/?s={search_term_string}"},"query-input":{"@type":"PropertyValueSpecification","valueRequired":true,"valueName":"search_term_string"}}],"inLanguage":"de"},{"@type":"Person","@id":"https:\/\/www.krafthand.de\/truck\/#\/schema\/person\/25290391c443ebfc18583f19f72a0c26","name":"elisabeth.mair@krafthand.de","image":{"@type":"ImageObject","inLanguage":"de","@id":"https:\/\/secure.gravatar.com\/avatar\/5f0e25e42e13f6e7631bd6597cd91b90228ead6b823ba81a6c8ee32fe135d72e?s=96&d=mm&r=g","url":"https:\/\/secure.gravatar.com\/avatar\/5f0e25e42e13f6e7631bd6597cd91b90228ead6b823ba81a6c8ee32fe135d72e?s=96&d=mm&r=g","contentUrl":"https:\/\/secure.gravatar.com\/avatar\/5f0e25e42e13f6e7631bd6597cd91b90228ead6b823ba81a6c8ee32fe135d72e?s=96&d=mm&r=g","caption":"elisabeth.mair@krafthand.de"}}]}},"_links":{"self":[{"href":"https:\/\/www.krafthand.de\/truck\/wp-json\/wp\/v2\/posts\/24340","targetHints":{"allow":["GET"]}}],"collection":[{"href":"https:\/\/www.krafthand.de\/truck\/wp-json\/wp\/v2\/posts"}],"about":[{"href":"https:\/\/www.krafthand.de\/truck\/wp-json\/wp\/v2\/types\/post"}],"author":[{"embeddable":true,"href":"https:\/\/www.krafthand.de\/truck\/wp-json\/wp\/v2\/users\/6"}],"replies":[{"embeddable":true,"href":"https:\/\/www.krafthand.de\/truck\/wp-json\/wp\/v2\/comments?post=24340"}],"version-history":[{"count":3,"href":"https:\/\/www.krafthand.de\/truck\/wp-json\/wp\/v2\/posts\/24340\/revisions"}],"predecessor-version":[{"id":24392,"href":"https:\/\/www.krafthand.de\/truck\/wp-json\/wp\/v2\/posts\/24340\/revisions\/24392"}],"wp:featuredmedia":[{"embeddable":true,"href":"https:\/\/www.krafthand.de\/truck\/wp-json\/wp\/v2\/media\/24342"}],"wp:attachment":[{"href":"https:\/\/www.krafthand.de\/truck\/wp-json\/wp\/v2\/media?parent=24340"}],"wp:term":[{"taxonomy":"category","embeddable":true,"href":"https:\/\/www.krafthand.de\/truck\/wp-json\/wp\/v2\/categories?post=24340"},{"taxonomy":"post_tag","embeddable":true,"href":"https:\/\/www.krafthand.de\/truck\/wp-json\/wp\/v2\/tags?post=24340"},{"taxonomy":"settings","embeddable":true,"href":"https:\/\/www.krafthand.de\/truck\/wp-json\/wp\/v2\/settings?post=24340"}],"curies":[{"name":"wp","href":"https:\/\/api.w.org\/{rel}","templated":true}]}}