{"id":24309,"date":"2018-10-31T07:30:27","date_gmt":"2018-10-31T06:30:27","guid":{"rendered":"https:\/\/www.krafthand.de\/truck\/?p=24309"},"modified":"2018-11-05T14:20:14","modified_gmt":"2018-11-05T13:20:14","slug":"turboladerspezialist-auf-wachstumskurs","status":"publish","type":"post","link":"https:\/\/www.krafthand.de\/truck\/artikel\/turboladerspezialist-auf-wachstumskurs-24309\/","title":{"rendered":"Turboladerspezialist auf Wachstumskurs"},"content":{"rendered":"<p>Der M\u00fcnsterl\u00e4nder Turboladerspezialist BE Turbo ist von Lingen nach Rheine in ein modernes B\u00fcrogeb\u00e4ude mit ebenso modernem Lager umgezogen. Rund 2.000\u00a0 Palettenstellpl\u00e4tze und einen Lagerbestand von rund 7.500 verschiedenen Turboladern, eingelagert in einer modernen Lagerfachanlage, gibt es nach eigenen\u00a0 Angaben in dem neuen Domizil, das verkehrsg\u00fcnstig an der Autobahn A30 liegt.\u00a0 \u201eDamit ist BE Turbo derzeit Deutschlands gr\u00f6\u00dfter Turboladerfachh\u00e4ndler\u201c, berichtet\u00a0 Gesch\u00e4ftsf\u00fchrer Mark Timmermeister nicht ohne Stolz. Aktuell sind in der\u00a0 Daimlerstra\u00dfe rund 30 Personen mit dem boomenden Turboladergesch\u00e4ft\u00a0 besch\u00e4ftigt \u2013 und nach dem Wunsch Timmermeisters sollen es schon bald noch\u00a0 mehr sein. Das sei n\u00f6tig, um die Kunden optimal aus dem breit angelegten\u00a0 Produktprogramm, das Turbolader f\u00fcr Pkw, Transporter, Nutzfahrzeuge sowie Land-\u00a0 und Baumaschinen und auch kleine Schiffsmotoren und Blockheizkraftwerke, sowie\u00a0 Anbaus\u00e4tze und Ladeluftschl\u00e4uche umfasst, bedienen zu k\u00f6nnen. Mit dem Umzug\u00a0 habe man die Lagerkapazit\u00e4t verdreifacht, um f\u00fcr die Zukunft ger\u00fcstet zu sein. Auch\u00a0 an einen befahrbaren Schulungsraum haben die westf\u00e4lischen Turboladerexperten gedacht. Laut Wolfram Kotte, Leiter Technik bei BE Turbo, sollen dort k\u00fcnftig in\u00a0 speziellen Praxistrainings Kfz-Fachleute, vom Mechaniker bis hin zu Kfz-Sachverst\u00e4ndigen, in die \u201aGeheimnisse und T\u00fccken der Turboaufladung\u2018\u00a0 eingewiesen werden. Laut BE Turbo sind auch eigene Workshops f\u00fcr\u00a0 Gew\u00e4hrleistungssachbearbeiter des Teilehandels geplant.<img fetchpriority=\"high\" decoding=\"async\" class=\"size-full wp-image-24311\" src=\"https:\/\/www.krafthand.de\/truck\/wp-content\/uploads\/2018\/10\/Truck_0318_046_2.jpg\" alt=\"BE Turbos neue Lagerkapazit\u00e4t\" width=\"1000\" height=\"572\" srcset=\"https:\/\/static.krafthand-truck.de\/uploads\/2018\/10\/Truck_0318_046_2.jpg 1000w, https:\/\/static.krafthand-truck.de\/uploads\/2018\/10\/Truck_0318_046_2-300x172.jpg 300w, https:\/\/static.krafthand-truck.de\/uploads\/2018\/10\/Truck_0318_046_2-768x439.jpg 768w\" sizes=\"(max-width: 1000px) 100vw, 1000px\" \/><\/p>\n<p>Am neuen Standort wurde die Lagerkapazit\u00e4t verdreifacht, zudem gibt es einen befahrbaren\u00a0 Schulungsraum.<\/p>\n<p><i>Den Beitrag finden Sie auch in der Print-Ausgabe 3\/18 der <a href=\"https:\/\/www.krafthand.de\/truck\/magazin\/\" title=\"Zum Magazin\">Krafthand-Truck<\/a>.<\/i><\/p>","protected":false},"excerpt":{"rendered":"<p>Der M\u00fcnsterl\u00e4nder Turboladerspezialist BE Turbo ist von Lingen nach Rheine in ein modernes B\u00fcrogeb\u00e4ude mit ebenso modernem Lager umgezogen. Rund 2.000\u00a0 Palettenstellpl\u00e4tze und einen Lagerbestand von rund 7.500 verschiedenen Turboladern, eingelagert in einer modernen Lagerfachanlage, gibt es nach eigenen\u00a0 Angaben in dem neuen Domizil, das verkehrsg\u00fcnstig an der Autobahn A30 liegt.\u00a0 \u201eDamit ist BE Turbo <span class=\"excerpt-more__dots\">&#8230;<\/span> <a class=\"excerpt-more__link\" href=\"https:\/\/www.krafthand.de\/truck\/artikel\/turboladerspezialist-auf-wachstumskurs-24309\/\" >weiter<\/a><\/p>\n","protected":false},"author":6,"featured_media":24310,"comment_status":"closed","ping_status":"closed","sticky":false,"template":"","format":"standard","meta":{"footnotes":""},"categories":[5],"tags":[2915,367],"settings":[],"class_list":["post-24309","post","type-post","status-publish","format-standard","has-post-thumbnail","hentry","category-branche","tag-be-turbo","tag-turbolader"],"yoast_head":"<!-- This site is optimized with the Yoast SEO plugin v27.3 - https:\/\/yoast.com\/product\/yoast-seo-wordpress\/ -->\n<title>Turboladerspezialist auf Wachstumskurs - Krafthand-Truck<\/title>\n<meta name=\"robots\" content=\"index, follow, max-snippet:-1, max-image-preview:large, max-video-preview:-1\" \/>\n<link rel=\"canonical\" href=\"https:\/\/www.krafthand.de\/truck\/artikel\/turboladerspezialist-auf-wachstumskurs-24309\/\" \/>\n<meta property=\"og:locale\" content=\"de_DE\" \/>\n<meta property=\"og:type\" content=\"article\" \/>\n<meta property=\"og:title\" content=\"Turboladerspezialist auf Wachstumskurs - Krafthand-Truck\" \/>\n<meta property=\"og:description\" content=\"Der M\u00fcnsterl\u00e4nder Turboladerspezialist BE Turbo ist von Lingen nach Rheine in ein modernes B\u00fcrogeb\u00e4ude mit ebenso modernem Lager umgezogen. Rund 2.000\u00a0 Palettenstellpl\u00e4tze und einen Lagerbestand von rund 7.500 verschiedenen Turboladern, eingelagert in einer modernen Lagerfachanlage, gibt es nach eigenen\u00a0 Angaben in dem neuen Domizil, das verkehrsg\u00fcnstig an der Autobahn A30 liegt.\u00a0 \u201eDamit ist BE Turbo ... weiter\" \/>\n<meta property=\"og:url\" content=\"https:\/\/www.krafthand-truck.de\/artikel\/turboladerspezialist-auf-wachstumskurs-24309\/\" \/>\n<meta property=\"og:site_name\" content=\"Krafthand-Truck\" \/>\n<meta property=\"article:published_time\" content=\"2018-10-31T06:30:27+00:00\" \/>\n<meta property=\"article:modified_time\" content=\"2018-11-05T13:20:14+00:00\" \/>\n<meta property=\"og:image\" content=\"https:\/\/www.krafthand.de\/truck\/wp-content\/uploads\/2018\/10\/Truck_0318_046_1.jpg\" \/>\n\t<meta property=\"og:image:width\" content=\"1000\" \/>\n\t<meta property=\"og:image:height\" content=\"465\" \/>\n\t<meta property=\"og:image:type\" content=\"image\/jpeg\" \/>\n<meta name=\"author\" content=\"elisabeth.mair@krafthand.de\" \/>\n<meta name=\"twitter:card\" content=\"summary_large_image\" \/>\n<meta name=\"twitter:label1\" content=\"Verfasst von\" \/>\n\t<meta name=\"twitter:data1\" content=\"elisabeth.mair@krafthand.de\" \/>\n\t<meta name=\"twitter:label2\" content=\"Gesch\u00e4tzte Lesezeit\" \/>\n\t<meta name=\"twitter:data2\" content=\"1\u00a0Minute\" \/>\n<script type=\"application\/ld+json\" class=\"yoast-schema-graph\">{\"@context\":\"https:\\\/\\\/schema.org\",\"@graph\":[{\"@type\":\"Article\",\"@id\":\"https:\\\/\\\/www.krafthand.de\\\/truck\\\/artikel\\\/turboladerspezialist-auf-wachstumskurs-24309\\\/#article\",\"isPartOf\":{\"@id\":\"https:\\\/\\\/www.krafthand.de\\\/truck\\\/artikel\\\/turboladerspezialist-auf-wachstumskurs-24309\\\/\"},\"author\":{\"name\":\"elisabeth.mair@krafthand.de\",\"@id\":\"https:\\\/\\\/www.krafthand.de\\\/truck\\\/#\\\/schema\\\/person\\\/25290391c443ebfc18583f19f72a0c26\"},\"headline\":\"Turboladerspezialist auf Wachstumskurs\",\"datePublished\":\"2018-10-31T06:30:27+00:00\",\"dateModified\":\"2018-11-05T13:20:14+00:00\",\"mainEntityOfPage\":{\"@id\":\"https:\\\/\\\/www.krafthand.de\\\/truck\\\/artikel\\\/turboladerspezialist-auf-wachstumskurs-24309\\\/\"},\"wordCount\":235,\"image\":{\"@id\":\"https:\\\/\\\/www.krafthand.de\\\/truck\\\/artikel\\\/turboladerspezialist-auf-wachstumskurs-24309\\\/#primaryimage\"},\"thumbnailUrl\":\"https:\\\/\\\/static.krafthand-truck.de\\\/uploads\\\/2018\\\/10\\\/Truck_0318_046_1.jpg\",\"keywords\":[\"BE Turbo\",\"Turbolader\"],\"articleSection\":[\"Nfz-Branche\"],\"inLanguage\":\"de\"},{\"@type\":\"WebPage\",\"@id\":\"https:\\\/\\\/www.krafthand.de\\\/truck\\\/artikel\\\/turboladerspezialist-auf-wachstumskurs-24309\\\/\",\"url\":\"https:\\\/\\\/www.krafthand.de\\\/truck\\\/artikel\\\/turboladerspezialist-auf-wachstumskurs-24309\\\/\",\"name\":\"Turboladerspezialist auf Wachstumskurs - Krafthand-Truck\",\"isPartOf\":{\"@id\":\"https:\\\/\\\/www.krafthand.de\\\/truck\\\/#website\"},\"primaryImageOfPage\":{\"@id\":\"https:\\\/\\\/www.krafthand.de\\\/truck\\\/artikel\\\/turboladerspezialist-auf-wachstumskurs-24309\\\/#primaryimage\"},\"image\":{\"@id\":\"https:\\\/\\\/www.krafthand.de\\\/truck\\\/artikel\\\/turboladerspezialist-auf-wachstumskurs-24309\\\/#primaryimage\"},\"thumbnailUrl\":\"https:\\\/\\\/static.krafthand-truck.de\\\/uploads\\\/2018\\\/10\\\/Truck_0318_046_1.jpg\",\"datePublished\":\"2018-10-31T06:30:27+00:00\",\"dateModified\":\"2018-11-05T13:20:14+00:00\",\"author\":{\"@id\":\"https:\\\/\\\/www.krafthand.de\\\/truck\\\/#\\\/schema\\\/person\\\/25290391c443ebfc18583f19f72a0c26\"},\"breadcrumb\":{\"@id\":\"https:\\\/\\\/www.krafthand.de\\\/truck\\\/artikel\\\/turboladerspezialist-auf-wachstumskurs-24309\\\/#breadcrumb\"},\"inLanguage\":\"de\",\"potentialAction\":[{\"@type\":\"ReadAction\",\"target\":[\"https:\\\/\\\/www.krafthand.de\\\/truck\\\/artikel\\\/turboladerspezialist-auf-wachstumskurs-24309\\\/\"]}]},{\"@type\":\"ImageObject\",\"inLanguage\":\"de\",\"@id\":\"https:\\\/\\\/www.krafthand.de\\\/truck\\\/artikel\\\/turboladerspezialist-auf-wachstumskurs-24309\\\/#primaryimage\",\"url\":\"https:\\\/\\\/static.krafthand-truck.de\\\/uploads\\\/2018\\\/10\\\/Truck_0318_046_1.jpg\",\"contentUrl\":\"https:\\\/\\\/static.krafthand-truck.de\\\/uploads\\\/2018\\\/10\\\/Truck_0318_046_1.jpg\",\"width\":1000,\"height\":465,\"caption\":\"Neues Domizil von BE Turbo\"},{\"@type\":\"BreadcrumbList\",\"@id\":\"https:\\\/\\\/www.krafthand.de\\\/truck\\\/artikel\\\/turboladerspezialist-auf-wachstumskurs-24309\\\/#breadcrumb\",\"itemListElement\":[{\"@type\":\"ListItem\",\"position\":1,\"name\":\"Krafthand-Truck\",\"item\":\"https:\\\/\\\/www.krafthand.de\\\/truck\\\/\"},{\"@type\":\"ListItem\",\"position\":2,\"name\":\"Nfz-Branche\",\"item\":\"https:\\\/\\\/www.krafthand.de\\\/truck\\\/kategorie\\\/branche\\\/\"},{\"@type\":\"ListItem\",\"position\":3,\"name\":\"Turboladerspezialist auf Wachstumskurs\"}]},{\"@type\":\"WebSite\",\"@id\":\"https:\\\/\\\/www.krafthand.de\\\/truck\\\/#website\",\"url\":\"https:\\\/\\\/www.krafthand.de\\\/truck\\\/\",\"name\":\"Krafthand-Truck\",\"description\":\"\",\"potentialAction\":[{\"@type\":\"SearchAction\",\"target\":{\"@type\":\"EntryPoint\",\"urlTemplate\":\"https:\\\/\\\/www.krafthand.de\\\/truck\\\/?s={search_term_string}\"},\"query-input\":{\"@type\":\"PropertyValueSpecification\",\"valueRequired\":true,\"valueName\":\"search_term_string\"}}],\"inLanguage\":\"de\"},{\"@type\":\"Person\",\"@id\":\"https:\\\/\\\/www.krafthand.de\\\/truck\\\/#\\\/schema\\\/person\\\/25290391c443ebfc18583f19f72a0c26\",\"name\":\"elisabeth.mair@krafthand.de\",\"image\":{\"@type\":\"ImageObject\",\"inLanguage\":\"de\",\"@id\":\"https:\\\/\\\/secure.gravatar.com\\\/avatar\\\/5f0e25e42e13f6e7631bd6597cd91b90228ead6b823ba81a6c8ee32fe135d72e?s=96&d=mm&r=g\",\"url\":\"https:\\\/\\\/secure.gravatar.com\\\/avatar\\\/5f0e25e42e13f6e7631bd6597cd91b90228ead6b823ba81a6c8ee32fe135d72e?s=96&d=mm&r=g\",\"contentUrl\":\"https:\\\/\\\/secure.gravatar.com\\\/avatar\\\/5f0e25e42e13f6e7631bd6597cd91b90228ead6b823ba81a6c8ee32fe135d72e?s=96&d=mm&r=g\",\"caption\":\"elisabeth.mair@krafthand.de\"}}]}<\/script>\n<!-- \/ Yoast SEO plugin. -->","yoast_head_json":{"title":"Turboladerspezialist auf Wachstumskurs - Krafthand-Truck","robots":{"index":"index","follow":"follow","max-snippet":"max-snippet:-1","max-image-preview":"max-image-preview:large","max-video-preview":"max-video-preview:-1"},"canonical":"https:\/\/www.krafthand.de\/truck\/artikel\/turboladerspezialist-auf-wachstumskurs-24309\/","og_locale":"de_DE","og_type":"article","og_title":"Turboladerspezialist auf Wachstumskurs - Krafthand-Truck","og_description":"Der M\u00fcnsterl\u00e4nder Turboladerspezialist BE Turbo ist von Lingen nach Rheine in ein modernes B\u00fcrogeb\u00e4ude mit ebenso modernem Lager umgezogen. Rund 2.000\u00a0 Palettenstellpl\u00e4tze und einen Lagerbestand von rund 7.500 verschiedenen Turboladern, eingelagert in einer modernen Lagerfachanlage, gibt es nach eigenen\u00a0 Angaben in dem neuen Domizil, das verkehrsg\u00fcnstig an der Autobahn A30 liegt.\u00a0 \u201eDamit ist BE Turbo ... weiter","og_url":"https:\/\/www.krafthand-truck.de\/artikel\/turboladerspezialist-auf-wachstumskurs-24309\/","og_site_name":"Krafthand-Truck","article_published_time":"2018-10-31T06:30:27+00:00","article_modified_time":"2018-11-05T13:20:14+00:00","og_image":[{"width":1000,"height":465,"url":"https:\/\/www.krafthand.de\/truck\/wp-content\/uploads\/2018\/10\/Truck_0318_046_1.jpg","type":"image\/jpeg"}],"author":"elisabeth.mair@krafthand.de","twitter_card":"summary_large_image","twitter_misc":{"Verfasst von":"elisabeth.mair@krafthand.de","Gesch\u00e4tzte Lesezeit":"1\u00a0Minute"},"schema":{"@context":"https:\/\/schema.org","@graph":[{"@type":"Article","@id":"https:\/\/www.krafthand.de\/truck\/artikel\/turboladerspezialist-auf-wachstumskurs-24309\/#article","isPartOf":{"@id":"https:\/\/www.krafthand.de\/truck\/artikel\/turboladerspezialist-auf-wachstumskurs-24309\/"},"author":{"name":"elisabeth.mair@krafthand.de","@id":"https:\/\/www.krafthand.de\/truck\/#\/schema\/person\/25290391c443ebfc18583f19f72a0c26"},"headline":"Turboladerspezialist auf Wachstumskurs","datePublished":"2018-10-31T06:30:27+00:00","dateModified":"2018-11-05T13:20:14+00:00","mainEntityOfPage":{"@id":"https:\/\/www.krafthand.de\/truck\/artikel\/turboladerspezialist-auf-wachstumskurs-24309\/"},"wordCount":235,"image":{"@id":"https:\/\/www.krafthand.de\/truck\/artikel\/turboladerspezialist-auf-wachstumskurs-24309\/#primaryimage"},"thumbnailUrl":"https:\/\/static.krafthand-truck.de\/uploads\/2018\/10\/Truck_0318_046_1.jpg","keywords":["BE Turbo","Turbolader"],"articleSection":["Nfz-Branche"],"inLanguage":"de"},{"@type":"WebPage","@id":"https:\/\/www.krafthand.de\/truck\/artikel\/turboladerspezialist-auf-wachstumskurs-24309\/","url":"https:\/\/www.krafthand.de\/truck\/artikel\/turboladerspezialist-auf-wachstumskurs-24309\/","name":"Turboladerspezialist auf Wachstumskurs - Krafthand-Truck","isPartOf":{"@id":"https:\/\/www.krafthand.de\/truck\/#website"},"primaryImageOfPage":{"@id":"https:\/\/www.krafthand.de\/truck\/artikel\/turboladerspezialist-auf-wachstumskurs-24309\/#primaryimage"},"image":{"@id":"https:\/\/www.krafthand.de\/truck\/artikel\/turboladerspezialist-auf-wachstumskurs-24309\/#primaryimage"},"thumbnailUrl":"https:\/\/static.krafthand-truck.de\/uploads\/2018\/10\/Truck_0318_046_1.jpg","datePublished":"2018-10-31T06:30:27+00:00","dateModified":"2018-11-05T13:20:14+00:00","author":{"@id":"https:\/\/www.krafthand.de\/truck\/#\/schema\/person\/25290391c443ebfc18583f19f72a0c26"},"breadcrumb":{"@id":"https:\/\/www.krafthand.de\/truck\/artikel\/turboladerspezialist-auf-wachstumskurs-24309\/#breadcrumb"},"inLanguage":"de","potentialAction":[{"@type":"ReadAction","target":["https:\/\/www.krafthand.de\/truck\/artikel\/turboladerspezialist-auf-wachstumskurs-24309\/"]}]},{"@type":"ImageObject","inLanguage":"de","@id":"https:\/\/www.krafthand.de\/truck\/artikel\/turboladerspezialist-auf-wachstumskurs-24309\/#primaryimage","url":"https:\/\/static.krafthand-truck.de\/uploads\/2018\/10\/Truck_0318_046_1.jpg","contentUrl":"https:\/\/static.krafthand-truck.de\/uploads\/2018\/10\/Truck_0318_046_1.jpg","width":1000,"height":465,"caption":"Neues Domizil von BE Turbo"},{"@type":"BreadcrumbList","@id":"https:\/\/www.krafthand.de\/truck\/artikel\/turboladerspezialist-auf-wachstumskurs-24309\/#breadcrumb","itemListElement":[{"@type":"ListItem","position":1,"name":"Krafthand-Truck","item":"https:\/\/www.krafthand.de\/truck\/"},{"@type":"ListItem","position":2,"name":"Nfz-Branche","item":"https:\/\/www.krafthand.de\/truck\/kategorie\/branche\/"},{"@type":"ListItem","position":3,"name":"Turboladerspezialist auf Wachstumskurs"}]},{"@type":"WebSite","@id":"https:\/\/www.krafthand.de\/truck\/#website","url":"https:\/\/www.krafthand.de\/truck\/","name":"Krafthand-Truck","description":"","potentialAction":[{"@type":"SearchAction","target":{"@type":"EntryPoint","urlTemplate":"https:\/\/www.krafthand.de\/truck\/?s={search_term_string}"},"query-input":{"@type":"PropertyValueSpecification","valueRequired":true,"valueName":"search_term_string"}}],"inLanguage":"de"},{"@type":"Person","@id":"https:\/\/www.krafthand.de\/truck\/#\/schema\/person\/25290391c443ebfc18583f19f72a0c26","name":"elisabeth.mair@krafthand.de","image":{"@type":"ImageObject","inLanguage":"de","@id":"https:\/\/secure.gravatar.com\/avatar\/5f0e25e42e13f6e7631bd6597cd91b90228ead6b823ba81a6c8ee32fe135d72e?s=96&d=mm&r=g","url":"https:\/\/secure.gravatar.com\/avatar\/5f0e25e42e13f6e7631bd6597cd91b90228ead6b823ba81a6c8ee32fe135d72e?s=96&d=mm&r=g","contentUrl":"https:\/\/secure.gravatar.com\/avatar\/5f0e25e42e13f6e7631bd6597cd91b90228ead6b823ba81a6c8ee32fe135d72e?s=96&d=mm&r=g","caption":"elisabeth.mair@krafthand.de"}}]}},"_links":{"self":[{"href":"https:\/\/www.krafthand.de\/truck\/wp-json\/wp\/v2\/posts\/24309","targetHints":{"allow":["GET"]}}],"collection":[{"href":"https:\/\/www.krafthand.de\/truck\/wp-json\/wp\/v2\/posts"}],"about":[{"href":"https:\/\/www.krafthand.de\/truck\/wp-json\/wp\/v2\/types\/post"}],"author":[{"embeddable":true,"href":"https:\/\/www.krafthand.de\/truck\/wp-json\/wp\/v2\/users\/6"}],"replies":[{"embeddable":true,"href":"https:\/\/www.krafthand.de\/truck\/wp-json\/wp\/v2\/comments?post=24309"}],"version-history":[{"count":1,"href":"https:\/\/www.krafthand.de\/truck\/wp-json\/wp\/v2\/posts\/24309\/revisions"}],"predecessor-version":[{"id":24312,"href":"https:\/\/www.krafthand.de\/truck\/wp-json\/wp\/v2\/posts\/24309\/revisions\/24312"}],"wp:featuredmedia":[{"embeddable":true,"href":"https:\/\/www.krafthand.de\/truck\/wp-json\/wp\/v2\/media\/24310"}],"wp:attachment":[{"href":"https:\/\/www.krafthand.de\/truck\/wp-json\/wp\/v2\/media?parent=24309"}],"wp:term":[{"taxonomy":"category","embeddable":true,"href":"https:\/\/www.krafthand.de\/truck\/wp-json\/wp\/v2\/categories?post=24309"},{"taxonomy":"post_tag","embeddable":true,"href":"https:\/\/www.krafthand.de\/truck\/wp-json\/wp\/v2\/tags?post=24309"},{"taxonomy":"settings","embeddable":true,"href":"https:\/\/www.krafthand.de\/truck\/wp-json\/wp\/v2\/settings?post=24309"}],"curies":[{"name":"wp","href":"https:\/\/api.w.org\/{rel}","templated":true}]}}