{"id":24293,"date":"2018-10-25T07:30:44","date_gmt":"2018-10-25T05:30:44","guid":{"rendered":"https:\/\/www.krafthand.de\/truck\/?p=24293"},"modified":"2018-10-31T09:43:37","modified_gmt":"2018-10-31T08:43:37","slug":"messtechnik-pur","status":"publish","type":"post","link":"https:\/\/www.krafthand.de\/truck\/artikel\/messtechnik-pur-24293\/","title":{"rendered":"Messtechnik pur"},"content":{"rendered":"<p>\u201eVolle Innovationskraft voraus\u201c hie\u00df es am Automechanika-Stand von AVL Ditest. Der Cadolzburger Pr\u00fcftechnikspezialist war mit einem\u00a0\u00a0 breiten Ger\u00e4te-Mix aus den Bereichen Messtechnik, E-Mobility, Abgasmessung, Klimaservice und Steuerger\u00e4tediagnose nach Frankfurt gereist und stellte auf seinem 288\u00a0 Quadratmeter gro\u00dfen Stand spannende neue Entwicklungen vor und f\u00fchrte den Fachbesuchern \u201aDie Werkstatt der Zukunft\u2018 vor Augen. Spannend \u2013 auch f\u00fcr\u00a0 Nutzfahrzeug-Profis \u2013 war die Vorstellung der \u201aAkustischen Kamera\u2018 (AKAM).\u00a0 Laut AVL Ditest handelt es sich dabei um ein neuartiges Messger\u00e4t, mit dem sich\u00a0 st\u00f6rende Ger\u00e4usche schnell und unkompliziert sichtbar machen lassen sollen, um\u00a0 diese mit geringem Zeitaufwand zielsicher lokalisieren, analysieren und beseitigen zu k\u00f6nnen. Dazu besitzt die AKAM 64 Richtmikrofone sowie eine hochaufl\u00f6sende Kamera.<\/p>\n<p>Mindestens ebenso interessant f\u00fcr \u201aNutzfahrzeugler\u2018 d\u00fcrfte die Pr\u00e4sentation eines\u00a0 neuen AU-Ger\u00e4ts mit Partikelz\u00e4hler gewesen sein, wie es ab 2021 f\u00fcr die AU Pflicht sein wird.\u00a0 Das Besondere daran ist nach eigenen Angaben das Z\u00e4hl-Modul: Das Sensorprinzip des \u201aPartikelz\u00e4hlers\u2018 beruht auf dem elektrischen Ladungsprinzip und soll die\u00a0 Ermittlung der Partikelanzahl auch abseits eines Pr\u00fcfstandes erm\u00f6glichen. Durch die hohe Sensitivit\u00e4t und den gro\u00dfen Messbereich sollen sich so unmittelbare und\u00a0 verl\u00e4ssliche Aussagen \u00fcber die Funktion und den Zustand des Partikelfilters treffen\u00a0\u00a0 lassen, verspricht AVL Ditest.<\/p>\n<p><i>Den Beitrag finden Sie auch in der Print-Ausgabe 3\/18 der <a href=\"https:\/\/www.krafthand.de\/truck\/magazin\/\" title=\"Zum Magazin\">Krafthand-Truck<\/a>.<\/i><\/p>","protected":false},"excerpt":{"rendered":"<p>\u201eVolle Innovationskraft voraus\u201c hie\u00df es am Automechanika-Stand von AVL Ditest. Der Cadolzburger Pr\u00fcftechnikspezialist war mit einem\u00a0\u00a0 breiten Ger\u00e4te-Mix aus den Bereichen Messtechnik, E-Mobility, Abgasmessung, Klimaservice und Steuerger\u00e4tediagnose nach Frankfurt gereist und stellte auf seinem 288\u00a0 Quadratmeter gro\u00dfen Stand spannende neue Entwicklungen vor und f\u00fchrte den Fachbesuchern \u201aDie Werkstatt der Zukunft\u2018 vor Augen. Spannend \u2013 auch <span class=\"excerpt-more__dots\">&#8230;<\/span> <a class=\"excerpt-more__link\" href=\"https:\/\/www.krafthand.de\/truck\/artikel\/messtechnik-pur-24293\/\" >weiter<\/a><\/p>\n","protected":false},"author":6,"featured_media":24295,"comment_status":"closed","ping_status":"closed","sticky":false,"template":"","format":"standard","meta":{"footnotes":""},"categories":[5],"tags":[974,3709],"settings":[],"class_list":["post-24293","post","type-post","status-publish","format-standard","has-post-thumbnail","hentry","category-branche","tag-avl-ditest","tag-messtechnik"],"yoast_head":"<!-- This site is optimized with the Yoast SEO plugin v27.3 - https:\/\/yoast.com\/product\/yoast-seo-wordpress\/ -->\n<title>Messtechnik pur - Krafthand-Truck<\/title>\n<meta name=\"robots\" content=\"index, follow, max-snippet:-1, max-image-preview:large, max-video-preview:-1\" \/>\n<link rel=\"canonical\" href=\"https:\/\/www.krafthand.de\/truck\/artikel\/messtechnik-pur-24293\/\" \/>\n<meta property=\"og:locale\" content=\"de_DE\" \/>\n<meta property=\"og:type\" content=\"article\" \/>\n<meta property=\"og:title\" content=\"Messtechnik pur - Krafthand-Truck\" \/>\n<meta property=\"og:description\" content=\"\u201eVolle Innovationskraft voraus\u201c hie\u00df es am Automechanika-Stand von AVL Ditest. Der Cadolzburger Pr\u00fcftechnikspezialist war mit einem\u00a0\u00a0 breiten Ger\u00e4te-Mix aus den Bereichen Messtechnik, E-Mobility, Abgasmessung, Klimaservice und Steuerger\u00e4tediagnose nach Frankfurt gereist und stellte auf seinem 288\u00a0 Quadratmeter gro\u00dfen Stand spannende neue Entwicklungen vor und f\u00fchrte den Fachbesuchern \u201aDie Werkstatt der Zukunft\u2018 vor Augen. Spannend \u2013 auch ... weiter\" \/>\n<meta property=\"og:url\" content=\"https:\/\/www.krafthand-truck.de\/artikel\/messtechnik-pur-24293\/\" \/>\n<meta property=\"og:site_name\" content=\"Krafthand-Truck\" \/>\n<meta property=\"article:published_time\" content=\"2018-10-25T05:30:44+00:00\" \/>\n<meta property=\"article:modified_time\" content=\"2018-10-31T08:43:37+00:00\" \/>\n<meta property=\"og:image\" content=\"https:\/\/www.krafthand.de\/truck\/wp-content\/uploads\/2018\/10\/Truck_0318_052.jpg\" \/>\n\t<meta property=\"og:image:width\" content=\"1000\" \/>\n\t<meta property=\"og:image:height\" content=\"655\" \/>\n\t<meta property=\"og:image:type\" content=\"image\/jpeg\" \/>\n<meta name=\"author\" content=\"elisabeth.mair@krafthand.de\" \/>\n<meta name=\"twitter:card\" content=\"summary_large_image\" \/>\n<meta name=\"twitter:label1\" content=\"Verfasst von\" \/>\n\t<meta name=\"twitter:data1\" content=\"elisabeth.mair@krafthand.de\" \/>\n\t<meta name=\"twitter:label2\" content=\"Gesch\u00e4tzte Lesezeit\" \/>\n\t<meta name=\"twitter:data2\" content=\"1\u00a0Minute\" \/>\n<script type=\"application\/ld+json\" class=\"yoast-schema-graph\">{\"@context\":\"https:\\\/\\\/schema.org\",\"@graph\":[{\"@type\":\"Article\",\"@id\":\"https:\\\/\\\/www.krafthand.de\\\/truck\\\/artikel\\\/messtechnik-pur-24293\\\/#article\",\"isPartOf\":{\"@id\":\"https:\\\/\\\/www.krafthand.de\\\/truck\\\/artikel\\\/messtechnik-pur-24293\\\/\"},\"author\":{\"name\":\"elisabeth.mair@krafthand.de\",\"@id\":\"https:\\\/\\\/www.krafthand.de\\\/truck\\\/#\\\/schema\\\/person\\\/25290391c443ebfc18583f19f72a0c26\"},\"headline\":\"Messtechnik pur\",\"datePublished\":\"2018-10-25T05:30:44+00:00\",\"dateModified\":\"2018-10-31T08:43:37+00:00\",\"mainEntityOfPage\":{\"@id\":\"https:\\\/\\\/www.krafthand.de\\\/truck\\\/artikel\\\/messtechnik-pur-24293\\\/\"},\"wordCount\":213,\"image\":{\"@id\":\"https:\\\/\\\/www.krafthand.de\\\/truck\\\/artikel\\\/messtechnik-pur-24293\\\/#primaryimage\"},\"thumbnailUrl\":\"https:\\\/\\\/static.krafthand-truck.de\\\/uploads\\\/2018\\\/10\\\/Truck_0318_052.jpg\",\"keywords\":[\"AVL Ditest\",\"Messtechnik\"],\"articleSection\":[\"Nfz-Branche\"],\"inLanguage\":\"de\"},{\"@type\":\"WebPage\",\"@id\":\"https:\\\/\\\/www.krafthand.de\\\/truck\\\/artikel\\\/messtechnik-pur-24293\\\/\",\"url\":\"https:\\\/\\\/www.krafthand.de\\\/truck\\\/artikel\\\/messtechnik-pur-24293\\\/\",\"name\":\"Messtechnik pur - Krafthand-Truck\",\"isPartOf\":{\"@id\":\"https:\\\/\\\/www.krafthand.de\\\/truck\\\/#website\"},\"primaryImageOfPage\":{\"@id\":\"https:\\\/\\\/www.krafthand.de\\\/truck\\\/artikel\\\/messtechnik-pur-24293\\\/#primaryimage\"},\"image\":{\"@id\":\"https:\\\/\\\/www.krafthand.de\\\/truck\\\/artikel\\\/messtechnik-pur-24293\\\/#primaryimage\"},\"thumbnailUrl\":\"https:\\\/\\\/static.krafthand-truck.de\\\/uploads\\\/2018\\\/10\\\/Truck_0318_052.jpg\",\"datePublished\":\"2018-10-25T05:30:44+00:00\",\"dateModified\":\"2018-10-31T08:43:37+00:00\",\"author\":{\"@id\":\"https:\\\/\\\/www.krafthand.de\\\/truck\\\/#\\\/schema\\\/person\\\/25290391c443ebfc18583f19f72a0c26\"},\"breadcrumb\":{\"@id\":\"https:\\\/\\\/www.krafthand.de\\\/truck\\\/artikel\\\/messtechnik-pur-24293\\\/#breadcrumb\"},\"inLanguage\":\"de\",\"potentialAction\":[{\"@type\":\"ReadAction\",\"target\":[\"https:\\\/\\\/www.krafthand.de\\\/truck\\\/artikel\\\/messtechnik-pur-24293\\\/\"]}]},{\"@type\":\"ImageObject\",\"inLanguage\":\"de\",\"@id\":\"https:\\\/\\\/www.krafthand.de\\\/truck\\\/artikel\\\/messtechnik-pur-24293\\\/#primaryimage\",\"url\":\"https:\\\/\\\/static.krafthand-truck.de\\\/uploads\\\/2018\\\/10\\\/Truck_0318_052.jpg\",\"contentUrl\":\"https:\\\/\\\/static.krafthand-truck.de\\\/uploads\\\/2018\\\/10\\\/Truck_0318_052.jpg\",\"width\":1000,\"height\":655,\"caption\":\"AVL Ditest\"},{\"@type\":\"BreadcrumbList\",\"@id\":\"https:\\\/\\\/www.krafthand.de\\\/truck\\\/artikel\\\/messtechnik-pur-24293\\\/#breadcrumb\",\"itemListElement\":[{\"@type\":\"ListItem\",\"position\":1,\"name\":\"Krafthand-Truck\",\"item\":\"https:\\\/\\\/www.krafthand.de\\\/truck\\\/\"},{\"@type\":\"ListItem\",\"position\":2,\"name\":\"Nfz-Branche\",\"item\":\"https:\\\/\\\/www.krafthand.de\\\/truck\\\/kategorie\\\/branche\\\/\"},{\"@type\":\"ListItem\",\"position\":3,\"name\":\"Messtechnik pur\"}]},{\"@type\":\"WebSite\",\"@id\":\"https:\\\/\\\/www.krafthand.de\\\/truck\\\/#website\",\"url\":\"https:\\\/\\\/www.krafthand.de\\\/truck\\\/\",\"name\":\"Krafthand-Truck\",\"description\":\"\",\"potentialAction\":[{\"@type\":\"SearchAction\",\"target\":{\"@type\":\"EntryPoint\",\"urlTemplate\":\"https:\\\/\\\/www.krafthand.de\\\/truck\\\/?s={search_term_string}\"},\"query-input\":{\"@type\":\"PropertyValueSpecification\",\"valueRequired\":true,\"valueName\":\"search_term_string\"}}],\"inLanguage\":\"de\"},{\"@type\":\"Person\",\"@id\":\"https:\\\/\\\/www.krafthand.de\\\/truck\\\/#\\\/schema\\\/person\\\/25290391c443ebfc18583f19f72a0c26\",\"name\":\"elisabeth.mair@krafthand.de\",\"image\":{\"@type\":\"ImageObject\",\"inLanguage\":\"de\",\"@id\":\"https:\\\/\\\/secure.gravatar.com\\\/avatar\\\/5f0e25e42e13f6e7631bd6597cd91b90228ead6b823ba81a6c8ee32fe135d72e?s=96&d=mm&r=g\",\"url\":\"https:\\\/\\\/secure.gravatar.com\\\/avatar\\\/5f0e25e42e13f6e7631bd6597cd91b90228ead6b823ba81a6c8ee32fe135d72e?s=96&d=mm&r=g\",\"contentUrl\":\"https:\\\/\\\/secure.gravatar.com\\\/avatar\\\/5f0e25e42e13f6e7631bd6597cd91b90228ead6b823ba81a6c8ee32fe135d72e?s=96&d=mm&r=g\",\"caption\":\"elisabeth.mair@krafthand.de\"}}]}<\/script>\n<!-- \/ Yoast SEO plugin. -->","yoast_head_json":{"title":"Messtechnik pur - Krafthand-Truck","robots":{"index":"index","follow":"follow","max-snippet":"max-snippet:-1","max-image-preview":"max-image-preview:large","max-video-preview":"max-video-preview:-1"},"canonical":"https:\/\/www.krafthand.de\/truck\/artikel\/messtechnik-pur-24293\/","og_locale":"de_DE","og_type":"article","og_title":"Messtechnik pur - Krafthand-Truck","og_description":"\u201eVolle Innovationskraft voraus\u201c hie\u00df es am Automechanika-Stand von AVL Ditest. Der Cadolzburger Pr\u00fcftechnikspezialist war mit einem\u00a0\u00a0 breiten Ger\u00e4te-Mix aus den Bereichen Messtechnik, E-Mobility, Abgasmessung, Klimaservice und Steuerger\u00e4tediagnose nach Frankfurt gereist und stellte auf seinem 288\u00a0 Quadratmeter gro\u00dfen Stand spannende neue Entwicklungen vor und f\u00fchrte den Fachbesuchern \u201aDie Werkstatt der Zukunft\u2018 vor Augen. Spannend \u2013 auch ... weiter","og_url":"https:\/\/www.krafthand-truck.de\/artikel\/messtechnik-pur-24293\/","og_site_name":"Krafthand-Truck","article_published_time":"2018-10-25T05:30:44+00:00","article_modified_time":"2018-10-31T08:43:37+00:00","og_image":[{"width":1000,"height":655,"url":"https:\/\/www.krafthand.de\/truck\/wp-content\/uploads\/2018\/10\/Truck_0318_052.jpg","type":"image\/jpeg"}],"author":"elisabeth.mair@krafthand.de","twitter_card":"summary_large_image","twitter_misc":{"Verfasst von":"elisabeth.mair@krafthand.de","Gesch\u00e4tzte Lesezeit":"1\u00a0Minute"},"schema":{"@context":"https:\/\/schema.org","@graph":[{"@type":"Article","@id":"https:\/\/www.krafthand.de\/truck\/artikel\/messtechnik-pur-24293\/#article","isPartOf":{"@id":"https:\/\/www.krafthand.de\/truck\/artikel\/messtechnik-pur-24293\/"},"author":{"name":"elisabeth.mair@krafthand.de","@id":"https:\/\/www.krafthand.de\/truck\/#\/schema\/person\/25290391c443ebfc18583f19f72a0c26"},"headline":"Messtechnik pur","datePublished":"2018-10-25T05:30:44+00:00","dateModified":"2018-10-31T08:43:37+00:00","mainEntityOfPage":{"@id":"https:\/\/www.krafthand.de\/truck\/artikel\/messtechnik-pur-24293\/"},"wordCount":213,"image":{"@id":"https:\/\/www.krafthand.de\/truck\/artikel\/messtechnik-pur-24293\/#primaryimage"},"thumbnailUrl":"https:\/\/static.krafthand-truck.de\/uploads\/2018\/10\/Truck_0318_052.jpg","keywords":["AVL Ditest","Messtechnik"],"articleSection":["Nfz-Branche"],"inLanguage":"de"},{"@type":"WebPage","@id":"https:\/\/www.krafthand.de\/truck\/artikel\/messtechnik-pur-24293\/","url":"https:\/\/www.krafthand.de\/truck\/artikel\/messtechnik-pur-24293\/","name":"Messtechnik pur - Krafthand-Truck","isPartOf":{"@id":"https:\/\/www.krafthand.de\/truck\/#website"},"primaryImageOfPage":{"@id":"https:\/\/www.krafthand.de\/truck\/artikel\/messtechnik-pur-24293\/#primaryimage"},"image":{"@id":"https:\/\/www.krafthand.de\/truck\/artikel\/messtechnik-pur-24293\/#primaryimage"},"thumbnailUrl":"https:\/\/static.krafthand-truck.de\/uploads\/2018\/10\/Truck_0318_052.jpg","datePublished":"2018-10-25T05:30:44+00:00","dateModified":"2018-10-31T08:43:37+00:00","author":{"@id":"https:\/\/www.krafthand.de\/truck\/#\/schema\/person\/25290391c443ebfc18583f19f72a0c26"},"breadcrumb":{"@id":"https:\/\/www.krafthand.de\/truck\/artikel\/messtechnik-pur-24293\/#breadcrumb"},"inLanguage":"de","potentialAction":[{"@type":"ReadAction","target":["https:\/\/www.krafthand.de\/truck\/artikel\/messtechnik-pur-24293\/"]}]},{"@type":"ImageObject","inLanguage":"de","@id":"https:\/\/www.krafthand.de\/truck\/artikel\/messtechnik-pur-24293\/#primaryimage","url":"https:\/\/static.krafthand-truck.de\/uploads\/2018\/10\/Truck_0318_052.jpg","contentUrl":"https:\/\/static.krafthand-truck.de\/uploads\/2018\/10\/Truck_0318_052.jpg","width":1000,"height":655,"caption":"AVL Ditest"},{"@type":"BreadcrumbList","@id":"https:\/\/www.krafthand.de\/truck\/artikel\/messtechnik-pur-24293\/#breadcrumb","itemListElement":[{"@type":"ListItem","position":1,"name":"Krafthand-Truck","item":"https:\/\/www.krafthand.de\/truck\/"},{"@type":"ListItem","position":2,"name":"Nfz-Branche","item":"https:\/\/www.krafthand.de\/truck\/kategorie\/branche\/"},{"@type":"ListItem","position":3,"name":"Messtechnik pur"}]},{"@type":"WebSite","@id":"https:\/\/www.krafthand.de\/truck\/#website","url":"https:\/\/www.krafthand.de\/truck\/","name":"Krafthand-Truck","description":"","potentialAction":[{"@type":"SearchAction","target":{"@type":"EntryPoint","urlTemplate":"https:\/\/www.krafthand.de\/truck\/?s={search_term_string}"},"query-input":{"@type":"PropertyValueSpecification","valueRequired":true,"valueName":"search_term_string"}}],"inLanguage":"de"},{"@type":"Person","@id":"https:\/\/www.krafthand.de\/truck\/#\/schema\/person\/25290391c443ebfc18583f19f72a0c26","name":"elisabeth.mair@krafthand.de","image":{"@type":"ImageObject","inLanguage":"de","@id":"https:\/\/secure.gravatar.com\/avatar\/5f0e25e42e13f6e7631bd6597cd91b90228ead6b823ba81a6c8ee32fe135d72e?s=96&d=mm&r=g","url":"https:\/\/secure.gravatar.com\/avatar\/5f0e25e42e13f6e7631bd6597cd91b90228ead6b823ba81a6c8ee32fe135d72e?s=96&d=mm&r=g","contentUrl":"https:\/\/secure.gravatar.com\/avatar\/5f0e25e42e13f6e7631bd6597cd91b90228ead6b823ba81a6c8ee32fe135d72e?s=96&d=mm&r=g","caption":"elisabeth.mair@krafthand.de"}}]}},"_links":{"self":[{"href":"https:\/\/www.krafthand.de\/truck\/wp-json\/wp\/v2\/posts\/24293","targetHints":{"allow":["GET"]}}],"collection":[{"href":"https:\/\/www.krafthand.de\/truck\/wp-json\/wp\/v2\/posts"}],"about":[{"href":"https:\/\/www.krafthand.de\/truck\/wp-json\/wp\/v2\/types\/post"}],"author":[{"embeddable":true,"href":"https:\/\/www.krafthand.de\/truck\/wp-json\/wp\/v2\/users\/6"}],"replies":[{"embeddable":true,"href":"https:\/\/www.krafthand.de\/truck\/wp-json\/wp\/v2\/comments?post=24293"}],"version-history":[{"count":3,"href":"https:\/\/www.krafthand.de\/truck\/wp-json\/wp\/v2\/posts\/24293\/revisions"}],"predecessor-version":[{"id":24337,"href":"https:\/\/www.krafthand.de\/truck\/wp-json\/wp\/v2\/posts\/24293\/revisions\/24337"}],"wp:featuredmedia":[{"embeddable":true,"href":"https:\/\/www.krafthand.de\/truck\/wp-json\/wp\/v2\/media\/24295"}],"wp:attachment":[{"href":"https:\/\/www.krafthand.de\/truck\/wp-json\/wp\/v2\/media?parent=24293"}],"wp:term":[{"taxonomy":"category","embeddable":true,"href":"https:\/\/www.krafthand.de\/truck\/wp-json\/wp\/v2\/categories?post=24293"},{"taxonomy":"post_tag","embeddable":true,"href":"https:\/\/www.krafthand.de\/truck\/wp-json\/wp\/v2\/tags?post=24293"},{"taxonomy":"settings","embeddable":true,"href":"https:\/\/www.krafthand.de\/truck\/wp-json\/wp\/v2\/settings?post=24293"}],"curies":[{"name":"wp","href":"https:\/\/api.w.org\/{rel}","templated":true}]}}