{"id":24286,"date":"2018-10-23T07:30:13","date_gmt":"2018-10-23T05:30:13","guid":{"rendered":"https:\/\/www.krafthand.de\/truck\/?p=24286"},"modified":"2018-10-23T13:59:35","modified_gmt":"2018-10-23T11:59:35","slug":"einfach-einstellen-und-kalibrieren","status":"publish","type":"post","link":"https:\/\/www.krafthand.de\/truck\/artikel\/einfach-einstellen-und-kalibrieren-24286\/","title":{"rendered":"Einfach einstellen und kalibrieren"},"content":{"rendered":"<p>Ein universelles Einstellsystem f\u00fcr Radarsensoren von ACC-Fahrerassistenzsystemen hatte der Wennigser Achsmessspezialist Koch schon seit einigen Jahren als\u00a0 Aufr\u00fcstsatz f\u00fcr sein laserbasiertes Nutzfahrzeugvermesssystem \u201aHD 30\u2018 im Programm. Nun hat das Unternehmen eine neue Einstellvorrichtung namens \u201aHD-30\u00a0 GL\u2018 nachgeschoben. Den Produktinformationen zufolge sollen sich damit sowohl\u00a0 radarbasierte Fahrerassistenzsysteme als auch solche mit Multifunktionskamera \u00fcberpr\u00fcfen und bei Bedarf kalibrieren lassen. Radarsensoren lassen sich bei dieser\u00a0 Gelegenheit auch gleich exakt einstellen. Als Basis f\u00fcr das \u201aHD-30 GL\u2018 dient ein Grundtr\u00e4ger inklusive Messtraverse mit Zentrierskalen und feinjustierten Spiegelfl\u00e4chen, die bei Nichtgebrauch von klappbaren Abdeckungen gesch\u00fctzt werden. Als Zubeh\u00f6r sind optional markenspezifische optische Kalibriertafeln\u00a0\u00a0 erh\u00e4ltlich. Laut Koch l\u00e4sst sich die Einstellvorrichtung mit allen aktuellen\u00a0 Diagnosesystemen, deren Software eine Kalibrierfunktion beinhaltet, verwenden. Wie schon bei den anderen Achsmessanlagen, so verspricht Koch auch f\u00fcr das\u00a0 \u201aHD-30 GL\u2018 eine einfache Handhabung und kurze R\u00fcstzeiten. Dar\u00fcber hinaus soll sich\u00a0 as Kalibriertool mit geringem Aufwand zu einem kompletten, vollwertigen\u00a0 Achsmessger\u00e4t aufr\u00fcsten lassen.<\/p>\n<p><i>Den Beitrag finden Sie auch in der Print-Ausgabe 3\/18 der <a href=\"https:\/\/www.krafthand.de\/truck\/magazin\/\" title=\"Zum Magazin\">Krafthand-Truck<\/a>.<\/i><\/p>","protected":false},"excerpt":{"rendered":"<p>Ein universelles Einstellsystem f\u00fcr Radarsensoren von ACC-Fahrerassistenzsystemen hatte der Wennigser Achsmessspezialist Koch schon seit einigen Jahren als\u00a0 Aufr\u00fcstsatz f\u00fcr sein laserbasiertes Nutzfahrzeugvermesssystem \u201aHD 30\u2018 im Programm. Nun hat das Unternehmen eine neue Einstellvorrichtung namens \u201aHD-30\u00a0 GL\u2018 nachgeschoben. Den Produktinformationen zufolge sollen sich damit sowohl\u00a0 radarbasierte Fahrerassistenzsysteme als auch solche mit Multifunktionskamera \u00fcberpr\u00fcfen und bei Bedarf <span class=\"excerpt-more__dots\">&#8230;<\/span> <a class=\"excerpt-more__link\" href=\"https:\/\/www.krafthand.de\/truck\/artikel\/einfach-einstellen-und-kalibrieren-24286\/\" >weiter<\/a><\/p>\n","protected":false},"author":6,"featured_media":24287,"comment_status":"closed","ping_status":"closed","sticky":false,"template":"","format":"standard","meta":{"footnotes":""},"categories":[5],"tags":[3706,885,3705,716,2747],"settings":[],"class_list":["post-24286","post","type-post","status-publish","format-standard","has-post-thumbnail","hentry","category-branche","tag-achsmessanlage","tag-fahrerassistenzsysteme","tag-hd-30gl","tag-koch","tag-radarsensoren"],"yoast_head":"<!-- This site is optimized with the Yoast SEO plugin v27.3 - https:\/\/yoast.com\/product\/yoast-seo-wordpress\/ -->\n<title>Einfach einstellen und kalibrieren - Krafthand-Truck<\/title>\n<meta name=\"robots\" content=\"index, follow, max-snippet:-1, max-image-preview:large, max-video-preview:-1\" \/>\n<link rel=\"canonical\" href=\"https:\/\/www.krafthand.de\/truck\/artikel\/einfach-einstellen-und-kalibrieren-24286\/\" \/>\n<meta property=\"og:locale\" content=\"de_DE\" \/>\n<meta property=\"og:type\" content=\"article\" \/>\n<meta property=\"og:title\" content=\"Einfach einstellen und kalibrieren - Krafthand-Truck\" \/>\n<meta property=\"og:description\" content=\"Ein universelles Einstellsystem f\u00fcr Radarsensoren von ACC-Fahrerassistenzsystemen hatte der Wennigser Achsmessspezialist Koch schon seit einigen Jahren als\u00a0 Aufr\u00fcstsatz f\u00fcr sein laserbasiertes Nutzfahrzeugvermesssystem \u201aHD 30\u2018 im Programm. Nun hat das Unternehmen eine neue Einstellvorrichtung namens \u201aHD-30\u00a0 GL\u2018 nachgeschoben. Den Produktinformationen zufolge sollen sich damit sowohl\u00a0 radarbasierte Fahrerassistenzsysteme als auch solche mit Multifunktionskamera \u00fcberpr\u00fcfen und bei Bedarf ... weiter\" \/>\n<meta property=\"og:url\" content=\"https:\/\/www.krafthand-truck.de\/artikel\/einfach-einstellen-und-kalibrieren-24286\/\" \/>\n<meta property=\"og:site_name\" content=\"Krafthand-Truck\" \/>\n<meta property=\"article:published_time\" content=\"2018-10-23T05:30:13+00:00\" \/>\n<meta property=\"article:modified_time\" content=\"2018-10-23T11:59:35+00:00\" \/>\n<meta property=\"og:image\" content=\"https:\/\/www.krafthand.de\/truck\/wp-content\/uploads\/2018\/10\/Truck_0318_079.jpg\" \/>\n\t<meta property=\"og:image:width\" content=\"1000\" \/>\n\t<meta property=\"og:image:height\" content=\"932\" \/>\n\t<meta property=\"og:image:type\" content=\"image\/jpeg\" \/>\n<meta name=\"author\" content=\"elisabeth.mair@krafthand.de\" \/>\n<meta name=\"twitter:card\" content=\"summary_large_image\" \/>\n<meta name=\"twitter:label1\" content=\"Verfasst von\" \/>\n\t<meta name=\"twitter:data1\" content=\"elisabeth.mair@krafthand.de\" \/>\n\t<meta name=\"twitter:label2\" content=\"Gesch\u00e4tzte Lesezeit\" \/>\n\t<meta name=\"twitter:data2\" content=\"1\u00a0Minute\" \/>\n<script type=\"application\/ld+json\" class=\"yoast-schema-graph\">{\"@context\":\"https:\\\/\\\/schema.org\",\"@graph\":[{\"@type\":\"Article\",\"@id\":\"https:\\\/\\\/www.krafthand.de\\\/truck\\\/artikel\\\/einfach-einstellen-und-kalibrieren-24286\\\/#article\",\"isPartOf\":{\"@id\":\"https:\\\/\\\/www.krafthand.de\\\/truck\\\/artikel\\\/einfach-einstellen-und-kalibrieren-24286\\\/\"},\"author\":{\"name\":\"elisabeth.mair@krafthand.de\",\"@id\":\"https:\\\/\\\/www.krafthand.de\\\/truck\\\/#\\\/schema\\\/person\\\/25290391c443ebfc18583f19f72a0c26\"},\"headline\":\"Einfach einstellen und kalibrieren\",\"datePublished\":\"2018-10-23T05:30:13+00:00\",\"dateModified\":\"2018-10-23T11:59:35+00:00\",\"mainEntityOfPage\":{\"@id\":\"https:\\\/\\\/www.krafthand.de\\\/truck\\\/artikel\\\/einfach-einstellen-und-kalibrieren-24286\\\/\"},\"wordCount\":170,\"image\":{\"@id\":\"https:\\\/\\\/www.krafthand.de\\\/truck\\\/artikel\\\/einfach-einstellen-und-kalibrieren-24286\\\/#primaryimage\"},\"thumbnailUrl\":\"https:\\\/\\\/static.krafthand-truck.de\\\/uploads\\\/2018\\\/10\\\/Truck_0318_079.jpg\",\"keywords\":[\"Achsmessanlage\",\"Fahrerassistenzsysteme\",\"HD-30GL\",\"Koch\",\"Radarsensoren\"],\"articleSection\":[\"Nfz-Branche\"],\"inLanguage\":\"de\"},{\"@type\":\"WebPage\",\"@id\":\"https:\\\/\\\/www.krafthand.de\\\/truck\\\/artikel\\\/einfach-einstellen-und-kalibrieren-24286\\\/\",\"url\":\"https:\\\/\\\/www.krafthand.de\\\/truck\\\/artikel\\\/einfach-einstellen-und-kalibrieren-24286\\\/\",\"name\":\"Einfach einstellen und kalibrieren - Krafthand-Truck\",\"isPartOf\":{\"@id\":\"https:\\\/\\\/www.krafthand.de\\\/truck\\\/#website\"},\"primaryImageOfPage\":{\"@id\":\"https:\\\/\\\/www.krafthand.de\\\/truck\\\/artikel\\\/einfach-einstellen-und-kalibrieren-24286\\\/#primaryimage\"},\"image\":{\"@id\":\"https:\\\/\\\/www.krafthand.de\\\/truck\\\/artikel\\\/einfach-einstellen-und-kalibrieren-24286\\\/#primaryimage\"},\"thumbnailUrl\":\"https:\\\/\\\/static.krafthand-truck.de\\\/uploads\\\/2018\\\/10\\\/Truck_0318_079.jpg\",\"datePublished\":\"2018-10-23T05:30:13+00:00\",\"dateModified\":\"2018-10-23T11:59:35+00:00\",\"author\":{\"@id\":\"https:\\\/\\\/www.krafthand.de\\\/truck\\\/#\\\/schema\\\/person\\\/25290391c443ebfc18583f19f72a0c26\"},\"breadcrumb\":{\"@id\":\"https:\\\/\\\/www.krafthand.de\\\/truck\\\/artikel\\\/einfach-einstellen-und-kalibrieren-24286\\\/#breadcrumb\"},\"inLanguage\":\"de\",\"potentialAction\":[{\"@type\":\"ReadAction\",\"target\":[\"https:\\\/\\\/www.krafthand.de\\\/truck\\\/artikel\\\/einfach-einstellen-und-kalibrieren-24286\\\/\"]}]},{\"@type\":\"ImageObject\",\"inLanguage\":\"de\",\"@id\":\"https:\\\/\\\/www.krafthand.de\\\/truck\\\/artikel\\\/einfach-einstellen-und-kalibrieren-24286\\\/#primaryimage\",\"url\":\"https:\\\/\\\/static.krafthand-truck.de\\\/uploads\\\/2018\\\/10\\\/Truck_0318_079.jpg\",\"contentUrl\":\"https:\\\/\\\/static.krafthand-truck.de\\\/uploads\\\/2018\\\/10\\\/Truck_0318_079.jpg\",\"width\":1000,\"height\":932,\"caption\":\"Nutzfahrzeugvermesssystem 'HD 30' von Koch\"},{\"@type\":\"BreadcrumbList\",\"@id\":\"https:\\\/\\\/www.krafthand.de\\\/truck\\\/artikel\\\/einfach-einstellen-und-kalibrieren-24286\\\/#breadcrumb\",\"itemListElement\":[{\"@type\":\"ListItem\",\"position\":1,\"name\":\"Krafthand-Truck\",\"item\":\"https:\\\/\\\/www.krafthand.de\\\/truck\\\/\"},{\"@type\":\"ListItem\",\"position\":2,\"name\":\"Nfz-Branche\",\"item\":\"https:\\\/\\\/www.krafthand.de\\\/truck\\\/kategorie\\\/branche\\\/\"},{\"@type\":\"ListItem\",\"position\":3,\"name\":\"Einfach einstellen und kalibrieren\"}]},{\"@type\":\"WebSite\",\"@id\":\"https:\\\/\\\/www.krafthand.de\\\/truck\\\/#website\",\"url\":\"https:\\\/\\\/www.krafthand.de\\\/truck\\\/\",\"name\":\"Krafthand-Truck\",\"description\":\"\",\"potentialAction\":[{\"@type\":\"SearchAction\",\"target\":{\"@type\":\"EntryPoint\",\"urlTemplate\":\"https:\\\/\\\/www.krafthand.de\\\/truck\\\/?s={search_term_string}\"},\"query-input\":{\"@type\":\"PropertyValueSpecification\",\"valueRequired\":true,\"valueName\":\"search_term_string\"}}],\"inLanguage\":\"de\"},{\"@type\":\"Person\",\"@id\":\"https:\\\/\\\/www.krafthand.de\\\/truck\\\/#\\\/schema\\\/person\\\/25290391c443ebfc18583f19f72a0c26\",\"name\":\"elisabeth.mair@krafthand.de\",\"image\":{\"@type\":\"ImageObject\",\"inLanguage\":\"de\",\"@id\":\"https:\\\/\\\/secure.gravatar.com\\\/avatar\\\/5f0e25e42e13f6e7631bd6597cd91b90228ead6b823ba81a6c8ee32fe135d72e?s=96&d=mm&r=g\",\"url\":\"https:\\\/\\\/secure.gravatar.com\\\/avatar\\\/5f0e25e42e13f6e7631bd6597cd91b90228ead6b823ba81a6c8ee32fe135d72e?s=96&d=mm&r=g\",\"contentUrl\":\"https:\\\/\\\/secure.gravatar.com\\\/avatar\\\/5f0e25e42e13f6e7631bd6597cd91b90228ead6b823ba81a6c8ee32fe135d72e?s=96&d=mm&r=g\",\"caption\":\"elisabeth.mair@krafthand.de\"}}]}<\/script>\n<!-- \/ Yoast SEO plugin. -->","yoast_head_json":{"title":"Einfach einstellen und kalibrieren - Krafthand-Truck","robots":{"index":"index","follow":"follow","max-snippet":"max-snippet:-1","max-image-preview":"max-image-preview:large","max-video-preview":"max-video-preview:-1"},"canonical":"https:\/\/www.krafthand.de\/truck\/artikel\/einfach-einstellen-und-kalibrieren-24286\/","og_locale":"de_DE","og_type":"article","og_title":"Einfach einstellen und kalibrieren - Krafthand-Truck","og_description":"Ein universelles Einstellsystem f\u00fcr Radarsensoren von ACC-Fahrerassistenzsystemen hatte der Wennigser Achsmessspezialist Koch schon seit einigen Jahren als\u00a0 Aufr\u00fcstsatz f\u00fcr sein laserbasiertes Nutzfahrzeugvermesssystem \u201aHD 30\u2018 im Programm. Nun hat das Unternehmen eine neue Einstellvorrichtung namens \u201aHD-30\u00a0 GL\u2018 nachgeschoben. Den Produktinformationen zufolge sollen sich damit sowohl\u00a0 radarbasierte Fahrerassistenzsysteme als auch solche mit Multifunktionskamera \u00fcberpr\u00fcfen und bei Bedarf ... weiter","og_url":"https:\/\/www.krafthand-truck.de\/artikel\/einfach-einstellen-und-kalibrieren-24286\/","og_site_name":"Krafthand-Truck","article_published_time":"2018-10-23T05:30:13+00:00","article_modified_time":"2018-10-23T11:59:35+00:00","og_image":[{"width":1000,"height":932,"url":"https:\/\/www.krafthand.de\/truck\/wp-content\/uploads\/2018\/10\/Truck_0318_079.jpg","type":"image\/jpeg"}],"author":"elisabeth.mair@krafthand.de","twitter_card":"summary_large_image","twitter_misc":{"Verfasst von":"elisabeth.mair@krafthand.de","Gesch\u00e4tzte Lesezeit":"1\u00a0Minute"},"schema":{"@context":"https:\/\/schema.org","@graph":[{"@type":"Article","@id":"https:\/\/www.krafthand.de\/truck\/artikel\/einfach-einstellen-und-kalibrieren-24286\/#article","isPartOf":{"@id":"https:\/\/www.krafthand.de\/truck\/artikel\/einfach-einstellen-und-kalibrieren-24286\/"},"author":{"name":"elisabeth.mair@krafthand.de","@id":"https:\/\/www.krafthand.de\/truck\/#\/schema\/person\/25290391c443ebfc18583f19f72a0c26"},"headline":"Einfach einstellen und kalibrieren","datePublished":"2018-10-23T05:30:13+00:00","dateModified":"2018-10-23T11:59:35+00:00","mainEntityOfPage":{"@id":"https:\/\/www.krafthand.de\/truck\/artikel\/einfach-einstellen-und-kalibrieren-24286\/"},"wordCount":170,"image":{"@id":"https:\/\/www.krafthand.de\/truck\/artikel\/einfach-einstellen-und-kalibrieren-24286\/#primaryimage"},"thumbnailUrl":"https:\/\/static.krafthand-truck.de\/uploads\/2018\/10\/Truck_0318_079.jpg","keywords":["Achsmessanlage","Fahrerassistenzsysteme","HD-30GL","Koch","Radarsensoren"],"articleSection":["Nfz-Branche"],"inLanguage":"de"},{"@type":"WebPage","@id":"https:\/\/www.krafthand.de\/truck\/artikel\/einfach-einstellen-und-kalibrieren-24286\/","url":"https:\/\/www.krafthand.de\/truck\/artikel\/einfach-einstellen-und-kalibrieren-24286\/","name":"Einfach einstellen und kalibrieren - Krafthand-Truck","isPartOf":{"@id":"https:\/\/www.krafthand.de\/truck\/#website"},"primaryImageOfPage":{"@id":"https:\/\/www.krafthand.de\/truck\/artikel\/einfach-einstellen-und-kalibrieren-24286\/#primaryimage"},"image":{"@id":"https:\/\/www.krafthand.de\/truck\/artikel\/einfach-einstellen-und-kalibrieren-24286\/#primaryimage"},"thumbnailUrl":"https:\/\/static.krafthand-truck.de\/uploads\/2018\/10\/Truck_0318_079.jpg","datePublished":"2018-10-23T05:30:13+00:00","dateModified":"2018-10-23T11:59:35+00:00","author":{"@id":"https:\/\/www.krafthand.de\/truck\/#\/schema\/person\/25290391c443ebfc18583f19f72a0c26"},"breadcrumb":{"@id":"https:\/\/www.krafthand.de\/truck\/artikel\/einfach-einstellen-und-kalibrieren-24286\/#breadcrumb"},"inLanguage":"de","potentialAction":[{"@type":"ReadAction","target":["https:\/\/www.krafthand.de\/truck\/artikel\/einfach-einstellen-und-kalibrieren-24286\/"]}]},{"@type":"ImageObject","inLanguage":"de","@id":"https:\/\/www.krafthand.de\/truck\/artikel\/einfach-einstellen-und-kalibrieren-24286\/#primaryimage","url":"https:\/\/static.krafthand-truck.de\/uploads\/2018\/10\/Truck_0318_079.jpg","contentUrl":"https:\/\/static.krafthand-truck.de\/uploads\/2018\/10\/Truck_0318_079.jpg","width":1000,"height":932,"caption":"Nutzfahrzeugvermesssystem 'HD 30' von Koch"},{"@type":"BreadcrumbList","@id":"https:\/\/www.krafthand.de\/truck\/artikel\/einfach-einstellen-und-kalibrieren-24286\/#breadcrumb","itemListElement":[{"@type":"ListItem","position":1,"name":"Krafthand-Truck","item":"https:\/\/www.krafthand.de\/truck\/"},{"@type":"ListItem","position":2,"name":"Nfz-Branche","item":"https:\/\/www.krafthand.de\/truck\/kategorie\/branche\/"},{"@type":"ListItem","position":3,"name":"Einfach einstellen und kalibrieren"}]},{"@type":"WebSite","@id":"https:\/\/www.krafthand.de\/truck\/#website","url":"https:\/\/www.krafthand.de\/truck\/","name":"Krafthand-Truck","description":"","potentialAction":[{"@type":"SearchAction","target":{"@type":"EntryPoint","urlTemplate":"https:\/\/www.krafthand.de\/truck\/?s={search_term_string}"},"query-input":{"@type":"PropertyValueSpecification","valueRequired":true,"valueName":"search_term_string"}}],"inLanguage":"de"},{"@type":"Person","@id":"https:\/\/www.krafthand.de\/truck\/#\/schema\/person\/25290391c443ebfc18583f19f72a0c26","name":"elisabeth.mair@krafthand.de","image":{"@type":"ImageObject","inLanguage":"de","@id":"https:\/\/secure.gravatar.com\/avatar\/5f0e25e42e13f6e7631bd6597cd91b90228ead6b823ba81a6c8ee32fe135d72e?s=96&d=mm&r=g","url":"https:\/\/secure.gravatar.com\/avatar\/5f0e25e42e13f6e7631bd6597cd91b90228ead6b823ba81a6c8ee32fe135d72e?s=96&d=mm&r=g","contentUrl":"https:\/\/secure.gravatar.com\/avatar\/5f0e25e42e13f6e7631bd6597cd91b90228ead6b823ba81a6c8ee32fe135d72e?s=96&d=mm&r=g","caption":"elisabeth.mair@krafthand.de"}}]}},"_links":{"self":[{"href":"https:\/\/www.krafthand.de\/truck\/wp-json\/wp\/v2\/posts\/24286","targetHints":{"allow":["GET"]}}],"collection":[{"href":"https:\/\/www.krafthand.de\/truck\/wp-json\/wp\/v2\/posts"}],"about":[{"href":"https:\/\/www.krafthand.de\/truck\/wp-json\/wp\/v2\/types\/post"}],"author":[{"embeddable":true,"href":"https:\/\/www.krafthand.de\/truck\/wp-json\/wp\/v2\/users\/6"}],"replies":[{"embeddable":true,"href":"https:\/\/www.krafthand.de\/truck\/wp-json\/wp\/v2\/comments?post=24286"}],"version-history":[{"count":1,"href":"https:\/\/www.krafthand.de\/truck\/wp-json\/wp\/v2\/posts\/24286\/revisions"}],"predecessor-version":[{"id":24288,"href":"https:\/\/www.krafthand.de\/truck\/wp-json\/wp\/v2\/posts\/24286\/revisions\/24288"}],"wp:featuredmedia":[{"embeddable":true,"href":"https:\/\/www.krafthand.de\/truck\/wp-json\/wp\/v2\/media\/24287"}],"wp:attachment":[{"href":"https:\/\/www.krafthand.de\/truck\/wp-json\/wp\/v2\/media?parent=24286"}],"wp:term":[{"taxonomy":"category","embeddable":true,"href":"https:\/\/www.krafthand.de\/truck\/wp-json\/wp\/v2\/categories?post=24286"},{"taxonomy":"post_tag","embeddable":true,"href":"https:\/\/www.krafthand.de\/truck\/wp-json\/wp\/v2\/tags?post=24286"},{"taxonomy":"settings","embeddable":true,"href":"https:\/\/www.krafthand.de\/truck\/wp-json\/wp\/v2\/settings?post=24286"}],"curies":[{"name":"wp","href":"https:\/\/api.w.org\/{rel}","templated":true}]}}