{"id":24236,"date":"2018-10-13T07:30:54","date_gmt":"2018-10-13T05:30:54","guid":{"rendered":"https:\/\/www.krafthand.de\/truck\/?p=24236"},"modified":"2021-04-09T10:30:07","modified_gmt":"2021-04-09T08:30:07","slug":"werkstattzeiten-und-auftraege-mobil-erfassen","status":"publish","type":"post","link":"https:\/\/www.krafthand.de\/truck\/artikel\/werkstattzeiten-und-auftraege-mobil-erfassen-24236\/","title":{"rendered":"Werkstattzeiten und Auftr\u00e4ge mobil erfassen"},"content":{"rendered":"<p>Neue Formen der Mobilit\u00e4t spielen in der Nutzfahrzeugbranche eine wichtige Rolle. Dass Mobilit\u00e4t dabei auch in den Arbeitsabl\u00e4ufen einer Nutzfahrzeug-Werkstatt ihren\u00a0 Platz hat, zeigt der schw\u00e4bische Softwarespezialist Werbas durch zahlreiche neue Bausteine von \u201aWerbas.blue\u2018. Beispielsweise soll sich mit der mobilen L\u00f6sung\u00a0 \u201aWerbas.blue\u2018 k\u00fcnftig auch die Zeiterfassung und die Zuordnung zu den einzelnen\u00a0 Auftr\u00e4gen einfach und von \u00fcberall im Betrieb aus erledigen und Neuauftr\u00e4ge\u00a0 komplett anlegen lassen. Neu ist laut Werbas auch die \u00dcbernahme von L\u00f6hnen und\u00a0 Teilen aus dem Lager. Dar\u00fcber hinaus erg\u00e4nzen ein neuer Prozessassistent, eine Suchoptimierung sowie eine vereinfachte Benutzeranmeldung den Strau\u00df der Neuheiten. Per Smartphone k\u00f6nnen QR-Code-Aufkleber im Wartungsheft oder auf dem T\u00fcrfalz gescannt und so relevante Fahrzeug- und Kundendaten live am\u00a0 Fahrzeug abgerufen und in die Werkstatt-Management-L\u00f6sung \u201aWerbas\u2018 \u00fcbertragen\u00a0 werden. Zudem soll die neue Version von \u201aWerbas.blue\u2018 merklich schneller geworden sein.<\/p>\n<p>Und auch f\u00fcr die Basis \u201aWerbas\u2018 gibt es Neues, etwa die Module Merkliste,\u00a0 Provisionsauftragsfunktion und Auftragslimit\/Budget\u00fcberwachung. Sie sollen den Werkstattalltag weiter erleichtern und vermeiden, dass etwas in Vergessenheit ger\u00e4t.<\/p>\n<p><i>Den Beitrag finden Sie auch in der Print-Ausgabe 3\/18 der <a href=\"https:\/\/www.krafthand.de\/truck\/magazin\/\" title=\"Zum Magazin\">Krafthand-Truck<\/a>.<\/i><\/p>","protected":false},"excerpt":{"rendered":"<p>Neue Formen der Mobilit\u00e4t spielen in der Nutzfahrzeugbranche eine wichtige Rolle. Dass Mobilit\u00e4t dabei auch in den Arbeitsabl\u00e4ufen einer Nutzfahrzeug-Werkstatt ihren\u00a0 Platz hat, zeigt der schw\u00e4bische Softwarespezialist Werbas durch zahlreiche neue Bausteine von \u201aWerbas.blue\u2018. Beispielsweise soll sich mit der mobilen L\u00f6sung\u00a0 \u201aWerbas.blue\u2018 k\u00fcnftig auch die Zeiterfassung und die Zuordnung zu den einzelnen\u00a0 Auftr\u00e4gen einfach und <span class=\"excerpt-more__dots\">&#8230;<\/span> <a class=\"excerpt-more__link\" href=\"https:\/\/www.krafthand.de\/truck\/artikel\/werkstattzeiten-und-auftraege-mobil-erfassen-24236\/\" >weiter<\/a><\/p>\n","protected":false},"author":6,"featured_media":24238,"comment_status":"closed","ping_status":"closed","sticky":false,"template":"","format":"standard","meta":{"footnotes":""},"categories":[4231],"tags":[118,2979,3472,2626,199],"settings":[],"class_list":["post-24236","post","type-post","status-publish","format-standard","has-post-thumbnail","hentry","category-werkstatt-it","tag-nutzfahrzeuge","tag-software","tag-werbas","tag-werbas-blue","tag-werkstatt"],"yoast_head":"<!-- This site is optimized with the Yoast SEO plugin v27.3 - https:\/\/yoast.com\/product\/yoast-seo-wordpress\/ -->\n<title>Werkstattzeiten und Auftr\u00e4ge mobil erfassen - Krafthand-Truck<\/title>\n<meta name=\"robots\" content=\"index, follow, max-snippet:-1, max-image-preview:large, max-video-preview:-1\" \/>\n<link rel=\"canonical\" href=\"https:\/\/www.krafthand.de\/truck\/artikel\/werkstattzeiten-und-auftraege-mobil-erfassen-24236\/\" \/>\n<meta property=\"og:locale\" content=\"de_DE\" \/>\n<meta property=\"og:type\" content=\"article\" \/>\n<meta property=\"og:title\" content=\"Werkstattzeiten und Auftr\u00e4ge mobil erfassen - Krafthand-Truck\" \/>\n<meta property=\"og:description\" content=\"Neue Formen der Mobilit\u00e4t spielen in der Nutzfahrzeugbranche eine wichtige Rolle. Dass Mobilit\u00e4t dabei auch in den Arbeitsabl\u00e4ufen einer Nutzfahrzeug-Werkstatt ihren\u00a0 Platz hat, zeigt der schw\u00e4bische Softwarespezialist Werbas durch zahlreiche neue Bausteine von \u201aWerbas.blue\u2018. Beispielsweise soll sich mit der mobilen L\u00f6sung\u00a0 \u201aWerbas.blue\u2018 k\u00fcnftig auch die Zeiterfassung und die Zuordnung zu den einzelnen\u00a0 Auftr\u00e4gen einfach und ... weiter\" \/>\n<meta property=\"og:url\" content=\"https:\/\/www.krafthand-truck.de\/artikel\/werkstattzeiten-und-auftraege-mobil-erfassen-24236\/\" \/>\n<meta property=\"og:site_name\" content=\"Krafthand-Truck\" \/>\n<meta property=\"article:published_time\" content=\"2018-10-13T05:30:54+00:00\" \/>\n<meta property=\"article:modified_time\" content=\"2021-04-09T08:30:07+00:00\" \/>\n<meta property=\"og:image\" content=\"https:\/\/www.krafthand.de\/truck\/wp-content\/uploads\/2018\/10\/Truck_0318_069.jpg\" \/>\n\t<meta property=\"og:image:width\" content=\"1000\" \/>\n\t<meta property=\"og:image:height\" content=\"563\" \/>\n\t<meta property=\"og:image:type\" content=\"image\/jpeg\" \/>\n<meta name=\"author\" content=\"elisabeth.mair@krafthand.de\" \/>\n<meta name=\"twitter:card\" content=\"summary_large_image\" \/>\n<meta name=\"twitter:label1\" content=\"Verfasst von\" \/>\n\t<meta name=\"twitter:data1\" content=\"elisabeth.mair@krafthand.de\" \/>\n\t<meta name=\"twitter:label2\" content=\"Gesch\u00e4tzte Lesezeit\" \/>\n\t<meta name=\"twitter:data2\" content=\"1\u00a0Minute\" \/>\n<script type=\"application\/ld+json\" class=\"yoast-schema-graph\">{\"@context\":\"https:\\\/\\\/schema.org\",\"@graph\":[{\"@type\":\"Article\",\"@id\":\"https:\\\/\\\/www.krafthand.de\\\/truck\\\/artikel\\\/werkstattzeiten-und-auftraege-mobil-erfassen-24236\\\/#article\",\"isPartOf\":{\"@id\":\"https:\\\/\\\/www.krafthand.de\\\/truck\\\/artikel\\\/werkstattzeiten-und-auftraege-mobil-erfassen-24236\\\/\"},\"author\":{\"name\":\"elisabeth.mair@krafthand.de\",\"@id\":\"https:\\\/\\\/www.krafthand.de\\\/truck\\\/#\\\/schema\\\/person\\\/25290391c443ebfc18583f19f72a0c26\"},\"headline\":\"Werkstattzeiten und Auftr\u00e4ge mobil erfassen\",\"datePublished\":\"2018-10-13T05:30:54+00:00\",\"dateModified\":\"2021-04-09T08:30:07+00:00\",\"mainEntityOfPage\":{\"@id\":\"https:\\\/\\\/www.krafthand.de\\\/truck\\\/artikel\\\/werkstattzeiten-und-auftraege-mobil-erfassen-24236\\\/\"},\"wordCount\":191,\"image\":{\"@id\":\"https:\\\/\\\/www.krafthand.de\\\/truck\\\/artikel\\\/werkstattzeiten-und-auftraege-mobil-erfassen-24236\\\/#primaryimage\"},\"thumbnailUrl\":\"https:\\\/\\\/static.krafthand-truck.de\\\/uploads\\\/2018\\\/10\\\/Truck_0318_069.jpg\",\"keywords\":[\"Nutzfahrzeuge\",\"Software\",\"Werbas\",\"Werbas blue\",\"Werkstatt\"],\"articleSection\":[\"Werkstatt-IT\"],\"inLanguage\":\"de\"},{\"@type\":\"WebPage\",\"@id\":\"https:\\\/\\\/www.krafthand.de\\\/truck\\\/artikel\\\/werkstattzeiten-und-auftraege-mobil-erfassen-24236\\\/\",\"url\":\"https:\\\/\\\/www.krafthand.de\\\/truck\\\/artikel\\\/werkstattzeiten-und-auftraege-mobil-erfassen-24236\\\/\",\"name\":\"Werkstattzeiten und Auftr\u00e4ge mobil erfassen - Krafthand-Truck\",\"isPartOf\":{\"@id\":\"https:\\\/\\\/www.krafthand.de\\\/truck\\\/#website\"},\"primaryImageOfPage\":{\"@id\":\"https:\\\/\\\/www.krafthand.de\\\/truck\\\/artikel\\\/werkstattzeiten-und-auftraege-mobil-erfassen-24236\\\/#primaryimage\"},\"image\":{\"@id\":\"https:\\\/\\\/www.krafthand.de\\\/truck\\\/artikel\\\/werkstattzeiten-und-auftraege-mobil-erfassen-24236\\\/#primaryimage\"},\"thumbnailUrl\":\"https:\\\/\\\/static.krafthand-truck.de\\\/uploads\\\/2018\\\/10\\\/Truck_0318_069.jpg\",\"datePublished\":\"2018-10-13T05:30:54+00:00\",\"dateModified\":\"2021-04-09T08:30:07+00:00\",\"author\":{\"@id\":\"https:\\\/\\\/www.krafthand.de\\\/truck\\\/#\\\/schema\\\/person\\\/25290391c443ebfc18583f19f72a0c26\"},\"breadcrumb\":{\"@id\":\"https:\\\/\\\/www.krafthand.de\\\/truck\\\/artikel\\\/werkstattzeiten-und-auftraege-mobil-erfassen-24236\\\/#breadcrumb\"},\"inLanguage\":\"de\",\"potentialAction\":[{\"@type\":\"ReadAction\",\"target\":[\"https:\\\/\\\/www.krafthand.de\\\/truck\\\/artikel\\\/werkstattzeiten-und-auftraege-mobil-erfassen-24236\\\/\"]}]},{\"@type\":\"ImageObject\",\"inLanguage\":\"de\",\"@id\":\"https:\\\/\\\/www.krafthand.de\\\/truck\\\/artikel\\\/werkstattzeiten-und-auftraege-mobil-erfassen-24236\\\/#primaryimage\",\"url\":\"https:\\\/\\\/static.krafthand-truck.de\\\/uploads\\\/2018\\\/10\\\/Truck_0318_069.jpg\",\"contentUrl\":\"https:\\\/\\\/static.krafthand-truck.de\\\/uploads\\\/2018\\\/10\\\/Truck_0318_069.jpg\",\"width\":1000,\"height\":563,\"caption\":\"Werbas Werksatttsoftware `Werbas.blue'\"},{\"@type\":\"BreadcrumbList\",\"@id\":\"https:\\\/\\\/www.krafthand.de\\\/truck\\\/artikel\\\/werkstattzeiten-und-auftraege-mobil-erfassen-24236\\\/#breadcrumb\",\"itemListElement\":[{\"@type\":\"ListItem\",\"position\":1,\"name\":\"Krafthand-Truck\",\"item\":\"https:\\\/\\\/www.krafthand.de\\\/truck\\\/\"},{\"@type\":\"ListItem\",\"position\":2,\"name\":\"IT+Fuhrpark\",\"item\":\"https:\\\/\\\/www.krafthand.de\\\/truck\\\/kategorie\\\/fuhrpark\\\/\"},{\"@type\":\"ListItem\",\"position\":3,\"name\":\"Werkstatt-IT\",\"item\":\"https:\\\/\\\/www.krafthand.de\\\/truck\\\/kategorie\\\/fuhrpark\\\/werkstatt-it\\\/\"},{\"@type\":\"ListItem\",\"position\":4,\"name\":\"Werkstattzeiten und Auftr\u00e4ge mobil erfassen\"}]},{\"@type\":\"WebSite\",\"@id\":\"https:\\\/\\\/www.krafthand.de\\\/truck\\\/#website\",\"url\":\"https:\\\/\\\/www.krafthand.de\\\/truck\\\/\",\"name\":\"Krafthand-Truck\",\"description\":\"\",\"potentialAction\":[{\"@type\":\"SearchAction\",\"target\":{\"@type\":\"EntryPoint\",\"urlTemplate\":\"https:\\\/\\\/www.krafthand.de\\\/truck\\\/?s={search_term_string}\"},\"query-input\":{\"@type\":\"PropertyValueSpecification\",\"valueRequired\":true,\"valueName\":\"search_term_string\"}}],\"inLanguage\":\"de\"},{\"@type\":\"Person\",\"@id\":\"https:\\\/\\\/www.krafthand.de\\\/truck\\\/#\\\/schema\\\/person\\\/25290391c443ebfc18583f19f72a0c26\",\"name\":\"elisabeth.mair@krafthand.de\",\"image\":{\"@type\":\"ImageObject\",\"inLanguage\":\"de\",\"@id\":\"https:\\\/\\\/secure.gravatar.com\\\/avatar\\\/5f0e25e42e13f6e7631bd6597cd91b90228ead6b823ba81a6c8ee32fe135d72e?s=96&d=mm&r=g\",\"url\":\"https:\\\/\\\/secure.gravatar.com\\\/avatar\\\/5f0e25e42e13f6e7631bd6597cd91b90228ead6b823ba81a6c8ee32fe135d72e?s=96&d=mm&r=g\",\"contentUrl\":\"https:\\\/\\\/secure.gravatar.com\\\/avatar\\\/5f0e25e42e13f6e7631bd6597cd91b90228ead6b823ba81a6c8ee32fe135d72e?s=96&d=mm&r=g\",\"caption\":\"elisabeth.mair@krafthand.de\"}}]}<\/script>\n<!-- \/ Yoast SEO plugin. -->","yoast_head_json":{"title":"Werkstattzeiten und Auftr\u00e4ge mobil erfassen - Krafthand-Truck","robots":{"index":"index","follow":"follow","max-snippet":"max-snippet:-1","max-image-preview":"max-image-preview:large","max-video-preview":"max-video-preview:-1"},"canonical":"https:\/\/www.krafthand.de\/truck\/artikel\/werkstattzeiten-und-auftraege-mobil-erfassen-24236\/","og_locale":"de_DE","og_type":"article","og_title":"Werkstattzeiten und Auftr\u00e4ge mobil erfassen - Krafthand-Truck","og_description":"Neue Formen der Mobilit\u00e4t spielen in der Nutzfahrzeugbranche eine wichtige Rolle. Dass Mobilit\u00e4t dabei auch in den Arbeitsabl\u00e4ufen einer Nutzfahrzeug-Werkstatt ihren\u00a0 Platz hat, zeigt der schw\u00e4bische Softwarespezialist Werbas durch zahlreiche neue Bausteine von \u201aWerbas.blue\u2018. Beispielsweise soll sich mit der mobilen L\u00f6sung\u00a0 \u201aWerbas.blue\u2018 k\u00fcnftig auch die Zeiterfassung und die Zuordnung zu den einzelnen\u00a0 Auftr\u00e4gen einfach und ... weiter","og_url":"https:\/\/www.krafthand-truck.de\/artikel\/werkstattzeiten-und-auftraege-mobil-erfassen-24236\/","og_site_name":"Krafthand-Truck","article_published_time":"2018-10-13T05:30:54+00:00","article_modified_time":"2021-04-09T08:30:07+00:00","og_image":[{"width":1000,"height":563,"url":"https:\/\/www.krafthand.de\/truck\/wp-content\/uploads\/2018\/10\/Truck_0318_069.jpg","type":"image\/jpeg"}],"author":"elisabeth.mair@krafthand.de","twitter_card":"summary_large_image","twitter_misc":{"Verfasst von":"elisabeth.mair@krafthand.de","Gesch\u00e4tzte Lesezeit":"1\u00a0Minute"},"schema":{"@context":"https:\/\/schema.org","@graph":[{"@type":"Article","@id":"https:\/\/www.krafthand.de\/truck\/artikel\/werkstattzeiten-und-auftraege-mobil-erfassen-24236\/#article","isPartOf":{"@id":"https:\/\/www.krafthand.de\/truck\/artikel\/werkstattzeiten-und-auftraege-mobil-erfassen-24236\/"},"author":{"name":"elisabeth.mair@krafthand.de","@id":"https:\/\/www.krafthand.de\/truck\/#\/schema\/person\/25290391c443ebfc18583f19f72a0c26"},"headline":"Werkstattzeiten und Auftr\u00e4ge mobil erfassen","datePublished":"2018-10-13T05:30:54+00:00","dateModified":"2021-04-09T08:30:07+00:00","mainEntityOfPage":{"@id":"https:\/\/www.krafthand.de\/truck\/artikel\/werkstattzeiten-und-auftraege-mobil-erfassen-24236\/"},"wordCount":191,"image":{"@id":"https:\/\/www.krafthand.de\/truck\/artikel\/werkstattzeiten-und-auftraege-mobil-erfassen-24236\/#primaryimage"},"thumbnailUrl":"https:\/\/static.krafthand-truck.de\/uploads\/2018\/10\/Truck_0318_069.jpg","keywords":["Nutzfahrzeuge","Software","Werbas","Werbas blue","Werkstatt"],"articleSection":["Werkstatt-IT"],"inLanguage":"de"},{"@type":"WebPage","@id":"https:\/\/www.krafthand.de\/truck\/artikel\/werkstattzeiten-und-auftraege-mobil-erfassen-24236\/","url":"https:\/\/www.krafthand.de\/truck\/artikel\/werkstattzeiten-und-auftraege-mobil-erfassen-24236\/","name":"Werkstattzeiten und Auftr\u00e4ge mobil erfassen - Krafthand-Truck","isPartOf":{"@id":"https:\/\/www.krafthand.de\/truck\/#website"},"primaryImageOfPage":{"@id":"https:\/\/www.krafthand.de\/truck\/artikel\/werkstattzeiten-und-auftraege-mobil-erfassen-24236\/#primaryimage"},"image":{"@id":"https:\/\/www.krafthand.de\/truck\/artikel\/werkstattzeiten-und-auftraege-mobil-erfassen-24236\/#primaryimage"},"thumbnailUrl":"https:\/\/static.krafthand-truck.de\/uploads\/2018\/10\/Truck_0318_069.jpg","datePublished":"2018-10-13T05:30:54+00:00","dateModified":"2021-04-09T08:30:07+00:00","author":{"@id":"https:\/\/www.krafthand.de\/truck\/#\/schema\/person\/25290391c443ebfc18583f19f72a0c26"},"breadcrumb":{"@id":"https:\/\/www.krafthand.de\/truck\/artikel\/werkstattzeiten-und-auftraege-mobil-erfassen-24236\/#breadcrumb"},"inLanguage":"de","potentialAction":[{"@type":"ReadAction","target":["https:\/\/www.krafthand.de\/truck\/artikel\/werkstattzeiten-und-auftraege-mobil-erfassen-24236\/"]}]},{"@type":"ImageObject","inLanguage":"de","@id":"https:\/\/www.krafthand.de\/truck\/artikel\/werkstattzeiten-und-auftraege-mobil-erfassen-24236\/#primaryimage","url":"https:\/\/static.krafthand-truck.de\/uploads\/2018\/10\/Truck_0318_069.jpg","contentUrl":"https:\/\/static.krafthand-truck.de\/uploads\/2018\/10\/Truck_0318_069.jpg","width":1000,"height":563,"caption":"Werbas Werksatttsoftware `Werbas.blue'"},{"@type":"BreadcrumbList","@id":"https:\/\/www.krafthand.de\/truck\/artikel\/werkstattzeiten-und-auftraege-mobil-erfassen-24236\/#breadcrumb","itemListElement":[{"@type":"ListItem","position":1,"name":"Krafthand-Truck","item":"https:\/\/www.krafthand.de\/truck\/"},{"@type":"ListItem","position":2,"name":"IT+Fuhrpark","item":"https:\/\/www.krafthand.de\/truck\/kategorie\/fuhrpark\/"},{"@type":"ListItem","position":3,"name":"Werkstatt-IT","item":"https:\/\/www.krafthand.de\/truck\/kategorie\/fuhrpark\/werkstatt-it\/"},{"@type":"ListItem","position":4,"name":"Werkstattzeiten und Auftr\u00e4ge mobil erfassen"}]},{"@type":"WebSite","@id":"https:\/\/www.krafthand.de\/truck\/#website","url":"https:\/\/www.krafthand.de\/truck\/","name":"Krafthand-Truck","description":"","potentialAction":[{"@type":"SearchAction","target":{"@type":"EntryPoint","urlTemplate":"https:\/\/www.krafthand.de\/truck\/?s={search_term_string}"},"query-input":{"@type":"PropertyValueSpecification","valueRequired":true,"valueName":"search_term_string"}}],"inLanguage":"de"},{"@type":"Person","@id":"https:\/\/www.krafthand.de\/truck\/#\/schema\/person\/25290391c443ebfc18583f19f72a0c26","name":"elisabeth.mair@krafthand.de","image":{"@type":"ImageObject","inLanguage":"de","@id":"https:\/\/secure.gravatar.com\/avatar\/5f0e25e42e13f6e7631bd6597cd91b90228ead6b823ba81a6c8ee32fe135d72e?s=96&d=mm&r=g","url":"https:\/\/secure.gravatar.com\/avatar\/5f0e25e42e13f6e7631bd6597cd91b90228ead6b823ba81a6c8ee32fe135d72e?s=96&d=mm&r=g","contentUrl":"https:\/\/secure.gravatar.com\/avatar\/5f0e25e42e13f6e7631bd6597cd91b90228ead6b823ba81a6c8ee32fe135d72e?s=96&d=mm&r=g","caption":"elisabeth.mair@krafthand.de"}}]}},"_links":{"self":[{"href":"https:\/\/www.krafthand.de\/truck\/wp-json\/wp\/v2\/posts\/24236","targetHints":{"allow":["GET"]}}],"collection":[{"href":"https:\/\/www.krafthand.de\/truck\/wp-json\/wp\/v2\/posts"}],"about":[{"href":"https:\/\/www.krafthand.de\/truck\/wp-json\/wp\/v2\/types\/post"}],"author":[{"embeddable":true,"href":"https:\/\/www.krafthand.de\/truck\/wp-json\/wp\/v2\/users\/6"}],"replies":[{"embeddable":true,"href":"https:\/\/www.krafthand.de\/truck\/wp-json\/wp\/v2\/comments?post=24236"}],"version-history":[{"count":2,"href":"https:\/\/www.krafthand.de\/truck\/wp-json\/wp\/v2\/posts\/24236\/revisions"}],"predecessor-version":[{"id":24239,"href":"https:\/\/www.krafthand.de\/truck\/wp-json\/wp\/v2\/posts\/24236\/revisions\/24239"}],"wp:featuredmedia":[{"embeddable":true,"href":"https:\/\/www.krafthand.de\/truck\/wp-json\/wp\/v2\/media\/24238"}],"wp:attachment":[{"href":"https:\/\/www.krafthand.de\/truck\/wp-json\/wp\/v2\/media?parent=24236"}],"wp:term":[{"taxonomy":"category","embeddable":true,"href":"https:\/\/www.krafthand.de\/truck\/wp-json\/wp\/v2\/categories?post=24236"},{"taxonomy":"post_tag","embeddable":true,"href":"https:\/\/www.krafthand.de\/truck\/wp-json\/wp\/v2\/tags?post=24236"},{"taxonomy":"settings","embeddable":true,"href":"https:\/\/www.krafthand.de\/truck\/wp-json\/wp\/v2\/settings?post=24236"}],"curies":[{"name":"wp","href":"https:\/\/api.w.org\/{rel}","templated":true}]}}