{"id":24204,"date":"2018-10-05T07:30:08","date_gmt":"2018-10-05T05:30:08","guid":{"rendered":"https:\/\/www.krafthand.de\/truck\/?p=24204"},"modified":"2018-10-04T10:19:18","modified_gmt":"2018-10-04T08:19:18","slug":"komplettpaket-speziell-fuer-autoglaser","status":"publish","type":"post","link":"https:\/\/www.krafthand.de\/truck\/artikel\/komplettpaket-speziell-fuer-autoglaser-24204\/","title":{"rendered":"Komplettpaket speziell f\u00fcr Autoglaser"},"content":{"rendered":"<p>Die aktiven Fahrerassistenzsysteme (FAS) Spurhalte- und Notbremsassistent geh\u00f6ren seit 2015 in neuen Lkw und Bussen zur Serienausstattung. Speziell nach einem Austausch der Windschutzscheibe muss die Multifunktionskamera neu kalibriert werden. Um Autoglas-Fachbetrieben eine professionelle L\u00f6sung bieten zu k\u00f6nnen, haben sich die Unternehmen ASC GbR und Wabcow\u00fcrth Workshop Services GmbH zu einer Kooperation zusammengetan. Das Ergebnis daraus ist eine mobile Paketl\u00f6sung eigens f\u00fcr Autoglas-Betriebe. Diese besteht aus einer optischen Justiereinrichtung mit Kalibriertafeln, \u201aASCT\u2018 genannt, die der Ulmer Autoglasspezialist ASC beisteuert, und dem \u201aW.Easy\u2018, dem bekannten Mehrmarken-Diagnoseger\u00e4t von Wabcow\u00fcrth.<\/p>\n<p>Einer gemeinsamen Pressemitteilung zufolge handelt es sich beim \u201aASCT mobil\u2018 um ein lasergest\u00fctztes Werkzeug zum herstellerkonformen Positionieren der optischen Kalibriertafeln, die zum Paketumfang geh\u00f6ren und die alle g\u00e4ngigen Lkw-Marken und -Modelle abdecken sollen. Die modulare Justiereinrichtung soll sich einfach transportieren und dank kurzer R\u00fcstzeiten auch direkt beim Kunden vor Ort einsetzen lassen. Bei der Software des \u201aW.Easy\u2018 handelt es sich demnach um eine speziell f\u00fcr Autoglaser zugeschnittene Mehrmarkenlizenz. F\u00fcr das Komplettsystem<br \/>\nhaben sich die beiden Kooperationspartner nach eigenem Bekunden ein attraktives Leasingangebot einfallen lassen.<\/p>\n<p><i>Den Beitrag finden Sie auch in der Print-Ausgabe 3\/18 der <a href=\"https:\/\/www.krafthand.de\/truck\/magazin\/\" title=\"Zum Magazin\">Krafthand-Truck<\/a>.<\/i><\/p>","protected":false},"excerpt":{"rendered":"<p>Die aktiven Fahrerassistenzsysteme (FAS) Spurhalte- und Notbremsassistent geh\u00f6ren seit 2015 in neuen Lkw und Bussen zur Serienausstattung. Speziell nach einem Austausch der Windschutzscheibe muss die Multifunktionskamera neu kalibriert werden. Um Autoglas-Fachbetrieben eine professionelle L\u00f6sung bieten zu k\u00f6nnen, haben sich die Unternehmen ASC GbR und Wabcow\u00fcrth Workshop Services GmbH zu einer Kooperation zusammengetan. Das Ergebnis daraus <span class=\"excerpt-more__dots\">&#8230;<\/span> <a class=\"excerpt-more__link\" href=\"https:\/\/www.krafthand.de\/truck\/artikel\/komplettpaket-speziell-fuer-autoglaser-24204\/\" >weiter<\/a><\/p>\n","protected":false},"author":6,"featured_media":24206,"comment_status":"closed","ping_status":"closed","sticky":false,"template":"","format":"standard","meta":{"footnotes":""},"categories":[5],"tags":[3680,3681,259],"settings":[],"class_list":["post-24204","post","type-post","status-publish","format-standard","has-post-thumbnail","hentry","category-branche","tag-asc-gbr","tag-autoglas","tag-wabcowuerth"],"yoast_head":"<!-- This site is optimized with the Yoast SEO plugin v27.3 - https:\/\/yoast.com\/product\/yoast-seo-wordpress\/ -->\n<title>Komplettpaket speziell f\u00fcr Autoglaser - Krafthand-Truck<\/title>\n<meta name=\"robots\" content=\"index, follow, max-snippet:-1, max-image-preview:large, max-video-preview:-1\" \/>\n<link rel=\"canonical\" href=\"https:\/\/www.krafthand.de\/truck\/artikel\/komplettpaket-speziell-fuer-autoglaser-24204\/\" \/>\n<meta property=\"og:locale\" content=\"de_DE\" \/>\n<meta property=\"og:type\" content=\"article\" \/>\n<meta property=\"og:title\" content=\"Komplettpaket speziell f\u00fcr Autoglaser - Krafthand-Truck\" \/>\n<meta property=\"og:description\" content=\"Die aktiven Fahrerassistenzsysteme (FAS) Spurhalte- und Notbremsassistent geh\u00f6ren seit 2015 in neuen Lkw und Bussen zur Serienausstattung. Speziell nach einem Austausch der Windschutzscheibe muss die Multifunktionskamera neu kalibriert werden. Um Autoglas-Fachbetrieben eine professionelle L\u00f6sung bieten zu k\u00f6nnen, haben sich die Unternehmen ASC GbR und Wabcow\u00fcrth Workshop Services GmbH zu einer Kooperation zusammengetan. Das Ergebnis daraus ... weiter\" \/>\n<meta property=\"og:url\" content=\"https:\/\/www.krafthand-truck.de\/artikel\/komplettpaket-speziell-fuer-autoglaser-24204\/\" \/>\n<meta property=\"og:site_name\" content=\"Krafthand-Truck\" \/>\n<meta property=\"article:published_time\" content=\"2018-10-05T05:30:08+00:00\" \/>\n<meta property=\"og:image\" content=\"https:\/\/www.krafthand.de\/truck\/wp-content\/uploads\/2018\/10\/Truck_0318_081.jpg\" \/>\n\t<meta property=\"og:image:width\" content=\"1000\" \/>\n\t<meta property=\"og:image:height\" content=\"666\" \/>\n\t<meta property=\"og:image:type\" content=\"image\/jpeg\" \/>\n<meta name=\"author\" content=\"elisabeth.mair@krafthand.de\" \/>\n<meta name=\"twitter:card\" content=\"summary_large_image\" \/>\n<meta name=\"twitter:label1\" content=\"Verfasst von\" \/>\n\t<meta name=\"twitter:data1\" content=\"elisabeth.mair@krafthand.de\" \/>\n\t<meta name=\"twitter:label2\" content=\"Gesch\u00e4tzte Lesezeit\" \/>\n\t<meta name=\"twitter:data2\" content=\"1\u00a0Minute\" \/>\n<script type=\"application\/ld+json\" class=\"yoast-schema-graph\">{\"@context\":\"https:\\\/\\\/schema.org\",\"@graph\":[{\"@type\":\"Article\",\"@id\":\"https:\\\/\\\/www.krafthand.de\\\/truck\\\/artikel\\\/komplettpaket-speziell-fuer-autoglaser-24204\\\/#article\",\"isPartOf\":{\"@id\":\"https:\\\/\\\/www.krafthand.de\\\/truck\\\/artikel\\\/komplettpaket-speziell-fuer-autoglaser-24204\\\/\"},\"author\":{\"name\":\"elisabeth.mair@krafthand.de\",\"@id\":\"https:\\\/\\\/www.krafthand.de\\\/truck\\\/#\\\/schema\\\/person\\\/25290391c443ebfc18583f19f72a0c26\"},\"headline\":\"Komplettpaket speziell f\u00fcr Autoglaser\",\"datePublished\":\"2018-10-05T05:30:08+00:00\",\"mainEntityOfPage\":{\"@id\":\"https:\\\/\\\/www.krafthand.de\\\/truck\\\/artikel\\\/komplettpaket-speziell-fuer-autoglaser-24204\\\/\"},\"wordCount\":190,\"image\":{\"@id\":\"https:\\\/\\\/www.krafthand.de\\\/truck\\\/artikel\\\/komplettpaket-speziell-fuer-autoglaser-24204\\\/#primaryimage\"},\"thumbnailUrl\":\"https:\\\/\\\/static.krafthand-truck.de\\\/uploads\\\/2018\\\/10\\\/Truck_0318_081.jpg\",\"keywords\":[\"ASC GbR\",\"Autoglas\",\"Wabcow\u00fcrth\"],\"articleSection\":[\"Nfz-Branche\"],\"inLanguage\":\"de\"},{\"@type\":\"WebPage\",\"@id\":\"https:\\\/\\\/www.krafthand.de\\\/truck\\\/artikel\\\/komplettpaket-speziell-fuer-autoglaser-24204\\\/\",\"url\":\"https:\\\/\\\/www.krafthand.de\\\/truck\\\/artikel\\\/komplettpaket-speziell-fuer-autoglaser-24204\\\/\",\"name\":\"Komplettpaket speziell f\u00fcr Autoglaser - Krafthand-Truck\",\"isPartOf\":{\"@id\":\"https:\\\/\\\/www.krafthand.de\\\/truck\\\/#website\"},\"primaryImageOfPage\":{\"@id\":\"https:\\\/\\\/www.krafthand.de\\\/truck\\\/artikel\\\/komplettpaket-speziell-fuer-autoglaser-24204\\\/#primaryimage\"},\"image\":{\"@id\":\"https:\\\/\\\/www.krafthand.de\\\/truck\\\/artikel\\\/komplettpaket-speziell-fuer-autoglaser-24204\\\/#primaryimage\"},\"thumbnailUrl\":\"https:\\\/\\\/static.krafthand-truck.de\\\/uploads\\\/2018\\\/10\\\/Truck_0318_081.jpg\",\"datePublished\":\"2018-10-05T05:30:08+00:00\",\"author\":{\"@id\":\"https:\\\/\\\/www.krafthand.de\\\/truck\\\/#\\\/schema\\\/person\\\/25290391c443ebfc18583f19f72a0c26\"},\"breadcrumb\":{\"@id\":\"https:\\\/\\\/www.krafthand.de\\\/truck\\\/artikel\\\/komplettpaket-speziell-fuer-autoglaser-24204\\\/#breadcrumb\"},\"inLanguage\":\"de\",\"potentialAction\":[{\"@type\":\"ReadAction\",\"target\":[\"https:\\\/\\\/www.krafthand.de\\\/truck\\\/artikel\\\/komplettpaket-speziell-fuer-autoglaser-24204\\\/\"]}]},{\"@type\":\"ImageObject\",\"inLanguage\":\"de\",\"@id\":\"https:\\\/\\\/www.krafthand.de\\\/truck\\\/artikel\\\/komplettpaket-speziell-fuer-autoglaser-24204\\\/#primaryimage\",\"url\":\"https:\\\/\\\/static.krafthand-truck.de\\\/uploads\\\/2018\\\/10\\\/Truck_0318_081.jpg\",\"contentUrl\":\"https:\\\/\\\/static.krafthand-truck.de\\\/uploads\\\/2018\\\/10\\\/Truck_0318_081.jpg\",\"width\":1000,\"height\":666,\"caption\":\"lasergest\u00fctze Justiervorrichtung\"},{\"@type\":\"BreadcrumbList\",\"@id\":\"https:\\\/\\\/www.krafthand.de\\\/truck\\\/artikel\\\/komplettpaket-speziell-fuer-autoglaser-24204\\\/#breadcrumb\",\"itemListElement\":[{\"@type\":\"ListItem\",\"position\":1,\"name\":\"Krafthand-Truck\",\"item\":\"https:\\\/\\\/www.krafthand.de\\\/truck\\\/\"},{\"@type\":\"ListItem\",\"position\":2,\"name\":\"Nfz-Branche\",\"item\":\"https:\\\/\\\/www.krafthand.de\\\/truck\\\/kategorie\\\/branche\\\/\"},{\"@type\":\"ListItem\",\"position\":3,\"name\":\"Komplettpaket speziell f\u00fcr Autoglaser\"}]},{\"@type\":\"WebSite\",\"@id\":\"https:\\\/\\\/www.krafthand.de\\\/truck\\\/#website\",\"url\":\"https:\\\/\\\/www.krafthand.de\\\/truck\\\/\",\"name\":\"Krafthand-Truck\",\"description\":\"\",\"potentialAction\":[{\"@type\":\"SearchAction\",\"target\":{\"@type\":\"EntryPoint\",\"urlTemplate\":\"https:\\\/\\\/www.krafthand.de\\\/truck\\\/?s={search_term_string}\"},\"query-input\":{\"@type\":\"PropertyValueSpecification\",\"valueRequired\":true,\"valueName\":\"search_term_string\"}}],\"inLanguage\":\"de\"},{\"@type\":\"Person\",\"@id\":\"https:\\\/\\\/www.krafthand.de\\\/truck\\\/#\\\/schema\\\/person\\\/25290391c443ebfc18583f19f72a0c26\",\"name\":\"elisabeth.mair@krafthand.de\",\"image\":{\"@type\":\"ImageObject\",\"inLanguage\":\"de\",\"@id\":\"https:\\\/\\\/secure.gravatar.com\\\/avatar\\\/5f0e25e42e13f6e7631bd6597cd91b90228ead6b823ba81a6c8ee32fe135d72e?s=96&d=mm&r=g\",\"url\":\"https:\\\/\\\/secure.gravatar.com\\\/avatar\\\/5f0e25e42e13f6e7631bd6597cd91b90228ead6b823ba81a6c8ee32fe135d72e?s=96&d=mm&r=g\",\"contentUrl\":\"https:\\\/\\\/secure.gravatar.com\\\/avatar\\\/5f0e25e42e13f6e7631bd6597cd91b90228ead6b823ba81a6c8ee32fe135d72e?s=96&d=mm&r=g\",\"caption\":\"elisabeth.mair@krafthand.de\"}}]}<\/script>\n<!-- \/ Yoast SEO plugin. -->","yoast_head_json":{"title":"Komplettpaket speziell f\u00fcr Autoglaser - Krafthand-Truck","robots":{"index":"index","follow":"follow","max-snippet":"max-snippet:-1","max-image-preview":"max-image-preview:large","max-video-preview":"max-video-preview:-1"},"canonical":"https:\/\/www.krafthand.de\/truck\/artikel\/komplettpaket-speziell-fuer-autoglaser-24204\/","og_locale":"de_DE","og_type":"article","og_title":"Komplettpaket speziell f\u00fcr Autoglaser - Krafthand-Truck","og_description":"Die aktiven Fahrerassistenzsysteme (FAS) Spurhalte- und Notbremsassistent geh\u00f6ren seit 2015 in neuen Lkw und Bussen zur Serienausstattung. Speziell nach einem Austausch der Windschutzscheibe muss die Multifunktionskamera neu kalibriert werden. Um Autoglas-Fachbetrieben eine professionelle L\u00f6sung bieten zu k\u00f6nnen, haben sich die Unternehmen ASC GbR und Wabcow\u00fcrth Workshop Services GmbH zu einer Kooperation zusammengetan. Das Ergebnis daraus ... weiter","og_url":"https:\/\/www.krafthand-truck.de\/artikel\/komplettpaket-speziell-fuer-autoglaser-24204\/","og_site_name":"Krafthand-Truck","article_published_time":"2018-10-05T05:30:08+00:00","og_image":[{"width":1000,"height":666,"url":"https:\/\/www.krafthand.de\/truck\/wp-content\/uploads\/2018\/10\/Truck_0318_081.jpg","type":"image\/jpeg"}],"author":"elisabeth.mair@krafthand.de","twitter_card":"summary_large_image","twitter_misc":{"Verfasst von":"elisabeth.mair@krafthand.de","Gesch\u00e4tzte Lesezeit":"1\u00a0Minute"},"schema":{"@context":"https:\/\/schema.org","@graph":[{"@type":"Article","@id":"https:\/\/www.krafthand.de\/truck\/artikel\/komplettpaket-speziell-fuer-autoglaser-24204\/#article","isPartOf":{"@id":"https:\/\/www.krafthand.de\/truck\/artikel\/komplettpaket-speziell-fuer-autoglaser-24204\/"},"author":{"name":"elisabeth.mair@krafthand.de","@id":"https:\/\/www.krafthand.de\/truck\/#\/schema\/person\/25290391c443ebfc18583f19f72a0c26"},"headline":"Komplettpaket speziell f\u00fcr Autoglaser","datePublished":"2018-10-05T05:30:08+00:00","mainEntityOfPage":{"@id":"https:\/\/www.krafthand.de\/truck\/artikel\/komplettpaket-speziell-fuer-autoglaser-24204\/"},"wordCount":190,"image":{"@id":"https:\/\/www.krafthand.de\/truck\/artikel\/komplettpaket-speziell-fuer-autoglaser-24204\/#primaryimage"},"thumbnailUrl":"https:\/\/static.krafthand-truck.de\/uploads\/2018\/10\/Truck_0318_081.jpg","keywords":["ASC GbR","Autoglas","Wabcow\u00fcrth"],"articleSection":["Nfz-Branche"],"inLanguage":"de"},{"@type":"WebPage","@id":"https:\/\/www.krafthand.de\/truck\/artikel\/komplettpaket-speziell-fuer-autoglaser-24204\/","url":"https:\/\/www.krafthand.de\/truck\/artikel\/komplettpaket-speziell-fuer-autoglaser-24204\/","name":"Komplettpaket speziell f\u00fcr Autoglaser - Krafthand-Truck","isPartOf":{"@id":"https:\/\/www.krafthand.de\/truck\/#website"},"primaryImageOfPage":{"@id":"https:\/\/www.krafthand.de\/truck\/artikel\/komplettpaket-speziell-fuer-autoglaser-24204\/#primaryimage"},"image":{"@id":"https:\/\/www.krafthand.de\/truck\/artikel\/komplettpaket-speziell-fuer-autoglaser-24204\/#primaryimage"},"thumbnailUrl":"https:\/\/static.krafthand-truck.de\/uploads\/2018\/10\/Truck_0318_081.jpg","datePublished":"2018-10-05T05:30:08+00:00","author":{"@id":"https:\/\/www.krafthand.de\/truck\/#\/schema\/person\/25290391c443ebfc18583f19f72a0c26"},"breadcrumb":{"@id":"https:\/\/www.krafthand.de\/truck\/artikel\/komplettpaket-speziell-fuer-autoglaser-24204\/#breadcrumb"},"inLanguage":"de","potentialAction":[{"@type":"ReadAction","target":["https:\/\/www.krafthand.de\/truck\/artikel\/komplettpaket-speziell-fuer-autoglaser-24204\/"]}]},{"@type":"ImageObject","inLanguage":"de","@id":"https:\/\/www.krafthand.de\/truck\/artikel\/komplettpaket-speziell-fuer-autoglaser-24204\/#primaryimage","url":"https:\/\/static.krafthand-truck.de\/uploads\/2018\/10\/Truck_0318_081.jpg","contentUrl":"https:\/\/static.krafthand-truck.de\/uploads\/2018\/10\/Truck_0318_081.jpg","width":1000,"height":666,"caption":"lasergest\u00fctze Justiervorrichtung"},{"@type":"BreadcrumbList","@id":"https:\/\/www.krafthand.de\/truck\/artikel\/komplettpaket-speziell-fuer-autoglaser-24204\/#breadcrumb","itemListElement":[{"@type":"ListItem","position":1,"name":"Krafthand-Truck","item":"https:\/\/www.krafthand.de\/truck\/"},{"@type":"ListItem","position":2,"name":"Nfz-Branche","item":"https:\/\/www.krafthand.de\/truck\/kategorie\/branche\/"},{"@type":"ListItem","position":3,"name":"Komplettpaket speziell f\u00fcr Autoglaser"}]},{"@type":"WebSite","@id":"https:\/\/www.krafthand.de\/truck\/#website","url":"https:\/\/www.krafthand.de\/truck\/","name":"Krafthand-Truck","description":"","potentialAction":[{"@type":"SearchAction","target":{"@type":"EntryPoint","urlTemplate":"https:\/\/www.krafthand.de\/truck\/?s={search_term_string}"},"query-input":{"@type":"PropertyValueSpecification","valueRequired":true,"valueName":"search_term_string"}}],"inLanguage":"de"},{"@type":"Person","@id":"https:\/\/www.krafthand.de\/truck\/#\/schema\/person\/25290391c443ebfc18583f19f72a0c26","name":"elisabeth.mair@krafthand.de","image":{"@type":"ImageObject","inLanguage":"de","@id":"https:\/\/secure.gravatar.com\/avatar\/5f0e25e42e13f6e7631bd6597cd91b90228ead6b823ba81a6c8ee32fe135d72e?s=96&d=mm&r=g","url":"https:\/\/secure.gravatar.com\/avatar\/5f0e25e42e13f6e7631bd6597cd91b90228ead6b823ba81a6c8ee32fe135d72e?s=96&d=mm&r=g","contentUrl":"https:\/\/secure.gravatar.com\/avatar\/5f0e25e42e13f6e7631bd6597cd91b90228ead6b823ba81a6c8ee32fe135d72e?s=96&d=mm&r=g","caption":"elisabeth.mair@krafthand.de"}}]}},"_links":{"self":[{"href":"https:\/\/www.krafthand.de\/truck\/wp-json\/wp\/v2\/posts\/24204","targetHints":{"allow":["GET"]}}],"collection":[{"href":"https:\/\/www.krafthand.de\/truck\/wp-json\/wp\/v2\/posts"}],"about":[{"href":"https:\/\/www.krafthand.de\/truck\/wp-json\/wp\/v2\/types\/post"}],"author":[{"embeddable":true,"href":"https:\/\/www.krafthand.de\/truck\/wp-json\/wp\/v2\/users\/6"}],"replies":[{"embeddable":true,"href":"https:\/\/www.krafthand.de\/truck\/wp-json\/wp\/v2\/comments?post=24204"}],"version-history":[{"count":2,"href":"https:\/\/www.krafthand.de\/truck\/wp-json\/wp\/v2\/posts\/24204\/revisions"}],"predecessor-version":[{"id":24208,"href":"https:\/\/www.krafthand.de\/truck\/wp-json\/wp\/v2\/posts\/24204\/revisions\/24208"}],"wp:featuredmedia":[{"embeddable":true,"href":"https:\/\/www.krafthand.de\/truck\/wp-json\/wp\/v2\/media\/24206"}],"wp:attachment":[{"href":"https:\/\/www.krafthand.de\/truck\/wp-json\/wp\/v2\/media?parent=24204"}],"wp:term":[{"taxonomy":"category","embeddable":true,"href":"https:\/\/www.krafthand.de\/truck\/wp-json\/wp\/v2\/categories?post=24204"},{"taxonomy":"post_tag","embeddable":true,"href":"https:\/\/www.krafthand.de\/truck\/wp-json\/wp\/v2\/tags?post=24204"},{"taxonomy":"settings","embeddable":true,"href":"https:\/\/www.krafthand.de\/truck\/wp-json\/wp\/v2\/settings?post=24204"}],"curies":[{"name":"wp","href":"https:\/\/api.w.org\/{rel}","templated":true}]}}