{"id":24161,"date":"2018-10-02T07:38:51","date_gmt":"2018-10-02T05:38:51","guid":{"rendered":"https:\/\/www.krafthand.de\/truck\/?p=24161"},"modified":"2018-10-02T07:38:51","modified_gmt":"2018-10-02T05:38:51","slug":"ist-sicher-alles-sicher","status":"publish","type":"post","link":"https:\/\/www.krafthand.de\/truck\/artikel\/ist-sicher-alles-sicher-24161\/","title":{"rendered":"Ist sicher &#8222;Alles sicher!&#8220;?"},"content":{"rendered":"<p class=\"text-colored\"> Auffahrunf\u00e4lle und Abkommen von der Fahrbahn geh\u00f6ren mit zu den\u00a0 h\u00e4ufigsten Unfallursachen bei Nutzfahrzeugen, Abbiegeunf\u00e4lle an Ampeln und Zebrastreifen gehen f\u00fcr beteiligte Fu\u00dfg\u00e4nger oder Radler h\u00e4ufig t\u00f6dlich aus.\u00a0 Fahrerassistenzsysteme (FAS) k\u00f6nnen aktiv dazu beitragen, Verkehrsunf\u00e4lle zu\u00a0 vermeiden \u2013 vorausgesetzt, deren Sensoren funktionieren korrekt. <\/p>\n<p>Ein gruseliges, auf Autobahnen aber leider kein seltenes Szenario: Ein vollbeladener 40-Tonner mit Sattelauflieger rast mit maximal erlaubter Geschwindigkeit auf einen Stau zu, der sich gewisserma\u00dfen \u201aunbemerkt\u2018 vor ihm bildet. Scheinbar ungebremst und vom Fahrer unbemerkt schie\u00dft er auf die Kolonne zu. Doch dann geht pl\u00f6tzlich<br \/>\nalles ganz schnell: Ein lauter Warnton ert\u00f6nt in der Fahrerkabine, Warnleuchten im Armaturenbrett zucken und der Lkw beginnt zu verz\u00f6gern. Erst noch etwas verhalten, doch um den Aufprall zu\u00a0 vermeiden, ist weit mehr Bremsenpower gefragt. Als ob ihn Thors Hammer getroffen h\u00e4tte, setzt der Sattelzug zu einer Notbremsung an und ankert brachial. Gut drei Pkw-L\u00e4ngen vor dem Stauende kommt er schlie\u00dflich mit weit abgesenktem und nach vorne geneigtem Fahrerhaus zum Stehen \u2013 und das alles automatisch, ohne dass der Fahrer auch nur einen Finger ger\u00fchrt, geschweige denn seinen Fu\u00df auf das Bremspedal gesetzt h\u00e4tte: Ein Fahrerassistenzsystem, genauer gesagt der seit 01. November 2015 in der EU bei allen neu zugelassenen Lkw und Bussen vorgeschriebene automatische Notbremsassistent AEBS, hat den Unfall verhindert.<\/p>\n<h2>Nachweislich wirkungsvoll<\/h2>\n<p>Lebensrettende Fahrerassistenzsysteme wie der automatische Notbremsassistent<br \/>\nAEBS verbergen sich meist hinter kryptischen Buchstabenk\u00fcrzeln, die auch noch herstellerspezifisch unterschiedlich sein k\u00f6nnen. Doch eines haben diese ADAS (Advanced Driver Assistance Systems, also Fahrerassistenzsysteme FAS) mit dem AEBS (Advanced Emergency Braking System), gemeinsam: sie k\u00f6nnen nachweislich Unf\u00e4lle verhindern und Leben retten. Elektronische Fahrstabilita\u0308tsregelsysteme<br \/>\nwie ESP und ESC gibt es bei Nutzfahrzeugen schon seit vielen Jahren. Auch Spurverlassenswarner (LDW), Abstandsregeltempomaten (ACC, ART) und deren Weiterentwicklungen zum aktiven Notbremsassistenten (ABA) und in der neuesten Generation zum \u201afortschrittlichen\u2018 Notbremssystem (AEBS) sind mittlerweile f\u00fcr viele Lkw- und Busse-Modelle verf\u00fcgbar. Dass solche Sicherheitssysteme wirksam sind, beweisen immer wieder wissenschaftliche Untersuchungen. Ein von der Berufsgenossenschaft Verkehr vor geraumer Zeit schon durchgef\u00fchrter,\u00a0 mehrja\u0308hriger Feldversuch zeigt, dass der breite Einsatz von FAS mehr als 30 Prozent aller Lkw-Unfa\u0308lle verhindern k\u00f6nnte.<\/p>\n<h2>Mit Radar und Kamera<\/h2>\n<p>Zu den wichtigsten Komponenten der FAS geh\u00f6ren deren Sensoren \u2013 Radar,&lt; Lidar,<br \/>\nInfrarot, Ultraschall, Mono-, Stereound Multifunktionskamera \u2013 sowie die davon versorgten Steuerger\u00e4te. Dort werden aus den Sensorinformationen \u2013 h\u00e4ufig liefern zwei und mehr Sensoren ihre Daten dazu ab \u2013 in Sekundenbruchteilen lebensrettende Fahrman\u00f6ver entwickelt, die der Lkw oder Buss mittlerweile<br \/>\nauch ohne einen Fahrereingriff sicher ausf\u00fchrt. Doch damit FAS wie der abstandsgeregelte Tempomat (Adaptive Cruise Control, ACC), Notbremsassistent (Emergency Brake Assist, EBA) und Spurhalteassistent (Lane Departure Warning,<br \/>\nLDW) funktionieren, m\u00fcssen die Radarsensoren und Kameras korrekt justiert<br \/>\nsein. Sie sind quasi die Argus-Augen dieser Systeme und sammeln die notwendigen<br \/>\nDaten rund um das Nutzfahrzeug \u2013 Geschwindigkeiten, Abst\u00e4nde, Hindernisgr\u00f6\u00dfen, stehender oder bewegter Verkehr, et cetera \u2013 ein. Die Sensoren dieser FAS\u00a0 beobachten haupts\u00e4chlich den Verkehrsraum direkt vor dem Fahrzeug. Neben Ultraschallsensoren f\u00fcr die Nahfeld\u00fcberwachung kommen vor allem Radar- und Lidarsensoren f\u00fcr die Vorfeld\u00fcberwachung zum Einsatz, die an der Fahrzeugfront gut gesch\u00fctzt hinter Verkleidungen platziert sind. Und mit AEBS ausger\u00fcstete Lkw und Busse tragen eine hochaufl\u00f6sende, ultragenaue Multifunktionskamera hinter der<br \/>\nFrontscheibe. Eines haben diese Sensoren gemeinsam: Sie m\u00fcssen \u00e4u\u00dferst exakt<br \/>\njustiert und im FAS-Steuerger\u00e4t entsprechend kalibriert sein. Nur dann ist<br \/>\nsichergestellt, dass das jeweilige FAS so korrekt funktioniert, wie es die Ingenieure<br \/>\nentwickelt haben. Dies gilt f\u00fcr die erstmalige Einstellung im Werk ebenso wie<br \/>\nf\u00fcr die sp\u00e4tere Justage in der Werkstatt, etwa nach<\/p>\n<p>\u2022 einem Parkrempler,<br \/>\n\u2022 einem Windschutzscheibentausch,<br \/>\n\u2022 einem Sensor- oder Steuerger\u00e4teersatz,<br \/>\n\u2022 einer Unfallinstandsetzung, bei der der Sensor ausgebaut wurde,<br \/>\n\u2022 einer Fahrwerksreparatur mit anschlie\u00dfender Vermessung,<br \/>\n\u2022 einer \u00c4nderung des Fahrniveaus,<br \/>\n\u2022 einer Fehlerspeichermeldung \u201aKeine oder falsche Grundeinstellung\u2018,<br \/>\n\u2022 oder wenn der Fahrer \u201eein komisches<br \/>\nFahrverhalten\u201c bem\u00e4ngelt.<\/p>\n<div class=\"gallery-container\"><div class=\"owl-carousel owl-theme\">\r\n        <div>\r\n        \t<img decoding=\"async\" src=\"https:\/\/static.krafthand-truck.de\/uploads\/2018\/10\/Truck_0318_082_2.jpg\" alt=\"\" \/>\r\n          <a href=\"https:\/\/static.krafthand-truck.de\/uploads\/2018\/10\/Truck_0318_082_2.jpg\" data-featherlight=\"gallery_69f5683766b91\" class=\"gallery-expand\" data-title=\"Eine Weiterentwicklung des Notbremsassistenten EBA ist der Ausweichassistent EMA. Der Lkw bremst nicht nur automatisch und f\u00e4hrt nicht in den Stau, sondern  unterst\u00fctzt den Fahrer auch noch beim Ausweichman\u00f6ver.\nBild: ZF\"><i class=\"fa fa-expand\" aria-hidden=\"true\"><\/i><\/a>\r\n        \t<div class=\"gallery-caption wp-caption-text\"><p>Eine Weiterentwicklung des Notbremsassistenten EBA ist der Ausweichassistent EMA. Der Lkw bremst nicht nur automatisch und f\u00e4hrt nicht in den Stau, sondern  unterst\u00fctzt den Fahrer auch noch beim Ausweichman\u00f6ver.<br \/>\nBild: ZF<\/p>\n<\/div>\r\n        <\/div>\r\n        <div>\r\n        \t<img decoding=\"async\" src=\"https:\/\/static.krafthand-truck.de\/uploads\/2018\/10\/Truck_0318_082_3.jpg\" alt=\"\" \/>\r\n          <a href=\"https:\/\/static.krafthand-truck.de\/uploads\/2018\/10\/Truck_0318_082_3.jpg\" data-featherlight=\"gallery_69f5683766b91\" class=\"gallery-expand\" data-title=\"Ein zu geringer Abstand geh\u00f6rt zu den Hauptursachen f\u00fcr\nschwere Unf\u00e4lle mit Lkw. Gefolgt von Abbiegefehlern, die zahlreiche Fu\u00dfg\u00e4nger und Radfahrer treffen \u2013 und die h\u00e4ufig t\u00f6dlich sind. Bild: ADAC \"><i class=\"fa fa-expand\" aria-hidden=\"true\"><\/i><\/a>\r\n        \t<div class=\"gallery-caption wp-caption-text\"><p>Ein zu geringer Abstand geh\u00f6rt zu den Hauptursachen f\u00fcr<br \/>\nschwere Unf\u00e4lle mit Lkw. Gefolgt von Abbiegefehlern, die zahlreiche Fu\u00dfg\u00e4nger und Radfahrer treffen \u2013 und die h\u00e4ufig t\u00f6dlich sind. Bild: ADAC <\/p>\n<\/div>\r\n        <\/div>\r\n        <div>\r\n        \t<img decoding=\"async\" src=\"https:\/\/static.krafthand-truck.de\/uploads\/2018\/10\/Truck_0318_082_4.jpg\" alt=\"\" \/>\r\n          <a href=\"https:\/\/static.krafthand-truck.de\/uploads\/2018\/10\/Truck_0318_082_4.jpg\" data-featherlight=\"gallery_69f5683766b91\" class=\"gallery-expand\" data-title=\"Auch Autoglaser haben es zunehmend mit kamerabasierten\nFAS zu tun: Nach einem Windschutzscheibenwechsel m\u00fcssen sie die Multifunktionskamera neu kalibrieren.\nBild: Wabcow\u00fcrth\/ ASC \"><i class=\"fa fa-expand\" aria-hidden=\"true\"><\/i><\/a>\r\n        \t<div class=\"gallery-caption wp-caption-text\"><p>Auch Autoglaser haben es zunehmend mit kamerabasierten<br \/>\nFAS zu tun: Nach einem Windschutzscheibenwechsel m\u00fcssen sie die Multifunktionskamera neu kalibrieren.<br \/>\nBild: Wabcow\u00fcrth\/ ASC <\/p>\n<\/div>\r\n        <\/div>\r\n        <div>\r\n        \t<img decoding=\"async\" src=\"https:\/\/static.krafthand-truck.de\/uploads\/2018\/10\/Truck_0318_082_5.jpg\" alt=\"\" \/>\r\n          <a href=\"https:\/\/static.krafthand-truck.de\/uploads\/2018\/10\/Truck_0318_082_5.jpg\" data-featherlight=\"gallery_69f5683766b91\" class=\"gallery-expand\" data-title=\"In modernen Nutzfahrzeugen versorgen diverse  Sensortypen \u2013 Radar, Lidar, Kamera \u2013 die Steuerger\u00e4te diverser FAS mit den notwendigen Daten. Bild: Daimler\"><i class=\"fa fa-expand\" aria-hidden=\"true\"><\/i><\/a>\r\n        \t<div class=\"gallery-caption wp-caption-text\"><p>In modernen Nutzfahrzeugen versorgen diverse  Sensortypen \u2013 Radar, Lidar, Kamera \u2013 die Steuerger\u00e4te diverser FAS mit den notwendigen Daten. Bild: Daimler<\/p>\n<\/div>\r\n        <\/div>\r\n        <div>\r\n        \t<img decoding=\"async\" src=\"https:\/\/static.krafthand-truck.de\/uploads\/2018\/10\/Truck_0318_082_6.jpg\" alt=\"\" \/>\r\n          <a href=\"https:\/\/static.krafthand-truck.de\/uploads\/2018\/10\/Truck_0318_082_6.jpg\" data-featherlight=\"gallery_69f5683766b91\" class=\"gallery-expand\" data-title=\"Die Abbiegeassistenten der n\u00e4chsten Generation\nerkennen Fu\u00dfg\u00e4nger und Radfahrer im toten Winkel mit\nHilfe von Radar und Kamera. Mit k\u00fcnstlicher Intelligenz ausgestattet sollen sie k\u00fcnftig sogar deren Verhalten absch\u00e4tzen k\u00f6nnen. Bild: Continental\"><i class=\"fa fa-expand\" aria-hidden=\"true\"><\/i><\/a>\r\n        \t<div class=\"gallery-caption wp-caption-text\"><p>Die Abbiegeassistenten der n\u00e4chsten Generation<br \/>\nerkennen Fu\u00dfg\u00e4nger und Radfahrer im toten Winkel mit<br \/>\nHilfe von Radar und Kamera. Mit k\u00fcnstlicher Intelligenz ausgestattet sollen sie k\u00fcnftig sogar deren Verhalten absch\u00e4tzen k\u00f6nnen. Bild: Continental<\/p>\n<\/div>\r\n        <\/div>\r\n        <div>\r\n        \t<img decoding=\"async\" src=\"https:\/\/static.krafthand-truck.de\/uploads\/2018\/10\/Truck_0318_082_7.jpg\" alt=\"\" \/>\r\n          <a href=\"https:\/\/static.krafthand-truck.de\/uploads\/2018\/10\/Truck_0318_082_7.jpg\" data-featherlight=\"gallery_69f5683766b91\" class=\"gallery-expand\" data-title=\"Der Ausweichassistent EMA (Evasive Maneuver Assist) soll pl\u00f6tzlichen Staus den Schrecken nehmen. Das neuartige FAS haben ZF als Lenkungs- und Wabco als Bremsenspezialist gemeinsam entwickelt. Bild: ZF\/Wabco\"><i class=\"fa fa-expand\" aria-hidden=\"true\"><\/i><\/a>\r\n        \t<div class=\"gallery-caption wp-caption-text\"><p>Der Ausweichassistent EMA (Evasive Maneuver Assist) soll pl\u00f6tzlichen Staus den Schrecken nehmen. Das neuartige FAS haben ZF als Lenkungs- und Wabco als Bremsenspezialist gemeinsam entwickelt. Bild: ZF\/Wabco<\/p>\n<\/div>\r\n        <\/div><\/div><\/div>\r\n\t<script>\r\n\t\tjQuery(document).ready(function($){\r\n      setTimeout(function(){\r\n  \t\t\t$(\".owl-carousel\").owlCarousel({\r\n  \t\t\t\tloop:true,\r\n    \t\t\tmargin:10,\r\n    \t\t\tresponsiveClass:true,\r\n    \t\t\titems:1,\r\n    \t\t\tautoHeight: true,\r\n          nav: true,\r\n          URLhashListener: true,\r\n          startPosition: \"URLHash\",\r\n          navText: [\r\n            \"<i class='fa fa-chevron-left'><\/i>\",\r\n            \"<i class='fa fa-chevron-right'><\/i>\"\r\n          ],\r\n  \t\t\t});\r\n      }, 2000);\r\n\t\t});\r\n\t<\/script>\r\n\t\n<h2>Spezielles Equipment erforderlich<\/h2>\n<p>w\u00e4hrend an der Windschutzscheibe platzierte Kamerasysteme nach einem<br \/>\nScheibenwechsel ihre Grundeinstellung \u00fcblicherweise mit einer speziellen reflektierenden und fahrzeugspezifischen Schablone erhalten, ben\u00f6tigt die Werkstatt<br \/>\nzum Justieren von Radarsensoren ein spezielles optisches Einstellsystem. Beides gibt es \u00fcblicherweise als Erg\u00e4nzung zu einem bestehenden Achsmessger\u00e4t. Denn ausschlaggebend f\u00fcr eine einwandfreie Funktion ist die Ausrichtung zur Fahrzeugl\u00e4ngsachse, der sogenannten geometrischen Fahrachse. Und dabei geht es um wenige Zehntel Millimeter beziehungsweise Winkelgrade: \u201eBereits geringe Abweichungen von unter einem Winkelgrad von der vorgeschriebenen Soll-Lage k\u00f6nnen zu Fehlfunktionen des ACC-Systems f\u00fchren und ein \u201akomisches Fahrverhalten\u2018 verursachen\u201c, berichtet Markus H\u00fcbner, Servicetechniker<br \/>\nbei Texa Deutschland in Langenbrettach. \u201eIst der Sensor verstellt, kann er ein Fahrzeug auf einer benachbarten Fahrspur erfassen und ein unn\u00f6tiges und unkontrolliertes Abbremsen des Lkw ausl\u00f6sen\u201c, erg\u00e4nzt Daniel Prillwitz,<br \/>\nim Vertrieb bei Haweka t\u00e4tig. Ist die horizontale Ausrichtung fehlerhaft, kann das ACC-System die Fahrspur nicht mehr exakt zuordnen, was zu Fehlern beim Bestimmen der Positionen vorausfahrender Fahrzeuge f\u00fchrt. Stimmt dagegen die vertikale Position des ACC-Sensors nicht mehr, kann sich das auf die Reichweite der Radarstrahlen auswirken. Bei einem zu tief stehenden Sensor sinkt diese bereits bei wenigen Winkelminuten drastisch, was vor allem bei hohen Geschwindigkeiten zu gef\u00e4hrlichen Situationen f\u00fchren kann. Nach einer optischen Justage ist abschlie\u00dfend<br \/>\nnoch die Grundeinstellung des ACC-Systems mit Hilfe eines geeigneten Diagnoseger\u00e4tserforderlich. Man spricht dabei vom \u201aKalibrieren\u2018. Erst dann ist die<br \/>\noptimale \u2013 und vor allem fehlerfreie \u2013 Funktion des FAS gew\u00e4hrleistet. \u00c4hnlich l\u00e4uft das Kalibrieren der Multifunktionskamera ab: Nachdem der Kalibrierstand nach Herstellervorgaben parallel zur Hinterachse, also an der geometrischen Fahrachse ausgerichtet und die fahrzeugspezifische, reflektierende Kalibriertafel montiert ist, kommt das Diagnoseger\u00e4t zum Einsatz, um den Vorgang im betreffenden Steuerger\u00e4t abzuschlie\u00dfen und diesem die nun aktuelle Kameraposition\u00a0 \u201amitzuteilen\u2018.<\/p>\n<h2>Statisch oder dynamisch?<\/h2>\n<p>Bei den kamerabasierten FAS gibt es prinzipiell zwei unterschiedliche\u00a0 Kalibriermethoden: statisch und\/oder dynamisch. Welches \u201adas richtige Verfahren\u2018<br \/>\nist, gibt grunds\u00e4tzlich der Fahrzeughersteller vor. Die statische Kalibrierung<br \/>\nl\u00e4uft wie oben beschrieben ab und erfordert das genannte optische Messund<br \/>\nEinstellequipment sowie ein Diagnoseger\u00e4t mit der entsprechenden Softwarefunktion. Beim dynamischen Kalibrieren indes handelt es sich quasi um einen Selbsttest, den das betreffende FAS auf einer definierten Probefahrt erledigt. Allerdings ist dazu in jedem Fall auch ein geeignetes Diagnosetool notwendig. Einerseits, um den Kalibriervorgang zu Beginn der Probefahrt im FAS-Steuerger\u00e4t anzusto\u00dfen und am Ende wieder abzuschlie\u00dfen. Und anderseits, um die zum<br \/>\ndynamischen Kalibrieren notwendigen Anweisungen zu bekommen. Erscheint<br \/>\nschlie\u00dflich die entsprechende Statusmeldung am Display, speichert der Werkstattfachmann die aktuellen Werte mit dem Best\u00e4tigungsklick.<br \/>\nWie Radarsensoren und Multifunktionskameras statisch eingestellt und<br \/>\nkalibriert werden, lesen Sie auf den folgenden Seiten. Markus H\u00fcbner von<br \/>\nTexa Deutschland, und Daniel Prillwitz, Haweka, haben KRAFTHAND-Truck gezeigt,<br \/>\nwie es geht.<\/p>\n<p><i>Den Beitrag finden Sie auch in der Print-Ausgabe 3\/18 der <a href=\"https:\/\/www.krafthand.de\/truck\/magazin\/\" title=\"Zum Magazin\">Krafthand-Truck<\/a>.<\/i><\/p>","protected":false},"excerpt":{"rendered":"<p>Aktive Fahrerassistenzsysteme wie Notbremsassistent und Co. verlangen im Werkstattalltag zunehmend die Aufmerksamkeit des Nutzfahrzeug-Profis. <span class=\"excerpt-more__dots\">&#8230;<\/span> <a class=\"excerpt-more__link\" href=\"https:\/\/www.krafthand.de\/truck\/artikel\/ist-sicher-alles-sicher-24161\/\" >weiter<\/a><\/p>\n","protected":false},"author":6,"featured_media":24176,"comment_status":"closed","ping_status":"closed","sticky":false,"template":"","format":"standard","meta":{"footnotes":""},"categories":[5],"tags":[885,316,1827,26,1593],"settings":[],"class_list":["post-24161","post","type-post","status-publish","format-standard","has-post-thumbnail","hentry","category-branche","tag-fahrerassistenzsysteme","tag-haweka","tag-notbremsassistent","tag-nutzfahrzeug","tag-texa"],"yoast_head":"<!-- This site is optimized with the Yoast SEO plugin v27.3 - https:\/\/yoast.com\/product\/yoast-seo-wordpress\/ -->\n<title>Ist sicher &quot;Alles sicher!&quot;? - Krafthand-Truck<\/title>\n<meta name=\"robots\" content=\"index, follow, max-snippet:-1, max-image-preview:large, max-video-preview:-1\" \/>\n<link rel=\"canonical\" href=\"https:\/\/www.krafthand.de\/truck\/artikel\/ist-sicher-alles-sicher-24161\/\" \/>\n<meta property=\"og:locale\" content=\"de_DE\" \/>\n<meta property=\"og:type\" content=\"article\" \/>\n<meta property=\"og:title\" content=\"Ist sicher &quot;Alles sicher!&quot;? - Krafthand-Truck\" \/>\n<meta property=\"og:description\" content=\"Aktive Fahrerassistenzsysteme wie Notbremsassistent und Co. verlangen im Werkstattalltag zunehmend die Aufmerksamkeit des Nutzfahrzeug-Profis. ... weiter\" \/>\n<meta property=\"og:url\" content=\"https:\/\/www.krafthand-truck.de\/artikel\/ist-sicher-alles-sicher-24161\/\" \/>\n<meta property=\"og:site_name\" content=\"Krafthand-Truck\" \/>\n<meta property=\"article:published_time\" content=\"2018-10-02T05:38:51+00:00\" \/>\n<meta property=\"og:image\" content=\"https:\/\/www.krafthand.de\/truck\/wp-content\/uploads\/2018\/10\/Truck_0318_082_1.jpg\" \/>\n\t<meta property=\"og:image:width\" content=\"1000\" \/>\n\t<meta property=\"og:image:height\" content=\"667\" \/>\n\t<meta property=\"og:image:type\" content=\"image\/jpeg\" \/>\n<meta name=\"author\" content=\"elisabeth.mair@krafthand.de\" \/>\n<meta name=\"twitter:card\" content=\"summary_large_image\" \/>\n<meta name=\"twitter:label1\" content=\"Verfasst von\" \/>\n\t<meta name=\"twitter:data1\" content=\"elisabeth.mair@krafthand.de\" \/>\n\t<meta name=\"twitter:label2\" content=\"Gesch\u00e4tzte Lesezeit\" \/>\n\t<meta name=\"twitter:data2\" content=\"6\u00a0Minuten\" \/>\n<script type=\"application\/ld+json\" class=\"yoast-schema-graph\">{\"@context\":\"https:\\\/\\\/schema.org\",\"@graph\":[{\"@type\":\"Article\",\"@id\":\"https:\\\/\\\/www.krafthand.de\\\/truck\\\/artikel\\\/ist-sicher-alles-sicher-24161\\\/#article\",\"isPartOf\":{\"@id\":\"https:\\\/\\\/www.krafthand.de\\\/truck\\\/artikel\\\/ist-sicher-alles-sicher-24161\\\/\"},\"author\":{\"name\":\"elisabeth.mair@krafthand.de\",\"@id\":\"https:\\\/\\\/www.krafthand.de\\\/truck\\\/#\\\/schema\\\/person\\\/25290391c443ebfc18583f19f72a0c26\"},\"headline\":\"Ist sicher &#8222;Alles sicher!&#8220;?\",\"datePublished\":\"2018-10-02T05:38:51+00:00\",\"mainEntityOfPage\":{\"@id\":\"https:\\\/\\\/www.krafthand.de\\\/truck\\\/artikel\\\/ist-sicher-alles-sicher-24161\\\/\"},\"wordCount\":1122,\"image\":{\"@id\":\"https:\\\/\\\/www.krafthand.de\\\/truck\\\/artikel\\\/ist-sicher-alles-sicher-24161\\\/#primaryimage\"},\"thumbnailUrl\":\"https:\\\/\\\/static.krafthand-truck.de\\\/uploads\\\/2018\\\/10\\\/Truck_0318_082_1.jpg\",\"keywords\":[\"Fahrerassistenzsysteme\",\"Haweka\",\"Notbremsassistent\",\"Nutzfahrzeug\",\"Texa\"],\"articleSection\":[\"Nfz-Branche\"],\"inLanguage\":\"de\"},{\"@type\":\"WebPage\",\"@id\":\"https:\\\/\\\/www.krafthand.de\\\/truck\\\/artikel\\\/ist-sicher-alles-sicher-24161\\\/\",\"url\":\"https:\\\/\\\/www.krafthand.de\\\/truck\\\/artikel\\\/ist-sicher-alles-sicher-24161\\\/\",\"name\":\"Ist sicher \\\"Alles sicher!\\\"? - Krafthand-Truck\",\"isPartOf\":{\"@id\":\"https:\\\/\\\/www.krafthand.de\\\/truck\\\/#website\"},\"primaryImageOfPage\":{\"@id\":\"https:\\\/\\\/www.krafthand.de\\\/truck\\\/artikel\\\/ist-sicher-alles-sicher-24161\\\/#primaryimage\"},\"image\":{\"@id\":\"https:\\\/\\\/www.krafthand.de\\\/truck\\\/artikel\\\/ist-sicher-alles-sicher-24161\\\/#primaryimage\"},\"thumbnailUrl\":\"https:\\\/\\\/static.krafthand-truck.de\\\/uploads\\\/2018\\\/10\\\/Truck_0318_082_1.jpg\",\"datePublished\":\"2018-10-02T05:38:51+00:00\",\"author\":{\"@id\":\"https:\\\/\\\/www.krafthand.de\\\/truck\\\/#\\\/schema\\\/person\\\/25290391c443ebfc18583f19f72a0c26\"},\"breadcrumb\":{\"@id\":\"https:\\\/\\\/www.krafthand.de\\\/truck\\\/artikel\\\/ist-sicher-alles-sicher-24161\\\/#breadcrumb\"},\"inLanguage\":\"de\",\"potentialAction\":[{\"@type\":\"ReadAction\",\"target\":[\"https:\\\/\\\/www.krafthand.de\\\/truck\\\/artikel\\\/ist-sicher-alles-sicher-24161\\\/\"]}]},{\"@type\":\"ImageObject\",\"inLanguage\":\"de\",\"@id\":\"https:\\\/\\\/www.krafthand.de\\\/truck\\\/artikel\\\/ist-sicher-alles-sicher-24161\\\/#primaryimage\",\"url\":\"https:\\\/\\\/static.krafthand-truck.de\\\/uploads\\\/2018\\\/10\\\/Truck_0318_082_1.jpg\",\"contentUrl\":\"https:\\\/\\\/static.krafthand-truck.de\\\/uploads\\\/2018\\\/10\\\/Truck_0318_082_1.jpg\",\"width\":1000,\"height\":667,\"caption\":\"So sieht es aus, wenn ein Sattelzug ungebremst auf einen Stau auff\u00e4hrt. Fahrerassistenzsysteme wie der Notbremsassistent k\u00f6nnen jedoch helfen, Unf\u00e4lle zu vermeiden und Leben zu retten. Bild: ZF\"},{\"@type\":\"BreadcrumbList\",\"@id\":\"https:\\\/\\\/www.krafthand.de\\\/truck\\\/artikel\\\/ist-sicher-alles-sicher-24161\\\/#breadcrumb\",\"itemListElement\":[{\"@type\":\"ListItem\",\"position\":1,\"name\":\"Krafthand-Truck\",\"item\":\"https:\\\/\\\/www.krafthand.de\\\/truck\\\/\"},{\"@type\":\"ListItem\",\"position\":2,\"name\":\"Nfz-Branche\",\"item\":\"https:\\\/\\\/www.krafthand.de\\\/truck\\\/kategorie\\\/branche\\\/\"},{\"@type\":\"ListItem\",\"position\":3,\"name\":\"Ist sicher &#8222;Alles sicher!&#8220;?\"}]},{\"@type\":\"WebSite\",\"@id\":\"https:\\\/\\\/www.krafthand.de\\\/truck\\\/#website\",\"url\":\"https:\\\/\\\/www.krafthand.de\\\/truck\\\/\",\"name\":\"Krafthand-Truck\",\"description\":\"\",\"potentialAction\":[{\"@type\":\"SearchAction\",\"target\":{\"@type\":\"EntryPoint\",\"urlTemplate\":\"https:\\\/\\\/www.krafthand.de\\\/truck\\\/?s={search_term_string}\"},\"query-input\":{\"@type\":\"PropertyValueSpecification\",\"valueRequired\":true,\"valueName\":\"search_term_string\"}}],\"inLanguage\":\"de\"},{\"@type\":\"Person\",\"@id\":\"https:\\\/\\\/www.krafthand.de\\\/truck\\\/#\\\/schema\\\/person\\\/25290391c443ebfc18583f19f72a0c26\",\"name\":\"elisabeth.mair@krafthand.de\",\"image\":{\"@type\":\"ImageObject\",\"inLanguage\":\"de\",\"@id\":\"https:\\\/\\\/secure.gravatar.com\\\/avatar\\\/5f0e25e42e13f6e7631bd6597cd91b90228ead6b823ba81a6c8ee32fe135d72e?s=96&d=mm&r=g\",\"url\":\"https:\\\/\\\/secure.gravatar.com\\\/avatar\\\/5f0e25e42e13f6e7631bd6597cd91b90228ead6b823ba81a6c8ee32fe135d72e?s=96&d=mm&r=g\",\"contentUrl\":\"https:\\\/\\\/secure.gravatar.com\\\/avatar\\\/5f0e25e42e13f6e7631bd6597cd91b90228ead6b823ba81a6c8ee32fe135d72e?s=96&d=mm&r=g\",\"caption\":\"elisabeth.mair@krafthand.de\"}}]}<\/script>\n<!-- \/ Yoast SEO plugin. -->","yoast_head_json":{"title":"Ist sicher \"Alles sicher!\"? - Krafthand-Truck","robots":{"index":"index","follow":"follow","max-snippet":"max-snippet:-1","max-image-preview":"max-image-preview:large","max-video-preview":"max-video-preview:-1"},"canonical":"https:\/\/www.krafthand.de\/truck\/artikel\/ist-sicher-alles-sicher-24161\/","og_locale":"de_DE","og_type":"article","og_title":"Ist sicher \"Alles sicher!\"? - Krafthand-Truck","og_description":"Aktive Fahrerassistenzsysteme wie Notbremsassistent und Co. verlangen im Werkstattalltag zunehmend die Aufmerksamkeit des Nutzfahrzeug-Profis. ... weiter","og_url":"https:\/\/www.krafthand-truck.de\/artikel\/ist-sicher-alles-sicher-24161\/","og_site_name":"Krafthand-Truck","article_published_time":"2018-10-02T05:38:51+00:00","og_image":[{"width":1000,"height":667,"url":"https:\/\/www.krafthand.de\/truck\/wp-content\/uploads\/2018\/10\/Truck_0318_082_1.jpg","type":"image\/jpeg"}],"author":"elisabeth.mair@krafthand.de","twitter_card":"summary_large_image","twitter_misc":{"Verfasst von":"elisabeth.mair@krafthand.de","Gesch\u00e4tzte Lesezeit":"6\u00a0Minuten"},"schema":{"@context":"https:\/\/schema.org","@graph":[{"@type":"Article","@id":"https:\/\/www.krafthand.de\/truck\/artikel\/ist-sicher-alles-sicher-24161\/#article","isPartOf":{"@id":"https:\/\/www.krafthand.de\/truck\/artikel\/ist-sicher-alles-sicher-24161\/"},"author":{"name":"elisabeth.mair@krafthand.de","@id":"https:\/\/www.krafthand.de\/truck\/#\/schema\/person\/25290391c443ebfc18583f19f72a0c26"},"headline":"Ist sicher &#8222;Alles sicher!&#8220;?","datePublished":"2018-10-02T05:38:51+00:00","mainEntityOfPage":{"@id":"https:\/\/www.krafthand.de\/truck\/artikel\/ist-sicher-alles-sicher-24161\/"},"wordCount":1122,"image":{"@id":"https:\/\/www.krafthand.de\/truck\/artikel\/ist-sicher-alles-sicher-24161\/#primaryimage"},"thumbnailUrl":"https:\/\/static.krafthand-truck.de\/uploads\/2018\/10\/Truck_0318_082_1.jpg","keywords":["Fahrerassistenzsysteme","Haweka","Notbremsassistent","Nutzfahrzeug","Texa"],"articleSection":["Nfz-Branche"],"inLanguage":"de"},{"@type":"WebPage","@id":"https:\/\/www.krafthand.de\/truck\/artikel\/ist-sicher-alles-sicher-24161\/","url":"https:\/\/www.krafthand.de\/truck\/artikel\/ist-sicher-alles-sicher-24161\/","name":"Ist sicher \"Alles sicher!\"? - Krafthand-Truck","isPartOf":{"@id":"https:\/\/www.krafthand.de\/truck\/#website"},"primaryImageOfPage":{"@id":"https:\/\/www.krafthand.de\/truck\/artikel\/ist-sicher-alles-sicher-24161\/#primaryimage"},"image":{"@id":"https:\/\/www.krafthand.de\/truck\/artikel\/ist-sicher-alles-sicher-24161\/#primaryimage"},"thumbnailUrl":"https:\/\/static.krafthand-truck.de\/uploads\/2018\/10\/Truck_0318_082_1.jpg","datePublished":"2018-10-02T05:38:51+00:00","author":{"@id":"https:\/\/www.krafthand.de\/truck\/#\/schema\/person\/25290391c443ebfc18583f19f72a0c26"},"breadcrumb":{"@id":"https:\/\/www.krafthand.de\/truck\/artikel\/ist-sicher-alles-sicher-24161\/#breadcrumb"},"inLanguage":"de","potentialAction":[{"@type":"ReadAction","target":["https:\/\/www.krafthand.de\/truck\/artikel\/ist-sicher-alles-sicher-24161\/"]}]},{"@type":"ImageObject","inLanguage":"de","@id":"https:\/\/www.krafthand.de\/truck\/artikel\/ist-sicher-alles-sicher-24161\/#primaryimage","url":"https:\/\/static.krafthand-truck.de\/uploads\/2018\/10\/Truck_0318_082_1.jpg","contentUrl":"https:\/\/static.krafthand-truck.de\/uploads\/2018\/10\/Truck_0318_082_1.jpg","width":1000,"height":667,"caption":"So sieht es aus, wenn ein Sattelzug ungebremst auf einen Stau auff\u00e4hrt. Fahrerassistenzsysteme wie der Notbremsassistent k\u00f6nnen jedoch helfen, Unf\u00e4lle zu vermeiden und Leben zu retten. Bild: ZF"},{"@type":"BreadcrumbList","@id":"https:\/\/www.krafthand.de\/truck\/artikel\/ist-sicher-alles-sicher-24161\/#breadcrumb","itemListElement":[{"@type":"ListItem","position":1,"name":"Krafthand-Truck","item":"https:\/\/www.krafthand.de\/truck\/"},{"@type":"ListItem","position":2,"name":"Nfz-Branche","item":"https:\/\/www.krafthand.de\/truck\/kategorie\/branche\/"},{"@type":"ListItem","position":3,"name":"Ist sicher &#8222;Alles sicher!&#8220;?"}]},{"@type":"WebSite","@id":"https:\/\/www.krafthand.de\/truck\/#website","url":"https:\/\/www.krafthand.de\/truck\/","name":"Krafthand-Truck","description":"","potentialAction":[{"@type":"SearchAction","target":{"@type":"EntryPoint","urlTemplate":"https:\/\/www.krafthand.de\/truck\/?s={search_term_string}"},"query-input":{"@type":"PropertyValueSpecification","valueRequired":true,"valueName":"search_term_string"}}],"inLanguage":"de"},{"@type":"Person","@id":"https:\/\/www.krafthand.de\/truck\/#\/schema\/person\/25290391c443ebfc18583f19f72a0c26","name":"elisabeth.mair@krafthand.de","image":{"@type":"ImageObject","inLanguage":"de","@id":"https:\/\/secure.gravatar.com\/avatar\/5f0e25e42e13f6e7631bd6597cd91b90228ead6b823ba81a6c8ee32fe135d72e?s=96&d=mm&r=g","url":"https:\/\/secure.gravatar.com\/avatar\/5f0e25e42e13f6e7631bd6597cd91b90228ead6b823ba81a6c8ee32fe135d72e?s=96&d=mm&r=g","contentUrl":"https:\/\/secure.gravatar.com\/avatar\/5f0e25e42e13f6e7631bd6597cd91b90228ead6b823ba81a6c8ee32fe135d72e?s=96&d=mm&r=g","caption":"elisabeth.mair@krafthand.de"}}]}},"_links":{"self":[{"href":"https:\/\/www.krafthand.de\/truck\/wp-json\/wp\/v2\/posts\/24161","targetHints":{"allow":["GET"]}}],"collection":[{"href":"https:\/\/www.krafthand.de\/truck\/wp-json\/wp\/v2\/posts"}],"about":[{"href":"https:\/\/www.krafthand.de\/truck\/wp-json\/wp\/v2\/types\/post"}],"author":[{"embeddable":true,"href":"https:\/\/www.krafthand.de\/truck\/wp-json\/wp\/v2\/users\/6"}],"replies":[{"embeddable":true,"href":"https:\/\/www.krafthand.de\/truck\/wp-json\/wp\/v2\/comments?post=24161"}],"version-history":[{"count":5,"href":"https:\/\/www.krafthand.de\/truck\/wp-json\/wp\/v2\/posts\/24161\/revisions"}],"predecessor-version":[{"id":24184,"href":"https:\/\/www.krafthand.de\/truck\/wp-json\/wp\/v2\/posts\/24161\/revisions\/24184"}],"wp:featuredmedia":[{"embeddable":true,"href":"https:\/\/www.krafthand.de\/truck\/wp-json\/wp\/v2\/media\/24176"}],"wp:attachment":[{"href":"https:\/\/www.krafthand.de\/truck\/wp-json\/wp\/v2\/media?parent=24161"}],"wp:term":[{"taxonomy":"category","embeddable":true,"href":"https:\/\/www.krafthand.de\/truck\/wp-json\/wp\/v2\/categories?post=24161"},{"taxonomy":"post_tag","embeddable":true,"href":"https:\/\/www.krafthand.de\/truck\/wp-json\/wp\/v2\/tags?post=24161"},{"taxonomy":"settings","embeddable":true,"href":"https:\/\/www.krafthand.de\/truck\/wp-json\/wp\/v2\/settings?post=24161"}],"curies":[{"name":"wp","href":"https:\/\/api.w.org\/{rel}","templated":true}]}}