{"id":24127,"date":"2018-08-13T12:24:52","date_gmt":"2018-08-13T10:24:52","guid":{"rendered":"https:\/\/www.krafthand.de\/truck\/?p=24127"},"modified":"2018-08-13T12:27:49","modified_gmt":"2018-08-13T10:27:49","slug":"spezial-know-how-speziell-fuer-praktiker","status":"publish","type":"post","link":"https:\/\/www.krafthand.de\/truck\/artikel\/spezial-know-how-speziell-fuer-praktiker-24127\/","title":{"rendered":"Spezial-Know-how speziell f\u00fcr Praktiker"},"content":{"rendered":"<p class=\"text-colored\"> Insbesondere in Nutzfahrzeug-Werkst\u00e4tten spielen technische Informationen\u00a0 und gut ausgebildete Mitarbeiter eine wichtige Rolle. Bei dem von ZF Aftermarket\u00a0\u00a0 angebotenen Werkstattkonzept \u201aZF Protech\u2018 stehen deshalb bedarfsgerechte\u00a0 Trainings mit gro\u00dfem Praxisanteil besonders hoch im Kurs. <\/p>\n<p>Der Startschuss f\u00fcr das Werkstattkonzept\u00a0 \u201aZF Protech\u2018 von ZF Aftermarket viel im\u00a0\u00a0 Jahr 2012, damals noch unter der Bezeichnung \u201aZF Services Protech\u2018. Die Namens\u00e4nderung auf \u201aZF Protech\u2018 ergab sich nach der Integration von TRW in den ZF-Konzern und der Umbenennung der Aftermarkt-Sparte von \u201aZF Services\u2018 in \u201aZF Aftermarket\u2018. Gleichgeblieben ist jedoch das Ziel des Konzepts: Sowohl Pkw- als auch\u00a0 Nutzfahrzeug-Werkst\u00e4tten eine umfangreiche, bedarfsgerechte Unterst\u00fctzung f\u00fcr ihr\u00a0 Alltagsgesch\u00e4ft zu bieten.<\/p>\n<p>Von dem Werkstattkonzept existieren zwei Varianten \u2013 \u201aZF Protech plus\u2018 und \u201aZF Protech start\u2018 \u2013, welche sich vor allem im Leistungsumfang unterscheiden. Demnach<br \/>\nbietet \u201aZF Protech plus\u2018 als Premiumvariante eine exklusive Partnerschaft f\u00fcr\u00a0 Werkst\u00e4tten, denen ein pers\u00f6nlicher Kontakt mit der Industrie sehr wichtig ist und\u00a0 die auf das volle Serviceangebot von ZF Aftermarket zugreifen wollen. \u201aZF Protech start\u2018 dagegen ist als Basis-Partnerschaft f\u00fcr Werkst\u00e4tten gedacht, die keine pers\u00f6nliche Vor-Ort-Betreuung w\u00fcnschen und denen die Basisinformationen der Schweinfurter Aftermarkt-Spezialisten ausreichen. Unternehmensangaben zufolge gibt es derzeit rund 780 \u201aZF Protech start\u2018- und rund 90 \u201aZF Protech plus\u2018-Werkst\u00e4tten,<br \/>\ndie sich mit Nutzfahrzeugservice besch\u00e4ftigen.<\/p>\n<p>Ein Schwerpunkt des \u201aZF Protech\u2018-Konzepts sind zweifelsohne die Trainings: Neben der Theorie steht vor allem die Praxis im Fokus. Speziell f\u00fcr Nutzfahrzeug-Profis gibt\u00a0 es in der Schulungssaison 2018 drei neue, zweit\u00e4gige Trainingsmodule. In dem Modul \u201aAntriebsstrang\u2018 beispielsweise lernen die Teilnehmer\u00a0 Kupplungs- und\u00a0 Ausr\u00fccksysteme sowie das Zweimassenschwungrad (ZMS) und die Fehlerdiagnose\u00a0 daran kennen. Im Praxisteil\u00a0 stehen unter anderem der Zusammenhang von Motorschwingungen und Kupplungssch\u00e4den, das Beurteilen von Sch\u00e4den an ZMS,\u00a0 Kupplung und Ausr\u00fccksystem sowie das Anlernen von Ausr\u00fccksystemen auf der\u00a0 Agenda, erg\u00e4nzt durch Spezialwissen \u00fcber Kupplungssysteme von Nebenantrieben.<\/p>\n<p>Beim Training \u201aAS Tronic 2 Diagnose\u2018 geht es unter anderem um die Themen \u201aDiagnosestrategie auf Basis von Kunden- Spezial-Know-how speziell f\u00fcr Praktiker Insbesondere in Nutzfahrzeug- Werkst\u00e4tten spielen technische Informationen und\u00a0 gut ausgebildete Mitarbeiter eine wichtige Rolle. Bei dem von ZF Aftermarket\u00a0 angebotenen Werkstattkonzept \u201aZF Protech\u2018 stehen deshalb bedarfsgerechte\u00a0 Trainings mit gro\u00dfem Praxisanteil besonders hoch im Kurs. beanstandungen\u2018 mit\u00a0 dem Diagnosetool \u201aZF Testman\u2018 sowie das korrekte Warten, Tauschen und\u00a0 Instandsetzen von Komponenten des AS-Tronic-2-Getriebes. In der Praxis erfahren\u00a0 die Teilnehmer Details zu System, Aufbau, Funktion und Wartung des\u00a0 Getriebesystems bei Fahrzeugen ab 18 Tonnen sowie zum \u201aZF Intarder3\u2018.\u00a0 Praxis\u00fcbungen am Trainingsgetriebe, Arbeiten mit der Diagnosesoftware \u201aZF\u00a0 Testman\u2018 sowie der \u201aAS Tronic 2-Checkliste\u2018 erg\u00e4nzen das Modul.<\/p>\n<p>Auch f\u00fcr das \u201aTraxon\u2018-Getriebe gibt es ein eigenes Training. In dessen Mittelpunkt stehen theoretische Grundlagen zu Getriebe, Ausr\u00fccksystem, Diagnose und\u00a0 Intarderfunktion, bevor es im Praxisteil um die Wartung, Bedienung und den Tausch\u00a0 von Anbauteilen, die Fehlersuche und Diagnose mit dem \u201aGU\u2018-Diagnosesystem sowie\u00a0 Messungen an der CAN-Hardware anhand von Stromlaufund Anschlusspl\u00e4nen geht.<\/p>\n<p>&nbsp;<\/p>\n<p><i>Den Beitrag finden Sie auch in der Print-Ausgabe 2\/18 der <a href=\"https:\/\/www.krafthand.de\/truck\/magazin\/\" title=\"Zum Magazin\">Krafthand-Truck<\/a>.<\/i><\/p>","protected":false},"excerpt":{"rendered":"<p>Der Startschuss f\u00fcr das Werkstattkonzept\u00a0 \u201aZF Protech\u2018 von ZF Aftermarket viel im\u00a0\u00a0 Jahr 2012, damals noch unter der Bezeichnung \u201aZF Services Protech\u2018. Die Namens\u00e4nderung auf \u201aZF Protech\u2018 ergab sich nach der Integration von TRW in den ZF-Konzern und der Umbenennung der Aftermarkt-Sparte von \u201aZF Services\u2018 in \u201aZF Aftermarket\u2018. Gleichgeblieben ist jedoch das Ziel des Konzepts: <span class=\"excerpt-more__dots\">&#8230;<\/span> <a class=\"excerpt-more__link\" href=\"https:\/\/www.krafthand.de\/truck\/artikel\/spezial-know-how-speziell-fuer-praktiker-24127\/\" >weiter<\/a><\/p>\n","protected":false},"author":6,"featured_media":24130,"comment_status":"closed","ping_status":"closed","sticky":false,"template":"","format":"standard","meta":{"footnotes":""},"categories":[5],"tags":[26,3671,2987,3672,3199],"settings":[],"class_list":["post-24127","post","type-post","status-publish","format-standard","has-post-thumbnail","hentry","category-branche","tag-nutzfahrzeug","tag-unternehmenspraxis","tag-zf-aftermarket","tag-zf-protech","tag-zf-services-protech"],"yoast_head":"<!-- This site is optimized with the Yoast SEO plugin v27.3 - https:\/\/yoast.com\/product\/yoast-seo-wordpress\/ -->\n<title>Spezial-Know-how speziell f\u00fcr Praktiker - Krafthand-Truck<\/title>\n<meta name=\"robots\" content=\"index, follow, max-snippet:-1, max-image-preview:large, max-video-preview:-1\" \/>\n<link rel=\"canonical\" href=\"https:\/\/www.krafthand.de\/truck\/artikel\/spezial-know-how-speziell-fuer-praktiker-24127\/\" \/>\n<meta property=\"og:locale\" content=\"de_DE\" \/>\n<meta property=\"og:type\" content=\"article\" \/>\n<meta property=\"og:title\" content=\"Spezial-Know-how speziell f\u00fcr Praktiker - Krafthand-Truck\" \/>\n<meta property=\"og:description\" content=\"Der Startschuss f\u00fcr das Werkstattkonzept\u00a0 \u201aZF Protech\u2018 von ZF Aftermarket viel im\u00a0\u00a0 Jahr 2012, damals noch unter der Bezeichnung \u201aZF Services Protech\u2018. Die Namens\u00e4nderung auf \u201aZF Protech\u2018 ergab sich nach der Integration von TRW in den ZF-Konzern und der Umbenennung der Aftermarkt-Sparte von \u201aZF Services\u2018 in \u201aZF Aftermarket\u2018. Gleichgeblieben ist jedoch das Ziel des Konzepts: ... weiter\" \/>\n<meta property=\"og:url\" content=\"https:\/\/www.krafthand-truck.de\/artikel\/spezial-know-how-speziell-fuer-praktiker-24127\/\" \/>\n<meta property=\"og:site_name\" content=\"Krafthand-Truck\" \/>\n<meta property=\"article:published_time\" content=\"2018-08-13T10:24:52+00:00\" \/>\n<meta property=\"article:modified_time\" content=\"2018-08-13T10:27:49+00:00\" \/>\n<meta property=\"og:image\" content=\"https:\/\/www.krafthand.de\/truck\/wp-content\/uploads\/2018\/08\/Truck_0218_041_01.jpg\" \/>\n\t<meta property=\"og:image:width\" content=\"1200\" \/>\n\t<meta property=\"og:image:height\" content=\"799\" \/>\n\t<meta property=\"og:image:type\" content=\"image\/jpeg\" \/>\n<meta name=\"author\" content=\"elisabeth.mair@krafthand.de\" \/>\n<meta name=\"twitter:card\" content=\"summary_large_image\" \/>\n<meta name=\"twitter:label1\" content=\"Verfasst von\" \/>\n\t<meta name=\"twitter:data1\" content=\"elisabeth.mair@krafthand.de\" \/>\n\t<meta name=\"twitter:label2\" content=\"Gesch\u00e4tzte Lesezeit\" \/>\n\t<meta name=\"twitter:data2\" content=\"2\u00a0Minuten\" \/>\n<script type=\"application\/ld+json\" class=\"yoast-schema-graph\">{\"@context\":\"https:\\\/\\\/schema.org\",\"@graph\":[{\"@type\":\"Article\",\"@id\":\"https:\\\/\\\/www.krafthand.de\\\/truck\\\/artikel\\\/spezial-know-how-speziell-fuer-praktiker-24127\\\/#article\",\"isPartOf\":{\"@id\":\"https:\\\/\\\/www.krafthand.de\\\/truck\\\/artikel\\\/spezial-know-how-speziell-fuer-praktiker-24127\\\/\"},\"author\":{\"name\":\"elisabeth.mair@krafthand.de\",\"@id\":\"https:\\\/\\\/www.krafthand.de\\\/truck\\\/#\\\/schema\\\/person\\\/25290391c443ebfc18583f19f72a0c26\"},\"headline\":\"Spezial-Know-how speziell f\u00fcr Praktiker\",\"datePublished\":\"2018-08-13T10:24:52+00:00\",\"dateModified\":\"2018-08-13T10:27:49+00:00\",\"mainEntityOfPage\":{\"@id\":\"https:\\\/\\\/www.krafthand.de\\\/truck\\\/artikel\\\/spezial-know-how-speziell-fuer-praktiker-24127\\\/\"},\"wordCount\":492,\"image\":{\"@id\":\"https:\\\/\\\/www.krafthand.de\\\/truck\\\/artikel\\\/spezial-know-how-speziell-fuer-praktiker-24127\\\/#primaryimage\"},\"thumbnailUrl\":\"https:\\\/\\\/static.krafthand-truck.de\\\/uploads\\\/2018\\\/08\\\/Truck_0218_041_01.jpg\",\"keywords\":[\"Nutzfahrzeug\",\"Unternehmenspraxis\",\"ZF Aftermarket\",\"ZF Protech\",\"ZF Services Protech\"],\"articleSection\":[\"Nfz-Branche\"],\"inLanguage\":\"de\"},{\"@type\":\"WebPage\",\"@id\":\"https:\\\/\\\/www.krafthand.de\\\/truck\\\/artikel\\\/spezial-know-how-speziell-fuer-praktiker-24127\\\/\",\"url\":\"https:\\\/\\\/www.krafthand.de\\\/truck\\\/artikel\\\/spezial-know-how-speziell-fuer-praktiker-24127\\\/\",\"name\":\"Spezial-Know-how speziell f\u00fcr Praktiker - Krafthand-Truck\",\"isPartOf\":{\"@id\":\"https:\\\/\\\/www.krafthand.de\\\/truck\\\/#website\"},\"primaryImageOfPage\":{\"@id\":\"https:\\\/\\\/www.krafthand.de\\\/truck\\\/artikel\\\/spezial-know-how-speziell-fuer-praktiker-24127\\\/#primaryimage\"},\"image\":{\"@id\":\"https:\\\/\\\/www.krafthand.de\\\/truck\\\/artikel\\\/spezial-know-how-speziell-fuer-praktiker-24127\\\/#primaryimage\"},\"thumbnailUrl\":\"https:\\\/\\\/static.krafthand-truck.de\\\/uploads\\\/2018\\\/08\\\/Truck_0218_041_01.jpg\",\"datePublished\":\"2018-08-13T10:24:52+00:00\",\"dateModified\":\"2018-08-13T10:27:49+00:00\",\"author\":{\"@id\":\"https:\\\/\\\/www.krafthand.de\\\/truck\\\/#\\\/schema\\\/person\\\/25290391c443ebfc18583f19f72a0c26\"},\"breadcrumb\":{\"@id\":\"https:\\\/\\\/www.krafthand.de\\\/truck\\\/artikel\\\/spezial-know-how-speziell-fuer-praktiker-24127\\\/#breadcrumb\"},\"inLanguage\":\"de\",\"potentialAction\":[{\"@type\":\"ReadAction\",\"target\":[\"https:\\\/\\\/www.krafthand.de\\\/truck\\\/artikel\\\/spezial-know-how-speziell-fuer-praktiker-24127\\\/\"]}]},{\"@type\":\"ImageObject\",\"inLanguage\":\"de\",\"@id\":\"https:\\\/\\\/www.krafthand.de\\\/truck\\\/artikel\\\/spezial-know-how-speziell-fuer-praktiker-24127\\\/#primaryimage\",\"url\":\"https:\\\/\\\/static.krafthand-truck.de\\\/uploads\\\/2018\\\/08\\\/Truck_0218_041_01.jpg\",\"contentUrl\":\"https:\\\/\\\/static.krafthand-truck.de\\\/uploads\\\/2018\\\/08\\\/Truck_0218_041_01.jpg\",\"width\":1200,\"height\":799,\"caption\":\"ZF Aftermarket\"},{\"@type\":\"BreadcrumbList\",\"@id\":\"https:\\\/\\\/www.krafthand.de\\\/truck\\\/artikel\\\/spezial-know-how-speziell-fuer-praktiker-24127\\\/#breadcrumb\",\"itemListElement\":[{\"@type\":\"ListItem\",\"position\":1,\"name\":\"Krafthand-Truck\",\"item\":\"https:\\\/\\\/www.krafthand.de\\\/truck\\\/\"},{\"@type\":\"ListItem\",\"position\":2,\"name\":\"Nfz-Branche\",\"item\":\"https:\\\/\\\/www.krafthand.de\\\/truck\\\/kategorie\\\/branche\\\/\"},{\"@type\":\"ListItem\",\"position\":3,\"name\":\"Spezial-Know-how speziell f\u00fcr Praktiker\"}]},{\"@type\":\"WebSite\",\"@id\":\"https:\\\/\\\/www.krafthand.de\\\/truck\\\/#website\",\"url\":\"https:\\\/\\\/www.krafthand.de\\\/truck\\\/\",\"name\":\"Krafthand-Truck\",\"description\":\"\",\"potentialAction\":[{\"@type\":\"SearchAction\",\"target\":{\"@type\":\"EntryPoint\",\"urlTemplate\":\"https:\\\/\\\/www.krafthand.de\\\/truck\\\/?s={search_term_string}\"},\"query-input\":{\"@type\":\"PropertyValueSpecification\",\"valueRequired\":true,\"valueName\":\"search_term_string\"}}],\"inLanguage\":\"de\"},{\"@type\":\"Person\",\"@id\":\"https:\\\/\\\/www.krafthand.de\\\/truck\\\/#\\\/schema\\\/person\\\/25290391c443ebfc18583f19f72a0c26\",\"name\":\"elisabeth.mair@krafthand.de\",\"image\":{\"@type\":\"ImageObject\",\"inLanguage\":\"de\",\"@id\":\"https:\\\/\\\/secure.gravatar.com\\\/avatar\\\/5f0e25e42e13f6e7631bd6597cd91b90228ead6b823ba81a6c8ee32fe135d72e?s=96&d=mm&r=g\",\"url\":\"https:\\\/\\\/secure.gravatar.com\\\/avatar\\\/5f0e25e42e13f6e7631bd6597cd91b90228ead6b823ba81a6c8ee32fe135d72e?s=96&d=mm&r=g\",\"contentUrl\":\"https:\\\/\\\/secure.gravatar.com\\\/avatar\\\/5f0e25e42e13f6e7631bd6597cd91b90228ead6b823ba81a6c8ee32fe135d72e?s=96&d=mm&r=g\",\"caption\":\"elisabeth.mair@krafthand.de\"}}]}<\/script>\n<!-- \/ Yoast SEO plugin. -->","yoast_head_json":{"title":"Spezial-Know-how speziell f\u00fcr Praktiker - Krafthand-Truck","robots":{"index":"index","follow":"follow","max-snippet":"max-snippet:-1","max-image-preview":"max-image-preview:large","max-video-preview":"max-video-preview:-1"},"canonical":"https:\/\/www.krafthand.de\/truck\/artikel\/spezial-know-how-speziell-fuer-praktiker-24127\/","og_locale":"de_DE","og_type":"article","og_title":"Spezial-Know-how speziell f\u00fcr Praktiker - Krafthand-Truck","og_description":"Der Startschuss f\u00fcr das Werkstattkonzept\u00a0 \u201aZF Protech\u2018 von ZF Aftermarket viel im\u00a0\u00a0 Jahr 2012, damals noch unter der Bezeichnung \u201aZF Services Protech\u2018. Die Namens\u00e4nderung auf \u201aZF Protech\u2018 ergab sich nach der Integration von TRW in den ZF-Konzern und der Umbenennung der Aftermarkt-Sparte von \u201aZF Services\u2018 in \u201aZF Aftermarket\u2018. Gleichgeblieben ist jedoch das Ziel des Konzepts: ... weiter","og_url":"https:\/\/www.krafthand-truck.de\/artikel\/spezial-know-how-speziell-fuer-praktiker-24127\/","og_site_name":"Krafthand-Truck","article_published_time":"2018-08-13T10:24:52+00:00","article_modified_time":"2018-08-13T10:27:49+00:00","og_image":[{"width":1200,"height":799,"url":"https:\/\/www.krafthand.de\/truck\/wp-content\/uploads\/2018\/08\/Truck_0218_041_01.jpg","type":"image\/jpeg"}],"author":"elisabeth.mair@krafthand.de","twitter_card":"summary_large_image","twitter_misc":{"Verfasst von":"elisabeth.mair@krafthand.de","Gesch\u00e4tzte Lesezeit":"2\u00a0Minuten"},"schema":{"@context":"https:\/\/schema.org","@graph":[{"@type":"Article","@id":"https:\/\/www.krafthand.de\/truck\/artikel\/spezial-know-how-speziell-fuer-praktiker-24127\/#article","isPartOf":{"@id":"https:\/\/www.krafthand.de\/truck\/artikel\/spezial-know-how-speziell-fuer-praktiker-24127\/"},"author":{"name":"elisabeth.mair@krafthand.de","@id":"https:\/\/www.krafthand.de\/truck\/#\/schema\/person\/25290391c443ebfc18583f19f72a0c26"},"headline":"Spezial-Know-how speziell f\u00fcr Praktiker","datePublished":"2018-08-13T10:24:52+00:00","dateModified":"2018-08-13T10:27:49+00:00","mainEntityOfPage":{"@id":"https:\/\/www.krafthand.de\/truck\/artikel\/spezial-know-how-speziell-fuer-praktiker-24127\/"},"wordCount":492,"image":{"@id":"https:\/\/www.krafthand.de\/truck\/artikel\/spezial-know-how-speziell-fuer-praktiker-24127\/#primaryimage"},"thumbnailUrl":"https:\/\/static.krafthand-truck.de\/uploads\/2018\/08\/Truck_0218_041_01.jpg","keywords":["Nutzfahrzeug","Unternehmenspraxis","ZF Aftermarket","ZF Protech","ZF Services Protech"],"articleSection":["Nfz-Branche"],"inLanguage":"de"},{"@type":"WebPage","@id":"https:\/\/www.krafthand.de\/truck\/artikel\/spezial-know-how-speziell-fuer-praktiker-24127\/","url":"https:\/\/www.krafthand.de\/truck\/artikel\/spezial-know-how-speziell-fuer-praktiker-24127\/","name":"Spezial-Know-how speziell f\u00fcr Praktiker - Krafthand-Truck","isPartOf":{"@id":"https:\/\/www.krafthand.de\/truck\/#website"},"primaryImageOfPage":{"@id":"https:\/\/www.krafthand.de\/truck\/artikel\/spezial-know-how-speziell-fuer-praktiker-24127\/#primaryimage"},"image":{"@id":"https:\/\/www.krafthand.de\/truck\/artikel\/spezial-know-how-speziell-fuer-praktiker-24127\/#primaryimage"},"thumbnailUrl":"https:\/\/static.krafthand-truck.de\/uploads\/2018\/08\/Truck_0218_041_01.jpg","datePublished":"2018-08-13T10:24:52+00:00","dateModified":"2018-08-13T10:27:49+00:00","author":{"@id":"https:\/\/www.krafthand.de\/truck\/#\/schema\/person\/25290391c443ebfc18583f19f72a0c26"},"breadcrumb":{"@id":"https:\/\/www.krafthand.de\/truck\/artikel\/spezial-know-how-speziell-fuer-praktiker-24127\/#breadcrumb"},"inLanguage":"de","potentialAction":[{"@type":"ReadAction","target":["https:\/\/www.krafthand.de\/truck\/artikel\/spezial-know-how-speziell-fuer-praktiker-24127\/"]}]},{"@type":"ImageObject","inLanguage":"de","@id":"https:\/\/www.krafthand.de\/truck\/artikel\/spezial-know-how-speziell-fuer-praktiker-24127\/#primaryimage","url":"https:\/\/static.krafthand-truck.de\/uploads\/2018\/08\/Truck_0218_041_01.jpg","contentUrl":"https:\/\/static.krafthand-truck.de\/uploads\/2018\/08\/Truck_0218_041_01.jpg","width":1200,"height":799,"caption":"ZF Aftermarket"},{"@type":"BreadcrumbList","@id":"https:\/\/www.krafthand.de\/truck\/artikel\/spezial-know-how-speziell-fuer-praktiker-24127\/#breadcrumb","itemListElement":[{"@type":"ListItem","position":1,"name":"Krafthand-Truck","item":"https:\/\/www.krafthand.de\/truck\/"},{"@type":"ListItem","position":2,"name":"Nfz-Branche","item":"https:\/\/www.krafthand.de\/truck\/kategorie\/branche\/"},{"@type":"ListItem","position":3,"name":"Spezial-Know-how speziell f\u00fcr Praktiker"}]},{"@type":"WebSite","@id":"https:\/\/www.krafthand.de\/truck\/#website","url":"https:\/\/www.krafthand.de\/truck\/","name":"Krafthand-Truck","description":"","potentialAction":[{"@type":"SearchAction","target":{"@type":"EntryPoint","urlTemplate":"https:\/\/www.krafthand.de\/truck\/?s={search_term_string}"},"query-input":{"@type":"PropertyValueSpecification","valueRequired":true,"valueName":"search_term_string"}}],"inLanguage":"de"},{"@type":"Person","@id":"https:\/\/www.krafthand.de\/truck\/#\/schema\/person\/25290391c443ebfc18583f19f72a0c26","name":"elisabeth.mair@krafthand.de","image":{"@type":"ImageObject","inLanguage":"de","@id":"https:\/\/secure.gravatar.com\/avatar\/5f0e25e42e13f6e7631bd6597cd91b90228ead6b823ba81a6c8ee32fe135d72e?s=96&d=mm&r=g","url":"https:\/\/secure.gravatar.com\/avatar\/5f0e25e42e13f6e7631bd6597cd91b90228ead6b823ba81a6c8ee32fe135d72e?s=96&d=mm&r=g","contentUrl":"https:\/\/secure.gravatar.com\/avatar\/5f0e25e42e13f6e7631bd6597cd91b90228ead6b823ba81a6c8ee32fe135d72e?s=96&d=mm&r=g","caption":"elisabeth.mair@krafthand.de"}}]}},"_links":{"self":[{"href":"https:\/\/www.krafthand.de\/truck\/wp-json\/wp\/v2\/posts\/24127","targetHints":{"allow":["GET"]}}],"collection":[{"href":"https:\/\/www.krafthand.de\/truck\/wp-json\/wp\/v2\/posts"}],"about":[{"href":"https:\/\/www.krafthand.de\/truck\/wp-json\/wp\/v2\/types\/post"}],"author":[{"embeddable":true,"href":"https:\/\/www.krafthand.de\/truck\/wp-json\/wp\/v2\/users\/6"}],"replies":[{"embeddable":true,"href":"https:\/\/www.krafthand.de\/truck\/wp-json\/wp\/v2\/comments?post=24127"}],"version-history":[{"count":2,"href":"https:\/\/www.krafthand.de\/truck\/wp-json\/wp\/v2\/posts\/24127\/revisions"}],"predecessor-version":[{"id":24131,"href":"https:\/\/www.krafthand.de\/truck\/wp-json\/wp\/v2\/posts\/24127\/revisions\/24131"}],"wp:featuredmedia":[{"embeddable":true,"href":"https:\/\/www.krafthand.de\/truck\/wp-json\/wp\/v2\/media\/24130"}],"wp:attachment":[{"href":"https:\/\/www.krafthand.de\/truck\/wp-json\/wp\/v2\/media?parent=24127"}],"wp:term":[{"taxonomy":"category","embeddable":true,"href":"https:\/\/www.krafthand.de\/truck\/wp-json\/wp\/v2\/categories?post=24127"},{"taxonomy":"post_tag","embeddable":true,"href":"https:\/\/www.krafthand.de\/truck\/wp-json\/wp\/v2\/tags?post=24127"},{"taxonomy":"settings","embeddable":true,"href":"https:\/\/www.krafthand.de\/truck\/wp-json\/wp\/v2\/settings?post=24127"}],"curies":[{"name":"wp","href":"https:\/\/api.w.org\/{rel}","templated":true}]}}