{"id":24083,"date":"2018-07-25T07:30:11","date_gmt":"2018-07-25T05:30:11","guid":{"rendered":"https:\/\/www.krafthand.de\/truck\/?p=24083"},"modified":"2018-07-26T09:48:09","modified_gmt":"2018-07-26T07:48:09","slug":"exklusiv-krafthand-truck-praxis-workshop-fuer-nutzfahrzeug-profis-auf-der-automechanika","status":"publish","type":"post","link":"https:\/\/www.krafthand.de\/truck\/artikel\/exklusiv-krafthand-truck-praxis-workshop-fuer-nutzfahrzeug-profis-auf-der-automechanika-24083\/","title":{"rendered":"Exklusiv: KRAFTHAND-Truck Praxis-Workshop f\u00fcr Nutzfahrzeug-Profis"},"content":{"rendered":"<p class=\"text-colored\"> Erstmals in diesem Jahr gibt es auf der Automechanika einen von KRAFTHAND-Truck unterst\u00fctzten Weiterbildungs-Workshop speziell f\u00fcr Nutzfahrzeug-Profis zum Thema \u201aRadar- und kamerabasierten Fahrerassistenzsystemen in der Werkstattpraxis\u2018. <\/p>\n<p>Bei modernen Lkw und Bussen erh\u00f6hen zahlreiche elektronische Fahrerassistenzsysteme (FAS) die Sicherheit im Stra\u00dfenverkehr. Insbesondere intelligente FAS mit Radarsensoren und\/oder Multifunktionskameras, beispielsweise ACC (Abstandsregeltempomat \u201aAdaptive Cruise Control\u2019), LDW (Spurhalteassistent \u201aLane Departure Warning\u2019) und der Notbremsassistent EBA (Emergency Brake Assist) k\u00fcmmern sich darum, dass die Fahrzeuge sicher unterwegs sind, gleichzeitig entlasten sie den Fahrer in brenzligen Situationen. Viele dieser Systeme sind schon l\u00e4nger am Markt und einige mittlerweile auch gesetzlich vorgeschrieben. Demzufolge kommt der Nutzfahrzeug-Fachmann in seinem Werkstattalltag zwangsl\u00e4ufig immer \u00f6fter mit diesen komplexen Systemen in Kontakt \u2013 auch dann, wenn er nicht direkt daran arbeiten muss.<\/p>\n<p><img fetchpriority=\"high\" decoding=\"async\" class=\"alignnone size-large wp-image-24085\" src=\"https:\/\/www.krafthand.de\/truck\/wp-content\/uploads\/2018\/07\/Logo_Automechanika-Frankfurt-1024x250.jpg\" alt=\"\" width=\"665\" height=\"162\" srcset=\"https:\/\/static.krafthand-truck.de\/uploads\/2018\/07\/Logo_Automechanika-Frankfurt-1024x250.jpg 1024w, https:\/\/static.krafthand-truck.de\/uploads\/2018\/07\/Logo_Automechanika-Frankfurt-300x73.jpg 300w, https:\/\/static.krafthand-truck.de\/uploads\/2018\/07\/Logo_Automechanika-Frankfurt-768x187.jpg 768w, https:\/\/static.krafthand-truck.de\/uploads\/2018\/07\/Logo_Automechanika-Frankfurt.jpg 1075w\" sizes=\"(max-width: 665px) 100vw, 665px\" \/><\/p>\n<p>Nach der Unfallinstandsetzung, nach gr\u00f6\u00dferen Fahrwerksreparaturen und \u00c4nderungen des Fahrzeug-Niveaus, aber auch nach dem Austausch der Windschutzscheibe und zahlreichen anderen Reparaturen m\u00fcssen die Systeme gepr\u00fcft und die Radarsensoren und Frontkameras gegebenenfalls neu justiert und anschlie\u00dfend das System neu kalibriert werden. Hierzu ist spezielles Know-how und spezielles Equipment erforderlich.<\/p>\n<p>&nbsp;<\/p>\n<p>In dem gut zweieinhalbst\u00fcndigen, kostenlosen \u201aTruck Competence\u2018-Weiterbildungs-Workshop \u201aRadar- und kamerabasierte Fahrerassistenzsysteme im Werkstattalltag\u2018, der in Kooperation mit KRAFTHAND-Truck erfolgt, geben erfahrene Trainer interessierten Nutzfahrzeug-Profis einen fundierten \u00dcberblick \u00fcber die Funktion und die Komponenten solcher Systeme. Au\u00dferdem zeigen sie das fachgerechte Kalibrieren und Justieren dieser Systeme. Im Praxisteil des Workshops darf der Teilnehmer dann selbst mit Hand anlegen, um das Einstellequipment und den Arbeitsablauf eigenh\u00e4ndig kennen zu lernen.<\/p>\n<p>&nbsp;<\/p>\n<p>Die Teilnahme an den t\u00e4glich von 11. bis 15. September 2018 von 10:00 und 12:30 Uhr in einem eigens errichteten Werkstatt-Zelt (Freigel\u00e4nde F 11, Stand B 03) ist kostenlos. Es ist lediglich eine Anmeldung unter <a href=\"https:\/\/workshop-truckcompetence.de\">https:\/\/workshop-truckcompetence.de<\/a> notwendig.<\/p>\n<p>&nbsp;<\/p>\n<p>Details zum \u201aTruck Competence\u2018-Weiterbildungs-Workshop von KRAFTHAND-Truck und den anderen Automechanika-Weiterbildungsangeboten gibt es unter <a href=\"https:\/\/automechanika.messefrankfurt.com\/frankfurt\/de\/programm-events\/ausundweiterbildung\/workshops.html\">https:\/\/automechanika.messefrankfurt.com\/frankfurt\/de\/programm-events\/ausundweiterbildung\/workshops.html<\/a>.<\/p>\n<p>&nbsp;<\/p>\n<p>GLEICH KOSTENLOS HIER ANMELDEN: <a href=\"https:\/\/workshop-truckcompetence.de\">https:\/\/workshop-truckcompetence.de<\/a><\/p>\n<p><img decoding=\"async\" class=\"alignnone size-large wp-image-24086\" src=\"https:\/\/www.krafthand.de\/truck\/wp-content\/uploads\/2018\/07\/Logo-Truck-Competence-1024x576.jpg\" alt=\"\" width=\"665\" height=\"374\" srcset=\"https:\/\/static.krafthand-truck.de\/uploads\/2018\/07\/Logo-Truck-Competence-1024x576.jpg 1024w, https:\/\/static.krafthand-truck.de\/uploads\/2018\/07\/Logo-Truck-Competence-300x169.jpg 300w, https:\/\/static.krafthand-truck.de\/uploads\/2018\/07\/Logo-Truck-Competence-768x432.jpg 768w, https:\/\/static.krafthand-truck.de\/uploads\/2018\/07\/Logo-Truck-Competence-1152x648.jpg 1152w, https:\/\/static.krafthand-truck.de\/uploads\/2018\/07\/Logo-Truck-Competence-1456x819.jpg 1456w, https:\/\/static.krafthand-truck.de\/uploads\/2018\/07\/Logo-Truck-Competence.jpg 1585w\" sizes=\"(max-width: 665px) 100vw, 665px\" \/><\/p>\n\r\n\t\t\t\t<div class=\"post-author\">\r\n\t\t\t\t\t<div class=\"khm-cp-author clearfix\">\r\n\t\t\t\t\t\t<div class=\"khm-cp-author__content\">\r\n\t\t\t\t\t\t\t\tKontakt zum Autor:<br \/>\r\n\t\t\t\t\t\t\t\t<strong>Klaus Kuss<\/strong>, 08247 \/ 3007-177 |  <a href=\"mailto:klaus.kuss@krafthand-medien.de\">klaus.kuss@krafthand-medien.de<\/a>\r\n\t\t\t\t\t\t\t<div class=\"khm-cp-author__image\">\r\n\t\t\t\t\t\t<img src=\"https:\/\/static.krafthand-truck.de\/uploads\/2018\/01\/Kuss_Klaus-250x300.png\" class=\"img-responsive\">\r\n\t\t\t\t\t<\/div>\r\n\t\t\t\t\t\t<\/div>\r\n\t\t\t\t\t<\/div>\r\n\t\t\t\t<\/div>\r\n\t\t\t\t","protected":false},"excerpt":{"rendered":"<p>Weiterbildungs-Workshop speziell f\u00fcr Nutzfahrzeug-Profis  <span class=\"excerpt-more__dots\">&#8230;<\/span> <a class=\"excerpt-more__link\" href=\"https:\/\/www.krafthand.de\/truck\/artikel\/exklusiv-krafthand-truck-praxis-workshop-fuer-nutzfahrzeug-profis-auf-der-automechanika-24083\/\" >weiter<\/a><\/p>\n","protected":false},"author":6,"featured_media":24084,"comment_status":"closed","ping_status":"closed","sticky":false,"template":"","format":"standard","meta":{"footnotes":""},"categories":[5],"tags":[1346,3660,118,150,1104],"settings":[3524,3523],"class_list":["post-24083","post","type-post","status-publish","format-standard","has-post-thumbnail","hentry","category-branche","tag-automechanika","tag-automechanika-2018","tag-nutzfahrzeuge","tag-truck","tag-truck-competence"],"yoast_head":"<!-- This site is optimized with the Yoast SEO plugin v27.3 - https:\/\/yoast.com\/product\/yoast-seo-wordpress\/ -->\n<title>Exklusiv: KRAFTHAND-Truck Praxis-Workshop f\u00fcr Nutzfahrzeug-Profis - Krafthand-Truck<\/title>\n<meta name=\"robots\" content=\"index, follow, max-snippet:-1, max-image-preview:large, max-video-preview:-1\" \/>\n<link rel=\"canonical\" href=\"https:\/\/www.krafthand.de\/truck\/artikel\/exklusiv-krafthand-truck-praxis-workshop-fuer-nutzfahrzeug-profis-auf-der-automechanika-24083\/\" \/>\n<meta property=\"og:locale\" content=\"de_DE\" \/>\n<meta property=\"og:type\" content=\"article\" \/>\n<meta property=\"og:title\" content=\"Exklusiv: KRAFTHAND-Truck Praxis-Workshop f\u00fcr Nutzfahrzeug-Profis - Krafthand-Truck\" \/>\n<meta property=\"og:description\" content=\"Weiterbildungs-Workshop speziell f\u00fcr Nutzfahrzeug-Profis ... weiter\" \/>\n<meta property=\"og:url\" content=\"https:\/\/www.krafthand-truck.de\/artikel\/exklusiv-krafthand-truck-praxis-workshop-fuer-nutzfahrzeug-profis-auf-der-automechanika-24083\/\" \/>\n<meta property=\"og:site_name\" content=\"Krafthand-Truck\" \/>\n<meta property=\"article:published_time\" content=\"2018-07-25T05:30:11+00:00\" \/>\n<meta property=\"article:modified_time\" content=\"2018-07-26T07:48:09+00:00\" \/>\n<meta property=\"og:image\" content=\"https:\/\/www.krafthand.de\/truck\/wp-content\/uploads\/2018\/07\/KRAFTHAND-Truck_AM-Workshop-scaled.jpg\" \/>\n\t<meta property=\"og:image:width\" content=\"2560\" \/>\n\t<meta property=\"og:image:height\" content=\"1815\" \/>\n\t<meta property=\"og:image:type\" content=\"image\/jpeg\" \/>\n<meta name=\"author\" content=\"elisabeth.mair@krafthand.de\" \/>\n<meta name=\"twitter:card\" content=\"summary_large_image\" \/>\n<meta name=\"twitter:label1\" content=\"Verfasst von\" \/>\n\t<meta name=\"twitter:data1\" content=\"elisabeth.mair@krafthand.de\" \/>\n\t<meta name=\"twitter:label2\" content=\"Gesch\u00e4tzte Lesezeit\" \/>\n\t<meta name=\"twitter:data2\" content=\"2\u00a0Minuten\" \/>\n<script type=\"application\/ld+json\" class=\"yoast-schema-graph\">{\"@context\":\"https:\\\/\\\/schema.org\",\"@graph\":[{\"@type\":\"Article\",\"@id\":\"https:\\\/\\\/www.krafthand.de\\\/truck\\\/artikel\\\/exklusiv-krafthand-truck-praxis-workshop-fuer-nutzfahrzeug-profis-auf-der-automechanika-24083\\\/#article\",\"isPartOf\":{\"@id\":\"https:\\\/\\\/www.krafthand.de\\\/truck\\\/artikel\\\/exklusiv-krafthand-truck-praxis-workshop-fuer-nutzfahrzeug-profis-auf-der-automechanika-24083\\\/\"},\"author\":{\"name\":\"elisabeth.mair@krafthand.de\",\"@id\":\"https:\\\/\\\/www.krafthand.de\\\/truck\\\/#\\\/schema\\\/person\\\/25290391c443ebfc18583f19f72a0c26\"},\"headline\":\"Exklusiv: KRAFTHAND-Truck Praxis-Workshop f\u00fcr Nutzfahrzeug-Profis\",\"datePublished\":\"2018-07-25T05:30:11+00:00\",\"dateModified\":\"2018-07-26T07:48:09+00:00\",\"mainEntityOfPage\":{\"@id\":\"https:\\\/\\\/www.krafthand.de\\\/truck\\\/artikel\\\/exklusiv-krafthand-truck-praxis-workshop-fuer-nutzfahrzeug-profis-auf-der-automechanika-24083\\\/\"},\"wordCount\":329,\"image\":{\"@id\":\"https:\\\/\\\/www.krafthand.de\\\/truck\\\/artikel\\\/exklusiv-krafthand-truck-praxis-workshop-fuer-nutzfahrzeug-profis-auf-der-automechanika-24083\\\/#primaryimage\"},\"thumbnailUrl\":\"https:\\\/\\\/static.krafthand-truck.de\\\/uploads\\\/2018\\\/07\\\/KRAFTHAND-Truck_AM-Workshop-scaled.jpg\",\"keywords\":[\"Automechanika\",\"Automechanika 2018\",\"Nutzfahrzeuge\",\"Truck\",\"Truck Competence\"],\"articleSection\":[\"Nfz-Branche\"],\"inLanguage\":\"de\"},{\"@type\":\"WebPage\",\"@id\":\"https:\\\/\\\/www.krafthand.de\\\/truck\\\/artikel\\\/exklusiv-krafthand-truck-praxis-workshop-fuer-nutzfahrzeug-profis-auf-der-automechanika-24083\\\/\",\"url\":\"https:\\\/\\\/www.krafthand.de\\\/truck\\\/artikel\\\/exklusiv-krafthand-truck-praxis-workshop-fuer-nutzfahrzeug-profis-auf-der-automechanika-24083\\\/\",\"name\":\"Exklusiv: KRAFTHAND-Truck Praxis-Workshop f\u00fcr Nutzfahrzeug-Profis - Krafthand-Truck\",\"isPartOf\":{\"@id\":\"https:\\\/\\\/www.krafthand.de\\\/truck\\\/#website\"},\"primaryImageOfPage\":{\"@id\":\"https:\\\/\\\/www.krafthand.de\\\/truck\\\/artikel\\\/exklusiv-krafthand-truck-praxis-workshop-fuer-nutzfahrzeug-profis-auf-der-automechanika-24083\\\/#primaryimage\"},\"image\":{\"@id\":\"https:\\\/\\\/www.krafthand.de\\\/truck\\\/artikel\\\/exklusiv-krafthand-truck-praxis-workshop-fuer-nutzfahrzeug-profis-auf-der-automechanika-24083\\\/#primaryimage\"},\"thumbnailUrl\":\"https:\\\/\\\/static.krafthand-truck.de\\\/uploads\\\/2018\\\/07\\\/KRAFTHAND-Truck_AM-Workshop-scaled.jpg\",\"datePublished\":\"2018-07-25T05:30:11+00:00\",\"dateModified\":\"2018-07-26T07:48:09+00:00\",\"author\":{\"@id\":\"https:\\\/\\\/www.krafthand.de\\\/truck\\\/#\\\/schema\\\/person\\\/25290391c443ebfc18583f19f72a0c26\"},\"breadcrumb\":{\"@id\":\"https:\\\/\\\/www.krafthand.de\\\/truck\\\/artikel\\\/exklusiv-krafthand-truck-praxis-workshop-fuer-nutzfahrzeug-profis-auf-der-automechanika-24083\\\/#breadcrumb\"},\"inLanguage\":\"de\",\"potentialAction\":[{\"@type\":\"ReadAction\",\"target\":[\"https:\\\/\\\/www.krafthand.de\\\/truck\\\/artikel\\\/exklusiv-krafthand-truck-praxis-workshop-fuer-nutzfahrzeug-profis-auf-der-automechanika-24083\\\/\"]}]},{\"@type\":\"ImageObject\",\"inLanguage\":\"de\",\"@id\":\"https:\\\/\\\/www.krafthand.de\\\/truck\\\/artikel\\\/exklusiv-krafthand-truck-praxis-workshop-fuer-nutzfahrzeug-profis-auf-der-automechanika-24083\\\/#primaryimage\",\"url\":\"https:\\\/\\\/static.krafthand-truck.de\\\/uploads\\\/2018\\\/07\\\/KRAFTHAND-Truck_AM-Workshop-scaled.jpg\",\"contentUrl\":\"https:\\\/\\\/static.krafthand-truck.de\\\/uploads\\\/2018\\\/07\\\/KRAFTHAND-Truck_AM-Workshop-scaled.jpg\",\"width\":2560,\"height\":1815,\"caption\":\"KRAFTHAND-Truck\"},{\"@type\":\"BreadcrumbList\",\"@id\":\"https:\\\/\\\/www.krafthand.de\\\/truck\\\/artikel\\\/exklusiv-krafthand-truck-praxis-workshop-fuer-nutzfahrzeug-profis-auf-der-automechanika-24083\\\/#breadcrumb\",\"itemListElement\":[{\"@type\":\"ListItem\",\"position\":1,\"name\":\"Krafthand-Truck\",\"item\":\"https:\\\/\\\/www.krafthand.de\\\/truck\\\/\"},{\"@type\":\"ListItem\",\"position\":2,\"name\":\"Nfz-Branche\",\"item\":\"https:\\\/\\\/www.krafthand.de\\\/truck\\\/kategorie\\\/branche\\\/\"},{\"@type\":\"ListItem\",\"position\":3,\"name\":\"Exklusiv: KRAFTHAND-Truck Praxis-Workshop f\u00fcr Nutzfahrzeug-Profis\"}]},{\"@type\":\"WebSite\",\"@id\":\"https:\\\/\\\/www.krafthand.de\\\/truck\\\/#website\",\"url\":\"https:\\\/\\\/www.krafthand.de\\\/truck\\\/\",\"name\":\"Krafthand-Truck\",\"description\":\"\",\"potentialAction\":[{\"@type\":\"SearchAction\",\"target\":{\"@type\":\"EntryPoint\",\"urlTemplate\":\"https:\\\/\\\/www.krafthand.de\\\/truck\\\/?s={search_term_string}\"},\"query-input\":{\"@type\":\"PropertyValueSpecification\",\"valueRequired\":true,\"valueName\":\"search_term_string\"}}],\"inLanguage\":\"de\"},{\"@type\":\"Person\",\"@id\":\"https:\\\/\\\/www.krafthand.de\\\/truck\\\/#\\\/schema\\\/person\\\/25290391c443ebfc18583f19f72a0c26\",\"name\":\"elisabeth.mair@krafthand.de\",\"image\":{\"@type\":\"ImageObject\",\"inLanguage\":\"de\",\"@id\":\"https:\\\/\\\/secure.gravatar.com\\\/avatar\\\/5f0e25e42e13f6e7631bd6597cd91b90228ead6b823ba81a6c8ee32fe135d72e?s=96&d=mm&r=g\",\"url\":\"https:\\\/\\\/secure.gravatar.com\\\/avatar\\\/5f0e25e42e13f6e7631bd6597cd91b90228ead6b823ba81a6c8ee32fe135d72e?s=96&d=mm&r=g\",\"contentUrl\":\"https:\\\/\\\/secure.gravatar.com\\\/avatar\\\/5f0e25e42e13f6e7631bd6597cd91b90228ead6b823ba81a6c8ee32fe135d72e?s=96&d=mm&r=g\",\"caption\":\"elisabeth.mair@krafthand.de\"}}]}<\/script>\n<!-- \/ Yoast SEO plugin. -->","yoast_head_json":{"title":"Exklusiv: KRAFTHAND-Truck Praxis-Workshop f\u00fcr Nutzfahrzeug-Profis - Krafthand-Truck","robots":{"index":"index","follow":"follow","max-snippet":"max-snippet:-1","max-image-preview":"max-image-preview:large","max-video-preview":"max-video-preview:-1"},"canonical":"https:\/\/www.krafthand.de\/truck\/artikel\/exklusiv-krafthand-truck-praxis-workshop-fuer-nutzfahrzeug-profis-auf-der-automechanika-24083\/","og_locale":"de_DE","og_type":"article","og_title":"Exklusiv: KRAFTHAND-Truck Praxis-Workshop f\u00fcr Nutzfahrzeug-Profis - Krafthand-Truck","og_description":"Weiterbildungs-Workshop speziell f\u00fcr Nutzfahrzeug-Profis ... weiter","og_url":"https:\/\/www.krafthand-truck.de\/artikel\/exklusiv-krafthand-truck-praxis-workshop-fuer-nutzfahrzeug-profis-auf-der-automechanika-24083\/","og_site_name":"Krafthand-Truck","article_published_time":"2018-07-25T05:30:11+00:00","article_modified_time":"2018-07-26T07:48:09+00:00","og_image":[{"width":2560,"height":1815,"url":"https:\/\/www.krafthand.de\/truck\/wp-content\/uploads\/2018\/07\/KRAFTHAND-Truck_AM-Workshop-scaled.jpg","type":"image\/jpeg"}],"author":"elisabeth.mair@krafthand.de","twitter_card":"summary_large_image","twitter_misc":{"Verfasst von":"elisabeth.mair@krafthand.de","Gesch\u00e4tzte Lesezeit":"2\u00a0Minuten"},"schema":{"@context":"https:\/\/schema.org","@graph":[{"@type":"Article","@id":"https:\/\/www.krafthand.de\/truck\/artikel\/exklusiv-krafthand-truck-praxis-workshop-fuer-nutzfahrzeug-profis-auf-der-automechanika-24083\/#article","isPartOf":{"@id":"https:\/\/www.krafthand.de\/truck\/artikel\/exklusiv-krafthand-truck-praxis-workshop-fuer-nutzfahrzeug-profis-auf-der-automechanika-24083\/"},"author":{"name":"elisabeth.mair@krafthand.de","@id":"https:\/\/www.krafthand.de\/truck\/#\/schema\/person\/25290391c443ebfc18583f19f72a0c26"},"headline":"Exklusiv: KRAFTHAND-Truck Praxis-Workshop f\u00fcr Nutzfahrzeug-Profis","datePublished":"2018-07-25T05:30:11+00:00","dateModified":"2018-07-26T07:48:09+00:00","mainEntityOfPage":{"@id":"https:\/\/www.krafthand.de\/truck\/artikel\/exklusiv-krafthand-truck-praxis-workshop-fuer-nutzfahrzeug-profis-auf-der-automechanika-24083\/"},"wordCount":329,"image":{"@id":"https:\/\/www.krafthand.de\/truck\/artikel\/exklusiv-krafthand-truck-praxis-workshop-fuer-nutzfahrzeug-profis-auf-der-automechanika-24083\/#primaryimage"},"thumbnailUrl":"https:\/\/static.krafthand-truck.de\/uploads\/2018\/07\/KRAFTHAND-Truck_AM-Workshop-scaled.jpg","keywords":["Automechanika","Automechanika 2018","Nutzfahrzeuge","Truck","Truck Competence"],"articleSection":["Nfz-Branche"],"inLanguage":"de"},{"@type":"WebPage","@id":"https:\/\/www.krafthand.de\/truck\/artikel\/exklusiv-krafthand-truck-praxis-workshop-fuer-nutzfahrzeug-profis-auf-der-automechanika-24083\/","url":"https:\/\/www.krafthand.de\/truck\/artikel\/exklusiv-krafthand-truck-praxis-workshop-fuer-nutzfahrzeug-profis-auf-der-automechanika-24083\/","name":"Exklusiv: KRAFTHAND-Truck Praxis-Workshop f\u00fcr Nutzfahrzeug-Profis - Krafthand-Truck","isPartOf":{"@id":"https:\/\/www.krafthand.de\/truck\/#website"},"primaryImageOfPage":{"@id":"https:\/\/www.krafthand.de\/truck\/artikel\/exklusiv-krafthand-truck-praxis-workshop-fuer-nutzfahrzeug-profis-auf-der-automechanika-24083\/#primaryimage"},"image":{"@id":"https:\/\/www.krafthand.de\/truck\/artikel\/exklusiv-krafthand-truck-praxis-workshop-fuer-nutzfahrzeug-profis-auf-der-automechanika-24083\/#primaryimage"},"thumbnailUrl":"https:\/\/static.krafthand-truck.de\/uploads\/2018\/07\/KRAFTHAND-Truck_AM-Workshop-scaled.jpg","datePublished":"2018-07-25T05:30:11+00:00","dateModified":"2018-07-26T07:48:09+00:00","author":{"@id":"https:\/\/www.krafthand.de\/truck\/#\/schema\/person\/25290391c443ebfc18583f19f72a0c26"},"breadcrumb":{"@id":"https:\/\/www.krafthand.de\/truck\/artikel\/exklusiv-krafthand-truck-praxis-workshop-fuer-nutzfahrzeug-profis-auf-der-automechanika-24083\/#breadcrumb"},"inLanguage":"de","potentialAction":[{"@type":"ReadAction","target":["https:\/\/www.krafthand.de\/truck\/artikel\/exklusiv-krafthand-truck-praxis-workshop-fuer-nutzfahrzeug-profis-auf-der-automechanika-24083\/"]}]},{"@type":"ImageObject","inLanguage":"de","@id":"https:\/\/www.krafthand.de\/truck\/artikel\/exklusiv-krafthand-truck-praxis-workshop-fuer-nutzfahrzeug-profis-auf-der-automechanika-24083\/#primaryimage","url":"https:\/\/static.krafthand-truck.de\/uploads\/2018\/07\/KRAFTHAND-Truck_AM-Workshop-scaled.jpg","contentUrl":"https:\/\/static.krafthand-truck.de\/uploads\/2018\/07\/KRAFTHAND-Truck_AM-Workshop-scaled.jpg","width":2560,"height":1815,"caption":"KRAFTHAND-Truck"},{"@type":"BreadcrumbList","@id":"https:\/\/www.krafthand.de\/truck\/artikel\/exklusiv-krafthand-truck-praxis-workshop-fuer-nutzfahrzeug-profis-auf-der-automechanika-24083\/#breadcrumb","itemListElement":[{"@type":"ListItem","position":1,"name":"Krafthand-Truck","item":"https:\/\/www.krafthand.de\/truck\/"},{"@type":"ListItem","position":2,"name":"Nfz-Branche","item":"https:\/\/www.krafthand.de\/truck\/kategorie\/branche\/"},{"@type":"ListItem","position":3,"name":"Exklusiv: KRAFTHAND-Truck Praxis-Workshop f\u00fcr Nutzfahrzeug-Profis"}]},{"@type":"WebSite","@id":"https:\/\/www.krafthand.de\/truck\/#website","url":"https:\/\/www.krafthand.de\/truck\/","name":"Krafthand-Truck","description":"","potentialAction":[{"@type":"SearchAction","target":{"@type":"EntryPoint","urlTemplate":"https:\/\/www.krafthand.de\/truck\/?s={search_term_string}"},"query-input":{"@type":"PropertyValueSpecification","valueRequired":true,"valueName":"search_term_string"}}],"inLanguage":"de"},{"@type":"Person","@id":"https:\/\/www.krafthand.de\/truck\/#\/schema\/person\/25290391c443ebfc18583f19f72a0c26","name":"elisabeth.mair@krafthand.de","image":{"@type":"ImageObject","inLanguage":"de","@id":"https:\/\/secure.gravatar.com\/avatar\/5f0e25e42e13f6e7631bd6597cd91b90228ead6b823ba81a6c8ee32fe135d72e?s=96&d=mm&r=g","url":"https:\/\/secure.gravatar.com\/avatar\/5f0e25e42e13f6e7631bd6597cd91b90228ead6b823ba81a6c8ee32fe135d72e?s=96&d=mm&r=g","contentUrl":"https:\/\/secure.gravatar.com\/avatar\/5f0e25e42e13f6e7631bd6597cd91b90228ead6b823ba81a6c8ee32fe135d72e?s=96&d=mm&r=g","caption":"elisabeth.mair@krafthand.de"}}]}},"_links":{"self":[{"href":"https:\/\/www.krafthand.de\/truck\/wp-json\/wp\/v2\/posts\/24083","targetHints":{"allow":["GET"]}}],"collection":[{"href":"https:\/\/www.krafthand.de\/truck\/wp-json\/wp\/v2\/posts"}],"about":[{"href":"https:\/\/www.krafthand.de\/truck\/wp-json\/wp\/v2\/types\/post"}],"author":[{"embeddable":true,"href":"https:\/\/www.krafthand.de\/truck\/wp-json\/wp\/v2\/users\/6"}],"replies":[{"embeddable":true,"href":"https:\/\/www.krafthand.de\/truck\/wp-json\/wp\/v2\/comments?post=24083"}],"version-history":[{"count":5,"href":"https:\/\/www.krafthand.de\/truck\/wp-json\/wp\/v2\/posts\/24083\/revisions"}],"predecessor-version":[{"id":24101,"href":"https:\/\/www.krafthand.de\/truck\/wp-json\/wp\/v2\/posts\/24083\/revisions\/24101"}],"wp:featuredmedia":[{"embeddable":true,"href":"https:\/\/www.krafthand.de\/truck\/wp-json\/wp\/v2\/media\/24084"}],"wp:attachment":[{"href":"https:\/\/www.krafthand.de\/truck\/wp-json\/wp\/v2\/media?parent=24083"}],"wp:term":[{"taxonomy":"category","embeddable":true,"href":"https:\/\/www.krafthand.de\/truck\/wp-json\/wp\/v2\/categories?post=24083"},{"taxonomy":"post_tag","embeddable":true,"href":"https:\/\/www.krafthand.de\/truck\/wp-json\/wp\/v2\/tags?post=24083"},{"taxonomy":"settings","embeddable":true,"href":"https:\/\/www.krafthand.de\/truck\/wp-json\/wp\/v2\/settings?post=24083"}],"curies":[{"name":"wp","href":"https:\/\/api.w.org\/{rel}","templated":true}]}}