{"id":24039,"date":"2018-07-13T07:30:46","date_gmt":"2018-07-13T05:30:46","guid":{"rendered":"https:\/\/www.krafthand.de\/truck\/?p=24039"},"modified":"2021-04-09T10:44:12","modified_gmt":"2021-04-09T08:44:12","slug":"die-tacho-uhr-tickt","status":"publish","type":"post","link":"https:\/\/www.krafthand.de\/truck\/artikel\/die-tacho-uhr-tickt-24039\/","title":{"rendered":"Die Tacho-Uhr tickt"},"content":{"rendered":"<p class=\"text-colored\"> Im Juni 2019 \u00e4ndert sich einiges f\u00fcr die europ\u00e4ische Nutzfahrzeug-Branche, denn dann ist mit dem \u201aintelligenten Tachographen\u2018 die n\u00e4chste Generation des\u00a0 digitalen Fahrtenschreibers Pflicht. Neben Vorteilen f\u00fcr die Beh\u00f6rden und\u00a0 Erleichterungen f\u00fcr die Fuhrparkmanager bringt das neue Kontrollger\u00e4t vor allem aber \u00c4nderungen f\u00fcr \u00a7 57b-Werkst\u00e4tten mit sich. Ein Experte von Stoneridge hat\u00a0 KRAFTHAND-Truck verraten, worauf sich diese einstellen m\u00fcssen. <\/p>\n<p>Die neue Fahrtenschreibergeneration soll vor allem eines bringen: h\u00f6here Sicherheitsstandards. Die Ziele, die man damit verfolgt, sind weniger\u00a0 Manipulationen, effizientere Systemkontrollen sowie ein geringerer b\u00fcrokratischer\u00a0 Aufwand f\u00fcr Spediteure und deren Fuhrparkmanager\u201c, berichtet Klaus Weithaler,\u00a0 Business Unit Manager bei Stoneridge Aftermarket im badischen M\u00fchlacker, mit\u00a0 Blick auf die Einf\u00fchrung des \u201aintelligenten\u2018 Digitalen Tachographen im Juni 2019.\u00a0 Sp\u00e4testens ab diesem Zeitpunkt m\u00fcssen dann alle neu zugelassenen Nutzfahrzeuge und Busse \u00fcber 3,5 Tonnen zul\u00e4ssige Gesamtmasse ein solches Kontrollger\u00e4t der neuesten Generation an Bord haben. F\u00fcr Altger\u00e4te indes gilt dem Fachmann zufolge Bestandsschutz: sie d\u00fcrfen weiter genutzt und m\u00fcssen nicht erneuert werden.<\/p>\n<h2>Technische Neuerungen<\/h2>\n<p>Im Prinzip sind die Rahmenbedingungen f\u00fcr aktuelle sowie intelligente\u00a0 Fahrtenschreiber identisch, so Weithaler. Fuhrparkbetreiber und Fahrer innerhalb\u00a0 Europa m\u00fcssten sich nach wie vor an Lenk- und Ruhezeiten und Arbeitszeitgesetz\u00a0 halten. Und auch die neuen, intelligenten Fahrtenschreiber m\u00fcssten in der Werkstatt programmiert und gepr\u00fcft werden. Die Unterschiede der neuen zur aktuellen Fahrtenschreibergeneration liegt demnach vor allem in deren Technik: sie besitzt einige neue Systemkomponenten, etwa ein GNSS-Modul (Global Navigation Satellite System), das die Fahrzeugposition zu Beginn und am Ende jeder Fahrt sowie alle 3 Stunden aufzeichnet. Zus\u00e4tzlich sollen die Kontrollbeh\u00f6rden \u00fcber eine\u00a0 DSRC-Schnittstelle (Dedicated Short Range Communication) per Ferndiagnose mit\u00a0 dem intelligenten Fahrtenschreiber kommunizieren k\u00f6nnen, ohne das Fahrzeug\u00a0 anzuhalten. \u201ePrinzipiell k\u00f6nnte das \u00fcbertragene Datenpaket Informationen \u00fcber\u00a0 m\u00f6gliche Verst\u00f6\u00dfe beinhalten, jedoch werden nur ausgew\u00e4hlte Daten abgefragt\u201c,\u00a0 erkl\u00e4rt der Experte von Stoneridge.<\/p>\n<h2>Anforderungen f\u00fcr Tacho-Werkst\u00e4tten<\/h2>\n<p>Die gr\u00f6\u00dften Auswirkungen d\u00fcrfte die kommende Ger\u00e4tegeneration auf das<br \/>\nHandling in Tachographen-Werkst\u00e4tten haben. So wie auch heute bereits \u00fcblich wird\u00a0 er intelligente Fahrtenschreiber konfiguriert, programmiert und gepr\u00fcft. Allerdings\u00a0 erlangt die \u00a7 57b-Pr\u00fcfung an den neuen Ger\u00e4ten eine vollst\u00e4ndige Funktionspr\u00fcfung des GNSS- und DSRC-Moduls. Abh\u00e4ngig von der bisher verwendeten Werkstattausstattung k\u00f6nnten laut Weithaler \u201eAnpassungen in Form von\u00a0 euanschaffungen und zus\u00e4tzlichen Investitionen n\u00f6tig werden.<\/p>\n<p>\u201eStoneridge-Kunden werden ihren drahtlosen \u201aOptimo2\u2018-Tester aber problemlos weiter nutzen k\u00f6nnen. Allerdings m\u00fcssen sie sicherstellen, dass ihr Ger\u00e4t mit den\u00a0 neuesten Updates ausgestattet ist, die zum Pr\u00fcfen des neuen Fahrtenschreibers notwendig sind. Zudem gibt es eine entsprechende aktualisierte `CITO2\u2018-Software\u201c, erl\u00e4utert der Fachmann. Dar\u00fcber hinaus ben\u00f6tigte \u00a7 57b-Pr\u00fcfer eine neue\u00a0 Werkstattkarte, denn mit der alten sei eine \u00a7 57b-Pr\u00fcfung an den neuen Ger\u00e4ten\u00a0 nicht m\u00f6glich. Au\u00dferdem sei wegen der neuen Pr\u00fcfinhalte eine spezielle, zus\u00e4tzliche\u00a0 Schulung erforderlich. Zudem gibt es eine neue Pr\u00fcfplakette, die zus\u00e4tzliche\u00a0 Informationen enth\u00e4lt.\u00a0 \u201eStoneridge-Partner werden jedoch bestehende Drucker und\u00a0 Plaketten jedoch weiterhin benutzen k\u00f6nnen\u201c, stellt Weithaler in Aussicht. Als weitere\u00a0 Neuerung wird es dem Experten zufolge neue Plomben geben, die eine\u00a0 einzigartige Identifikationsnummer vom Hersteller erhalten. Diese Ma\u00dfnahme soll\u00a0 eine vollst\u00e4ndige R\u00fcckverfolgbarkeit vom Hersteller bis zum Verbauer gew\u00e4hrleisten. Auch Stoneridge werde zertifizierte Plomben herstellen und diese seinem Partnernetzwerk zur Verf\u00fcgung stellen. Gem\u00e4\u00df der EU-Verordnung m\u00fcssen \u00a7\u00a0 57b-Werkst\u00e4tten diese Plomben nach dem Einbauen beziehungsweise Pr\u00fcfen entsprechend registrieren. \u201eDie verwendete Identifikationsnummer ist zudem auf\u00a0 der Fahrzeugplakette zu vermerken\u201c, so Weithaler.<\/p>\n<figure id=\"attachment_24041\" aria-describedby=\"caption-attachment-24041\" style=\"width: 665px\" class=\"wp-caption alignnone\"><img fetchpriority=\"high\" decoding=\"async\" class=\"size-large wp-image-24041\" src=\"https:\/\/www.krafthand.de\/truck\/wp-content\/uploads\/2018\/06\/Truck_0218_025_02-1024x768.jpg\" alt=\"Neue 'intelligente' Fahrtenschreibergeneration\" width=\"665\" height=\"499\" srcset=\"https:\/\/static.krafthand-truck.de\/uploads\/2018\/06\/Truck_0218_025_02-1024x768.jpg 1024w, https:\/\/static.krafthand-truck.de\/uploads\/2018\/06\/Truck_0218_025_02-300x225.jpg 300w, https:\/\/static.krafthand-truck.de\/uploads\/2018\/06\/Truck_0218_025_02-768x576.jpg 768w, https:\/\/static.krafthand-truck.de\/uploads\/2018\/06\/Truck_0218_025_02-200x150.jpg 200w, https:\/\/static.krafthand-truck.de\/uploads\/2018\/06\/Truck_0218_025_02-1152x864.jpg 1152w, https:\/\/static.krafthand-truck.de\/uploads\/2018\/06\/Truck_0218_025_02.jpg 1200w\" sizes=\"(max-width: 665px) 100vw, 665px\" \/><figcaption id=\"caption-attachment-24041\" class=\"wp-caption-text\">Bei der neuen \u201aintelligenten\u2018 Fahrtenschreibergeneration muss der \u00a7 57b-Pr\u00fcfer unter anderem\u00a0 feststellen, ob das GNSS-Modul (Global Navigation Satellite System) sowie die DSRC-Schnittstelle\u00a0 (Dedicated Short Range Communication) ordnungsgem\u00e4\u00df funktionieren.<\/figcaption><\/figure>\n<p><i>Den Beitrag finden Sie auch in der Print-Ausgabe 2\/18 der <a href=\"https:\/\/www.krafthand.de\/truck\/magazin\/\" title=\"Zum Magazin\">Krafthand-Truck<\/a>.<\/i><\/p>","protected":false},"excerpt":{"rendered":"<p>Die neue Fahrtenschreibergeneration soll vor allem eines bringen: h\u00f6here Sicherheitsstandards. Die Ziele, die man damit verfolgt, sind weniger\u00a0 Manipulationen, effizientere Systemkontrollen sowie ein geringerer b\u00fcrokratischer\u00a0 Aufwand f\u00fcr Spediteure und deren Fuhrparkmanager\u201c, berichtet Klaus Weithaler,\u00a0 Business Unit Manager bei Stoneridge Aftermarket im badischen M\u00fchlacker, mit\u00a0 Blick auf die Einf\u00fchrung des \u201aintelligenten\u2018 Digitalen Tachographen im Juni 2019.\u00a0 <span class=\"excerpt-more__dots\">&#8230;<\/span> <a class=\"excerpt-more__link\" href=\"https:\/\/www.krafthand.de\/truck\/artikel\/die-tacho-uhr-tickt-24039\/\" >weiter<\/a><\/p>\n","protected":false},"author":6,"featured_media":24040,"comment_status":"closed","ping_status":"closed","sticky":false,"template":"","format":"standard","meta":{"footnotes":""},"categories":[4230],"tags":[3655,3650,3654,1138,3652,3651,3653,1139,2437],"settings":[],"class_list":["post-24039","post","type-post","status-publish","format-standard","has-post-thumbnail","hentry","category-fuhrpark","tag-dedicated-short-range-communication","tag-digitale-tachograph","tag-dsrc-schnittstelle","tag-fahrtenschreiber","tag-global-navigation","tag-gnss-modul","tag-satellite-system","tag-stoneridge","tag-tachograph"],"yoast_head":"<!-- This site is optimized with the Yoast SEO plugin v27.3 - https:\/\/yoast.com\/product\/yoast-seo-wordpress\/ -->\n<title>Die Tacho-Uhr tickt - Krafthand-Truck<\/title>\n<meta name=\"robots\" content=\"index, follow, max-snippet:-1, max-image-preview:large, max-video-preview:-1\" \/>\n<link rel=\"canonical\" href=\"https:\/\/www.krafthand.de\/truck\/artikel\/die-tacho-uhr-tickt-24039\/\" \/>\n<meta property=\"og:locale\" content=\"de_DE\" \/>\n<meta property=\"og:type\" content=\"article\" \/>\n<meta property=\"og:title\" content=\"Die Tacho-Uhr tickt - Krafthand-Truck\" \/>\n<meta property=\"og:description\" content=\"Die neue Fahrtenschreibergeneration soll vor allem eines bringen: h\u00f6here Sicherheitsstandards. Die Ziele, die man damit verfolgt, sind weniger\u00a0 Manipulationen, effizientere Systemkontrollen sowie ein geringerer b\u00fcrokratischer\u00a0 Aufwand f\u00fcr Spediteure und deren Fuhrparkmanager\u201c, berichtet Klaus Weithaler,\u00a0 Business Unit Manager bei Stoneridge Aftermarket im badischen M\u00fchlacker, mit\u00a0 Blick auf die Einf\u00fchrung des \u201aintelligenten\u2018 Digitalen Tachographen im Juni 2019.\u00a0 ... weiter\" \/>\n<meta property=\"og:url\" content=\"https:\/\/www.krafthand-truck.de\/artikel\/die-tacho-uhr-tickt-24039\/\" \/>\n<meta property=\"og:site_name\" content=\"Krafthand-Truck\" \/>\n<meta property=\"article:published_time\" content=\"2018-07-13T05:30:46+00:00\" \/>\n<meta property=\"article:modified_time\" content=\"2021-04-09T08:44:12+00:00\" \/>\n<meta property=\"og:image\" content=\"https:\/\/www.krafthand.de\/truck\/wp-content\/uploads\/2018\/06\/Truck_0218_025_01.jpg\" \/>\n\t<meta property=\"og:image:width\" content=\"1200\" \/>\n\t<meta property=\"og:image:height\" content=\"802\" \/>\n\t<meta property=\"og:image:type\" content=\"image\/jpeg\" \/>\n<meta name=\"author\" content=\"elisabeth.mair@krafthand.de\" \/>\n<meta name=\"twitter:card\" content=\"summary_large_image\" \/>\n<meta name=\"twitter:label1\" content=\"Verfasst von\" \/>\n\t<meta name=\"twitter:data1\" content=\"elisabeth.mair@krafthand.de\" \/>\n\t<meta name=\"twitter:label2\" content=\"Gesch\u00e4tzte Lesezeit\" \/>\n\t<meta name=\"twitter:data2\" content=\"3\u00a0Minuten\" \/>\n<script type=\"application\/ld+json\" class=\"yoast-schema-graph\">{\"@context\":\"https:\\\/\\\/schema.org\",\"@graph\":[{\"@type\":\"Article\",\"@id\":\"https:\\\/\\\/www.krafthand.de\\\/truck\\\/artikel\\\/die-tacho-uhr-tickt-24039\\\/#article\",\"isPartOf\":{\"@id\":\"https:\\\/\\\/www.krafthand.de\\\/truck\\\/artikel\\\/die-tacho-uhr-tickt-24039\\\/\"},\"author\":{\"name\":\"elisabeth.mair@krafthand.de\",\"@id\":\"https:\\\/\\\/www.krafthand.de\\\/truck\\\/#\\\/schema\\\/person\\\/25290391c443ebfc18583f19f72a0c26\"},\"headline\":\"Die Tacho-Uhr tickt\",\"datePublished\":\"2018-07-13T05:30:46+00:00\",\"dateModified\":\"2021-04-09T08:44:12+00:00\",\"mainEntityOfPage\":{\"@id\":\"https:\\\/\\\/www.krafthand.de\\\/truck\\\/artikel\\\/die-tacho-uhr-tickt-24039\\\/\"},\"wordCount\":631,\"image\":{\"@id\":\"https:\\\/\\\/www.krafthand.de\\\/truck\\\/artikel\\\/die-tacho-uhr-tickt-24039\\\/#primaryimage\"},\"thumbnailUrl\":\"https:\\\/\\\/static.krafthand-truck.de\\\/uploads\\\/2018\\\/06\\\/Truck_0218_025_01.jpg\",\"keywords\":[\"Dedicated Short Range Communication\",\"Digitale Tachograph\",\"DSRC-Schnittstelle\",\"Fahrtenschreiber\",\"Global Navigation\",\"GNSS-Modul\",\"Satellite System\",\"Stoneridge\",\"Tachograph\"],\"articleSection\":[\"IT+Fuhrpark\"],\"inLanguage\":\"de\"},{\"@type\":\"WebPage\",\"@id\":\"https:\\\/\\\/www.krafthand.de\\\/truck\\\/artikel\\\/die-tacho-uhr-tickt-24039\\\/\",\"url\":\"https:\\\/\\\/www.krafthand.de\\\/truck\\\/artikel\\\/die-tacho-uhr-tickt-24039\\\/\",\"name\":\"Die Tacho-Uhr tickt - Krafthand-Truck\",\"isPartOf\":{\"@id\":\"https:\\\/\\\/www.krafthand.de\\\/truck\\\/#website\"},\"primaryImageOfPage\":{\"@id\":\"https:\\\/\\\/www.krafthand.de\\\/truck\\\/artikel\\\/die-tacho-uhr-tickt-24039\\\/#primaryimage\"},\"image\":{\"@id\":\"https:\\\/\\\/www.krafthand.de\\\/truck\\\/artikel\\\/die-tacho-uhr-tickt-24039\\\/#primaryimage\"},\"thumbnailUrl\":\"https:\\\/\\\/static.krafthand-truck.de\\\/uploads\\\/2018\\\/06\\\/Truck_0218_025_01.jpg\",\"datePublished\":\"2018-07-13T05:30:46+00:00\",\"dateModified\":\"2021-04-09T08:44:12+00:00\",\"author\":{\"@id\":\"https:\\\/\\\/www.krafthand.de\\\/truck\\\/#\\\/schema\\\/person\\\/25290391c443ebfc18583f19f72a0c26\"},\"breadcrumb\":{\"@id\":\"https:\\\/\\\/www.krafthand.de\\\/truck\\\/artikel\\\/die-tacho-uhr-tickt-24039\\\/#breadcrumb\"},\"inLanguage\":\"de\",\"potentialAction\":[{\"@type\":\"ReadAction\",\"target\":[\"https:\\\/\\\/www.krafthand.de\\\/truck\\\/artikel\\\/die-tacho-uhr-tickt-24039\\\/\"]}]},{\"@type\":\"ImageObject\",\"inLanguage\":\"de\",\"@id\":\"https:\\\/\\\/www.krafthand.de\\\/truck\\\/artikel\\\/die-tacho-uhr-tickt-24039\\\/#primaryimage\",\"url\":\"https:\\\/\\\/static.krafthand-truck.de\\\/uploads\\\/2018\\\/06\\\/Truck_0218_025_01.jpg\",\"contentUrl\":\"https:\\\/\\\/static.krafthand-truck.de\\\/uploads\\\/2018\\\/06\\\/Truck_0218_025_01.jpg\",\"width\":1200,\"height\":802,\"caption\":\"Wenn im Juni 2019 der \u201aintelligente Digitale Tachograph\u2018 kommt, \u00e4ndert sich f\u00fcr Spediteure und Fahrer wenig. Die meisten Ver\u00e4nderungen bringt die damit verbundene EU-Verordnung f\u00fcr \u00a7 57b-Werkst\u00e4tten. Eine neue Werkstattkarte ist nur eine davon. Bilder: Stoneridge\"},{\"@type\":\"BreadcrumbList\",\"@id\":\"https:\\\/\\\/www.krafthand.de\\\/truck\\\/artikel\\\/die-tacho-uhr-tickt-24039\\\/#breadcrumb\",\"itemListElement\":[{\"@type\":\"ListItem\",\"position\":1,\"name\":\"Krafthand-Truck\",\"item\":\"https:\\\/\\\/www.krafthand.de\\\/truck\\\/\"},{\"@type\":\"ListItem\",\"position\":2,\"name\":\"IT+Fuhrpark\",\"item\":\"https:\\\/\\\/www.krafthand.de\\\/truck\\\/kategorie\\\/fuhrpark\\\/\"},{\"@type\":\"ListItem\",\"position\":3,\"name\":\"Die Tacho-Uhr tickt\"}]},{\"@type\":\"WebSite\",\"@id\":\"https:\\\/\\\/www.krafthand.de\\\/truck\\\/#website\",\"url\":\"https:\\\/\\\/www.krafthand.de\\\/truck\\\/\",\"name\":\"Krafthand-Truck\",\"description\":\"\",\"potentialAction\":[{\"@type\":\"SearchAction\",\"target\":{\"@type\":\"EntryPoint\",\"urlTemplate\":\"https:\\\/\\\/www.krafthand.de\\\/truck\\\/?s={search_term_string}\"},\"query-input\":{\"@type\":\"PropertyValueSpecification\",\"valueRequired\":true,\"valueName\":\"search_term_string\"}}],\"inLanguage\":\"de\"},{\"@type\":\"Person\",\"@id\":\"https:\\\/\\\/www.krafthand.de\\\/truck\\\/#\\\/schema\\\/person\\\/25290391c443ebfc18583f19f72a0c26\",\"name\":\"elisabeth.mair@krafthand.de\",\"image\":{\"@type\":\"ImageObject\",\"inLanguage\":\"de\",\"@id\":\"https:\\\/\\\/secure.gravatar.com\\\/avatar\\\/5f0e25e42e13f6e7631bd6597cd91b90228ead6b823ba81a6c8ee32fe135d72e?s=96&d=mm&r=g\",\"url\":\"https:\\\/\\\/secure.gravatar.com\\\/avatar\\\/5f0e25e42e13f6e7631bd6597cd91b90228ead6b823ba81a6c8ee32fe135d72e?s=96&d=mm&r=g\",\"contentUrl\":\"https:\\\/\\\/secure.gravatar.com\\\/avatar\\\/5f0e25e42e13f6e7631bd6597cd91b90228ead6b823ba81a6c8ee32fe135d72e?s=96&d=mm&r=g\",\"caption\":\"elisabeth.mair@krafthand.de\"}}]}<\/script>\n<!-- \/ Yoast SEO plugin. -->","yoast_head_json":{"title":"Die Tacho-Uhr tickt - Krafthand-Truck","robots":{"index":"index","follow":"follow","max-snippet":"max-snippet:-1","max-image-preview":"max-image-preview:large","max-video-preview":"max-video-preview:-1"},"canonical":"https:\/\/www.krafthand.de\/truck\/artikel\/die-tacho-uhr-tickt-24039\/","og_locale":"de_DE","og_type":"article","og_title":"Die Tacho-Uhr tickt - Krafthand-Truck","og_description":"Die neue Fahrtenschreibergeneration soll vor allem eines bringen: h\u00f6here Sicherheitsstandards. Die Ziele, die man damit verfolgt, sind weniger\u00a0 Manipulationen, effizientere Systemkontrollen sowie ein geringerer b\u00fcrokratischer\u00a0 Aufwand f\u00fcr Spediteure und deren Fuhrparkmanager\u201c, berichtet Klaus Weithaler,\u00a0 Business Unit Manager bei Stoneridge Aftermarket im badischen M\u00fchlacker, mit\u00a0 Blick auf die Einf\u00fchrung des \u201aintelligenten\u2018 Digitalen Tachographen im Juni 2019.\u00a0 ... weiter","og_url":"https:\/\/www.krafthand-truck.de\/artikel\/die-tacho-uhr-tickt-24039\/","og_site_name":"Krafthand-Truck","article_published_time":"2018-07-13T05:30:46+00:00","article_modified_time":"2021-04-09T08:44:12+00:00","og_image":[{"width":1200,"height":802,"url":"https:\/\/www.krafthand.de\/truck\/wp-content\/uploads\/2018\/06\/Truck_0218_025_01.jpg","type":"image\/jpeg"}],"author":"elisabeth.mair@krafthand.de","twitter_card":"summary_large_image","twitter_misc":{"Verfasst von":"elisabeth.mair@krafthand.de","Gesch\u00e4tzte Lesezeit":"3\u00a0Minuten"},"schema":{"@context":"https:\/\/schema.org","@graph":[{"@type":"Article","@id":"https:\/\/www.krafthand.de\/truck\/artikel\/die-tacho-uhr-tickt-24039\/#article","isPartOf":{"@id":"https:\/\/www.krafthand.de\/truck\/artikel\/die-tacho-uhr-tickt-24039\/"},"author":{"name":"elisabeth.mair@krafthand.de","@id":"https:\/\/www.krafthand.de\/truck\/#\/schema\/person\/25290391c443ebfc18583f19f72a0c26"},"headline":"Die Tacho-Uhr tickt","datePublished":"2018-07-13T05:30:46+00:00","dateModified":"2021-04-09T08:44:12+00:00","mainEntityOfPage":{"@id":"https:\/\/www.krafthand.de\/truck\/artikel\/die-tacho-uhr-tickt-24039\/"},"wordCount":631,"image":{"@id":"https:\/\/www.krafthand.de\/truck\/artikel\/die-tacho-uhr-tickt-24039\/#primaryimage"},"thumbnailUrl":"https:\/\/static.krafthand-truck.de\/uploads\/2018\/06\/Truck_0218_025_01.jpg","keywords":["Dedicated Short Range Communication","Digitale Tachograph","DSRC-Schnittstelle","Fahrtenschreiber","Global Navigation","GNSS-Modul","Satellite System","Stoneridge","Tachograph"],"articleSection":["IT+Fuhrpark"],"inLanguage":"de"},{"@type":"WebPage","@id":"https:\/\/www.krafthand.de\/truck\/artikel\/die-tacho-uhr-tickt-24039\/","url":"https:\/\/www.krafthand.de\/truck\/artikel\/die-tacho-uhr-tickt-24039\/","name":"Die Tacho-Uhr tickt - Krafthand-Truck","isPartOf":{"@id":"https:\/\/www.krafthand.de\/truck\/#website"},"primaryImageOfPage":{"@id":"https:\/\/www.krafthand.de\/truck\/artikel\/die-tacho-uhr-tickt-24039\/#primaryimage"},"image":{"@id":"https:\/\/www.krafthand.de\/truck\/artikel\/die-tacho-uhr-tickt-24039\/#primaryimage"},"thumbnailUrl":"https:\/\/static.krafthand-truck.de\/uploads\/2018\/06\/Truck_0218_025_01.jpg","datePublished":"2018-07-13T05:30:46+00:00","dateModified":"2021-04-09T08:44:12+00:00","author":{"@id":"https:\/\/www.krafthand.de\/truck\/#\/schema\/person\/25290391c443ebfc18583f19f72a0c26"},"breadcrumb":{"@id":"https:\/\/www.krafthand.de\/truck\/artikel\/die-tacho-uhr-tickt-24039\/#breadcrumb"},"inLanguage":"de","potentialAction":[{"@type":"ReadAction","target":["https:\/\/www.krafthand.de\/truck\/artikel\/die-tacho-uhr-tickt-24039\/"]}]},{"@type":"ImageObject","inLanguage":"de","@id":"https:\/\/www.krafthand.de\/truck\/artikel\/die-tacho-uhr-tickt-24039\/#primaryimage","url":"https:\/\/static.krafthand-truck.de\/uploads\/2018\/06\/Truck_0218_025_01.jpg","contentUrl":"https:\/\/static.krafthand-truck.de\/uploads\/2018\/06\/Truck_0218_025_01.jpg","width":1200,"height":802,"caption":"Wenn im Juni 2019 der \u201aintelligente Digitale Tachograph\u2018 kommt, \u00e4ndert sich f\u00fcr Spediteure und Fahrer wenig. Die meisten Ver\u00e4nderungen bringt die damit verbundene EU-Verordnung f\u00fcr \u00a7 57b-Werkst\u00e4tten. Eine neue Werkstattkarte ist nur eine davon. Bilder: Stoneridge"},{"@type":"BreadcrumbList","@id":"https:\/\/www.krafthand.de\/truck\/artikel\/die-tacho-uhr-tickt-24039\/#breadcrumb","itemListElement":[{"@type":"ListItem","position":1,"name":"Krafthand-Truck","item":"https:\/\/www.krafthand.de\/truck\/"},{"@type":"ListItem","position":2,"name":"IT+Fuhrpark","item":"https:\/\/www.krafthand.de\/truck\/kategorie\/fuhrpark\/"},{"@type":"ListItem","position":3,"name":"Die Tacho-Uhr tickt"}]},{"@type":"WebSite","@id":"https:\/\/www.krafthand.de\/truck\/#website","url":"https:\/\/www.krafthand.de\/truck\/","name":"Krafthand-Truck","description":"","potentialAction":[{"@type":"SearchAction","target":{"@type":"EntryPoint","urlTemplate":"https:\/\/www.krafthand.de\/truck\/?s={search_term_string}"},"query-input":{"@type":"PropertyValueSpecification","valueRequired":true,"valueName":"search_term_string"}}],"inLanguage":"de"},{"@type":"Person","@id":"https:\/\/www.krafthand.de\/truck\/#\/schema\/person\/25290391c443ebfc18583f19f72a0c26","name":"elisabeth.mair@krafthand.de","image":{"@type":"ImageObject","inLanguage":"de","@id":"https:\/\/secure.gravatar.com\/avatar\/5f0e25e42e13f6e7631bd6597cd91b90228ead6b823ba81a6c8ee32fe135d72e?s=96&d=mm&r=g","url":"https:\/\/secure.gravatar.com\/avatar\/5f0e25e42e13f6e7631bd6597cd91b90228ead6b823ba81a6c8ee32fe135d72e?s=96&d=mm&r=g","contentUrl":"https:\/\/secure.gravatar.com\/avatar\/5f0e25e42e13f6e7631bd6597cd91b90228ead6b823ba81a6c8ee32fe135d72e?s=96&d=mm&r=g","caption":"elisabeth.mair@krafthand.de"}}]}},"_links":{"self":[{"href":"https:\/\/www.krafthand.de\/truck\/wp-json\/wp\/v2\/posts\/24039","targetHints":{"allow":["GET"]}}],"collection":[{"href":"https:\/\/www.krafthand.de\/truck\/wp-json\/wp\/v2\/posts"}],"about":[{"href":"https:\/\/www.krafthand.de\/truck\/wp-json\/wp\/v2\/types\/post"}],"author":[{"embeddable":true,"href":"https:\/\/www.krafthand.de\/truck\/wp-json\/wp\/v2\/users\/6"}],"replies":[{"embeddable":true,"href":"https:\/\/www.krafthand.de\/truck\/wp-json\/wp\/v2\/comments?post=24039"}],"version-history":[{"count":4,"href":"https:\/\/www.krafthand.de\/truck\/wp-json\/wp\/v2\/posts\/24039\/revisions"}],"predecessor-version":[{"id":27343,"href":"https:\/\/www.krafthand.de\/truck\/wp-json\/wp\/v2\/posts\/24039\/revisions\/27343"}],"wp:featuredmedia":[{"embeddable":true,"href":"https:\/\/www.krafthand.de\/truck\/wp-json\/wp\/v2\/media\/24040"}],"wp:attachment":[{"href":"https:\/\/www.krafthand.de\/truck\/wp-json\/wp\/v2\/media?parent=24039"}],"wp:term":[{"taxonomy":"category","embeddable":true,"href":"https:\/\/www.krafthand.de\/truck\/wp-json\/wp\/v2\/categories?post=24039"},{"taxonomy":"post_tag","embeddable":true,"href":"https:\/\/www.krafthand.de\/truck\/wp-json\/wp\/v2\/tags?post=24039"},{"taxonomy":"settings","embeddable":true,"href":"https:\/\/www.krafthand.de\/truck\/wp-json\/wp\/v2\/settings?post=24039"}],"curies":[{"name":"wp","href":"https:\/\/api.w.org\/{rel}","templated":true}]}}