{"id":24031,"date":"2018-06-16T07:30:40","date_gmt":"2018-06-16T05:30:40","guid":{"rendered":"https:\/\/www.krafthand.de\/truck\/?p=24031"},"modified":"2018-06-20T16:12:36","modified_gmt":"2018-06-20T14:12:36","slug":"zyklenfest-und-hart-im-nehmen","status":"publish","type":"post","link":"https:\/\/www.krafthand.de\/truck\/artikel\/zyklenfest-und-hart-im-nehmen-24031\/","title":{"rendered":"Zyklenfest und \u201ahart im Nehmen\u2018"},"content":{"rendered":"<p>Die Bordnetz-Batterie eines Nutzfahrzeugs muss viele und sehr unterschiedliche\u00a0 Anforderungen erf\u00fcllen. Im Fernverkehr etwa ist ihre Standfestigkeit gefragt, wenn in den Pausen und beim \u00dcbernachten elektrische Verbraucher wie Standklimaanlage, Standheizung, K\u00fchlschrank oder Fernseher permanent Energie abzapfen und beim\u00a0 Pausenende auch noch gen\u00fcgend \u201aSaft\u2018 f\u00fcr den Motorstart zur Verf\u00fcgung stehen soll. Ist sie dar\u00fcber hinaus am Heck des Lkw verbaut, ist eine hohe R\u00fcttelfestigkeit\u00a0 gefragt. Herk\u00f6mmliche Nassbatterien sto\u00dfen den Experten des \u00f6sterreichischen\u00a0 Batterienherstellers <strong>Banner<\/strong> zufolge in solchen Situationen an ihre Grenzen. Nicht\u00a0 zuletzt deshalb setzen Nutzfahrzeughersteller bereits ab Werk EFB (Enhanced\u00a0 Flooded Battery)-Batterien ein, da diese besonders zyklenfest sind.<\/p>\n<p>Ad\u00e4quaten Ersatz kann Banner nach eigenem Bekunden mit der neuen \u201aBuffalo Bull\u00a0 EFB\u2018 bieten, die es in zwei Standard-Gr\u00f6\u00dfen (Geh\u00e4use B und C) mit 190 Ah beziehungsweise 240 Ah gibt. Unternehmensangaben zufolge bieten diese aufgrund mehr Aktivmasse und Vliesauflagen eine hohe Zyklenfestigkeit, w\u00e4hrend eine\u00a0 spezielle Satzfixierung die R\u00fcttelfestigkeit erh\u00f6hen soll. Dank der Calcium- Technologie soll die neue \u201aBuffalo Bull EFB\u2018-Baureihe nur einen minimalen\u00a0 Wasserverbrauch aufweisen und unter normalen Betriebsbedingungen sogar\u00a0 wartungsfrei sein.<\/p>\n<p>Den Batterieexperten von Banner zufolge muss eine serienm\u00e4\u00dfig verbaute EFB-Batterie bei einem Defekt in jedem Fall durch eine gleichwertige neue EFB-Batterie ersetzt werden. Ein Upgrade einer konventionellen Starterbatterie auf eine leistungsst\u00e4rkere und zyklenfestere EFB-Type, etwa die \u201aBuffalo Bull EFB\u2018, ist den Fachleuten zufolge allerdings immer m\u00f6glich.<\/p>\n<p><i>Den Beitrag finden Sie auch in der Print-Ausgabe 2\/18 der <a href=\"https:\/\/www.krafthand.de\/truck\/magazin\/\" title=\"Zum Magazin\">Krafthand-Truck<\/a>.<\/i><\/p>","protected":false},"excerpt":{"rendered":"<p>Die Bordnetz-Batterie eines Nutzfahrzeugs muss viele und sehr unterschiedliche\u00a0 Anforderungen erf\u00fcllen. Im Fernverkehr etwa ist ihre Standfestigkeit gefragt, wenn in den Pausen und beim \u00dcbernachten elektrische Verbraucher wie Standklimaanlage, Standheizung, K\u00fchlschrank oder Fernseher permanent Energie abzapfen und beim\u00a0 Pausenende auch noch gen\u00fcgend \u201aSaft\u2018 f\u00fcr den Motorstart zur Verf\u00fcgung stehen soll. Ist sie dar\u00fcber hinaus am <span class=\"excerpt-more__dots\">&#8230;<\/span> <a class=\"excerpt-more__link\" href=\"https:\/\/www.krafthand.de\/truck\/artikel\/zyklenfest-und-hart-im-nehmen-24031\/\" >weiter<\/a><\/p>\n","protected":false},"author":6,"featured_media":24032,"comment_status":"closed","ping_status":"closed","sticky":false,"template":"","format":"standard","meta":{"footnotes":""},"categories":[5],"tags":[3493,1502,3648,26,3649],"settings":[],"class_list":["post-24031","post","type-post","status-publish","format-standard","has-post-thumbnail","hentry","category-branche","tag-banner","tag-batterie","tag-buffalo-bull-efb","tag-nutzfahrzeug","tag-zyklenfest"],"yoast_head":"<!-- This site is optimized with the Yoast SEO plugin v27.3 - https:\/\/yoast.com\/product\/yoast-seo-wordpress\/ -->\n<title>Zyklenfest und \u201ahart im Nehmen\u2018 - Krafthand-Truck<\/title>\n<meta name=\"robots\" content=\"index, follow, max-snippet:-1, max-image-preview:large, max-video-preview:-1\" \/>\n<link rel=\"canonical\" href=\"https:\/\/www.krafthand.de\/truck\/artikel\/zyklenfest-und-hart-im-nehmen-24031\/\" \/>\n<meta property=\"og:locale\" content=\"de_DE\" \/>\n<meta property=\"og:type\" content=\"article\" \/>\n<meta property=\"og:title\" content=\"Zyklenfest und \u201ahart im Nehmen\u2018 - Krafthand-Truck\" \/>\n<meta property=\"og:description\" content=\"Die Bordnetz-Batterie eines Nutzfahrzeugs muss viele und sehr unterschiedliche\u00a0 Anforderungen erf\u00fcllen. Im Fernverkehr etwa ist ihre Standfestigkeit gefragt, wenn in den Pausen und beim \u00dcbernachten elektrische Verbraucher wie Standklimaanlage, Standheizung, K\u00fchlschrank oder Fernseher permanent Energie abzapfen und beim\u00a0 Pausenende auch noch gen\u00fcgend \u201aSaft\u2018 f\u00fcr den Motorstart zur Verf\u00fcgung stehen soll. Ist sie dar\u00fcber hinaus am ... weiter\" \/>\n<meta property=\"og:url\" content=\"https:\/\/www.krafthand-truck.de\/artikel\/zyklenfest-und-hart-im-nehmen-24031\/\" \/>\n<meta property=\"og:site_name\" content=\"Krafthand-Truck\" \/>\n<meta property=\"article:published_time\" content=\"2018-06-16T05:30:40+00:00\" \/>\n<meta property=\"article:modified_time\" content=\"2018-06-20T14:12:36+00:00\" \/>\n<meta property=\"og:image\" content=\"https:\/\/www.krafthand.de\/truck\/wp-content\/uploads\/2018\/06\/Truck_0218_054.jpg\" \/>\n\t<meta property=\"og:image:width\" content=\"1200\" \/>\n\t<meta property=\"og:image:height\" content=\"800\" \/>\n\t<meta property=\"og:image:type\" content=\"image\/jpeg\" \/>\n<meta name=\"author\" content=\"elisabeth.mair@krafthand.de\" \/>\n<meta name=\"twitter:card\" content=\"summary_large_image\" \/>\n<meta name=\"twitter:label1\" content=\"Verfasst von\" \/>\n\t<meta name=\"twitter:data1\" content=\"elisabeth.mair@krafthand.de\" \/>\n\t<meta name=\"twitter:label2\" content=\"Gesch\u00e4tzte Lesezeit\" \/>\n\t<meta name=\"twitter:data2\" content=\"1\u00a0Minute\" \/>\n<script type=\"application\/ld+json\" class=\"yoast-schema-graph\">{\"@context\":\"https:\\\/\\\/schema.org\",\"@graph\":[{\"@type\":\"Article\",\"@id\":\"https:\\\/\\\/www.krafthand.de\\\/truck\\\/artikel\\\/zyklenfest-und-hart-im-nehmen-24031\\\/#article\",\"isPartOf\":{\"@id\":\"https:\\\/\\\/www.krafthand.de\\\/truck\\\/artikel\\\/zyklenfest-und-hart-im-nehmen-24031\\\/\"},\"author\":{\"name\":\"elisabeth.mair@krafthand.de\",\"@id\":\"https:\\\/\\\/www.krafthand.de\\\/truck\\\/#\\\/schema\\\/person\\\/25290391c443ebfc18583f19f72a0c26\"},\"headline\":\"Zyklenfest und \u201ahart im Nehmen\u2018\",\"datePublished\":\"2018-06-16T05:30:40+00:00\",\"dateModified\":\"2018-06-20T14:12:36+00:00\",\"mainEntityOfPage\":{\"@id\":\"https:\\\/\\\/www.krafthand.de\\\/truck\\\/artikel\\\/zyklenfest-und-hart-im-nehmen-24031\\\/\"},\"wordCount\":239,\"image\":{\"@id\":\"https:\\\/\\\/www.krafthand.de\\\/truck\\\/artikel\\\/zyklenfest-und-hart-im-nehmen-24031\\\/#primaryimage\"},\"thumbnailUrl\":\"https:\\\/\\\/static.krafthand-truck.de\\\/uploads\\\/2018\\\/06\\\/Truck_0218_054.jpg\",\"keywords\":[\"Banner\",\"Batterie\",\"Buffalo Bull EFB\",\"Nutzfahrzeug\",\"Zyklenfest\"],\"articleSection\":[\"Nfz-Branche\"],\"inLanguage\":\"de\"},{\"@type\":\"WebPage\",\"@id\":\"https:\\\/\\\/www.krafthand.de\\\/truck\\\/artikel\\\/zyklenfest-und-hart-im-nehmen-24031\\\/\",\"url\":\"https:\\\/\\\/www.krafthand.de\\\/truck\\\/artikel\\\/zyklenfest-und-hart-im-nehmen-24031\\\/\",\"name\":\"Zyklenfest und \u201ahart im Nehmen\u2018 - Krafthand-Truck\",\"isPartOf\":{\"@id\":\"https:\\\/\\\/www.krafthand.de\\\/truck\\\/#website\"},\"primaryImageOfPage\":{\"@id\":\"https:\\\/\\\/www.krafthand.de\\\/truck\\\/artikel\\\/zyklenfest-und-hart-im-nehmen-24031\\\/#primaryimage\"},\"image\":{\"@id\":\"https:\\\/\\\/www.krafthand.de\\\/truck\\\/artikel\\\/zyklenfest-und-hart-im-nehmen-24031\\\/#primaryimage\"},\"thumbnailUrl\":\"https:\\\/\\\/static.krafthand-truck.de\\\/uploads\\\/2018\\\/06\\\/Truck_0218_054.jpg\",\"datePublished\":\"2018-06-16T05:30:40+00:00\",\"dateModified\":\"2018-06-20T14:12:36+00:00\",\"author\":{\"@id\":\"https:\\\/\\\/www.krafthand.de\\\/truck\\\/#\\\/schema\\\/person\\\/25290391c443ebfc18583f19f72a0c26\"},\"breadcrumb\":{\"@id\":\"https:\\\/\\\/www.krafthand.de\\\/truck\\\/artikel\\\/zyklenfest-und-hart-im-nehmen-24031\\\/#breadcrumb\"},\"inLanguage\":\"de\",\"potentialAction\":[{\"@type\":\"ReadAction\",\"target\":[\"https:\\\/\\\/www.krafthand.de\\\/truck\\\/artikel\\\/zyklenfest-und-hart-im-nehmen-24031\\\/\"]}]},{\"@type\":\"ImageObject\",\"inLanguage\":\"de\",\"@id\":\"https:\\\/\\\/www.krafthand.de\\\/truck\\\/artikel\\\/zyklenfest-und-hart-im-nehmen-24031\\\/#primaryimage\",\"url\":\"https:\\\/\\\/static.krafthand-truck.de\\\/uploads\\\/2018\\\/06\\\/Truck_0218_054.jpg\",\"contentUrl\":\"https:\\\/\\\/static.krafthand-truck.de\\\/uploads\\\/2018\\\/06\\\/Truck_0218_054.jpg\",\"width\":1200,\"height\":800,\"caption\":\"EFB-Batterien wie die neuen \u201aBuffalo Bull EFB\u2018 von Banner sind leistungsf\u00e4higer, zyklenfester und r\u00fcttelbest\u00e4ndiger als herk\u00f6mmliche Nassbatterien. Insbesondere im Fernverkehr, wo die \u201aHotelfunktion\u2018 eine wichtige Rolle spielt, kommen zunehmend EFB-Typen zum Einsatz. Bild: Banner\"},{\"@type\":\"BreadcrumbList\",\"@id\":\"https:\\\/\\\/www.krafthand.de\\\/truck\\\/artikel\\\/zyklenfest-und-hart-im-nehmen-24031\\\/#breadcrumb\",\"itemListElement\":[{\"@type\":\"ListItem\",\"position\":1,\"name\":\"Krafthand-Truck\",\"item\":\"https:\\\/\\\/www.krafthand.de\\\/truck\\\/\"},{\"@type\":\"ListItem\",\"position\":2,\"name\":\"Nfz-Branche\",\"item\":\"https:\\\/\\\/www.krafthand.de\\\/truck\\\/kategorie\\\/branche\\\/\"},{\"@type\":\"ListItem\",\"position\":3,\"name\":\"Zyklenfest und \u201ahart im Nehmen\u2018\"}]},{\"@type\":\"WebSite\",\"@id\":\"https:\\\/\\\/www.krafthand.de\\\/truck\\\/#website\",\"url\":\"https:\\\/\\\/www.krafthand.de\\\/truck\\\/\",\"name\":\"Krafthand-Truck\",\"description\":\"\",\"potentialAction\":[{\"@type\":\"SearchAction\",\"target\":{\"@type\":\"EntryPoint\",\"urlTemplate\":\"https:\\\/\\\/www.krafthand.de\\\/truck\\\/?s={search_term_string}\"},\"query-input\":{\"@type\":\"PropertyValueSpecification\",\"valueRequired\":true,\"valueName\":\"search_term_string\"}}],\"inLanguage\":\"de\"},{\"@type\":\"Person\",\"@id\":\"https:\\\/\\\/www.krafthand.de\\\/truck\\\/#\\\/schema\\\/person\\\/25290391c443ebfc18583f19f72a0c26\",\"name\":\"elisabeth.mair@krafthand.de\",\"image\":{\"@type\":\"ImageObject\",\"inLanguage\":\"de\",\"@id\":\"https:\\\/\\\/secure.gravatar.com\\\/avatar\\\/5f0e25e42e13f6e7631bd6597cd91b90228ead6b823ba81a6c8ee32fe135d72e?s=96&d=mm&r=g\",\"url\":\"https:\\\/\\\/secure.gravatar.com\\\/avatar\\\/5f0e25e42e13f6e7631bd6597cd91b90228ead6b823ba81a6c8ee32fe135d72e?s=96&d=mm&r=g\",\"contentUrl\":\"https:\\\/\\\/secure.gravatar.com\\\/avatar\\\/5f0e25e42e13f6e7631bd6597cd91b90228ead6b823ba81a6c8ee32fe135d72e?s=96&d=mm&r=g\",\"caption\":\"elisabeth.mair@krafthand.de\"}}]}<\/script>\n<!-- \/ Yoast SEO plugin. -->","yoast_head_json":{"title":"Zyklenfest und \u201ahart im Nehmen\u2018 - Krafthand-Truck","robots":{"index":"index","follow":"follow","max-snippet":"max-snippet:-1","max-image-preview":"max-image-preview:large","max-video-preview":"max-video-preview:-1"},"canonical":"https:\/\/www.krafthand.de\/truck\/artikel\/zyklenfest-und-hart-im-nehmen-24031\/","og_locale":"de_DE","og_type":"article","og_title":"Zyklenfest und \u201ahart im Nehmen\u2018 - Krafthand-Truck","og_description":"Die Bordnetz-Batterie eines Nutzfahrzeugs muss viele und sehr unterschiedliche\u00a0 Anforderungen erf\u00fcllen. Im Fernverkehr etwa ist ihre Standfestigkeit gefragt, wenn in den Pausen und beim \u00dcbernachten elektrische Verbraucher wie Standklimaanlage, Standheizung, K\u00fchlschrank oder Fernseher permanent Energie abzapfen und beim\u00a0 Pausenende auch noch gen\u00fcgend \u201aSaft\u2018 f\u00fcr den Motorstart zur Verf\u00fcgung stehen soll. Ist sie dar\u00fcber hinaus am ... weiter","og_url":"https:\/\/www.krafthand-truck.de\/artikel\/zyklenfest-und-hart-im-nehmen-24031\/","og_site_name":"Krafthand-Truck","article_published_time":"2018-06-16T05:30:40+00:00","article_modified_time":"2018-06-20T14:12:36+00:00","og_image":[{"width":1200,"height":800,"url":"https:\/\/www.krafthand.de\/truck\/wp-content\/uploads\/2018\/06\/Truck_0218_054.jpg","type":"image\/jpeg"}],"author":"elisabeth.mair@krafthand.de","twitter_card":"summary_large_image","twitter_misc":{"Verfasst von":"elisabeth.mair@krafthand.de","Gesch\u00e4tzte Lesezeit":"1\u00a0Minute"},"schema":{"@context":"https:\/\/schema.org","@graph":[{"@type":"Article","@id":"https:\/\/www.krafthand.de\/truck\/artikel\/zyklenfest-und-hart-im-nehmen-24031\/#article","isPartOf":{"@id":"https:\/\/www.krafthand.de\/truck\/artikel\/zyklenfest-und-hart-im-nehmen-24031\/"},"author":{"name":"elisabeth.mair@krafthand.de","@id":"https:\/\/www.krafthand.de\/truck\/#\/schema\/person\/25290391c443ebfc18583f19f72a0c26"},"headline":"Zyklenfest und \u201ahart im Nehmen\u2018","datePublished":"2018-06-16T05:30:40+00:00","dateModified":"2018-06-20T14:12:36+00:00","mainEntityOfPage":{"@id":"https:\/\/www.krafthand.de\/truck\/artikel\/zyklenfest-und-hart-im-nehmen-24031\/"},"wordCount":239,"image":{"@id":"https:\/\/www.krafthand.de\/truck\/artikel\/zyklenfest-und-hart-im-nehmen-24031\/#primaryimage"},"thumbnailUrl":"https:\/\/static.krafthand-truck.de\/uploads\/2018\/06\/Truck_0218_054.jpg","keywords":["Banner","Batterie","Buffalo Bull EFB","Nutzfahrzeug","Zyklenfest"],"articleSection":["Nfz-Branche"],"inLanguage":"de"},{"@type":"WebPage","@id":"https:\/\/www.krafthand.de\/truck\/artikel\/zyklenfest-und-hart-im-nehmen-24031\/","url":"https:\/\/www.krafthand.de\/truck\/artikel\/zyklenfest-und-hart-im-nehmen-24031\/","name":"Zyklenfest und \u201ahart im Nehmen\u2018 - Krafthand-Truck","isPartOf":{"@id":"https:\/\/www.krafthand.de\/truck\/#website"},"primaryImageOfPage":{"@id":"https:\/\/www.krafthand.de\/truck\/artikel\/zyklenfest-und-hart-im-nehmen-24031\/#primaryimage"},"image":{"@id":"https:\/\/www.krafthand.de\/truck\/artikel\/zyklenfest-und-hart-im-nehmen-24031\/#primaryimage"},"thumbnailUrl":"https:\/\/static.krafthand-truck.de\/uploads\/2018\/06\/Truck_0218_054.jpg","datePublished":"2018-06-16T05:30:40+00:00","dateModified":"2018-06-20T14:12:36+00:00","author":{"@id":"https:\/\/www.krafthand.de\/truck\/#\/schema\/person\/25290391c443ebfc18583f19f72a0c26"},"breadcrumb":{"@id":"https:\/\/www.krafthand.de\/truck\/artikel\/zyklenfest-und-hart-im-nehmen-24031\/#breadcrumb"},"inLanguage":"de","potentialAction":[{"@type":"ReadAction","target":["https:\/\/www.krafthand.de\/truck\/artikel\/zyklenfest-und-hart-im-nehmen-24031\/"]}]},{"@type":"ImageObject","inLanguage":"de","@id":"https:\/\/www.krafthand.de\/truck\/artikel\/zyklenfest-und-hart-im-nehmen-24031\/#primaryimage","url":"https:\/\/static.krafthand-truck.de\/uploads\/2018\/06\/Truck_0218_054.jpg","contentUrl":"https:\/\/static.krafthand-truck.de\/uploads\/2018\/06\/Truck_0218_054.jpg","width":1200,"height":800,"caption":"EFB-Batterien wie die neuen \u201aBuffalo Bull EFB\u2018 von Banner sind leistungsf\u00e4higer, zyklenfester und r\u00fcttelbest\u00e4ndiger als herk\u00f6mmliche Nassbatterien. Insbesondere im Fernverkehr, wo die \u201aHotelfunktion\u2018 eine wichtige Rolle spielt, kommen zunehmend EFB-Typen zum Einsatz. Bild: Banner"},{"@type":"BreadcrumbList","@id":"https:\/\/www.krafthand.de\/truck\/artikel\/zyklenfest-und-hart-im-nehmen-24031\/#breadcrumb","itemListElement":[{"@type":"ListItem","position":1,"name":"Krafthand-Truck","item":"https:\/\/www.krafthand.de\/truck\/"},{"@type":"ListItem","position":2,"name":"Nfz-Branche","item":"https:\/\/www.krafthand.de\/truck\/kategorie\/branche\/"},{"@type":"ListItem","position":3,"name":"Zyklenfest und \u201ahart im Nehmen\u2018"}]},{"@type":"WebSite","@id":"https:\/\/www.krafthand.de\/truck\/#website","url":"https:\/\/www.krafthand.de\/truck\/","name":"Krafthand-Truck","description":"","potentialAction":[{"@type":"SearchAction","target":{"@type":"EntryPoint","urlTemplate":"https:\/\/www.krafthand.de\/truck\/?s={search_term_string}"},"query-input":{"@type":"PropertyValueSpecification","valueRequired":true,"valueName":"search_term_string"}}],"inLanguage":"de"},{"@type":"Person","@id":"https:\/\/www.krafthand.de\/truck\/#\/schema\/person\/25290391c443ebfc18583f19f72a0c26","name":"elisabeth.mair@krafthand.de","image":{"@type":"ImageObject","inLanguage":"de","@id":"https:\/\/secure.gravatar.com\/avatar\/5f0e25e42e13f6e7631bd6597cd91b90228ead6b823ba81a6c8ee32fe135d72e?s=96&d=mm&r=g","url":"https:\/\/secure.gravatar.com\/avatar\/5f0e25e42e13f6e7631bd6597cd91b90228ead6b823ba81a6c8ee32fe135d72e?s=96&d=mm&r=g","contentUrl":"https:\/\/secure.gravatar.com\/avatar\/5f0e25e42e13f6e7631bd6597cd91b90228ead6b823ba81a6c8ee32fe135d72e?s=96&d=mm&r=g","caption":"elisabeth.mair@krafthand.de"}}]}},"_links":{"self":[{"href":"https:\/\/www.krafthand.de\/truck\/wp-json\/wp\/v2\/posts\/24031","targetHints":{"allow":["GET"]}}],"collection":[{"href":"https:\/\/www.krafthand.de\/truck\/wp-json\/wp\/v2\/posts"}],"about":[{"href":"https:\/\/www.krafthand.de\/truck\/wp-json\/wp\/v2\/types\/post"}],"author":[{"embeddable":true,"href":"https:\/\/www.krafthand.de\/truck\/wp-json\/wp\/v2\/users\/6"}],"replies":[{"embeddable":true,"href":"https:\/\/www.krafthand.de\/truck\/wp-json\/wp\/v2\/comments?post=24031"}],"version-history":[{"count":4,"href":"https:\/\/www.krafthand.de\/truck\/wp-json\/wp\/v2\/posts\/24031\/revisions"}],"predecessor-version":[{"id":24037,"href":"https:\/\/www.krafthand.de\/truck\/wp-json\/wp\/v2\/posts\/24031\/revisions\/24037"}],"wp:featuredmedia":[{"embeddable":true,"href":"https:\/\/www.krafthand.de\/truck\/wp-json\/wp\/v2\/media\/24032"}],"wp:attachment":[{"href":"https:\/\/www.krafthand.de\/truck\/wp-json\/wp\/v2\/media?parent=24031"}],"wp:term":[{"taxonomy":"category","embeddable":true,"href":"https:\/\/www.krafthand.de\/truck\/wp-json\/wp\/v2\/categories?post=24031"},{"taxonomy":"post_tag","embeddable":true,"href":"https:\/\/www.krafthand.de\/truck\/wp-json\/wp\/v2\/tags?post=24031"},{"taxonomy":"settings","embeddable":true,"href":"https:\/\/www.krafthand.de\/truck\/wp-json\/wp\/v2\/settings?post=24031"}],"curies":[{"name":"wp","href":"https:\/\/api.w.org\/{rel}","templated":true}]}}