{"id":23951,"date":"2018-06-13T07:30:09","date_gmt":"2018-06-13T05:30:09","guid":{"rendered":"https:\/\/www.krafthand.de\/truck\/?p=23951"},"modified":"2018-06-19T10:57:20","modified_gmt":"2018-06-19T08:57:20","slug":"know-how-fuer-nutzfahrzeug-profis","status":"publish","type":"post","link":"https:\/\/www.krafthand.de\/truck\/artikel\/know-how-fuer-nutzfahrzeug-profis-23951\/","title":{"rendered":"Know-how f\u00fcr Nutzfahrzeug- Profis"},"content":{"rendered":"<p class=\"text-colored\"> Vom 11. bis 15. September 2018 \u00f6ffnet die Automechanika wieder ihre Tore und lockt Fachbesucher mit den neuesten Errungenschaften aus der Welt der\u00a0 Werkstattausr\u00fcster, Ersatzteilehersteller, Zulieferer und Zubeh\u00f6rspezialisten. Zum\u00a0 25-j\u00e4hrigen Jubil\u00e4um pr\u00e4sentiert die Brancheleitmesse zusammen mit KRAFTHAND-Truck erstmals auch ein spezielles Weiterbildungsangebot f\u00fcr Nutzfahrzeug-Profis. <\/p>\n<p>Mit dem stetig wachsenden Bestand an Nutzfahrzeugen gewinnen der Service und\u00a0 die Wartung und Reparatur von Lkw, Trailern, Bussen und Transportern immer mehr an Bedeutung. Diesem Trend tr\u00e4gt die Automechanika bereits seit 2012 Rechnung\u00a0 und versieht Produkte und L\u00f6sungen f\u00fcr Nutzfahrzeuge mit dem deutlich sichtbaren \u201aTruck Competence\u2018-Logo. Auch diesmal soll das orangefarbene Logo wieder die St\u00e4nde von mehr als 1.000 Ausstellern zieren. Und um den Nutzfahrzeugbereich zu ihrer 25. Auflage nochmals deutlich zu st\u00e4rken, gibt es in diesem Jahr in Kooperation mit KRAFTHAND-Truck erstmals einen t\u00e4glichen Weiterbildungs-Workshop speziell\u00a0 f\u00fcr Nutzfahrzeug-Profis.<\/p>\n<h2>T\u00e4glicher \u201aTruck Competence\u2018-Weiterbildungs-Workshop<\/h2>\n<p>Nutzfahrzeuge entwickeln sich zunehmend zu \u201aComputern auf R\u00e4dern\u2018. Zahlreiche elektronische Systeme gew\u00e4hrleisten, dass Lkw und Busse nicht nur sparsam und\u00a0 umweltfreundlich, sondern vor allem auch sicher unterwegs sind. Deshalb verf\u00fcgen\u00a0 moderne Nutzfahrzeuge zunehmend \u00fcber intelligente, radar und\/oder\u00a0 kamerabasierte Fahrerassistenzsysteme wie Abstandsregeltempomat (ACC),\u00a0 Spurhalteassistent (LDW) oder Notbremsassistent (EBA). Instandsetzungen von\u00a0 Unfallsch\u00e4den, Fahrwerksreparaturen oder auch nur der Austausch der Windschutzscheibe erfordern meist eine anschlie\u00dfende Pr\u00fcfung und Justierung<br \/>\nder Radar- und Kamerasensoren, was neben speziellen Pr\u00fcfger\u00e4ten auch eine fachliche Qualifikation des Werkstattpersonals voraussetzt.<\/p>\n<p>Um den Fachbesuchern aus Nutzfahrzeug-Werkst\u00e4tten den fachgerechten Umgang mit Fahrerassistenzsystemen zu vermitteln, veranstaltet die Automechanika in\u00a0 diesem Jahr in Kooperation mit KRAFTHAND-Truck einen Workshop \u201aRadar- und\u00a0 kamerabasierte Fahrerassistenzsysteme in der Werkstattpraxis\u2018. Erfahrene Ausbilder\u00a0 und Nutzfahrzeug- Spezialisten der FAS Fahrzeugakademie Schweinfurt und des\u00a0 Handwerkskammer Bildungszentrums M\u00fcnster HBZ vermitteln den Teilnehmern in\u00a0 dem rund zweist\u00fcndigen Workshop einen fundierten \u00dcberblick \u00fcber die Funktion und die Komponenten solcher Systeme. Der Theorie schlie\u00dft sich ein ausgiebiger<br \/>\nPraxisteil an, in dem die Teilnehmer dann das Kalibrieren und Justieren der Sensoren und Kameras an einem Fahrzeug praxisnah lernen und dabei selbst Hand anlegen k\u00f6nnen. Nach erfolgreichem Abschluss der Schulung erh\u00e4lt jeder Teilnehmer ein Zertifikat.<\/p>\n<p>Der Workshop findet t\u00e4glich von 10.00 Uhr bis 12.00 Uhr im eigens errichteten \u201aWerkstatt-Zelt\u2018 auf dem Freigel\u00e4nde F11 statt und richtet sich an Nfz-Mechaniker, -Elektriker, -Mechatroniker und -Meister sowie Servicefachleute, Sachverst\u00e4ndige und Berufsschullehrer. Eine Anmeldung ist erforderlich. Das Anmeldeformular sowie weitere Informationen gibt es unter <a href=\"https:\/\/automechanika.messefrankfurt.com\/frankfurt\/de\/programm-events\/ausundweiterbildung.html#profis\">https:\/\/automechanika.messefrankfurt.com\/frankfurt\/de\/programm-events\/ausundweiterbildung.html#profis<\/a>.<\/p>\n<p><i>Den Beitrag finden Sie auch in der Print-Ausgabe 2\/18 der <a href=\"https:\/\/www.krafthand.de\/truck\/magazin\/\" title=\"Zum Magazin\">Krafthand-Truck<\/a>.<\/i><\/p>","protected":false},"excerpt":{"rendered":"<p>Mit dem stetig wachsenden Bestand an Nutzfahrzeugen gewinnen der Service und\u00a0 die Wartung und Reparatur von Lkw, Trailern, Bussen und Transportern immer mehr an Bedeutung. Diesem Trend tr\u00e4gt die Automechanika bereits seit 2012 Rechnung\u00a0 und versieht Produkte und L\u00f6sungen f\u00fcr Nutzfahrzeuge mit dem deutlich sichtbaren \u201aTruck Competence\u2018-Logo. Auch diesmal soll das orangefarbene Logo wieder die <span class=\"excerpt-more__dots\">&#8230;<\/span> <a class=\"excerpt-more__link\" href=\"https:\/\/www.krafthand.de\/truck\/artikel\/know-how-fuer-nutzfahrzeug-profis-23951\/\" >weiter<\/a><\/p>\n","protected":false},"author":6,"featured_media":23952,"comment_status":"closed","ping_status":"closed","sticky":false,"template":"","format":"standard","meta":{"footnotes":""},"categories":[5],"tags":[1346,1826,26,1104,3630],"settings":[],"class_list":["post-23951","post","type-post","status-publish","format-standard","has-post-thumbnail","hentry","category-branche","tag-automechanika","tag-fahrerassistenzsystem","tag-nutzfahrzeug","tag-truck-competence","tag-weiterbildung"],"yoast_head":"<!-- This site is optimized with the Yoast SEO plugin v27.3 - https:\/\/yoast.com\/product\/yoast-seo-wordpress\/ -->\n<title>Know-how f\u00fcr Nutzfahrzeug- Profis - Krafthand-Truck<\/title>\n<meta name=\"robots\" content=\"index, follow, max-snippet:-1, max-image-preview:large, max-video-preview:-1\" \/>\n<link rel=\"canonical\" href=\"https:\/\/www.krafthand.de\/truck\/artikel\/know-how-fuer-nutzfahrzeug-profis-23951\/\" \/>\n<meta property=\"og:locale\" content=\"de_DE\" \/>\n<meta property=\"og:type\" content=\"article\" \/>\n<meta property=\"og:title\" content=\"Know-how f\u00fcr Nutzfahrzeug- Profis - Krafthand-Truck\" \/>\n<meta property=\"og:description\" content=\"Mit dem stetig wachsenden Bestand an Nutzfahrzeugen gewinnen der Service und\u00a0 die Wartung und Reparatur von Lkw, Trailern, Bussen und Transportern immer mehr an Bedeutung. Diesem Trend tr\u00e4gt die Automechanika bereits seit 2012 Rechnung\u00a0 und versieht Produkte und L\u00f6sungen f\u00fcr Nutzfahrzeuge mit dem deutlich sichtbaren \u201aTruck Competence\u2018-Logo. Auch diesmal soll das orangefarbene Logo wieder die ... weiter\" \/>\n<meta property=\"og:url\" content=\"https:\/\/www.krafthand-truck.de\/artikel\/know-how-fuer-nutzfahrzeug-profis-23951\/\" \/>\n<meta property=\"og:site_name\" content=\"Krafthand-Truck\" \/>\n<meta property=\"article:published_time\" content=\"2018-06-13T05:30:09+00:00\" \/>\n<meta property=\"article:modified_time\" content=\"2018-06-19T08:57:20+00:00\" \/>\n<meta property=\"og:image\" content=\"https:\/\/www.krafthand.de\/truck\/wp-content\/uploads\/2018\/06\/Truck_0218_043.jpg\" \/>\n\t<meta property=\"og:image:width\" content=\"1200\" \/>\n\t<meta property=\"og:image:height\" content=\"851\" \/>\n\t<meta property=\"og:image:type\" content=\"image\/jpeg\" \/>\n<meta name=\"author\" content=\"elisabeth.mair@krafthand.de\" \/>\n<meta name=\"twitter:card\" content=\"summary_large_image\" \/>\n<meta name=\"twitter:label1\" content=\"Verfasst von\" \/>\n\t<meta name=\"twitter:data1\" content=\"elisabeth.mair@krafthand.de\" \/>\n\t<meta name=\"twitter:label2\" content=\"Gesch\u00e4tzte Lesezeit\" \/>\n\t<meta name=\"twitter:data2\" content=\"2\u00a0Minuten\" \/>\n<script type=\"application\/ld+json\" class=\"yoast-schema-graph\">{\"@context\":\"https:\\\/\\\/schema.org\",\"@graph\":[{\"@type\":\"Article\",\"@id\":\"https:\\\/\\\/www.krafthand.de\\\/truck\\\/artikel\\\/know-how-fuer-nutzfahrzeug-profis-23951\\\/#article\",\"isPartOf\":{\"@id\":\"https:\\\/\\\/www.krafthand.de\\\/truck\\\/artikel\\\/know-how-fuer-nutzfahrzeug-profis-23951\\\/\"},\"author\":{\"name\":\"elisabeth.mair@krafthand.de\",\"@id\":\"https:\\\/\\\/www.krafthand.de\\\/truck\\\/#\\\/schema\\\/person\\\/25290391c443ebfc18583f19f72a0c26\"},\"headline\":\"Know-how f\u00fcr Nutzfahrzeug- Profis\",\"datePublished\":\"2018-06-13T05:30:09+00:00\",\"dateModified\":\"2018-06-19T08:57:20+00:00\",\"mainEntityOfPage\":{\"@id\":\"https:\\\/\\\/www.krafthand.de\\\/truck\\\/artikel\\\/know-how-fuer-nutzfahrzeug-profis-23951\\\/\"},\"wordCount\":412,\"image\":{\"@id\":\"https:\\\/\\\/www.krafthand.de\\\/truck\\\/artikel\\\/know-how-fuer-nutzfahrzeug-profis-23951\\\/#primaryimage\"},\"thumbnailUrl\":\"https:\\\/\\\/static.krafthand-truck.de\\\/uploads\\\/2018\\\/06\\\/Truck_0218_043.jpg\",\"keywords\":[\"Automechanika\",\"Fahrerassistenzsystem\",\"Nutzfahrzeug\",\"Truck Competence\",\"Weiterbildung\"],\"articleSection\":[\"Nfz-Branche\"],\"inLanguage\":\"de\"},{\"@type\":\"WebPage\",\"@id\":\"https:\\\/\\\/www.krafthand.de\\\/truck\\\/artikel\\\/know-how-fuer-nutzfahrzeug-profis-23951\\\/\",\"url\":\"https:\\\/\\\/www.krafthand.de\\\/truck\\\/artikel\\\/know-how-fuer-nutzfahrzeug-profis-23951\\\/\",\"name\":\"Know-how f\u00fcr Nutzfahrzeug- Profis - Krafthand-Truck\",\"isPartOf\":{\"@id\":\"https:\\\/\\\/www.krafthand.de\\\/truck\\\/#website\"},\"primaryImageOfPage\":{\"@id\":\"https:\\\/\\\/www.krafthand.de\\\/truck\\\/artikel\\\/know-how-fuer-nutzfahrzeug-profis-23951\\\/#primaryimage\"},\"image\":{\"@id\":\"https:\\\/\\\/www.krafthand.de\\\/truck\\\/artikel\\\/know-how-fuer-nutzfahrzeug-profis-23951\\\/#primaryimage\"},\"thumbnailUrl\":\"https:\\\/\\\/static.krafthand-truck.de\\\/uploads\\\/2018\\\/06\\\/Truck_0218_043.jpg\",\"datePublished\":\"2018-06-13T05:30:09+00:00\",\"dateModified\":\"2018-06-19T08:57:20+00:00\",\"author\":{\"@id\":\"https:\\\/\\\/www.krafthand.de\\\/truck\\\/#\\\/schema\\\/person\\\/25290391c443ebfc18583f19f72a0c26\"},\"breadcrumb\":{\"@id\":\"https:\\\/\\\/www.krafthand.de\\\/truck\\\/artikel\\\/know-how-fuer-nutzfahrzeug-profis-23951\\\/#breadcrumb\"},\"inLanguage\":\"de\",\"potentialAction\":[{\"@type\":\"ReadAction\",\"target\":[\"https:\\\/\\\/www.krafthand.de\\\/truck\\\/artikel\\\/know-how-fuer-nutzfahrzeug-profis-23951\\\/\"]}]},{\"@type\":\"ImageObject\",\"inLanguage\":\"de\",\"@id\":\"https:\\\/\\\/www.krafthand.de\\\/truck\\\/artikel\\\/know-how-fuer-nutzfahrzeug-profis-23951\\\/#primaryimage\",\"url\":\"https:\\\/\\\/static.krafthand-truck.de\\\/uploads\\\/2018\\\/06\\\/Truck_0218_043.jpg\",\"contentUrl\":\"https:\\\/\\\/static.krafthand-truck.de\\\/uploads\\\/2018\\\/06\\\/Truck_0218_043.jpg\",\"width\":1200,\"height\":851,\"caption\":\"Im Werkstattalltag kommt der Nutzfahrzeug- Profi immer \u00f6fter mit kamera- und radarbasierten Fahrerassistenzsystemen in Kontakt. Ein spezieller Weiterbildungs-Workshop im Rahmen der \u201aTruck Competence\u2018 auf der Automechanika zeigt, wie man solche Systeme fachgerecht pr\u00fcft, kalibriert und justiert. Bild: Texa\"},{\"@type\":\"BreadcrumbList\",\"@id\":\"https:\\\/\\\/www.krafthand.de\\\/truck\\\/artikel\\\/know-how-fuer-nutzfahrzeug-profis-23951\\\/#breadcrumb\",\"itemListElement\":[{\"@type\":\"ListItem\",\"position\":1,\"name\":\"Krafthand-Truck\",\"item\":\"https:\\\/\\\/www.krafthand.de\\\/truck\\\/\"},{\"@type\":\"ListItem\",\"position\":2,\"name\":\"Nfz-Branche\",\"item\":\"https:\\\/\\\/www.krafthand.de\\\/truck\\\/kategorie\\\/branche\\\/\"},{\"@type\":\"ListItem\",\"position\":3,\"name\":\"Know-how f\u00fcr Nutzfahrzeug- Profis\"}]},{\"@type\":\"WebSite\",\"@id\":\"https:\\\/\\\/www.krafthand.de\\\/truck\\\/#website\",\"url\":\"https:\\\/\\\/www.krafthand.de\\\/truck\\\/\",\"name\":\"Krafthand-Truck\",\"description\":\"\",\"potentialAction\":[{\"@type\":\"SearchAction\",\"target\":{\"@type\":\"EntryPoint\",\"urlTemplate\":\"https:\\\/\\\/www.krafthand.de\\\/truck\\\/?s={search_term_string}\"},\"query-input\":{\"@type\":\"PropertyValueSpecification\",\"valueRequired\":true,\"valueName\":\"search_term_string\"}}],\"inLanguage\":\"de\"},{\"@type\":\"Person\",\"@id\":\"https:\\\/\\\/www.krafthand.de\\\/truck\\\/#\\\/schema\\\/person\\\/25290391c443ebfc18583f19f72a0c26\",\"name\":\"elisabeth.mair@krafthand.de\",\"image\":{\"@type\":\"ImageObject\",\"inLanguage\":\"de\",\"@id\":\"https:\\\/\\\/secure.gravatar.com\\\/avatar\\\/5f0e25e42e13f6e7631bd6597cd91b90228ead6b823ba81a6c8ee32fe135d72e?s=96&d=mm&r=g\",\"url\":\"https:\\\/\\\/secure.gravatar.com\\\/avatar\\\/5f0e25e42e13f6e7631bd6597cd91b90228ead6b823ba81a6c8ee32fe135d72e?s=96&d=mm&r=g\",\"contentUrl\":\"https:\\\/\\\/secure.gravatar.com\\\/avatar\\\/5f0e25e42e13f6e7631bd6597cd91b90228ead6b823ba81a6c8ee32fe135d72e?s=96&d=mm&r=g\",\"caption\":\"elisabeth.mair@krafthand.de\"}}]}<\/script>\n<!-- \/ Yoast SEO plugin. -->","yoast_head_json":{"title":"Know-how f\u00fcr Nutzfahrzeug- Profis - Krafthand-Truck","robots":{"index":"index","follow":"follow","max-snippet":"max-snippet:-1","max-image-preview":"max-image-preview:large","max-video-preview":"max-video-preview:-1"},"canonical":"https:\/\/www.krafthand.de\/truck\/artikel\/know-how-fuer-nutzfahrzeug-profis-23951\/","og_locale":"de_DE","og_type":"article","og_title":"Know-how f\u00fcr Nutzfahrzeug- Profis - Krafthand-Truck","og_description":"Mit dem stetig wachsenden Bestand an Nutzfahrzeugen gewinnen der Service und\u00a0 die Wartung und Reparatur von Lkw, Trailern, Bussen und Transportern immer mehr an Bedeutung. Diesem Trend tr\u00e4gt die Automechanika bereits seit 2012 Rechnung\u00a0 und versieht Produkte und L\u00f6sungen f\u00fcr Nutzfahrzeuge mit dem deutlich sichtbaren \u201aTruck Competence\u2018-Logo. Auch diesmal soll das orangefarbene Logo wieder die ... weiter","og_url":"https:\/\/www.krafthand-truck.de\/artikel\/know-how-fuer-nutzfahrzeug-profis-23951\/","og_site_name":"Krafthand-Truck","article_published_time":"2018-06-13T05:30:09+00:00","article_modified_time":"2018-06-19T08:57:20+00:00","og_image":[{"width":1200,"height":851,"url":"https:\/\/www.krafthand.de\/truck\/wp-content\/uploads\/2018\/06\/Truck_0218_043.jpg","type":"image\/jpeg"}],"author":"elisabeth.mair@krafthand.de","twitter_card":"summary_large_image","twitter_misc":{"Verfasst von":"elisabeth.mair@krafthand.de","Gesch\u00e4tzte Lesezeit":"2\u00a0Minuten"},"schema":{"@context":"https:\/\/schema.org","@graph":[{"@type":"Article","@id":"https:\/\/www.krafthand.de\/truck\/artikel\/know-how-fuer-nutzfahrzeug-profis-23951\/#article","isPartOf":{"@id":"https:\/\/www.krafthand.de\/truck\/artikel\/know-how-fuer-nutzfahrzeug-profis-23951\/"},"author":{"name":"elisabeth.mair@krafthand.de","@id":"https:\/\/www.krafthand.de\/truck\/#\/schema\/person\/25290391c443ebfc18583f19f72a0c26"},"headline":"Know-how f\u00fcr Nutzfahrzeug- Profis","datePublished":"2018-06-13T05:30:09+00:00","dateModified":"2018-06-19T08:57:20+00:00","mainEntityOfPage":{"@id":"https:\/\/www.krafthand.de\/truck\/artikel\/know-how-fuer-nutzfahrzeug-profis-23951\/"},"wordCount":412,"image":{"@id":"https:\/\/www.krafthand.de\/truck\/artikel\/know-how-fuer-nutzfahrzeug-profis-23951\/#primaryimage"},"thumbnailUrl":"https:\/\/static.krafthand-truck.de\/uploads\/2018\/06\/Truck_0218_043.jpg","keywords":["Automechanika","Fahrerassistenzsystem","Nutzfahrzeug","Truck Competence","Weiterbildung"],"articleSection":["Nfz-Branche"],"inLanguage":"de"},{"@type":"WebPage","@id":"https:\/\/www.krafthand.de\/truck\/artikel\/know-how-fuer-nutzfahrzeug-profis-23951\/","url":"https:\/\/www.krafthand.de\/truck\/artikel\/know-how-fuer-nutzfahrzeug-profis-23951\/","name":"Know-how f\u00fcr Nutzfahrzeug- Profis - Krafthand-Truck","isPartOf":{"@id":"https:\/\/www.krafthand.de\/truck\/#website"},"primaryImageOfPage":{"@id":"https:\/\/www.krafthand.de\/truck\/artikel\/know-how-fuer-nutzfahrzeug-profis-23951\/#primaryimage"},"image":{"@id":"https:\/\/www.krafthand.de\/truck\/artikel\/know-how-fuer-nutzfahrzeug-profis-23951\/#primaryimage"},"thumbnailUrl":"https:\/\/static.krafthand-truck.de\/uploads\/2018\/06\/Truck_0218_043.jpg","datePublished":"2018-06-13T05:30:09+00:00","dateModified":"2018-06-19T08:57:20+00:00","author":{"@id":"https:\/\/www.krafthand.de\/truck\/#\/schema\/person\/25290391c443ebfc18583f19f72a0c26"},"breadcrumb":{"@id":"https:\/\/www.krafthand.de\/truck\/artikel\/know-how-fuer-nutzfahrzeug-profis-23951\/#breadcrumb"},"inLanguage":"de","potentialAction":[{"@type":"ReadAction","target":["https:\/\/www.krafthand.de\/truck\/artikel\/know-how-fuer-nutzfahrzeug-profis-23951\/"]}]},{"@type":"ImageObject","inLanguage":"de","@id":"https:\/\/www.krafthand.de\/truck\/artikel\/know-how-fuer-nutzfahrzeug-profis-23951\/#primaryimage","url":"https:\/\/static.krafthand-truck.de\/uploads\/2018\/06\/Truck_0218_043.jpg","contentUrl":"https:\/\/static.krafthand-truck.de\/uploads\/2018\/06\/Truck_0218_043.jpg","width":1200,"height":851,"caption":"Im Werkstattalltag kommt der Nutzfahrzeug- Profi immer \u00f6fter mit kamera- und radarbasierten Fahrerassistenzsystemen in Kontakt. Ein spezieller Weiterbildungs-Workshop im Rahmen der \u201aTruck Competence\u2018 auf der Automechanika zeigt, wie man solche Systeme fachgerecht pr\u00fcft, kalibriert und justiert. Bild: Texa"},{"@type":"BreadcrumbList","@id":"https:\/\/www.krafthand.de\/truck\/artikel\/know-how-fuer-nutzfahrzeug-profis-23951\/#breadcrumb","itemListElement":[{"@type":"ListItem","position":1,"name":"Krafthand-Truck","item":"https:\/\/www.krafthand.de\/truck\/"},{"@type":"ListItem","position":2,"name":"Nfz-Branche","item":"https:\/\/www.krafthand.de\/truck\/kategorie\/branche\/"},{"@type":"ListItem","position":3,"name":"Know-how f\u00fcr Nutzfahrzeug- Profis"}]},{"@type":"WebSite","@id":"https:\/\/www.krafthand.de\/truck\/#website","url":"https:\/\/www.krafthand.de\/truck\/","name":"Krafthand-Truck","description":"","potentialAction":[{"@type":"SearchAction","target":{"@type":"EntryPoint","urlTemplate":"https:\/\/www.krafthand.de\/truck\/?s={search_term_string}"},"query-input":{"@type":"PropertyValueSpecification","valueRequired":true,"valueName":"search_term_string"}}],"inLanguage":"de"},{"@type":"Person","@id":"https:\/\/www.krafthand.de\/truck\/#\/schema\/person\/25290391c443ebfc18583f19f72a0c26","name":"elisabeth.mair@krafthand.de","image":{"@type":"ImageObject","inLanguage":"de","@id":"https:\/\/secure.gravatar.com\/avatar\/5f0e25e42e13f6e7631bd6597cd91b90228ead6b823ba81a6c8ee32fe135d72e?s=96&d=mm&r=g","url":"https:\/\/secure.gravatar.com\/avatar\/5f0e25e42e13f6e7631bd6597cd91b90228ead6b823ba81a6c8ee32fe135d72e?s=96&d=mm&r=g","contentUrl":"https:\/\/secure.gravatar.com\/avatar\/5f0e25e42e13f6e7631bd6597cd91b90228ead6b823ba81a6c8ee32fe135d72e?s=96&d=mm&r=g","caption":"elisabeth.mair@krafthand.de"}}]}},"_links":{"self":[{"href":"https:\/\/www.krafthand.de\/truck\/wp-json\/wp\/v2\/posts\/23951","targetHints":{"allow":["GET"]}}],"collection":[{"href":"https:\/\/www.krafthand.de\/truck\/wp-json\/wp\/v2\/posts"}],"about":[{"href":"https:\/\/www.krafthand.de\/truck\/wp-json\/wp\/v2\/types\/post"}],"author":[{"embeddable":true,"href":"https:\/\/www.krafthand.de\/truck\/wp-json\/wp\/v2\/users\/6"}],"replies":[{"embeddable":true,"href":"https:\/\/www.krafthand.de\/truck\/wp-json\/wp\/v2\/comments?post=23951"}],"version-history":[{"count":1,"href":"https:\/\/www.krafthand.de\/truck\/wp-json\/wp\/v2\/posts\/23951\/revisions"}],"predecessor-version":[{"id":23953,"href":"https:\/\/www.krafthand.de\/truck\/wp-json\/wp\/v2\/posts\/23951\/revisions\/23953"}],"wp:featuredmedia":[{"embeddable":true,"href":"https:\/\/www.krafthand.de\/truck\/wp-json\/wp\/v2\/media\/23952"}],"wp:attachment":[{"href":"https:\/\/www.krafthand.de\/truck\/wp-json\/wp\/v2\/media?parent=23951"}],"wp:term":[{"taxonomy":"category","embeddable":true,"href":"https:\/\/www.krafthand.de\/truck\/wp-json\/wp\/v2\/categories?post=23951"},{"taxonomy":"post_tag","embeddable":true,"href":"https:\/\/www.krafthand.de\/truck\/wp-json\/wp\/v2\/tags?post=23951"},{"taxonomy":"settings","embeddable":true,"href":"https:\/\/www.krafthand.de\/truck\/wp-json\/wp\/v2\/settings?post=23951"}],"curies":[{"name":"wp","href":"https:\/\/api.w.org\/{rel}","templated":true}]}}